{"id":65799,"date":"2015-04-17T12:15:46","date_gmt":"2015-04-17T17:15:46","guid":{"rendered":"http:\/\/www.fiscalia.gov.co\/colombia\/?p=65799"},"modified":"2015-04-17T12:15:46","modified_gmt":"2015-04-17T17:15:46","slug":"los-hermanos-juan-manuel-y-bryan-borre-barreto-responderan-por-145-hechos-imputados-por-la-fiscalia","status":"publish","type":"post","link":"https:\/\/www.fiscalia.gov.co\/colombia\/noticias\/los-hermanos-juan-manuel-y-bryan-borre-barreto-responderan-por-145-hechos-imputados-por-la-fiscalia\/","title":{"rendered":"Los hermanos Juan Manuel y Bryan Borr\u00e9 Barreto responder\u00e1n por 145 hechos imputados por la Fiscal\u00eda"},"content":{"rendered":"<p>En audiencia de formulaci\u00f3n de imputaci\u00f3n y solicitud de imposici\u00f3n de medida de aseguramiento, ante el Juez 40\u00a0 Penal Municipal con funci\u00f3n de control de garant\u00edas de Bogot\u00e1, la Fiscal\u00eda 48 de la Direcci\u00f3n Especializada contra el Crimen Organizado endilg\u00f3 cargos contra los hermanos Juan Manuel y Bryan Borr\u00e9 Barreto, por 91 delitos cometidos en el departamento del Atl\u00e1ntico y 54 en el departamento de Bol\u00edvar.<\/p>\n<p>Homicidio agravado, uso de menores para cometer delitos, concierto para delinquir agravado, fabricaci\u00f3n, tr\u00e1fico y porte de armas de fuego de uso personal y de uso privativo de las Fuerzas Armadas, fueron los delitos formulados a los hermanos Borr\u00e9 Barreto,\u00a0 entre los que se destacan el homicidio del Fiscal Jorge Alfredo Sannin Ram\u00edrez, perpetrado el 12 de septiembre de 2012 en Cartagena de Indias; homicidios de tres impulsadoras del chance, un guardi\u00e1n del Inpec y dos conductores.<\/p>\n<p>En audiencia llevada a cabo en el complejo judicial de Paloquemao, en Bogot\u00e1, los procesados no se allanaron a los cargos; entre tanto el juez de control de garant\u00edas les profiri\u00f3 medida de aseguramiento intramuros, la cual deber\u00e1n cumplir en la c\u00e1rcel La Picota de la ciudad, donde cumplen una condena por los delitos de concierto para delinquir y homicidio.<\/p>\n<p>La Fiscal\u00eda posteriormente adicionar\u00e1 a la imputaci\u00f3n otros hechos, teniendo en cuenta que son m\u00e1s de 700 homicidios\u00a0los que presuntamente cometieron los hermanos Juan Manuel, alias Javier o Pist\u00f3n, y Bryan, alias T\u00edo Guillo o T\u00edo Yaqui, en los departamentos de Atl\u00e1ntico, Bol\u00edvar, Sucre y Magdalena.<\/p>\n<p>Como se recordar\u00e1, alias Javier se desmoviliz\u00f3 el 18 de enero de 2005, con el Bloque C\u00f3rdoba, en el municipio de Tierra Alta\u00a0 (C\u00f3rdoba) y, el 17 de octubre de 2007 fue postulado por el Gobierno Nacional como beneficiario de la ley 975 de 2005; benefici\u00f3 que perdi\u00f3 al ser excluido del proceso de Justicia y Paz, por la sala penal de la Corte Suprema de Justicia, al resolver un recurso de apelaci\u00f3n interpuesto por el Fiscal 11 de la Direcci\u00f3n de Justicia Transicional,\u00a0quien argument\u00f3\u00a0la renuencia del postulado de comparecer al proceso y el incumplimiento de los compromisos, al escaparse en dos oportunidades de su sitio de reclusi\u00f3n.<\/p>\n<p>Los\u00a0hermanos\u00a0Borr\u00e9 Barreto\u00a0han sido procesados por su historial delictivo como presuntos integrantes de la organizaci\u00f3n delincuencial Los Rastrojos con injerencia en los departamentos mencionados.<\/p>\n<p>NIGC\/DLBM<\/p>\n\n<div class=\"twitter-share\"><a href=\"https:\/\/twitter.com\/intent\/tweet?via=fiscaliacol\" class=\"twitter-share-button\">Tweet<\/a><\/div>\n","protected":false},"excerpt":{"rendered":"<p>En audiencia de formulaci\u00f3n de imputaci\u00f3n y solicitud de imposici\u00f3n de medida de aseguramiento, ante el Juez 40\u00a0 Penal Municipal con funci\u00f3n de control de garant\u00edas de Bogot\u00e1, la Fiscal\u00eda 48 de la Direcci\u00f3n Especializada contra el Crimen Organizado endilg\u00f3 cargos contra los hermanos Juan Manuel y Bryan Borr\u00e9 Barreto, por 91 delitos cometidos en [&hellip;]<\/p>\n","protected":false},"author":143,"featured_media":0,"comment_status":"closed","ping_status":"open","sticky":false,"template":"","format":"standard","meta":{"_price":"","_stock":"","_tribe_ticket_header":"","_tribe_default_ticket_provider":"","_tribe_ticket_capacity":"0","_ticket_start_date":"","_ticket_end_date":"","_tribe_ticket_show_description":"","_tribe_ticket_show_not_going":false,"_tribe_ticket_use_global_stock":"","_tribe_ticket_global_stock_level":"","_global_stock_mode":"","_global_stock_cap":"","_tribe_rsvp_for_event":"","_tribe_ticket_going_count":"","_tribe_ticket_not_going_count":"","_tribe_tickets_list":"[]","_tribe_ticket_has_attendee_info_fields":false,"tdm_status":"","tdm_grid_status":"","footnotes":""},"categories":[1],"tags":[7484,12284,150],"class_list":{"0":"post-65799","1":"post","2":"type-post","3":"status-publish","4":"format-standard","6":"category-noticias","7":"tag-crimen-organizado","8":"tag-direccion-especializada-contra-el-crimen-organizado","9":"tag-homicidio-de-periodistas"},"yoast_head":"<!-- This site is optimized with the Yoast SEO plugin v24.3 - https:\/\/yoast.com\/wordpress\/plugins\/seo\/ -->\n<title>Fiscal\u00eda General de la Naci\u00f3n<\/title>\n<meta name=\"description\" content=\"P\u00e1gina oficial de la Fiscal\u00eda General de la Naci\u00f3n \u2013 Colombia. Garantizamos el acceso efectivo a la justicia, la verdad y la reparaci\u00f3n de las v\u00edctimas de los delitos.\" \/>\n<meta name=\"robots\" content=\"noindex, follow\" \/>\n<meta property=\"og:locale\" content=\"es_ES\" \/>\n<meta property=\"og:type\" content=\"article\" \/>\n<meta property=\"og:title\" content=\"Fiscal\u00eda General de la Naci\u00f3n\" \/>\n<meta property=\"og:description\" content=\"P\u00e1gina oficial de la Fiscal\u00eda General de la Naci\u00f3n \u2013 Colombia. Garantizamos el acceso efectivo a la justicia, la verdad y la reparaci\u00f3n de las v\u00edctimas de los delitos.\" \/>\n<meta property=\"og:url\" content=\"https:\/\/www.fiscalia.gov.co\/colombia\/noticias\/los-hermanos-juan-manuel-y-bryan-borre-barreto-responderan-por-145-hechos-imputados-por-la-fiscalia\/\" \/>\n<meta property=\"og:site_name\" content=\"Fiscal\u00eda General de la Naci\u00f3n\" \/>\n<meta property=\"article:publisher\" content=\"https:\/\/www.facebook.com\/FiscaliaCol\" \/>\n<meta property=\"article:published_time\" content=\"2015-04-17T17:15:46+00:00\" \/>\n<meta name=\"author\" content=\"dfgordillo\" \/>\n<meta name=\"twitter:card\" content=\"summary_large_image\" \/>\n<meta name=\"twitter:creator\" content=\"@FiscaliaCol\" \/>\n<meta name=\"twitter:site\" content=\"@FiscaliaCol\" \/>\n<meta name=\"twitter:label1\" content=\"Escrito por\" \/>\n\t<meta name=\"twitter:data1\" content=\"dfgordillo\" \/>\n\t<meta name=\"twitter:label2\" content=\"Tiempo de lectura\" \/>\n\t<meta name=\"twitter:data2\" content=\"2 minutos\" \/>\n<script type=\"application\/ld+json\" class=\"yoast-schema-graph\">{\"@context\":\"https:\/\/schema.org\",\"@graph\":[{\"@type\":\"Article\",\"@id\":\"https:\/\/www.fiscalia.gov.co\/colombia\/noticias\/los-hermanos-juan-manuel-y-bryan-borre-barreto-responderan-por-145-hechos-imputados-por-la-fiscalia\/#article\",\"isPartOf\":{\"@id\":\"https:\/\/www.fiscalia.gov.co\/colombia\/noticias\/los-hermanos-juan-manuel-y-bryan-borre-barreto-responderan-por-145-hechos-imputados-por-la-fiscalia\/\"},\"author\":{\"name\":\"dfgordillo\",\"@id\":\"https:\/\/www.fiscalia.gov.co\/colombia\/#\/schema\/person\/3903856a3ce2d54b094c69eb29247895\"},\"headline\":\"Los hermanos Juan Manuel y Bryan Borr\u00e9 Barreto responder\u00e1n por 145 hechos imputados por la Fiscal\u00eda\",\"datePublished\":\"2015-04-17T17:15:46+00:00\",\"dateModified\":\"2015-04-17T17:15:46+00:00\",\"mainEntityOfPage\":{\"@id\":\"https:\/\/www.fiscalia.gov.co\/colombia\/noticias\/los-hermanos-juan-manuel-y-bryan-borre-barreto-responderan-por-145-hechos-imputados-por-la-fiscalia\/\"},\"wordCount\":421,\"publisher\":{\"@id\":\"https:\/\/www.fiscalia.gov.co\/colombia\/#organization\"},\"keywords\":[\"Crimen organizado\",\"Direcci\u00f3n Especializada contra el Crimen Organizado\",\"Homicidio de periodistas\"],\"articleSection\":[\"Noticias\"],\"inLanguage\":\"es-CO\"},{\"@type\":\"WebPage\",\"@id\":\"https:\/\/www.fiscalia.gov.co\/colombia\/noticias\/los-hermanos-juan-manuel-y-bryan-borre-barreto-responderan-por-145-hechos-imputados-por-la-fiscalia\/\",\"url\":\"https:\/\/www.fiscalia.gov.co\/colombia\/noticias\/los-hermanos-juan-manuel-y-bryan-borre-barreto-responderan-por-145-hechos-imputados-por-la-fiscalia\/\",\"name\":\"Fiscal\u00eda General de la Naci\u00f3n\",\"isPartOf\":{\"@id\":\"https:\/\/www.fiscalia.gov.co\/colombia\/#website\"},\"datePublished\":\"2015-04-17T17:15:46+00:00\",\"dateModified\":\"2015-04-17T17:15:46+00:00\",\"description\":\"P\u00e1gina oficial de la Fiscal\u00eda General de la Naci\u00f3n \u2013 Colombia. Garantizamos el acceso efectivo a la justicia, la verdad y la reparaci\u00f3n de las v\u00edctimas de los delitos.\",\"breadcrumb\":{\"@id\":\"https:\/\/www.fiscalia.gov.co\/colombia\/noticias\/los-hermanos-juan-manuel-y-bryan-borre-barreto-responderan-por-145-hechos-imputados-por-la-fiscalia\/#breadcrumb\"},\"inLanguage\":\"es-CO\",\"potentialAction\":[{\"@type\":\"ReadAction\",\"target\":[\"https:\/\/www.fiscalia.gov.co\/colombia\/noticias\/los-hermanos-juan-manuel-y-bryan-borre-barreto-responderan-por-145-hechos-imputados-por-la-fiscalia\/\"]}]},{\"@type\":\"BreadcrumbList\",\"@id\":\"https:\/\/www.fiscalia.gov.co\/colombia\/noticias\/los-hermanos-juan-manuel-y-bryan-borre-barreto-responderan-por-145-hechos-imputados-por-la-fiscalia\/#breadcrumb\",\"itemListElement\":[{\"@type\":\"ListItem\",\"position\":1,\"name\":\"Home\",\"item\":\"https:\/\/www.fiscalia.gov.co\/colombia\/\"},{\"@type\":\"ListItem\",\"position\":2,\"name\":\"Los hermanos Juan Manuel y Bryan Borr\u00e9 Barreto responder\u00e1n por 145 hechos imputados por la Fiscal\u00eda\"}]},{\"@type\":\"WebSite\",\"@id\":\"https:\/\/www.fiscalia.gov.co\/colombia\/#website\",\"url\":\"https:\/\/www.fiscalia.gov.co\/colombia\/\",\"name\":\"Fiscal\u00eda General de la Naci\u00f3n\",\"description\":\"P\u00e1gina oficial de la Fiscal\u00eda General de la Naci\u00f3n \u2013 Colombia. Garantizamos el acceso efectivo a la justicia, la verdad y la reparaci\u00f3n de las v\u00edctimas de los delitos.\",\"publisher\":{\"@id\":\"https:\/\/www.fiscalia.gov.co\/colombia\/#organization\"},\"potentialAction\":[{\"@type\":\"SearchAction\",\"target\":{\"@type\":\"EntryPoint\",\"urlTemplate\":\"https:\/\/www.fiscalia.gov.co\/colombia\/?s={search_term_string}\"},\"query-input\":{\"@type\":\"PropertyValueSpecification\",\"valueRequired\":true,\"valueName\":\"search_term_string\"}}],\"inLanguage\":\"es-CO\"},{\"@type\":\"Organization\",\"@id\":\"https:\/\/www.fiscalia.gov.co\/colombia\/#organization\",\"name\":\"Fiscal\u00eda General de la Naci\u00f3n\",\"url\":\"https:\/\/www.fiscalia.gov.co\/colombia\/\",\"logo\":{\"@type\":\"ImageObject\",\"inLanguage\":\"es-CO\",\"@id\":\"https:\/\/www.fiscalia.gov.co\/colombia\/#\/schema\/logo\/image\/\",\"url\":\"https:\/\/www.fiscalia.gov.co\/colombia\/wp-content\/uploads\/LogoHorizontal_1.jpg\",\"contentUrl\":\"https:\/\/www.fiscalia.gov.co\/colombia\/wp-content\/uploads\/LogoHorizontal_1.jpg\",\"width\":300,\"height\":90,\"caption\":\"Fiscal\u00eda General de la Naci\u00f3n\"},\"image\":{\"@id\":\"https:\/\/www.fiscalia.gov.co\/colombia\/#\/schema\/logo\/image\/\"},\"sameAs\":[\"https:\/\/www.facebook.com\/FiscaliaCol\",\"https:\/\/x.com\/FiscaliaCol\",\"https:\/\/www.instagram.com\/fiscaliacol\",\"https:\/\/www.linkedin.com\/company\/fiscalia-general-de-la-naci-n\/\",\"https:\/\/youtube.com\/@fiscaliageneraldelanacion-4668?si=6nN79nyQICPU5iTh\"]},{\"@type\":\"Person\",\"@id\":\"https:\/\/www.fiscalia.gov.co\/colombia\/#\/schema\/person\/3903856a3ce2d54b094c69eb29247895\",\"name\":\"dfgordillo\",\"image\":{\"@type\":\"ImageObject\",\"inLanguage\":\"es-CO\",\"@id\":\"https:\/\/www.fiscalia.gov.co\/colombia\/#\/schema\/person\/image\/\",\"url\":\"https:\/\/secure.gravatar.com\/avatar\/b6356e21c5657c60757fe6fb9493e947?s=96&d=mm&r=g\",\"contentUrl\":\"https:\/\/secure.gravatar.com\/avatar\/b6356e21c5657c60757fe6fb9493e947?s=96&d=mm&r=g\",\"caption\":\"dfgordillo\"},\"sameAs\":[\"dfgordillo\"],\"url\":\"https:\/\/www.fiscalia.gov.co\/colombia\/author\/dfgordillo\/\"}]}<\/script>\n<!-- \/ Yoast SEO plugin. -->","yoast_head_json":{"title":"Fiscal\u00eda General de la Naci\u00f3n","description":"P\u00e1gina oficial de la Fiscal\u00eda General de la Naci\u00f3n \u2013 Colombia. Garantizamos el acceso efectivo a la justicia, la verdad y la reparaci\u00f3n de las v\u00edctimas de los delitos.","robots":{"index":"noindex","follow":"follow"},"og_locale":"es_ES","og_type":"article","og_title":"Fiscal\u00eda General de la Naci\u00f3n","og_description":"P\u00e1gina oficial de la Fiscal\u00eda General de la Naci\u00f3n \u2013 Colombia. Garantizamos el acceso efectivo a la justicia, la verdad y la reparaci\u00f3n de las v\u00edctimas de los delitos.","og_url":"https:\/\/www.fiscalia.gov.co\/colombia\/noticias\/los-hermanos-juan-manuel-y-bryan-borre-barreto-responderan-por-145-hechos-imputados-por-la-fiscalia\/","og_site_name":"Fiscal\u00eda General de la Naci\u00f3n","article_publisher":"https:\/\/www.facebook.com\/FiscaliaCol","article_published_time":"2015-04-17T17:15:46+00:00","author":"dfgordillo","twitter_card":"summary_large_image","twitter_creator":"@FiscaliaCol","twitter_site":"@FiscaliaCol","twitter_misc":{"Escrito por":"dfgordillo","Tiempo de lectura":"2 minutos"},"schema":{"@context":"https:\/\/schema.org","@graph":[{"@type":"Article","@id":"https:\/\/www.fiscalia.gov.co\/colombia\/noticias\/los-hermanos-juan-manuel-y-bryan-borre-barreto-responderan-por-145-hechos-imputados-por-la-fiscalia\/#article","isPartOf":{"@id":"https:\/\/www.fiscalia.gov.co\/colombia\/noticias\/los-hermanos-juan-manuel-y-bryan-borre-barreto-responderan-por-145-hechos-imputados-por-la-fiscalia\/"},"author":{"name":"dfgordillo","@id":"https:\/\/www.fiscalia.gov.co\/colombia\/#\/schema\/person\/3903856a3ce2d54b094c69eb29247895"},"headline":"Los hermanos Juan Manuel y Bryan Borr\u00e9 Barreto responder\u00e1n por 145 hechos imputados por la Fiscal\u00eda","datePublished":"2015-04-17T17:15:46+00:00","dateModified":"2015-04-17T17:15:46+00:00","mainEntityOfPage":{"@id":"https:\/\/www.fiscalia.gov.co\/colombia\/noticias\/los-hermanos-juan-manuel-y-bryan-borre-barreto-responderan-por-145-hechos-imputados-por-la-fiscalia\/"},"wordCount":421,"publisher":{"@id":"https:\/\/www.fiscalia.gov.co\/colombia\/#organization"},"keywords":["Crimen organizado","Direcci\u00f3n Especializada contra el Crimen Organizado","Homicidio de periodistas"],"articleSection":["Noticias"],"inLanguage":"es-CO"},{"@type":"WebPage","@id":"https:\/\/www.fiscalia.gov.co\/colombia\/noticias\/los-hermanos-juan-manuel-y-bryan-borre-barreto-responderan-por-145-hechos-imputados-por-la-fiscalia\/","url":"https:\/\/www.fiscalia.gov.co\/colombia\/noticias\/los-hermanos-juan-manuel-y-bryan-borre-barreto-responderan-por-145-hechos-imputados-por-la-fiscalia\/","name":"Fiscal\u00eda General de la Naci\u00f3n","isPartOf":{"@id":"https:\/\/www.fiscalia.gov.co\/colombia\/#website"},"datePublished":"2015-04-17T17:15:46+00:00","dateModified":"2015-04-17T17:15:46+00:00","description":"P\u00e1gina oficial de la Fiscal\u00eda General de la Naci\u00f3n \u2013 Colombia. Garantizamos el acceso efectivo a la justicia, la verdad y la reparaci\u00f3n de las v\u00edctimas de los delitos.","breadcrumb":{"@id":"https:\/\/www.fiscalia.gov.co\/colombia\/noticias\/los-hermanos-juan-manuel-y-bryan-borre-barreto-responderan-por-145-hechos-imputados-por-la-fiscalia\/#breadcrumb"},"inLanguage":"es-CO","potentialAction":[{"@type":"ReadAction","target":["https:\/\/www.fiscalia.gov.co\/colombia\/noticias\/los-hermanos-juan-manuel-y-bryan-borre-barreto-responderan-por-145-hechos-imputados-por-la-fiscalia\/"]}]},{"@type":"BreadcrumbList","@id":"https:\/\/www.fiscalia.gov.co\/colombia\/noticias\/los-hermanos-juan-manuel-y-bryan-borre-barreto-responderan-por-145-hechos-imputados-por-la-fiscalia\/#breadcrumb","itemListElement":[{"@type":"ListItem","position":1,"name":"Home","item":"https:\/\/www.fiscalia.gov.co\/colombia\/"},{"@type":"ListItem","position":2,"name":"Los hermanos Juan Manuel y Bryan Borr\u00e9 Barreto responder\u00e1n por 145 hechos imputados por la Fiscal\u00eda"}]},{"@type":"WebSite","@id":"https:\/\/www.fiscalia.gov.co\/colombia\/#website","url":"https:\/\/www.fiscalia.gov.co\/colombia\/","name":"Fiscal\u00eda General de la Naci\u00f3n","description":"P\u00e1gina oficial de la Fiscal\u00eda General de la Naci\u00f3n \u2013 Colombia. Garantizamos el acceso efectivo a la justicia, la verdad y la reparaci\u00f3n de las v\u00edctimas de los delitos.","publisher":{"@id":"https:\/\/www.fiscalia.gov.co\/colombia\/#organization"},"potentialAction":[{"@type":"SearchAction","target":{"@type":"EntryPoint","urlTemplate":"https:\/\/www.fiscalia.gov.co\/colombia\/?s={search_term_string}"},"query-input":{"@type":"PropertyValueSpecification","valueRequired":true,"valueName":"search_term_string"}}],"inLanguage":"es-CO"},{"@type":"Organization","@id":"https:\/\/www.fiscalia.gov.co\/colombia\/#organization","name":"Fiscal\u00eda General de la Naci\u00f3n","url":"https:\/\/www.fiscalia.gov.co\/colombia\/","logo":{"@type":"ImageObject","inLanguage":"es-CO","@id":"https:\/\/www.fiscalia.gov.co\/colombia\/#\/schema\/logo\/image\/","url":"https:\/\/www.fiscalia.gov.co\/colombia\/wp-content\/uploads\/LogoHorizontal_1.jpg","contentUrl":"https:\/\/www.fiscalia.gov.co\/colombia\/wp-content\/uploads\/LogoHorizontal_1.jpg","width":300,"height":90,"caption":"Fiscal\u00eda General de la Naci\u00f3n"},"image":{"@id":"https:\/\/www.fiscalia.gov.co\/colombia\/#\/schema\/logo\/image\/"},"sameAs":["https:\/\/www.facebook.com\/FiscaliaCol","https:\/\/x.com\/FiscaliaCol","https:\/\/www.instagram.com\/fiscaliacol","https:\/\/www.linkedin.com\/company\/fiscalia-general-de-la-naci-n\/","https:\/\/youtube.com\/@fiscaliageneraldelanacion-4668?si=6nN79nyQICPU5iTh"]},{"@type":"Person","@id":"https:\/\/www.fiscalia.gov.co\/colombia\/#\/schema\/person\/3903856a3ce2d54b094c69eb29247895","name":"dfgordillo","image":{"@type":"ImageObject","inLanguage":"es-CO","@id":"https:\/\/www.fiscalia.gov.co\/colombia\/#\/schema\/person\/image\/","url":"https:\/\/secure.gravatar.com\/avatar\/b6356e21c5657c60757fe6fb9493e947?s=96&d=mm&r=g","contentUrl":"https:\/\/secure.gravatar.com\/avatar\/b6356e21c5657c60757fe6fb9493e947?s=96&d=mm&r=g","caption":"dfgordillo"},"sameAs":["dfgordillo"],"url":"https:\/\/www.fiscalia.gov.co\/colombia\/author\/dfgordillo\/"}]}},"_links":{"self":[{"href":"https:\/\/www.fiscalia.gov.co\/colombia\/wp-json\/wp\/v2\/posts\/65799","targetHints":{"allow":["GET"]}}],"collection":[{"href":"https:\/\/www.fiscalia.gov.co\/colombia\/wp-json\/wp\/v2\/posts"}],"about":[{"href":"https:\/\/www.fiscalia.gov.co\/colombia\/wp-json\/wp\/v2\/types\/post"}],"author":[{"embeddable":true,"href":"https:\/\/www.fiscalia.gov.co\/colombia\/wp-json\/wp\/v2\/users\/143"}],"replies":[{"embeddable":true,"href":"https:\/\/www.fiscalia.gov.co\/colombia\/wp-json\/wp\/v2\/comments?post=65799"}],"version-history":[{"count":1,"href":"https:\/\/www.fiscalia.gov.co\/colombia\/wp-json\/wp\/v2\/posts\/65799\/revisions"}],"predecessor-version":[{"id":65800,"href":"https:\/\/www.fiscalia.gov.co\/colombia\/wp-json\/wp\/v2\/posts\/65799\/revisions\/65800"}],"wp:attachment":[{"href":"https:\/\/www.fiscalia.gov.co\/colombia\/wp-json\/wp\/v2\/media?parent=65799"}],"wp:term":[{"taxonomy":"category","embeddable":true,"href":"https:\/\/www.fiscalia.gov.co\/colombia\/wp-json\/wp\/v2\/categories?post=65799"},{"taxonomy":"post_tag","embeddable":true,"href":"https:\/\/www.fiscalia.gov.co\/colombia\/wp-json\/wp\/v2\/tags?post=65799"}],"curies":[{"name":"wp","href":"https:\/\/api.w.org\/{rel}","templated":true}]}}