{"id":65756,"date":"2015-04-16T19:23:56","date_gmt":"2015-04-17T00:23:56","guid":{"rendered":"http:\/\/www.fiscalia.gov.co\/colombia\/?p=65756"},"modified":"2015-04-17T09:34:57","modified_gmt":"2015-04-17T14:34:57","slug":"no-estoy-de-acuerdo-en-crear-mas-fueros-vicefiscal-general-de-la-nacion","status":"publish","type":"post","link":"https:\/\/www.fiscalia.gov.co\/colombia\/noticias\/destacada\/no-estoy-de-acuerdo-en-crear-mas-fueros-vicefiscal-general-de-la-nacion\/","title":{"rendered":"\u201cNo estoy de acuerdo en crear m\u00e1s fueros\u201d: Vicefiscal General de la Naci\u00f3n"},"content":{"rendered":"<p>El Vicefiscal General de la Naci\u00f3n, Jorge Fernando Perdomo, dijo que no est\u00e1 de acuerdo con que en el proyecto de reforma al equilibrio de poderes, que cursa actualmente en el Congreso de la Rep\u00fablica, se creen fueros para el Contralor General de la\u00a0 Rep\u00fablica, el Procurador General de la Naci\u00f3n y el Defensor del Pueblo, ya que ellos tienen su propio fuero, puesto que es el Fiscal General el que los investiga y es la Corte Suprema de Justicia la que los juzga.<\/p>\n<p>Durante un conversatorio en la Universidad de Los Andes en el VII Congreso Internacional de Derecho Procesal, ante una delas preguntas planteadas por la directora de Noticias Uno, Cecilia Orozco, sobre si justificaba el fuero que se crea en el proyecto para el Procurador, el Defensor del Pueblo y el Contralor, el Vicefiscal General de la Naci\u00f3n dijo que no lo justifica para esos casos, pero eso no quiere decir que no deba existir u que sea sin\u00f3nimo de impunidad.<\/p>\n<p>\u201cResulta que ahora se pretende que funcionarios que al parecer son muy importantes, pero que no cumplen funciones jurisdiccionales, como el Procurador, como el Defensor, como el Contralor tengan el mismo fuero que disque porque hacen cosas muy importantes, pues bajo esa din\u00e1mica de hacer cosas muy importantes habr\u00eda que aplicarle el mismo fuero a los ministros, habr\u00eda que darle el mismo fuero al Director del Instituto Colombiano de Bienestar Familiar porque lo que \u00e9l hace es important\u00edsimo por la ni\u00f1ez, por la familia, por los ni\u00f1os que adem\u00e1s es una funci\u00f3n parecida a la que tiene la Procuradur\u00eda General de la Naci\u00f3n\u201d, puntualiz\u00f3 el Vicefiscal general de la Naci\u00f3n.<\/p>\n<p>Tambi\u00e9n dijo que de llegar a aprobarse la reforma se crear\u00eda un problema adicional puesto que quienes los nombran al Procurador al Contralor y al Defensor del Pueblo ser\u00edan a la postre, quienes los juzgar\u00edan.<\/p>\n<p>Al respecto el Vicefiscal General asegur\u00f3 que \u201clos que se quieren aforar no se han dado cuenta que lo que se est\u00e1n haciendo es el harakiri por una sencilla raz\u00f3n: porque resulta que quienes a ellos los nombran, el Procurador es nombrado por el Senado, el Contralor por el Congreso en pleno y el Defensor por al C\u00e1mara de Representantes; quienes los nombran van a ser ahora quienes los juzguen. (\u2026) y en el caso del Procurador que investiga a los congresistas ahora ser\u00e1 investigado por el congreso, es decir yo te investigo t\u00fa me investigas\u201d<\/p>\n<p>Durante el conversatorio el Vicefiscal General de la Naci\u00f3n tambi\u00e9n se explic\u00f3 a los estudiantes del alma mater porque es importante el proceso de paz para la Fiscal\u00eda; en este sentido dijo que en la actualidad el 50 por ciento de los esfuerzos de ente investigador est\u00e1 enfocado en investigar casos relacionados con el conflicto, afectando los casos que le interesan al a ciudadan\u00eda en general.<\/p>\n<p>\u201cPor qu\u00e9 porque dedicamos 50 por ciento de nuestro trabajo a masacres, a secuestros y estamos dejando de dedicarnos a cosas muy importantes como por ejemplo abuso de menores, que es parte tambi\u00e9n de nuestra radiograf\u00eda social, al maltrato contra la mujer, contra minor\u00edas o la delincuencia moderna, cibern\u00e9tica inform\u00e1tica (\u2026)\u201d, concluy\u00f3 el Vicefiscal Jorge Fernando Perdomo<\/p>\n<p>Frente al Tribunal de Aforados dijo que no le disgusta la idea de que sea un tribunal de uno, como al parecer se est\u00e1 proponiendo, siempre y cuando este rodeado de un equipo de investigadores y analistas suficientes para cumplir con su trabajo, ya que solo tendr\u00eda la funci\u00f3n de investigar para que en \u00faltimas, sea la Corte Suprema de Justicia la que los juzgue.<\/p>\n<p>&nbsp;<\/p>\n<p>AMC<\/p>\n<h4><strong>Declaraciones Jorge Fernando Perdomo, Vicefiscal General de la Naci\u00f3n<\/strong><\/h4>\n[audio:http:\/\/www.fiscalia.gov.co\/colombia\/wp-content\/uploads\/audio_vice04_16.mp3|titles=Declaraciones]\n<p><a title=\"VII Congreso Internacional de Derecho Procesal\" href=\"http:\/\/www.fiscalia.gov.co\/colombia\/wp-content\/uploads\/audio_vice04_16.mp3\">Descargar<\/a><\/p>\n<p>Tema: VII Congreso Internacional de Derecho Procesal <strong><br \/>\n<\/strong>Lugar: Universidad de Los Andes<strong><\/strong> &#8211; Bogot\u00e1, D.C.<br \/>\nFecha: 16 de abril de 2015<\/p>\n\n<div class=\"twitter-share\"><a href=\"https:\/\/twitter.com\/intent\/tweet?via=fiscaliacol\" class=\"twitter-share-button\">Tweet<\/a><\/div>\n","protected":false},"excerpt":{"rendered":"<p>El Vicefiscal General de la Naci\u00f3n, dijo que no est\u00e1 de acuerdo con que en el proyecto de reforma al equilibrio de poderes, se creen fueros para el Contralor General de la  Rep\u00fablica, el Procurador General de la Naci\u00f3n y el Defensor del Pueblo<\/p>\n","protected":false},"author":143,"featured_media":0,"comment_status":"closed","ping_status":"open","sticky":false,"template":"","format":"standard","meta":{"_price":"","_stock":"","_tribe_ticket_header":"","_tribe_default_ticket_provider":"","_tribe_ticket_capacity":"0","_ticket_start_date":"","_ticket_end_date":"","_tribe_ticket_show_description":"","_tribe_ticket_show_not_going":false,"_tribe_ticket_use_global_stock":"","_tribe_ticket_global_stock_level":"","_global_stock_mode":"","_global_stock_cap":"","_tribe_rsvp_for_event":"","_tribe_ticket_going_count":"","_tribe_ticket_not_going_count":"","_tribe_tickets_list":"[]","_tribe_ticket_has_attendee_info_fields":false,"tdm_status":"","tdm_grid_status":"","footnotes":""},"categories":[3],"tags":[12269,3563,12271,12270],"class_list":{"0":"post-65756","1":"post","2":"type-post","3":"status-publish","4":"format-standard","6":"category-destacada","7":"tag-aforados","8":"tag-corte-suprema-de-justicia","9":"tag-universidad-de-los-andes","10":"tag-vii-congreso-internacional-de-derecho-procesal"},"yoast_head":"<!-- This site is optimized with the Yoast SEO plugin v24.3 - https:\/\/yoast.com\/wordpress\/plugins\/seo\/ -->\n<title>Fiscal\u00eda General de la Naci\u00f3n<\/title>\n<meta name=\"description\" content=\"P\u00e1gina oficial de la Fiscal\u00eda General de la Naci\u00f3n \u2013 Colombia. Garantizamos el acceso efectivo a la justicia, la verdad y la reparaci\u00f3n de las v\u00edctimas de los delitos.\" \/>\n<meta name=\"robots\" content=\"noindex, follow\" \/>\n<meta property=\"og:locale\" content=\"es_ES\" \/>\n<meta property=\"og:type\" content=\"article\" \/>\n<meta property=\"og:title\" content=\"Fiscal\u00eda General de la Naci\u00f3n\" \/>\n<meta property=\"og:description\" content=\"P\u00e1gina oficial de la Fiscal\u00eda General de la Naci\u00f3n \u2013 Colombia. Garantizamos el acceso efectivo a la justicia, la verdad y la reparaci\u00f3n de las v\u00edctimas de los delitos.\" \/>\n<meta property=\"og:url\" content=\"https:\/\/www.fiscalia.gov.co\/colombia\/noticias\/destacada\/no-estoy-de-acuerdo-en-crear-mas-fueros-vicefiscal-general-de-la-nacion\/\" \/>\n<meta property=\"og:site_name\" content=\"Fiscal\u00eda General de la Naci\u00f3n\" \/>\n<meta property=\"article:publisher\" content=\"https:\/\/www.facebook.com\/FiscaliaCol\" \/>\n<meta property=\"article:published_time\" content=\"2015-04-17T00:23:56+00:00\" \/>\n<meta property=\"article:modified_time\" content=\"2015-04-17T14:34:57+00:00\" \/>\n<meta name=\"author\" content=\"dfgordillo\" \/>\n<meta name=\"twitter:card\" content=\"summary_large_image\" \/>\n<meta name=\"twitter:creator\" content=\"@FiscaliaCol\" \/>\n<meta name=\"twitter:site\" content=\"@FiscaliaCol\" \/>\n<meta name=\"twitter:label1\" content=\"Escrito por\" \/>\n\t<meta name=\"twitter:data1\" content=\"dfgordillo\" \/>\n\t<meta name=\"twitter:label2\" content=\"Tiempo de lectura\" \/>\n\t<meta name=\"twitter:data2\" content=\"3 minutos\" \/>\n<script type=\"application\/ld+json\" class=\"yoast-schema-graph\">{\"@context\":\"https:\/\/schema.org\",\"@graph\":[{\"@type\":\"Article\",\"@id\":\"https:\/\/www.fiscalia.gov.co\/colombia\/noticias\/destacada\/no-estoy-de-acuerdo-en-crear-mas-fueros-vicefiscal-general-de-la-nacion\/#article\",\"isPartOf\":{\"@id\":\"https:\/\/www.fiscalia.gov.co\/colombia\/noticias\/destacada\/no-estoy-de-acuerdo-en-crear-mas-fueros-vicefiscal-general-de-la-nacion\/\"},\"author\":{\"name\":\"dfgordillo\",\"@id\":\"https:\/\/www.fiscalia.gov.co\/colombia\/#\/schema\/person\/3903856a3ce2d54b094c69eb29247895\"},\"headline\":\"\u201cNo estoy de acuerdo en crear m\u00e1s fueros\u201d: Vicefiscal General de la Naci\u00f3n\",\"datePublished\":\"2015-04-17T00:23:56+00:00\",\"dateModified\":\"2015-04-17T14:34:57+00:00\",\"mainEntityOfPage\":{\"@id\":\"https:\/\/www.fiscalia.gov.co\/colombia\/noticias\/destacada\/no-estoy-de-acuerdo-en-crear-mas-fueros-vicefiscal-general-de-la-nacion\/\"},\"wordCount\":686,\"publisher\":{\"@id\":\"https:\/\/www.fiscalia.gov.co\/colombia\/#organization\"},\"keywords\":[\"Aforados\",\"Corte Suprema de Justicia\",\"Universidad de Los Andes\",\"VII Congreso Internacional de Derecho Procesal\"],\"articleSection\":[\"Destacada\"],\"inLanguage\":\"es-CO\"},{\"@type\":\"WebPage\",\"@id\":\"https:\/\/www.fiscalia.gov.co\/colombia\/noticias\/destacada\/no-estoy-de-acuerdo-en-crear-mas-fueros-vicefiscal-general-de-la-nacion\/\",\"url\":\"https:\/\/www.fiscalia.gov.co\/colombia\/noticias\/destacada\/no-estoy-de-acuerdo-en-crear-mas-fueros-vicefiscal-general-de-la-nacion\/\",\"name\":\"Fiscal\u00eda General de la Naci\u00f3n\",\"isPartOf\":{\"@id\":\"https:\/\/www.fiscalia.gov.co\/colombia\/#website\"},\"datePublished\":\"2015-04-17T00:23:56+00:00\",\"dateModified\":\"2015-04-17T14:34:57+00:00\",\"description\":\"P\u00e1gina oficial de la Fiscal\u00eda General de la Naci\u00f3n \u2013 Colombia. Garantizamos el acceso efectivo a la justicia, la verdad y la reparaci\u00f3n de las v\u00edctimas de los delitos.\",\"breadcrumb\":{\"@id\":\"https:\/\/www.fiscalia.gov.co\/colombia\/noticias\/destacada\/no-estoy-de-acuerdo-en-crear-mas-fueros-vicefiscal-general-de-la-nacion\/#breadcrumb\"},\"inLanguage\":\"es-CO\",\"potentialAction\":[{\"@type\":\"ReadAction\",\"target\":[\"https:\/\/www.fiscalia.gov.co\/colombia\/noticias\/destacada\/no-estoy-de-acuerdo-en-crear-mas-fueros-vicefiscal-general-de-la-nacion\/\"]}]},{\"@type\":\"BreadcrumbList\",\"@id\":\"https:\/\/www.fiscalia.gov.co\/colombia\/noticias\/destacada\/no-estoy-de-acuerdo-en-crear-mas-fueros-vicefiscal-general-de-la-nacion\/#breadcrumb\",\"itemListElement\":[{\"@type\":\"ListItem\",\"position\":1,\"name\":\"Home\",\"item\":\"https:\/\/www.fiscalia.gov.co\/colombia\/\"},{\"@type\":\"ListItem\",\"position\":2,\"name\":\"\u201cNo estoy de acuerdo en crear m\u00e1s fueros\u201d: Vicefiscal General de la Naci\u00f3n\"}]},{\"@type\":\"WebSite\",\"@id\":\"https:\/\/www.fiscalia.gov.co\/colombia\/#website\",\"url\":\"https:\/\/www.fiscalia.gov.co\/colombia\/\",\"name\":\"Fiscal\u00eda General de la Naci\u00f3n\",\"description\":\"P\u00e1gina oficial de la Fiscal\u00eda General de la Naci\u00f3n \u2013 Colombia. Garantizamos el acceso efectivo a la justicia, la verdad y la reparaci\u00f3n de las v\u00edctimas de los delitos.\",\"publisher\":{\"@id\":\"https:\/\/www.fiscalia.gov.co\/colombia\/#organization\"},\"potentialAction\":[{\"@type\":\"SearchAction\",\"target\":{\"@type\":\"EntryPoint\",\"urlTemplate\":\"https:\/\/www.fiscalia.gov.co\/colombia\/?s={search_term_string}\"},\"query-input\":{\"@type\":\"PropertyValueSpecification\",\"valueRequired\":true,\"valueName\":\"search_term_string\"}}],\"inLanguage\":\"es-CO\"},{\"@type\":\"Organization\",\"@id\":\"https:\/\/www.fiscalia.gov.co\/colombia\/#organization\",\"name\":\"Fiscal\u00eda General de la Naci\u00f3n\",\"url\":\"https:\/\/www.fiscalia.gov.co\/colombia\/\",\"logo\":{\"@type\":\"ImageObject\",\"inLanguage\":\"es-CO\",\"@id\":\"https:\/\/www.fiscalia.gov.co\/colombia\/#\/schema\/logo\/image\/\",\"url\":\"https:\/\/www.fiscalia.gov.co\/colombia\/wp-content\/uploads\/LogoHorizontal_1.jpg\",\"contentUrl\":\"https:\/\/www.fiscalia.gov.co\/colombia\/wp-content\/uploads\/LogoHorizontal_1.jpg\",\"width\":300,\"height\":90,\"caption\":\"Fiscal\u00eda General de la Naci\u00f3n\"},\"image\":{\"@id\":\"https:\/\/www.fiscalia.gov.co\/colombia\/#\/schema\/logo\/image\/\"},\"sameAs\":[\"https:\/\/www.facebook.com\/FiscaliaCol\",\"https:\/\/x.com\/FiscaliaCol\",\"https:\/\/www.instagram.com\/fiscaliacol\",\"https:\/\/www.linkedin.com\/company\/fiscalia-general-de-la-naci-n\/\",\"https:\/\/youtube.com\/@fiscaliageneraldelanacion-4668?si=6nN79nyQICPU5iTh\"]},{\"@type\":\"Person\",\"@id\":\"https:\/\/www.fiscalia.gov.co\/colombia\/#\/schema\/person\/3903856a3ce2d54b094c69eb29247895\",\"name\":\"dfgordillo\",\"image\":{\"@type\":\"ImageObject\",\"inLanguage\":\"es-CO\",\"@id\":\"https:\/\/www.fiscalia.gov.co\/colombia\/#\/schema\/person\/image\/\",\"url\":\"https:\/\/secure.gravatar.com\/avatar\/b6356e21c5657c60757fe6fb9493e947?s=96&d=mm&r=g\",\"contentUrl\":\"https:\/\/secure.gravatar.com\/avatar\/b6356e21c5657c60757fe6fb9493e947?s=96&d=mm&r=g\",\"caption\":\"dfgordillo\"},\"sameAs\":[\"dfgordillo\"],\"url\":\"https:\/\/www.fiscalia.gov.co\/colombia\/author\/dfgordillo\/\"}]}<\/script>\n<!-- \/ Yoast SEO plugin. -->","yoast_head_json":{"title":"Fiscal\u00eda General de la Naci\u00f3n","description":"P\u00e1gina oficial de la Fiscal\u00eda General de la Naci\u00f3n \u2013 Colombia. Garantizamos el acceso efectivo a la justicia, la verdad y la reparaci\u00f3n de las v\u00edctimas de los delitos.","robots":{"index":"noindex","follow":"follow"},"og_locale":"es_ES","og_type":"article","og_title":"Fiscal\u00eda General de la Naci\u00f3n","og_description":"P\u00e1gina oficial de la Fiscal\u00eda General de la Naci\u00f3n \u2013 Colombia. Garantizamos el acceso efectivo a la justicia, la verdad y la reparaci\u00f3n de las v\u00edctimas de los delitos.","og_url":"https:\/\/www.fiscalia.gov.co\/colombia\/noticias\/destacada\/no-estoy-de-acuerdo-en-crear-mas-fueros-vicefiscal-general-de-la-nacion\/","og_site_name":"Fiscal\u00eda General de la Naci\u00f3n","article_publisher":"https:\/\/www.facebook.com\/FiscaliaCol","article_published_time":"2015-04-17T00:23:56+00:00","article_modified_time":"2015-04-17T14:34:57+00:00","author":"dfgordillo","twitter_card":"summary_large_image","twitter_creator":"@FiscaliaCol","twitter_site":"@FiscaliaCol","twitter_misc":{"Escrito por":"dfgordillo","Tiempo de lectura":"3 minutos"},"schema":{"@context":"https:\/\/schema.org","@graph":[{"@type":"Article","@id":"https:\/\/www.fiscalia.gov.co\/colombia\/noticias\/destacada\/no-estoy-de-acuerdo-en-crear-mas-fueros-vicefiscal-general-de-la-nacion\/#article","isPartOf":{"@id":"https:\/\/www.fiscalia.gov.co\/colombia\/noticias\/destacada\/no-estoy-de-acuerdo-en-crear-mas-fueros-vicefiscal-general-de-la-nacion\/"},"author":{"name":"dfgordillo","@id":"https:\/\/www.fiscalia.gov.co\/colombia\/#\/schema\/person\/3903856a3ce2d54b094c69eb29247895"},"headline":"\u201cNo estoy de acuerdo en crear m\u00e1s fueros\u201d: Vicefiscal General de la Naci\u00f3n","datePublished":"2015-04-17T00:23:56+00:00","dateModified":"2015-04-17T14:34:57+00:00","mainEntityOfPage":{"@id":"https:\/\/www.fiscalia.gov.co\/colombia\/noticias\/destacada\/no-estoy-de-acuerdo-en-crear-mas-fueros-vicefiscal-general-de-la-nacion\/"},"wordCount":686,"publisher":{"@id":"https:\/\/www.fiscalia.gov.co\/colombia\/#organization"},"keywords":["Aforados","Corte Suprema de Justicia","Universidad de Los Andes","VII Congreso Internacional de Derecho Procesal"],"articleSection":["Destacada"],"inLanguage":"es-CO"},{"@type":"WebPage","@id":"https:\/\/www.fiscalia.gov.co\/colombia\/noticias\/destacada\/no-estoy-de-acuerdo-en-crear-mas-fueros-vicefiscal-general-de-la-nacion\/","url":"https:\/\/www.fiscalia.gov.co\/colombia\/noticias\/destacada\/no-estoy-de-acuerdo-en-crear-mas-fueros-vicefiscal-general-de-la-nacion\/","name":"Fiscal\u00eda General de la Naci\u00f3n","isPartOf":{"@id":"https:\/\/www.fiscalia.gov.co\/colombia\/#website"},"datePublished":"2015-04-17T00:23:56+00:00","dateModified":"2015-04-17T14:34:57+00:00","description":"P\u00e1gina oficial de la Fiscal\u00eda General de la Naci\u00f3n \u2013 Colombia. Garantizamos el acceso efectivo a la justicia, la verdad y la reparaci\u00f3n de las v\u00edctimas de los delitos.","breadcrumb":{"@id":"https:\/\/www.fiscalia.gov.co\/colombia\/noticias\/destacada\/no-estoy-de-acuerdo-en-crear-mas-fueros-vicefiscal-general-de-la-nacion\/#breadcrumb"},"inLanguage":"es-CO","potentialAction":[{"@type":"ReadAction","target":["https:\/\/www.fiscalia.gov.co\/colombia\/noticias\/destacada\/no-estoy-de-acuerdo-en-crear-mas-fueros-vicefiscal-general-de-la-nacion\/"]}]},{"@type":"BreadcrumbList","@id":"https:\/\/www.fiscalia.gov.co\/colombia\/noticias\/destacada\/no-estoy-de-acuerdo-en-crear-mas-fueros-vicefiscal-general-de-la-nacion\/#breadcrumb","itemListElement":[{"@type":"ListItem","position":1,"name":"Home","item":"https:\/\/www.fiscalia.gov.co\/colombia\/"},{"@type":"ListItem","position":2,"name":"\u201cNo estoy de acuerdo en crear m\u00e1s fueros\u201d: Vicefiscal General de la Naci\u00f3n"}]},{"@type":"WebSite","@id":"https:\/\/www.fiscalia.gov.co\/colombia\/#website","url":"https:\/\/www.fiscalia.gov.co\/colombia\/","name":"Fiscal\u00eda General de la Naci\u00f3n","description":"P\u00e1gina oficial de la Fiscal\u00eda General de la Naci\u00f3n \u2013 Colombia. Garantizamos el acceso efectivo a la justicia, la verdad y la reparaci\u00f3n de las v\u00edctimas de los delitos.","publisher":{"@id":"https:\/\/www.fiscalia.gov.co\/colombia\/#organization"},"potentialAction":[{"@type":"SearchAction","target":{"@type":"EntryPoint","urlTemplate":"https:\/\/www.fiscalia.gov.co\/colombia\/?s={search_term_string}"},"query-input":{"@type":"PropertyValueSpecification","valueRequired":true,"valueName":"search_term_string"}}],"inLanguage":"es-CO"},{"@type":"Organization","@id":"https:\/\/www.fiscalia.gov.co\/colombia\/#organization","name":"Fiscal\u00eda General de la Naci\u00f3n","url":"https:\/\/www.fiscalia.gov.co\/colombia\/","logo":{"@type":"ImageObject","inLanguage":"es-CO","@id":"https:\/\/www.fiscalia.gov.co\/colombia\/#\/schema\/logo\/image\/","url":"https:\/\/www.fiscalia.gov.co\/colombia\/wp-content\/uploads\/LogoHorizontal_1.jpg","contentUrl":"https:\/\/www.fiscalia.gov.co\/colombia\/wp-content\/uploads\/LogoHorizontal_1.jpg","width":300,"height":90,"caption":"Fiscal\u00eda General de la Naci\u00f3n"},"image":{"@id":"https:\/\/www.fiscalia.gov.co\/colombia\/#\/schema\/logo\/image\/"},"sameAs":["https:\/\/www.facebook.com\/FiscaliaCol","https:\/\/x.com\/FiscaliaCol","https:\/\/www.instagram.com\/fiscaliacol","https:\/\/www.linkedin.com\/company\/fiscalia-general-de-la-naci-n\/","https:\/\/youtube.com\/@fiscaliageneraldelanacion-4668?si=6nN79nyQICPU5iTh"]},{"@type":"Person","@id":"https:\/\/www.fiscalia.gov.co\/colombia\/#\/schema\/person\/3903856a3ce2d54b094c69eb29247895","name":"dfgordillo","image":{"@type":"ImageObject","inLanguage":"es-CO","@id":"https:\/\/www.fiscalia.gov.co\/colombia\/#\/schema\/person\/image\/","url":"https:\/\/secure.gravatar.com\/avatar\/b6356e21c5657c60757fe6fb9493e947?s=96&d=mm&r=g","contentUrl":"https:\/\/secure.gravatar.com\/avatar\/b6356e21c5657c60757fe6fb9493e947?s=96&d=mm&r=g","caption":"dfgordillo"},"sameAs":["dfgordillo"],"url":"https:\/\/www.fiscalia.gov.co\/colombia\/author\/dfgordillo\/"}]}},"_links":{"self":[{"href":"https:\/\/www.fiscalia.gov.co\/colombia\/wp-json\/wp\/v2\/posts\/65756","targetHints":{"allow":["GET"]}}],"collection":[{"href":"https:\/\/www.fiscalia.gov.co\/colombia\/wp-json\/wp\/v2\/posts"}],"about":[{"href":"https:\/\/www.fiscalia.gov.co\/colombia\/wp-json\/wp\/v2\/types\/post"}],"author":[{"embeddable":true,"href":"https:\/\/www.fiscalia.gov.co\/colombia\/wp-json\/wp\/v2\/users\/143"}],"replies":[{"embeddable":true,"href":"https:\/\/www.fiscalia.gov.co\/colombia\/wp-json\/wp\/v2\/comments?post=65756"}],"version-history":[{"count":10,"href":"https:\/\/www.fiscalia.gov.co\/colombia\/wp-json\/wp\/v2\/posts\/65756\/revisions"}],"predecessor-version":[{"id":65763,"href":"https:\/\/www.fiscalia.gov.co\/colombia\/wp-json\/wp\/v2\/posts\/65756\/revisions\/65763"}],"wp:attachment":[{"href":"https:\/\/www.fiscalia.gov.co\/colombia\/wp-json\/wp\/v2\/media?parent=65756"}],"wp:term":[{"taxonomy":"category","embeddable":true,"href":"https:\/\/www.fiscalia.gov.co\/colombia\/wp-json\/wp\/v2\/categories?post=65756"},{"taxonomy":"post_tag","embeddable":true,"href":"https:\/\/www.fiscalia.gov.co\/colombia\/wp-json\/wp\/v2\/tags?post=65756"}],"curies":[{"name":"wp","href":"https:\/\/api.w.org\/{rel}","templated":true}]}}