{"id":65712,"date":"2015-04-16T16:18:05","date_gmt":"2015-04-16T21:18:05","guid":{"rendered":"http:\/\/www.fiscalia.gov.co\/colombia\/?p=65712"},"modified":"2015-04-16T17:48:02","modified_gmt":"2015-04-16T22:48:02","slug":"fiscalia-general-de-la-nacion-y-ministerio-de-justicia-presentaron-proyecto-de-reforma-al-codigo-de-procedimiento-penal","status":"publish","type":"post","link":"https:\/\/www.fiscalia.gov.co\/colombia\/noticias\/destacada\/fiscalia-general-de-la-nacion-y-ministerio-de-justicia-presentaron-proyecto-de-reforma-al-codigo-de-procedimiento-penal\/","title":{"rendered":"Fiscal\u00eda General de la Naci\u00f3n y Ministerio de Justicia presentaron proyecto de reforma al C\u00f3digo de Procedimiento Penal"},"content":{"rendered":"<p>La Fiscal\u00eda General de la Naci\u00f3n y el Ministerio de Justicia y del Derecho presentaron ante el Congreso de la Rep\u00fablica una ambiciosa propuesta de reforma al C\u00f3digo de Procedimiento Penal, mediante la cual se pretende resolver las distintas problem\u00e1ticas del sistema penal acusatorio, de manera que el Estado pueda combatir de manera eficiente las diversas formas de criminalidad que m\u00e1s afectan a los ciudadanos.<\/p>\n<p>Con este proyecto se busca un proceso penal m\u00e1s \u00e1gil que respete las garant\u00edas y derechos fundamentales de las v\u00edctimas y los involucrados en las investigaciones y actuaciones ante los jueces. Esta iniciativa fue concertada con varias entidades, pero se destaca la participaci\u00f3n de la Sala de Casaci\u00f3n Penal de la Corte Suprema de Justicia.<\/p>\n<p>La estad\u00edstica indica que la Fiscal\u00eda registra m\u00e1s de un mill\u00f3n ochocientas mil investigaciones activas y que en los \u00faltimos 4 a\u00f1os ha sido aplazado el 55 % de las audiencias convocadas, es decir, 350.000 diligencias. En otras palabras, existe una enorme carga para el sistema judicial colombiano que puede frustrar el derecho a acceder a la administraci\u00f3n de justicia de los ciudadanos. Las reformas propuestas buscan que estas cifras se reduzcan en poco tiempo a la mitad y que de forma progresiva, a trav\u00e9s de los a\u00f1os, la respuesta de justicia sea lo m\u00e1s r\u00e1pida posible.<\/p>\n<p>En la lucha contra la criminalidad organizada existen resultados muy positivos, como la captura de m\u00e1s de 5.000 personas, 2.392 preacuerdos, 775 casos de aceptaci\u00f3n de cargos y m\u00e1s de 2.300 sentencias condenatorias, que han llevado a la desarticulaci\u00f3n de importantes organizaciones criminales. Sin embargo, es necesario acrecentar estos resultados para garantizar mayor seguridad.<\/p>\n<p>Para lograr lo anterior, el proyecto propone las siguientes reformas concretas:<\/p>\n<p>Posibilita el sometimiento a la justicia de bandas criminales a trav\u00e9s de la creaci\u00f3n de un nuevo procedimiento que incluye la figura del fiscal negociador. Tambi\u00e9n permite que en ciertas y estrictas circunstancias pueda autorizarse la ubicaci\u00f3n en zonas determinadas de quienes se sometan a la justicia.<\/p>\n<p>Este procedimiento ser\u00e1 muy importante para lograr una consolidaci\u00f3n de la paz, sobre todo en las regiones, en el eventual posconflicto. Adem\u00e1s, unifica y simplifica los mecanismos de terminaci\u00f3n anticipada, como el principio de oportunidad y los preacuerdos, que son fundamentales para recoger informaci\u00f3n con el fin de identificar y acabar de forma estructural con las bandas criminales.<\/p>\n<p>El proyecto tambi\u00e9n racionaliza etapas del proceso penal para hacerlas m\u00e1s agiles, como por ejemplo la modificaci\u00f3n de la audiencia de imputaci\u00f3n sin alterar las garant\u00edas procesales y constitucionales o el traslado a los jueces civiles del incidente de reparaci\u00f3n para permitir que las v\u00edctimas puedan ser reparadas de una forma m\u00e1s \u00e1gil.<\/p>\n<p>El proyecto aclara y precisa lo relacionado con nuevos tipos de prueba. Se propone la incorporaci\u00f3n de la prueba de an\u00e1lisis de contexto, que ser\u00e1 esencial para el juzgamiento de cr\u00edmenes de sistema, donde se exige el an\u00e1lisis en conjunto de los aspectos esenciales de orden geogr\u00e1fico, pol\u00edtico, econ\u00f3mico y social, entre otros, en los cuales se han cometido delitos.<\/p>\n<p>Finalmente, se propone un procedimiento abreviado para contravenciones penales la creaci\u00f3n del acusador privado. Esta es sin duda una de las propuestas m\u00e1s relevantes en materia de administraci\u00f3n de justicia penal, porque pone en el centro al ciudadano para darle una respuesta r\u00e1pida y efectiva a sus demandas, ya que as\u00ed podr\u00eda, si lo desea, acudir a un acusador privado.<\/p>\n<p>La propuesta es resultado de tres a\u00f1os de an\u00e1lisis jur\u00eddico hecho por la Fiscal\u00eda General de la Naci\u00f3n, concertado con el Ministerio de Justicia y del Derecho y otras entidades. De esta forma se atienden los reparos formulados al sistema penal acusatorio luego de una d\u00e9cada de entrar en vigencia. El proyecto de reforma fue radicado ante la Secretar\u00eda General de la C\u00e1mara de Representantes por parte del Fiscal General de Naci\u00f3n, Eduardo Montealegre Lynett, y el ministro de Justicia y del Derecho, Yesid Reyes Alvarado.<\/p>\n<p><a title=\"Ver proyecto de ley\" href=\"http:\/\/www.fiscalia.gov.co\/colombia\/wp-content\/uploads\/VERSI\u00d3N-DE-REFORMA-PARA-RADICAR-15-de-abril-de-2015.pdf\" target=\"_blank\"><strong>Ver proyecto de ley<\/strong><\/a><\/p>\n<p>______________________________________________<\/p>\n<h4><strong>Declaraciones Eduardo Montealegre Lynett, Fiscal General de la Naci\u00f3n<\/strong><\/h4>\n[audio:http:\/\/www.fiscalia.gov.co\/colombia\/wp-content\/uploads\/Radicacion_Proyecto_Ley.mp3|titles=Declaraciones]\n<p><a title=\"Descargar audio\" href=\"http:\/\/www.fiscalia.gov.co\/colombia\/wp-content\/uploads\/Radicacion_Proyecto_Ley.mp3\" target=\"_blank\">Descargar<\/a><\/p>\n<p>Tema:\u00a0Radicaci\u00f3n\u00a0proyecto de reforma al C\u00f3digo de Procedimiento Penal<strong><br \/>\n<\/strong>Lugar: Bogot\u00e1, D.C.<br \/>\nFecha: 16 de abril de 2015<\/p>\n<p>&nbsp;<\/p>\n<p>AAMZ \/ AAEA<\/p>\n<p>&nbsp;<\/p>\n\n<div class=\"twitter-share\"><a href=\"https:\/\/twitter.com\/intent\/tweet?via=fiscaliacol\" class=\"twitter-share-button\">Tweet<\/a><\/div>\n","protected":false},"excerpt":{"rendered":"<p>Con este proyecto se busca un proceso penal m\u00e1s \u00e1gil que respete las garant\u00edas y derechos fundamentales de las v\u00edctimas y los involucrados en las investigaciones ante los jueces.<\/p>\n","protected":false},"author":143,"featured_media":0,"comment_status":"closed","ping_status":"open","sticky":false,"template":"","format":"standard","meta":{"_price":"","_stock":"","_tribe_ticket_header":"","_tribe_default_ticket_provider":"","_tribe_ticket_capacity":"0","_ticket_start_date":"","_ticket_end_date":"","_tribe_ticket_show_description":"","_tribe_ticket_show_not_going":false,"_tribe_ticket_use_global_stock":"","_tribe_ticket_global_stock_level":"","_global_stock_mode":"","_global_stock_cap":"","_tribe_rsvp_for_event":"","_tribe_ticket_going_count":"","_tribe_ticket_not_going_count":"","_tribe_tickets_list":"[]","_tribe_ticket_has_attendee_info_fields":false,"tdm_status":"","tdm_grid_status":"","footnotes":""},"categories":[3],"tags":[12246,6059],"class_list":{"0":"post-65712","1":"post","2":"type-post","3":"status-publish","4":"format-standard","6":"category-destacada","7":"tag-codigo-de-procedimiento-penal","8":"tag-reforma"},"yoast_head":"<!-- This site is optimized with the Yoast SEO plugin v24.3 - https:\/\/yoast.com\/wordpress\/plugins\/seo\/ -->\n<title>Fiscal\u00eda General de la Naci\u00f3n<\/title>\n<meta name=\"description\" content=\"P\u00e1gina oficial de la Fiscal\u00eda General de la Naci\u00f3n \u2013 Colombia. Garantizamos el acceso efectivo a la justicia, la verdad y la reparaci\u00f3n de las v\u00edctimas de los delitos.\" \/>\n<meta name=\"robots\" content=\"noindex, follow\" \/>\n<meta property=\"og:locale\" content=\"es_ES\" \/>\n<meta property=\"og:type\" content=\"article\" \/>\n<meta property=\"og:title\" content=\"Fiscal\u00eda General de la Naci\u00f3n\" \/>\n<meta property=\"og:description\" content=\"P\u00e1gina oficial de la Fiscal\u00eda General de la Naci\u00f3n \u2013 Colombia. Garantizamos el acceso efectivo a la justicia, la verdad y la reparaci\u00f3n de las v\u00edctimas de los delitos.\" \/>\n<meta property=\"og:url\" content=\"https:\/\/www.fiscalia.gov.co\/colombia\/noticias\/destacada\/fiscalia-general-de-la-nacion-y-ministerio-de-justicia-presentaron-proyecto-de-reforma-al-codigo-de-procedimiento-penal\/\" \/>\n<meta property=\"og:site_name\" content=\"Fiscal\u00eda General de la Naci\u00f3n\" \/>\n<meta property=\"article:publisher\" content=\"https:\/\/www.facebook.com\/FiscaliaCol\" \/>\n<meta property=\"article:published_time\" content=\"2015-04-16T21:18:05+00:00\" \/>\n<meta property=\"article:modified_time\" content=\"2015-04-16T22:48:02+00:00\" \/>\n<meta name=\"author\" content=\"dfgordillo\" \/>\n<meta name=\"twitter:card\" content=\"summary_large_image\" \/>\n<meta name=\"twitter:creator\" content=\"@FiscaliaCol\" \/>\n<meta name=\"twitter:site\" content=\"@FiscaliaCol\" \/>\n<meta name=\"twitter:label1\" content=\"Escrito por\" \/>\n\t<meta name=\"twitter:data1\" content=\"dfgordillo\" \/>\n\t<meta name=\"twitter:label2\" content=\"Tiempo de lectura\" \/>\n\t<meta name=\"twitter:data2\" content=\"4 minutos\" \/>\n<script type=\"application\/ld+json\" class=\"yoast-schema-graph\">{\"@context\":\"https:\/\/schema.org\",\"@graph\":[{\"@type\":\"Article\",\"@id\":\"https:\/\/www.fiscalia.gov.co\/colombia\/noticias\/destacada\/fiscalia-general-de-la-nacion-y-ministerio-de-justicia-presentaron-proyecto-de-reforma-al-codigo-de-procedimiento-penal\/#article\",\"isPartOf\":{\"@id\":\"https:\/\/www.fiscalia.gov.co\/colombia\/noticias\/destacada\/fiscalia-general-de-la-nacion-y-ministerio-de-justicia-presentaron-proyecto-de-reforma-al-codigo-de-procedimiento-penal\/\"},\"author\":{\"name\":\"dfgordillo\",\"@id\":\"https:\/\/www.fiscalia.gov.co\/colombia\/#\/schema\/person\/3903856a3ce2d54b094c69eb29247895\"},\"headline\":\"Fiscal\u00eda General de la Naci\u00f3n y Ministerio de Justicia presentaron proyecto de reforma al C\u00f3digo de Procedimiento Penal\",\"datePublished\":\"2015-04-16T21:18:05+00:00\",\"dateModified\":\"2015-04-16T22:48:02+00:00\",\"mainEntityOfPage\":{\"@id\":\"https:\/\/www.fiscalia.gov.co\/colombia\/noticias\/destacada\/fiscalia-general-de-la-nacion-y-ministerio-de-justicia-presentaron-proyecto-de-reforma-al-codigo-de-procedimiento-penal\/\"},\"wordCount\":775,\"publisher\":{\"@id\":\"https:\/\/www.fiscalia.gov.co\/colombia\/#organization\"},\"keywords\":[\"C\u00f3digo de Procedimiento Penal\",\"Reforma\"],\"articleSection\":[\"Destacada\"],\"inLanguage\":\"es-CO\"},{\"@type\":\"WebPage\",\"@id\":\"https:\/\/www.fiscalia.gov.co\/colombia\/noticias\/destacada\/fiscalia-general-de-la-nacion-y-ministerio-de-justicia-presentaron-proyecto-de-reforma-al-codigo-de-procedimiento-penal\/\",\"url\":\"https:\/\/www.fiscalia.gov.co\/colombia\/noticias\/destacada\/fiscalia-general-de-la-nacion-y-ministerio-de-justicia-presentaron-proyecto-de-reforma-al-codigo-de-procedimiento-penal\/\",\"name\":\"Fiscal\u00eda General de la Naci\u00f3n\",\"isPartOf\":{\"@id\":\"https:\/\/www.fiscalia.gov.co\/colombia\/#website\"},\"datePublished\":\"2015-04-16T21:18:05+00:00\",\"dateModified\":\"2015-04-16T22:48:02+00:00\",\"description\":\"P\u00e1gina oficial de la Fiscal\u00eda General de la Naci\u00f3n \u2013 Colombia. Garantizamos el acceso efectivo a la justicia, la verdad y la reparaci\u00f3n de las v\u00edctimas de los delitos.\",\"breadcrumb\":{\"@id\":\"https:\/\/www.fiscalia.gov.co\/colombia\/noticias\/destacada\/fiscalia-general-de-la-nacion-y-ministerio-de-justicia-presentaron-proyecto-de-reforma-al-codigo-de-procedimiento-penal\/#breadcrumb\"},\"inLanguage\":\"es-CO\",\"potentialAction\":[{\"@type\":\"ReadAction\",\"target\":[\"https:\/\/www.fiscalia.gov.co\/colombia\/noticias\/destacada\/fiscalia-general-de-la-nacion-y-ministerio-de-justicia-presentaron-proyecto-de-reforma-al-codigo-de-procedimiento-penal\/\"]}]},{\"@type\":\"BreadcrumbList\",\"@id\":\"https:\/\/www.fiscalia.gov.co\/colombia\/noticias\/destacada\/fiscalia-general-de-la-nacion-y-ministerio-de-justicia-presentaron-proyecto-de-reforma-al-codigo-de-procedimiento-penal\/#breadcrumb\",\"itemListElement\":[{\"@type\":\"ListItem\",\"position\":1,\"name\":\"Home\",\"item\":\"https:\/\/www.fiscalia.gov.co\/colombia\/\"},{\"@type\":\"ListItem\",\"position\":2,\"name\":\"Fiscal\u00eda General de la Naci\u00f3n y Ministerio de Justicia presentaron proyecto de reforma al C\u00f3digo de Procedimiento Penal\"}]},{\"@type\":\"WebSite\",\"@id\":\"https:\/\/www.fiscalia.gov.co\/colombia\/#website\",\"url\":\"https:\/\/www.fiscalia.gov.co\/colombia\/\",\"name\":\"Fiscal\u00eda General de la Naci\u00f3n\",\"description\":\"P\u00e1gina oficial de la Fiscal\u00eda General de la Naci\u00f3n \u2013 Colombia. Garantizamos el acceso efectivo a la justicia, la verdad y la reparaci\u00f3n de las v\u00edctimas de los delitos.\",\"publisher\":{\"@id\":\"https:\/\/www.fiscalia.gov.co\/colombia\/#organization\"},\"potentialAction\":[{\"@type\":\"SearchAction\",\"target\":{\"@type\":\"EntryPoint\",\"urlTemplate\":\"https:\/\/www.fiscalia.gov.co\/colombia\/?s={search_term_string}\"},\"query-input\":{\"@type\":\"PropertyValueSpecification\",\"valueRequired\":true,\"valueName\":\"search_term_string\"}}],\"inLanguage\":\"es-CO\"},{\"@type\":\"Organization\",\"@id\":\"https:\/\/www.fiscalia.gov.co\/colombia\/#organization\",\"name\":\"Fiscal\u00eda General de la Naci\u00f3n\",\"url\":\"https:\/\/www.fiscalia.gov.co\/colombia\/\",\"logo\":{\"@type\":\"ImageObject\",\"inLanguage\":\"es-CO\",\"@id\":\"https:\/\/www.fiscalia.gov.co\/colombia\/#\/schema\/logo\/image\/\",\"url\":\"https:\/\/www.fiscalia.gov.co\/colombia\/wp-content\/uploads\/LogoHorizontal_1.jpg\",\"contentUrl\":\"https:\/\/www.fiscalia.gov.co\/colombia\/wp-content\/uploads\/LogoHorizontal_1.jpg\",\"width\":300,\"height\":90,\"caption\":\"Fiscal\u00eda General de la Naci\u00f3n\"},\"image\":{\"@id\":\"https:\/\/www.fiscalia.gov.co\/colombia\/#\/schema\/logo\/image\/\"},\"sameAs\":[\"https:\/\/www.facebook.com\/FiscaliaCol\",\"https:\/\/x.com\/FiscaliaCol\",\"https:\/\/www.instagram.com\/fiscaliacol\",\"https:\/\/www.linkedin.com\/company\/fiscalia-general-de-la-naci-n\/\",\"https:\/\/youtube.com\/@fiscaliageneraldelanacion-4668?si=6nN79nyQICPU5iTh\"]},{\"@type\":\"Person\",\"@id\":\"https:\/\/www.fiscalia.gov.co\/colombia\/#\/schema\/person\/3903856a3ce2d54b094c69eb29247895\",\"name\":\"dfgordillo\",\"image\":{\"@type\":\"ImageObject\",\"inLanguage\":\"es-CO\",\"@id\":\"https:\/\/www.fiscalia.gov.co\/colombia\/#\/schema\/person\/image\/\",\"url\":\"https:\/\/secure.gravatar.com\/avatar\/b6356e21c5657c60757fe6fb9493e947?s=96&d=mm&r=g\",\"contentUrl\":\"https:\/\/secure.gravatar.com\/avatar\/b6356e21c5657c60757fe6fb9493e947?s=96&d=mm&r=g\",\"caption\":\"dfgordillo\"},\"sameAs\":[\"dfgordillo\"],\"url\":\"https:\/\/www.fiscalia.gov.co\/colombia\/author\/dfgordillo\/\"}]}<\/script>\n<!-- \/ Yoast SEO plugin. -->","yoast_head_json":{"title":"Fiscal\u00eda General de la Naci\u00f3n","description":"P\u00e1gina oficial de la Fiscal\u00eda General de la Naci\u00f3n \u2013 Colombia. Garantizamos el acceso efectivo a la justicia, la verdad y la reparaci\u00f3n de las v\u00edctimas de los delitos.","robots":{"index":"noindex","follow":"follow"},"og_locale":"es_ES","og_type":"article","og_title":"Fiscal\u00eda General de la Naci\u00f3n","og_description":"P\u00e1gina oficial de la Fiscal\u00eda General de la Naci\u00f3n \u2013 Colombia. Garantizamos el acceso efectivo a la justicia, la verdad y la reparaci\u00f3n de las v\u00edctimas de los delitos.","og_url":"https:\/\/www.fiscalia.gov.co\/colombia\/noticias\/destacada\/fiscalia-general-de-la-nacion-y-ministerio-de-justicia-presentaron-proyecto-de-reforma-al-codigo-de-procedimiento-penal\/","og_site_name":"Fiscal\u00eda General de la Naci\u00f3n","article_publisher":"https:\/\/www.facebook.com\/FiscaliaCol","article_published_time":"2015-04-16T21:18:05+00:00","article_modified_time":"2015-04-16T22:48:02+00:00","author":"dfgordillo","twitter_card":"summary_large_image","twitter_creator":"@FiscaliaCol","twitter_site":"@FiscaliaCol","twitter_misc":{"Escrito por":"dfgordillo","Tiempo de lectura":"4 minutos"},"schema":{"@context":"https:\/\/schema.org","@graph":[{"@type":"Article","@id":"https:\/\/www.fiscalia.gov.co\/colombia\/noticias\/destacada\/fiscalia-general-de-la-nacion-y-ministerio-de-justicia-presentaron-proyecto-de-reforma-al-codigo-de-procedimiento-penal\/#article","isPartOf":{"@id":"https:\/\/www.fiscalia.gov.co\/colombia\/noticias\/destacada\/fiscalia-general-de-la-nacion-y-ministerio-de-justicia-presentaron-proyecto-de-reforma-al-codigo-de-procedimiento-penal\/"},"author":{"name":"dfgordillo","@id":"https:\/\/www.fiscalia.gov.co\/colombia\/#\/schema\/person\/3903856a3ce2d54b094c69eb29247895"},"headline":"Fiscal\u00eda General de la Naci\u00f3n y Ministerio de Justicia presentaron proyecto de reforma al C\u00f3digo de Procedimiento Penal","datePublished":"2015-04-16T21:18:05+00:00","dateModified":"2015-04-16T22:48:02+00:00","mainEntityOfPage":{"@id":"https:\/\/www.fiscalia.gov.co\/colombia\/noticias\/destacada\/fiscalia-general-de-la-nacion-y-ministerio-de-justicia-presentaron-proyecto-de-reforma-al-codigo-de-procedimiento-penal\/"},"wordCount":775,"publisher":{"@id":"https:\/\/www.fiscalia.gov.co\/colombia\/#organization"},"keywords":["C\u00f3digo de Procedimiento Penal","Reforma"],"articleSection":["Destacada"],"inLanguage":"es-CO"},{"@type":"WebPage","@id":"https:\/\/www.fiscalia.gov.co\/colombia\/noticias\/destacada\/fiscalia-general-de-la-nacion-y-ministerio-de-justicia-presentaron-proyecto-de-reforma-al-codigo-de-procedimiento-penal\/","url":"https:\/\/www.fiscalia.gov.co\/colombia\/noticias\/destacada\/fiscalia-general-de-la-nacion-y-ministerio-de-justicia-presentaron-proyecto-de-reforma-al-codigo-de-procedimiento-penal\/","name":"Fiscal\u00eda General de la Naci\u00f3n","isPartOf":{"@id":"https:\/\/www.fiscalia.gov.co\/colombia\/#website"},"datePublished":"2015-04-16T21:18:05+00:00","dateModified":"2015-04-16T22:48:02+00:00","description":"P\u00e1gina oficial de la Fiscal\u00eda General de la Naci\u00f3n \u2013 Colombia. Garantizamos el acceso efectivo a la justicia, la verdad y la reparaci\u00f3n de las v\u00edctimas de los delitos.","breadcrumb":{"@id":"https:\/\/www.fiscalia.gov.co\/colombia\/noticias\/destacada\/fiscalia-general-de-la-nacion-y-ministerio-de-justicia-presentaron-proyecto-de-reforma-al-codigo-de-procedimiento-penal\/#breadcrumb"},"inLanguage":"es-CO","potentialAction":[{"@type":"ReadAction","target":["https:\/\/www.fiscalia.gov.co\/colombia\/noticias\/destacada\/fiscalia-general-de-la-nacion-y-ministerio-de-justicia-presentaron-proyecto-de-reforma-al-codigo-de-procedimiento-penal\/"]}]},{"@type":"BreadcrumbList","@id":"https:\/\/www.fiscalia.gov.co\/colombia\/noticias\/destacada\/fiscalia-general-de-la-nacion-y-ministerio-de-justicia-presentaron-proyecto-de-reforma-al-codigo-de-procedimiento-penal\/#breadcrumb","itemListElement":[{"@type":"ListItem","position":1,"name":"Home","item":"https:\/\/www.fiscalia.gov.co\/colombia\/"},{"@type":"ListItem","position":2,"name":"Fiscal\u00eda General de la Naci\u00f3n y Ministerio de Justicia presentaron proyecto de reforma al C\u00f3digo de Procedimiento Penal"}]},{"@type":"WebSite","@id":"https:\/\/www.fiscalia.gov.co\/colombia\/#website","url":"https:\/\/www.fiscalia.gov.co\/colombia\/","name":"Fiscal\u00eda General de la Naci\u00f3n","description":"P\u00e1gina oficial de la Fiscal\u00eda General de la Naci\u00f3n \u2013 Colombia. Garantizamos el acceso efectivo a la justicia, la verdad y la reparaci\u00f3n de las v\u00edctimas de los delitos.","publisher":{"@id":"https:\/\/www.fiscalia.gov.co\/colombia\/#organization"},"potentialAction":[{"@type":"SearchAction","target":{"@type":"EntryPoint","urlTemplate":"https:\/\/www.fiscalia.gov.co\/colombia\/?s={search_term_string}"},"query-input":{"@type":"PropertyValueSpecification","valueRequired":true,"valueName":"search_term_string"}}],"inLanguage":"es-CO"},{"@type":"Organization","@id":"https:\/\/www.fiscalia.gov.co\/colombia\/#organization","name":"Fiscal\u00eda General de la Naci\u00f3n","url":"https:\/\/www.fiscalia.gov.co\/colombia\/","logo":{"@type":"ImageObject","inLanguage":"es-CO","@id":"https:\/\/www.fiscalia.gov.co\/colombia\/#\/schema\/logo\/image\/","url":"https:\/\/www.fiscalia.gov.co\/colombia\/wp-content\/uploads\/LogoHorizontal_1.jpg","contentUrl":"https:\/\/www.fiscalia.gov.co\/colombia\/wp-content\/uploads\/LogoHorizontal_1.jpg","width":300,"height":90,"caption":"Fiscal\u00eda General de la Naci\u00f3n"},"image":{"@id":"https:\/\/www.fiscalia.gov.co\/colombia\/#\/schema\/logo\/image\/"},"sameAs":["https:\/\/www.facebook.com\/FiscaliaCol","https:\/\/x.com\/FiscaliaCol","https:\/\/www.instagram.com\/fiscaliacol","https:\/\/www.linkedin.com\/company\/fiscalia-general-de-la-naci-n\/","https:\/\/youtube.com\/@fiscaliageneraldelanacion-4668?si=6nN79nyQICPU5iTh"]},{"@type":"Person","@id":"https:\/\/www.fiscalia.gov.co\/colombia\/#\/schema\/person\/3903856a3ce2d54b094c69eb29247895","name":"dfgordillo","image":{"@type":"ImageObject","inLanguage":"es-CO","@id":"https:\/\/www.fiscalia.gov.co\/colombia\/#\/schema\/person\/image\/","url":"https:\/\/secure.gravatar.com\/avatar\/b6356e21c5657c60757fe6fb9493e947?s=96&d=mm&r=g","contentUrl":"https:\/\/secure.gravatar.com\/avatar\/b6356e21c5657c60757fe6fb9493e947?s=96&d=mm&r=g","caption":"dfgordillo"},"sameAs":["dfgordillo"],"url":"https:\/\/www.fiscalia.gov.co\/colombia\/author\/dfgordillo\/"}]}},"_links":{"self":[{"href":"https:\/\/www.fiscalia.gov.co\/colombia\/wp-json\/wp\/v2\/posts\/65712","targetHints":{"allow":["GET"]}}],"collection":[{"href":"https:\/\/www.fiscalia.gov.co\/colombia\/wp-json\/wp\/v2\/posts"}],"about":[{"href":"https:\/\/www.fiscalia.gov.co\/colombia\/wp-json\/wp\/v2\/types\/post"}],"author":[{"embeddable":true,"href":"https:\/\/www.fiscalia.gov.co\/colombia\/wp-json\/wp\/v2\/users\/143"}],"replies":[{"embeddable":true,"href":"https:\/\/www.fiscalia.gov.co\/colombia\/wp-json\/wp\/v2\/comments?post=65712"}],"version-history":[{"count":9,"href":"https:\/\/www.fiscalia.gov.co\/colombia\/wp-json\/wp\/v2\/posts\/65712\/revisions"}],"predecessor-version":[{"id":65739,"href":"https:\/\/www.fiscalia.gov.co\/colombia\/wp-json\/wp\/v2\/posts\/65712\/revisions\/65739"}],"wp:attachment":[{"href":"https:\/\/www.fiscalia.gov.co\/colombia\/wp-json\/wp\/v2\/media?parent=65712"}],"wp:term":[{"taxonomy":"category","embeddable":true,"href":"https:\/\/www.fiscalia.gov.co\/colombia\/wp-json\/wp\/v2\/categories?post=65712"},{"taxonomy":"post_tag","embeddable":true,"href":"https:\/\/www.fiscalia.gov.co\/colombia\/wp-json\/wp\/v2\/tags?post=65712"}],"curies":[{"name":"wp","href":"https:\/\/api.w.org\/{rel}","templated":true}]}}