{"id":65692,"date":"2015-04-15T17:39:32","date_gmt":"2015-04-15T22:39:32","guid":{"rendered":"http:\/\/www.fiscalia.gov.co\/colombia\/?p=65692"},"modified":"2015-04-15T17:39:32","modified_gmt":"2015-04-15T22:39:32","slug":"por-considerar-que-no-es-peligroso-para-la-sociedad-juez-libero-a-extesorero-de-fondo-rotatorio-municipal-de-sucre-capturado-por-desfalco-a-la-dian","status":"publish","type":"post","link":"https:\/\/www.fiscalia.gov.co\/colombia\/noticias\/por-considerar-que-no-es-peligroso-para-la-sociedad-juez-libero-a-extesorero-de-fondo-rotatorio-municipal-de-sucre-capturado-por-desfalco-a-la-dian\/","title":{"rendered":"Por considerar que no es peligroso para la sociedad, juez liber\u00f3 a extesorero de Fondo Rotatorio Municipal de Sucre capturado por desfalco a la Dian"},"content":{"rendered":"<p>La Fiscal\u00eda General de la Naci\u00f3n captur\u00f3 al extesorero del Fondo Rotatorio Municipal de Valorizaci\u00f3n (Fomvas) de Sincelejo, Juan Carlos Valest Tamara, luego de que se presentara ante el Cuerpo T\u00e9cnico de Investigaci\u00f3n (CTI) para ponerse a disposici\u00f3n de la justicia, que lo investiga por la presunta comisi\u00f3n del delito de peculado por apropiaci\u00f3n en concurso sucesivo y simult\u00e1neo y falsedad en documento p\u00fablico.<\/p>\n<p>Sin embargo, el Juzgado Tercero Penal Municipal de Sincelejo, con funci\u00f3n de control de garant\u00edas, considera que no se trata de un peligro para la sociedad y no le impuso medida de aseguramiento, a pesar de que la investigaci\u00f3n indica que habr\u00eda participado de una empresa criminal que se apropi\u00f3 de 235 millones de pesos de dineros recaudados del IVA.<\/p>\n<p>El exfuncionario estaba siendo solicitado por una Fiscal\u00eda Seccional de la Unidad de Administraci\u00f3n P\u00fablica mediante orden emanada por el Juzgado Segundo Penal Municipal ambulante de la ciudad. El dinero fue producto de il\u00edcitos en la contrataci\u00f3n entre el 2008 y el 2010.<\/p>\n<p>El modus operandi era la alteraci\u00f3n de los cheques dirigidos a la entidad por concepto de impuestos y deducciones realizado a los proveedores del Fomvas. A los documentos se les agregaba la letra A para formar la palabra DIANA y posterior mente terceros cobraban los cheques.<span style=\"font-size: 2em;\">\u00a0<\/span><\/p>\n<p>Por estos hechos ya fue impuesta medida en establecimiento carcelario a \u00d3scar Henao L\u00f3pez en junio de 2014, quien era el mensajero del Fondo Rotatorio para la \u00e9poca de los hechos.<\/p>\n<p>De igual manera, el d\u00eda 17 de febrero de este a\u00f1o, se impuso misma medida similar al concejal Ramiro Enrique Gonz\u00e1lez Zabala, quien era presuntamente el l\u00edder de la estructura criminal.<\/p>\n<p>El procesado no acept\u00f3 los cargos imputados y el juez dijo que la medida de aseguramiento carcelaria solicitada por la Fiscal\u00eda era improcedente ya que el imputado se hab\u00eda entregado de manera voluntaria y no obstruir\u00eda la justicia porque ya no trabaja en el Fondo Rotatorio.<\/p>\n<p>Sin embargo, el ente acusador apel\u00f3 tal decisi\u00f3n al argumentar que s\u00ed es un peligro para la sociedad al haber cobrado 10 cheques (por valor de $13 millones) y falsificado la firma del gerente de Fomvas en 21 cheques que fueron cobrados por funcionarios de la misma entidad.<\/p>\n<p>&nbsp;<\/p>\n<p>PAAM \/ AAEA<\/p>\n\n<div class=\"twitter-share\"><a href=\"https:\/\/twitter.com\/intent\/tweet?via=fiscaliacol\" class=\"twitter-share-button\">Tweet<\/a><\/div>\n","protected":false},"excerpt":{"rendered":"<p>La Fiscal\u00eda General de la Naci\u00f3n captur\u00f3 al extesorero del Fondo Rotatorio Municipal de Valorizaci\u00f3n (Fomvas) de Sincelejo, Juan Carlos Valest Tamara, luego de que se presentara ante el Cuerpo T\u00e9cnico de Investigaci\u00f3n (CTI) para ponerse a disposici\u00f3n de la justicia, que lo investiga por la presunta comisi\u00f3n del delito de peculado por apropiaci\u00f3n en [&hellip;]<\/p>\n","protected":false},"author":143,"featured_media":0,"comment_status":"closed","ping_status":"open","sticky":false,"template":"","format":"standard","meta":{"_price":"","_stock":"","_tribe_ticket_header":"","_tribe_default_ticket_provider":"","_tribe_ticket_capacity":"0","_ticket_start_date":"","_ticket_end_date":"","_tribe_ticket_show_description":"","_tribe_ticket_show_not_going":false,"_tribe_ticket_use_global_stock":"","_tribe_ticket_global_stock_level":"","_global_stock_mode":"","_global_stock_cap":"","_tribe_rsvp_for_event":"","_tribe_ticket_going_count":"","_tribe_ticket_not_going_count":"","_tribe_tickets_list":"[]","_tribe_ticket_has_attendee_info_fields":false,"tdm_status":"","tdm_grid_status":"","footnotes":""},"categories":[1],"tags":[2179,12242,1229],"class_list":{"0":"post-65692","1":"post","2":"type-post","3":"status-publish","4":"format-standard","6":"category-noticias","7":"tag-falsedad-en-documento-publico","8":"tag-fondo-rotatorio-municipal-de-sucre","9":"tag-peculado-por-apropiacion"},"yoast_head":"<!-- This site is optimized with the Yoast SEO plugin v24.3 - https:\/\/yoast.com\/wordpress\/plugins\/seo\/ -->\n<title>Fiscal\u00eda General de la Naci\u00f3n<\/title>\n<meta name=\"description\" content=\"P\u00e1gina oficial de la Fiscal\u00eda General de la Naci\u00f3n \u2013 Colombia. Garantizamos el acceso efectivo a la justicia, la verdad y la reparaci\u00f3n de las v\u00edctimas de los delitos.\" \/>\n<meta name=\"robots\" content=\"noindex, follow\" \/>\n<meta property=\"og:locale\" content=\"es_ES\" \/>\n<meta property=\"og:type\" content=\"article\" \/>\n<meta property=\"og:title\" content=\"Fiscal\u00eda General de la Naci\u00f3n\" \/>\n<meta property=\"og:description\" content=\"P\u00e1gina oficial de la Fiscal\u00eda General de la Naci\u00f3n \u2013 Colombia. Garantizamos el acceso efectivo a la justicia, la verdad y la reparaci\u00f3n de las v\u00edctimas de los delitos.\" \/>\n<meta property=\"og:url\" content=\"https:\/\/www.fiscalia.gov.co\/colombia\/noticias\/por-considerar-que-no-es-peligroso-para-la-sociedad-juez-libero-a-extesorero-de-fondo-rotatorio-municipal-de-sucre-capturado-por-desfalco-a-la-dian\/\" \/>\n<meta property=\"og:site_name\" content=\"Fiscal\u00eda General de la Naci\u00f3n\" \/>\n<meta property=\"article:publisher\" content=\"https:\/\/www.facebook.com\/FiscaliaCol\" \/>\n<meta property=\"article:published_time\" content=\"2015-04-15T22:39:32+00:00\" \/>\n<meta name=\"author\" content=\"dfgordillo\" \/>\n<meta name=\"twitter:card\" content=\"summary_large_image\" \/>\n<meta name=\"twitter:creator\" content=\"@FiscaliaCol\" \/>\n<meta name=\"twitter:site\" content=\"@FiscaliaCol\" \/>\n<meta name=\"twitter:label1\" content=\"Escrito por\" \/>\n\t<meta name=\"twitter:data1\" content=\"dfgordillo\" \/>\n\t<meta name=\"twitter:label2\" content=\"Tiempo de lectura\" \/>\n\t<meta name=\"twitter:data2\" content=\"2 minutos\" \/>\n<script type=\"application\/ld+json\" class=\"yoast-schema-graph\">{\"@context\":\"https:\/\/schema.org\",\"@graph\":[{\"@type\":\"Article\",\"@id\":\"https:\/\/www.fiscalia.gov.co\/colombia\/noticias\/por-considerar-que-no-es-peligroso-para-la-sociedad-juez-libero-a-extesorero-de-fondo-rotatorio-municipal-de-sucre-capturado-por-desfalco-a-la-dian\/#article\",\"isPartOf\":{\"@id\":\"https:\/\/www.fiscalia.gov.co\/colombia\/noticias\/por-considerar-que-no-es-peligroso-para-la-sociedad-juez-libero-a-extesorero-de-fondo-rotatorio-municipal-de-sucre-capturado-por-desfalco-a-la-dian\/\"},\"author\":{\"name\":\"dfgordillo\",\"@id\":\"https:\/\/www.fiscalia.gov.co\/colombia\/#\/schema\/person\/3903856a3ce2d54b094c69eb29247895\"},\"headline\":\"Por considerar que no es peligroso para la sociedad, juez liber\u00f3 a extesorero de Fondo Rotatorio Municipal de Sucre capturado por desfalco a la Dian\",\"datePublished\":\"2015-04-15T22:39:32+00:00\",\"dateModified\":\"2015-04-15T22:39:32+00:00\",\"mainEntityOfPage\":{\"@id\":\"https:\/\/www.fiscalia.gov.co\/colombia\/noticias\/por-considerar-que-no-es-peligroso-para-la-sociedad-juez-libero-a-extesorero-de-fondo-rotatorio-municipal-de-sucre-capturado-por-desfalco-a-la-dian\/\"},\"wordCount\":418,\"publisher\":{\"@id\":\"https:\/\/www.fiscalia.gov.co\/colombia\/#organization\"},\"keywords\":[\"Falsedad en documento p\u00fablico\",\"Fondo Rotatorio Municipal de Sucre\",\"Peculado por apropiaci\u00f3n\"],\"articleSection\":[\"Noticias\"],\"inLanguage\":\"es-CO\"},{\"@type\":\"WebPage\",\"@id\":\"https:\/\/www.fiscalia.gov.co\/colombia\/noticias\/por-considerar-que-no-es-peligroso-para-la-sociedad-juez-libero-a-extesorero-de-fondo-rotatorio-municipal-de-sucre-capturado-por-desfalco-a-la-dian\/\",\"url\":\"https:\/\/www.fiscalia.gov.co\/colombia\/noticias\/por-considerar-que-no-es-peligroso-para-la-sociedad-juez-libero-a-extesorero-de-fondo-rotatorio-municipal-de-sucre-capturado-por-desfalco-a-la-dian\/\",\"name\":\"Fiscal\u00eda General de la Naci\u00f3n\",\"isPartOf\":{\"@id\":\"https:\/\/www.fiscalia.gov.co\/colombia\/#website\"},\"datePublished\":\"2015-04-15T22:39:32+00:00\",\"dateModified\":\"2015-04-15T22:39:32+00:00\",\"description\":\"P\u00e1gina oficial de la Fiscal\u00eda General de la Naci\u00f3n \u2013 Colombia. Garantizamos el acceso efectivo a la justicia, la verdad y la reparaci\u00f3n de las v\u00edctimas de los delitos.\",\"breadcrumb\":{\"@id\":\"https:\/\/www.fiscalia.gov.co\/colombia\/noticias\/por-considerar-que-no-es-peligroso-para-la-sociedad-juez-libero-a-extesorero-de-fondo-rotatorio-municipal-de-sucre-capturado-por-desfalco-a-la-dian\/#breadcrumb\"},\"inLanguage\":\"es-CO\",\"potentialAction\":[{\"@type\":\"ReadAction\",\"target\":[\"https:\/\/www.fiscalia.gov.co\/colombia\/noticias\/por-considerar-que-no-es-peligroso-para-la-sociedad-juez-libero-a-extesorero-de-fondo-rotatorio-municipal-de-sucre-capturado-por-desfalco-a-la-dian\/\"]}]},{\"@type\":\"BreadcrumbList\",\"@id\":\"https:\/\/www.fiscalia.gov.co\/colombia\/noticias\/por-considerar-que-no-es-peligroso-para-la-sociedad-juez-libero-a-extesorero-de-fondo-rotatorio-municipal-de-sucre-capturado-por-desfalco-a-la-dian\/#breadcrumb\",\"itemListElement\":[{\"@type\":\"ListItem\",\"position\":1,\"name\":\"Home\",\"item\":\"https:\/\/www.fiscalia.gov.co\/colombia\/\"},{\"@type\":\"ListItem\",\"position\":2,\"name\":\"Por considerar que no es peligroso para la sociedad, juez liber\u00f3 a extesorero de Fondo Rotatorio Municipal de Sucre capturado por desfalco a la Dian\"}]},{\"@type\":\"WebSite\",\"@id\":\"https:\/\/www.fiscalia.gov.co\/colombia\/#website\",\"url\":\"https:\/\/www.fiscalia.gov.co\/colombia\/\",\"name\":\"Fiscal\u00eda General de la Naci\u00f3n\",\"description\":\"P\u00e1gina oficial de la Fiscal\u00eda General de la Naci\u00f3n \u2013 Colombia. Garantizamos el acceso efectivo a la justicia, la verdad y la reparaci\u00f3n de las v\u00edctimas de los delitos.\",\"publisher\":{\"@id\":\"https:\/\/www.fiscalia.gov.co\/colombia\/#organization\"},\"potentialAction\":[{\"@type\":\"SearchAction\",\"target\":{\"@type\":\"EntryPoint\",\"urlTemplate\":\"https:\/\/www.fiscalia.gov.co\/colombia\/?s={search_term_string}\"},\"query-input\":{\"@type\":\"PropertyValueSpecification\",\"valueRequired\":true,\"valueName\":\"search_term_string\"}}],\"inLanguage\":\"es-CO\"},{\"@type\":\"Organization\",\"@id\":\"https:\/\/www.fiscalia.gov.co\/colombia\/#organization\",\"name\":\"Fiscal\u00eda General de la Naci\u00f3n\",\"url\":\"https:\/\/www.fiscalia.gov.co\/colombia\/\",\"logo\":{\"@type\":\"ImageObject\",\"inLanguage\":\"es-CO\",\"@id\":\"https:\/\/www.fiscalia.gov.co\/colombia\/#\/schema\/logo\/image\/\",\"url\":\"https:\/\/www.fiscalia.gov.co\/colombia\/wp-content\/uploads\/LogoHorizontal_1.jpg\",\"contentUrl\":\"https:\/\/www.fiscalia.gov.co\/colombia\/wp-content\/uploads\/LogoHorizontal_1.jpg\",\"width\":300,\"height\":90,\"caption\":\"Fiscal\u00eda General de la Naci\u00f3n\"},\"image\":{\"@id\":\"https:\/\/www.fiscalia.gov.co\/colombia\/#\/schema\/logo\/image\/\"},\"sameAs\":[\"https:\/\/www.facebook.com\/FiscaliaCol\",\"https:\/\/x.com\/FiscaliaCol\",\"https:\/\/www.instagram.com\/fiscaliacol\",\"https:\/\/www.linkedin.com\/company\/fiscalia-general-de-la-naci-n\/\",\"https:\/\/youtube.com\/@fiscaliageneraldelanacion-4668?si=6nN79nyQICPU5iTh\"]},{\"@type\":\"Person\",\"@id\":\"https:\/\/www.fiscalia.gov.co\/colombia\/#\/schema\/person\/3903856a3ce2d54b094c69eb29247895\",\"name\":\"dfgordillo\",\"image\":{\"@type\":\"ImageObject\",\"inLanguage\":\"es-CO\",\"@id\":\"https:\/\/www.fiscalia.gov.co\/colombia\/#\/schema\/person\/image\/\",\"url\":\"https:\/\/secure.gravatar.com\/avatar\/b6356e21c5657c60757fe6fb9493e947?s=96&d=mm&r=g\",\"contentUrl\":\"https:\/\/secure.gravatar.com\/avatar\/b6356e21c5657c60757fe6fb9493e947?s=96&d=mm&r=g\",\"caption\":\"dfgordillo\"},\"sameAs\":[\"dfgordillo\"],\"url\":\"https:\/\/www.fiscalia.gov.co\/colombia\/author\/dfgordillo\/\"}]}<\/script>\n<!-- \/ Yoast SEO plugin. -->","yoast_head_json":{"title":"Fiscal\u00eda General de la Naci\u00f3n","description":"P\u00e1gina oficial de la Fiscal\u00eda General de la Naci\u00f3n \u2013 Colombia. Garantizamos el acceso efectivo a la justicia, la verdad y la reparaci\u00f3n de las v\u00edctimas de los delitos.","robots":{"index":"noindex","follow":"follow"},"og_locale":"es_ES","og_type":"article","og_title":"Fiscal\u00eda General de la Naci\u00f3n","og_description":"P\u00e1gina oficial de la Fiscal\u00eda General de la Naci\u00f3n \u2013 Colombia. Garantizamos el acceso efectivo a la justicia, la verdad y la reparaci\u00f3n de las v\u00edctimas de los delitos.","og_url":"https:\/\/www.fiscalia.gov.co\/colombia\/noticias\/por-considerar-que-no-es-peligroso-para-la-sociedad-juez-libero-a-extesorero-de-fondo-rotatorio-municipal-de-sucre-capturado-por-desfalco-a-la-dian\/","og_site_name":"Fiscal\u00eda General de la Naci\u00f3n","article_publisher":"https:\/\/www.facebook.com\/FiscaliaCol","article_published_time":"2015-04-15T22:39:32+00:00","author":"dfgordillo","twitter_card":"summary_large_image","twitter_creator":"@FiscaliaCol","twitter_site":"@FiscaliaCol","twitter_misc":{"Escrito por":"dfgordillo","Tiempo de lectura":"2 minutos"},"schema":{"@context":"https:\/\/schema.org","@graph":[{"@type":"Article","@id":"https:\/\/www.fiscalia.gov.co\/colombia\/noticias\/por-considerar-que-no-es-peligroso-para-la-sociedad-juez-libero-a-extesorero-de-fondo-rotatorio-municipal-de-sucre-capturado-por-desfalco-a-la-dian\/#article","isPartOf":{"@id":"https:\/\/www.fiscalia.gov.co\/colombia\/noticias\/por-considerar-que-no-es-peligroso-para-la-sociedad-juez-libero-a-extesorero-de-fondo-rotatorio-municipal-de-sucre-capturado-por-desfalco-a-la-dian\/"},"author":{"name":"dfgordillo","@id":"https:\/\/www.fiscalia.gov.co\/colombia\/#\/schema\/person\/3903856a3ce2d54b094c69eb29247895"},"headline":"Por considerar que no es peligroso para la sociedad, juez liber\u00f3 a extesorero de Fondo Rotatorio Municipal de Sucre capturado por desfalco a la Dian","datePublished":"2015-04-15T22:39:32+00:00","dateModified":"2015-04-15T22:39:32+00:00","mainEntityOfPage":{"@id":"https:\/\/www.fiscalia.gov.co\/colombia\/noticias\/por-considerar-que-no-es-peligroso-para-la-sociedad-juez-libero-a-extesorero-de-fondo-rotatorio-municipal-de-sucre-capturado-por-desfalco-a-la-dian\/"},"wordCount":418,"publisher":{"@id":"https:\/\/www.fiscalia.gov.co\/colombia\/#organization"},"keywords":["Falsedad en documento p\u00fablico","Fondo Rotatorio Municipal de Sucre","Peculado por apropiaci\u00f3n"],"articleSection":["Noticias"],"inLanguage":"es-CO"},{"@type":"WebPage","@id":"https:\/\/www.fiscalia.gov.co\/colombia\/noticias\/por-considerar-que-no-es-peligroso-para-la-sociedad-juez-libero-a-extesorero-de-fondo-rotatorio-municipal-de-sucre-capturado-por-desfalco-a-la-dian\/","url":"https:\/\/www.fiscalia.gov.co\/colombia\/noticias\/por-considerar-que-no-es-peligroso-para-la-sociedad-juez-libero-a-extesorero-de-fondo-rotatorio-municipal-de-sucre-capturado-por-desfalco-a-la-dian\/","name":"Fiscal\u00eda General de la Naci\u00f3n","isPartOf":{"@id":"https:\/\/www.fiscalia.gov.co\/colombia\/#website"},"datePublished":"2015-04-15T22:39:32+00:00","dateModified":"2015-04-15T22:39:32+00:00","description":"P\u00e1gina oficial de la Fiscal\u00eda General de la Naci\u00f3n \u2013 Colombia. Garantizamos el acceso efectivo a la justicia, la verdad y la reparaci\u00f3n de las v\u00edctimas de los delitos.","breadcrumb":{"@id":"https:\/\/www.fiscalia.gov.co\/colombia\/noticias\/por-considerar-que-no-es-peligroso-para-la-sociedad-juez-libero-a-extesorero-de-fondo-rotatorio-municipal-de-sucre-capturado-por-desfalco-a-la-dian\/#breadcrumb"},"inLanguage":"es-CO","potentialAction":[{"@type":"ReadAction","target":["https:\/\/www.fiscalia.gov.co\/colombia\/noticias\/por-considerar-que-no-es-peligroso-para-la-sociedad-juez-libero-a-extesorero-de-fondo-rotatorio-municipal-de-sucre-capturado-por-desfalco-a-la-dian\/"]}]},{"@type":"BreadcrumbList","@id":"https:\/\/www.fiscalia.gov.co\/colombia\/noticias\/por-considerar-que-no-es-peligroso-para-la-sociedad-juez-libero-a-extesorero-de-fondo-rotatorio-municipal-de-sucre-capturado-por-desfalco-a-la-dian\/#breadcrumb","itemListElement":[{"@type":"ListItem","position":1,"name":"Home","item":"https:\/\/www.fiscalia.gov.co\/colombia\/"},{"@type":"ListItem","position":2,"name":"Por considerar que no es peligroso para la sociedad, juez liber\u00f3 a extesorero de Fondo Rotatorio Municipal de Sucre capturado por desfalco a la Dian"}]},{"@type":"WebSite","@id":"https:\/\/www.fiscalia.gov.co\/colombia\/#website","url":"https:\/\/www.fiscalia.gov.co\/colombia\/","name":"Fiscal\u00eda General de la Naci\u00f3n","description":"P\u00e1gina oficial de la Fiscal\u00eda General de la Naci\u00f3n \u2013 Colombia. Garantizamos el acceso efectivo a la justicia, la verdad y la reparaci\u00f3n de las v\u00edctimas de los delitos.","publisher":{"@id":"https:\/\/www.fiscalia.gov.co\/colombia\/#organization"},"potentialAction":[{"@type":"SearchAction","target":{"@type":"EntryPoint","urlTemplate":"https:\/\/www.fiscalia.gov.co\/colombia\/?s={search_term_string}"},"query-input":{"@type":"PropertyValueSpecification","valueRequired":true,"valueName":"search_term_string"}}],"inLanguage":"es-CO"},{"@type":"Organization","@id":"https:\/\/www.fiscalia.gov.co\/colombia\/#organization","name":"Fiscal\u00eda General de la Naci\u00f3n","url":"https:\/\/www.fiscalia.gov.co\/colombia\/","logo":{"@type":"ImageObject","inLanguage":"es-CO","@id":"https:\/\/www.fiscalia.gov.co\/colombia\/#\/schema\/logo\/image\/","url":"https:\/\/www.fiscalia.gov.co\/colombia\/wp-content\/uploads\/LogoHorizontal_1.jpg","contentUrl":"https:\/\/www.fiscalia.gov.co\/colombia\/wp-content\/uploads\/LogoHorizontal_1.jpg","width":300,"height":90,"caption":"Fiscal\u00eda General de la Naci\u00f3n"},"image":{"@id":"https:\/\/www.fiscalia.gov.co\/colombia\/#\/schema\/logo\/image\/"},"sameAs":["https:\/\/www.facebook.com\/FiscaliaCol","https:\/\/x.com\/FiscaliaCol","https:\/\/www.instagram.com\/fiscaliacol","https:\/\/www.linkedin.com\/company\/fiscalia-general-de-la-naci-n\/","https:\/\/youtube.com\/@fiscaliageneraldelanacion-4668?si=6nN79nyQICPU5iTh"]},{"@type":"Person","@id":"https:\/\/www.fiscalia.gov.co\/colombia\/#\/schema\/person\/3903856a3ce2d54b094c69eb29247895","name":"dfgordillo","image":{"@type":"ImageObject","inLanguage":"es-CO","@id":"https:\/\/www.fiscalia.gov.co\/colombia\/#\/schema\/person\/image\/","url":"https:\/\/secure.gravatar.com\/avatar\/b6356e21c5657c60757fe6fb9493e947?s=96&d=mm&r=g","contentUrl":"https:\/\/secure.gravatar.com\/avatar\/b6356e21c5657c60757fe6fb9493e947?s=96&d=mm&r=g","caption":"dfgordillo"},"sameAs":["dfgordillo"],"url":"https:\/\/www.fiscalia.gov.co\/colombia\/author\/dfgordillo\/"}]}},"_links":{"self":[{"href":"https:\/\/www.fiscalia.gov.co\/colombia\/wp-json\/wp\/v2\/posts\/65692","targetHints":{"allow":["GET"]}}],"collection":[{"href":"https:\/\/www.fiscalia.gov.co\/colombia\/wp-json\/wp\/v2\/posts"}],"about":[{"href":"https:\/\/www.fiscalia.gov.co\/colombia\/wp-json\/wp\/v2\/types\/post"}],"author":[{"embeddable":true,"href":"https:\/\/www.fiscalia.gov.co\/colombia\/wp-json\/wp\/v2\/users\/143"}],"replies":[{"embeddable":true,"href":"https:\/\/www.fiscalia.gov.co\/colombia\/wp-json\/wp\/v2\/comments?post=65692"}],"version-history":[{"count":1,"href":"https:\/\/www.fiscalia.gov.co\/colombia\/wp-json\/wp\/v2\/posts\/65692\/revisions"}],"predecessor-version":[{"id":65693,"href":"https:\/\/www.fiscalia.gov.co\/colombia\/wp-json\/wp\/v2\/posts\/65692\/revisions\/65693"}],"wp:attachment":[{"href":"https:\/\/www.fiscalia.gov.co\/colombia\/wp-json\/wp\/v2\/media?parent=65692"}],"wp:term":[{"taxonomy":"category","embeddable":true,"href":"https:\/\/www.fiscalia.gov.co\/colombia\/wp-json\/wp\/v2\/categories?post=65692"},{"taxonomy":"post_tag","embeddable":true,"href":"https:\/\/www.fiscalia.gov.co\/colombia\/wp-json\/wp\/v2\/tags?post=65692"}],"curies":[{"name":"wp","href":"https:\/\/api.w.org\/{rel}","templated":true}]}}