{"id":65547,"date":"2015-04-14T17:38:38","date_gmt":"2015-04-14T22:38:38","guid":{"rendered":"http:\/\/www.fiscalia.gov.co\/colombia\/?p=65547"},"modified":"2015-04-14T17:52:06","modified_gmt":"2015-04-14T22:52:06","slug":"tenemos-serias-dudas-sobre-la-legalidad-de-la-decision-de-libertad-de-kiko-gomez-vicefiscal-general-de-la-nacion","status":"publish","type":"post","link":"https:\/\/www.fiscalia.gov.co\/colombia\/noticias\/tenemos-serias-dudas-sobre-la-legalidad-de-la-decision-de-libertad-de-kiko-gomez-vicefiscal-general-de-la-nacion\/","title":{"rendered":"Tenemos serias dudas sobre la legalidad de la decisi\u00f3n de libertad de \u201cKiko\u201d G\u00f3mez: Vicefiscal General de la Naci\u00f3n"},"content":{"rendered":"<p>Tras la decisi\u00f3n del Juez 22 Civil Municipal Barranquilla (Atl\u00e1ntico) de dejar en libertad al exgobernador de La Guajira, Juan Francisco G\u00f3mez, el Vicefiscal General de la Naci\u00f3n, Jorge Fernando Perdomo Torres, se\u00f1al\u00f3 que la Fiscal\u00eda tiene serias dudas sobre la legalidad de la decisi\u00f3n.<\/p>\n<p>\u201cEs importante que el pa\u00eds sepa que el se\u00f1or Francisco G\u00f3mez ha estado privado de la libertad en virtud de sendas medidas de aseguramiento en diferentes procesos que est\u00e1n muy bien sustentados y han sido llevados con mucha contundencia, por lo tanto nos extra\u00f1a y nos llama la atenci\u00f3n este tipo de decisiones que vamos a revisar con cuidado para ver si se ajustan a la legalidad\u201d, precis\u00f3 Perdomo.<\/p>\n<p>El Vicefiscal explic\u00f3 adem\u00e1s que a pesar de esta decisi\u00f3n \u201cKiko\u201d G\u00f3mez no queda en libertad al tener vigente una orden de captura con fines de indagatoria por su presunta participaci\u00f3n en el homicidio del se\u00f1or Jos\u00e9 Benjumea en la Guajira. \u201cEse es un requerimiento judicial que tendr\u00e1 que atender en los pr\u00f3ximos d\u00edas por lo tanto no va a quedar por ahora en libertad\u201d.<\/p>\n<p>El alto funcionario tambi\u00e9n indic\u00f3 que \u201cHay una jurisprudencia de la Corte Constitucional sobre que solo son competentes para conocer de habeas corpus los jueces en el lugar en el cual la persona se encuentra recluida, y en este caso es una decisi\u00f3n que se toma en Barranquilla cuando la persona se encuentra recluida aqu\u00ed en la c\u00e1rcel de La Picota, es un habeas corpus que por otro lado va en contrav\u00eda de dos \u00f3rdenes de privaci\u00f3n de libertad de jueces de la rep\u00fablica proferidas con todas las formalidades legales\u201d.<\/p>\n<p>LCRA\/DLBM<\/p>\n<p>___________________________________________________________________<\/p>\n<h4><strong>Rueda de prensa Jorge Fernando Perdomo Torres, Vicefiscal General de la Naci\u00f3n\u00a0<\/strong><\/h4>\n[audio:http:\/\/www.fiscalia.gov.co\/colombia\/wp-content\/uploads\/14abr2015-RP-ViceFGN-Kiko..mp3|titles=Declaraciones]\n<p><a title=\"Descargar audio\" href=\"http:\/\/www.fiscalia.gov.co\/colombia\/wp-content\/uploads\/14abr2015-RP-ViceFGN-Kiko..mp3\" target=\"_blank\">Descargar<\/a><\/p>\n<p>Tema:\u00a0Tenemos serias dudas sobre la legalidad de la decisi\u00f3n de libertad de \u201cKiko\u201d G\u00f3mez: Vicefiscal General de la Naci\u00f3n<strong><br \/>\n<\/strong>Lugar:\u00a0\u00a0Nivel Central Fiscal\u00eda General de la Naci\u00f3n, Bogot\u00e1<br \/>\nFecha: 14 de abril de 2015<\/p>\n\n<div class=\"twitter-share\"><a href=\"https:\/\/twitter.com\/intent\/tweet?via=fiscaliacol\" class=\"twitter-share-button\">Tweet<\/a><\/div>\n","protected":false},"excerpt":{"rendered":"<p>Tras la decisi\u00f3n del Juez 22 Civil Municipal Barranquilla (Atl\u00e1ntico) de dejar en libertad al exgobernador de La Guajira, Juan Francisco G\u00f3mez, el Vicefiscal General de la Naci\u00f3n, Jorge Fernando Perdomo Torres, se\u00f1al\u00f3 que la Fiscal\u00eda tiene serias dudas sobre la legalidad de la decisi\u00f3n. \u201cEs importante que el pa\u00eds sepa que el se\u00f1or Francisco [&hellip;]<\/p>\n","protected":false},"author":143,"featured_media":0,"comment_status":"closed","ping_status":"open","sticky":false,"template":"","format":"standard","meta":{"_price":"","_stock":"","_tribe_ticket_header":"","_tribe_default_ticket_provider":"","_tribe_ticket_capacity":"0","_ticket_start_date":"","_ticket_end_date":"","_tribe_ticket_show_description":"","_tribe_ticket_show_not_going":false,"_tribe_ticket_use_global_stock":"","_tribe_ticket_global_stock_level":"","_global_stock_mode":"","_global_stock_cap":"","_tribe_rsvp_for_event":"","_tribe_ticket_going_count":"","_tribe_ticket_not_going_count":"","_tribe_tickets_list":"[]","_tribe_ticket_has_attendee_info_fields":false,"tdm_status":"","tdm_grid_status":"","footnotes":""},"categories":[1],"tags":[5864,12198,2627],"class_list":{"0":"post-65547","1":"post","2":"type-post","3":"status-publish","4":"format-standard","6":"category-noticias","7":"tag-juzgado","8":"tag-kiko-gomez","9":"tag-libertad"},"yoast_head":"<!-- This site is optimized with the Yoast SEO plugin v24.3 - https:\/\/yoast.com\/wordpress\/plugins\/seo\/ -->\n<title>Fiscal\u00eda General de la Naci\u00f3n<\/title>\n<meta name=\"description\" content=\"P\u00e1gina oficial de la Fiscal\u00eda General de la Naci\u00f3n \u2013 Colombia. Garantizamos el acceso efectivo a la justicia, la verdad y la reparaci\u00f3n de las v\u00edctimas de los delitos.\" \/>\n<meta name=\"robots\" content=\"noindex, follow\" \/>\n<meta property=\"og:locale\" content=\"es_ES\" \/>\n<meta property=\"og:type\" content=\"article\" \/>\n<meta property=\"og:title\" content=\"Fiscal\u00eda General de la Naci\u00f3n\" \/>\n<meta property=\"og:description\" content=\"P\u00e1gina oficial de la Fiscal\u00eda General de la Naci\u00f3n \u2013 Colombia. Garantizamos el acceso efectivo a la justicia, la verdad y la reparaci\u00f3n de las v\u00edctimas de los delitos.\" \/>\n<meta property=\"og:url\" content=\"https:\/\/www.fiscalia.gov.co\/colombia\/noticias\/tenemos-serias-dudas-sobre-la-legalidad-de-la-decision-de-libertad-de-kiko-gomez-vicefiscal-general-de-la-nacion\/\" \/>\n<meta property=\"og:site_name\" content=\"Fiscal\u00eda General de la Naci\u00f3n\" \/>\n<meta property=\"article:publisher\" content=\"https:\/\/www.facebook.com\/FiscaliaCol\" \/>\n<meta property=\"article:published_time\" content=\"2015-04-14T22:38:38+00:00\" \/>\n<meta property=\"article:modified_time\" content=\"2015-04-14T22:52:06+00:00\" \/>\n<meta name=\"author\" content=\"dfgordillo\" \/>\n<meta name=\"twitter:card\" content=\"summary_large_image\" \/>\n<meta name=\"twitter:creator\" content=\"@FiscaliaCol\" \/>\n<meta name=\"twitter:site\" content=\"@FiscaliaCol\" \/>\n<meta name=\"twitter:label1\" content=\"Escrito por\" \/>\n\t<meta name=\"twitter:data1\" content=\"dfgordillo\" \/>\n\t<meta name=\"twitter:label2\" content=\"Tiempo de lectura\" \/>\n\t<meta name=\"twitter:data2\" content=\"2 minutos\" \/>\n<script type=\"application\/ld+json\" class=\"yoast-schema-graph\">{\"@context\":\"https:\/\/schema.org\",\"@graph\":[{\"@type\":\"Article\",\"@id\":\"https:\/\/www.fiscalia.gov.co\/colombia\/noticias\/tenemos-serias-dudas-sobre-la-legalidad-de-la-decision-de-libertad-de-kiko-gomez-vicefiscal-general-de-la-nacion\/#article\",\"isPartOf\":{\"@id\":\"https:\/\/www.fiscalia.gov.co\/colombia\/noticias\/tenemos-serias-dudas-sobre-la-legalidad-de-la-decision-de-libertad-de-kiko-gomez-vicefiscal-general-de-la-nacion\/\"},\"author\":{\"name\":\"dfgordillo\",\"@id\":\"https:\/\/www.fiscalia.gov.co\/colombia\/#\/schema\/person\/3903856a3ce2d54b094c69eb29247895\"},\"headline\":\"Tenemos serias dudas sobre la legalidad de la decisi\u00f3n de libertad de \u201cKiko\u201d G\u00f3mez: Vicefiscal General de la Naci\u00f3n\",\"datePublished\":\"2015-04-14T22:38:38+00:00\",\"dateModified\":\"2015-04-14T22:52:06+00:00\",\"mainEntityOfPage\":{\"@id\":\"https:\/\/www.fiscalia.gov.co\/colombia\/noticias\/tenemos-serias-dudas-sobre-la-legalidad-de-la-decision-de-libertad-de-kiko-gomez-vicefiscal-general-de-la-nacion\/\"},\"wordCount\":384,\"publisher\":{\"@id\":\"https:\/\/www.fiscalia.gov.co\/colombia\/#organization\"},\"keywords\":[\"Juzgado\",\"Kiko G\u00f3mez\",\"Libertad\"],\"articleSection\":[\"Noticias\"],\"inLanguage\":\"es-CO\"},{\"@type\":\"WebPage\",\"@id\":\"https:\/\/www.fiscalia.gov.co\/colombia\/noticias\/tenemos-serias-dudas-sobre-la-legalidad-de-la-decision-de-libertad-de-kiko-gomez-vicefiscal-general-de-la-nacion\/\",\"url\":\"https:\/\/www.fiscalia.gov.co\/colombia\/noticias\/tenemos-serias-dudas-sobre-la-legalidad-de-la-decision-de-libertad-de-kiko-gomez-vicefiscal-general-de-la-nacion\/\",\"name\":\"Fiscal\u00eda General de la Naci\u00f3n\",\"isPartOf\":{\"@id\":\"https:\/\/www.fiscalia.gov.co\/colombia\/#website\"},\"datePublished\":\"2015-04-14T22:38:38+00:00\",\"dateModified\":\"2015-04-14T22:52:06+00:00\",\"description\":\"P\u00e1gina oficial de la Fiscal\u00eda General de la Naci\u00f3n \u2013 Colombia. Garantizamos el acceso efectivo a la justicia, la verdad y la reparaci\u00f3n de las v\u00edctimas de los delitos.\",\"breadcrumb\":{\"@id\":\"https:\/\/www.fiscalia.gov.co\/colombia\/noticias\/tenemos-serias-dudas-sobre-la-legalidad-de-la-decision-de-libertad-de-kiko-gomez-vicefiscal-general-de-la-nacion\/#breadcrumb\"},\"inLanguage\":\"es-CO\",\"potentialAction\":[{\"@type\":\"ReadAction\",\"target\":[\"https:\/\/www.fiscalia.gov.co\/colombia\/noticias\/tenemos-serias-dudas-sobre-la-legalidad-de-la-decision-de-libertad-de-kiko-gomez-vicefiscal-general-de-la-nacion\/\"]}]},{\"@type\":\"BreadcrumbList\",\"@id\":\"https:\/\/www.fiscalia.gov.co\/colombia\/noticias\/tenemos-serias-dudas-sobre-la-legalidad-de-la-decision-de-libertad-de-kiko-gomez-vicefiscal-general-de-la-nacion\/#breadcrumb\",\"itemListElement\":[{\"@type\":\"ListItem\",\"position\":1,\"name\":\"Home\",\"item\":\"https:\/\/www.fiscalia.gov.co\/colombia\/\"},{\"@type\":\"ListItem\",\"position\":2,\"name\":\"Tenemos serias dudas sobre la legalidad de la decisi\u00f3n de libertad de \u201cKiko\u201d G\u00f3mez: Vicefiscal General de la Naci\u00f3n\"}]},{\"@type\":\"WebSite\",\"@id\":\"https:\/\/www.fiscalia.gov.co\/colombia\/#website\",\"url\":\"https:\/\/www.fiscalia.gov.co\/colombia\/\",\"name\":\"Fiscal\u00eda General de la Naci\u00f3n\",\"description\":\"P\u00e1gina oficial de la Fiscal\u00eda General de la Naci\u00f3n \u2013 Colombia. Garantizamos el acceso efectivo a la justicia, la verdad y la reparaci\u00f3n de las v\u00edctimas de los delitos.\",\"publisher\":{\"@id\":\"https:\/\/www.fiscalia.gov.co\/colombia\/#organization\"},\"potentialAction\":[{\"@type\":\"SearchAction\",\"target\":{\"@type\":\"EntryPoint\",\"urlTemplate\":\"https:\/\/www.fiscalia.gov.co\/colombia\/?s={search_term_string}\"},\"query-input\":{\"@type\":\"PropertyValueSpecification\",\"valueRequired\":true,\"valueName\":\"search_term_string\"}}],\"inLanguage\":\"es-CO\"},{\"@type\":\"Organization\",\"@id\":\"https:\/\/www.fiscalia.gov.co\/colombia\/#organization\",\"name\":\"Fiscal\u00eda General de la Naci\u00f3n\",\"url\":\"https:\/\/www.fiscalia.gov.co\/colombia\/\",\"logo\":{\"@type\":\"ImageObject\",\"inLanguage\":\"es-CO\",\"@id\":\"https:\/\/www.fiscalia.gov.co\/colombia\/#\/schema\/logo\/image\/\",\"url\":\"https:\/\/www.fiscalia.gov.co\/colombia\/wp-content\/uploads\/LogoHorizontal_1.jpg\",\"contentUrl\":\"https:\/\/www.fiscalia.gov.co\/colombia\/wp-content\/uploads\/LogoHorizontal_1.jpg\",\"width\":300,\"height\":90,\"caption\":\"Fiscal\u00eda General de la Naci\u00f3n\"},\"image\":{\"@id\":\"https:\/\/www.fiscalia.gov.co\/colombia\/#\/schema\/logo\/image\/\"},\"sameAs\":[\"https:\/\/www.facebook.com\/FiscaliaCol\",\"https:\/\/x.com\/FiscaliaCol\",\"https:\/\/www.instagram.com\/fiscaliacol\",\"https:\/\/www.linkedin.com\/company\/fiscalia-general-de-la-naci-n\/\",\"https:\/\/youtube.com\/@fiscaliageneraldelanacion-4668?si=6nN79nyQICPU5iTh\"]},{\"@type\":\"Person\",\"@id\":\"https:\/\/www.fiscalia.gov.co\/colombia\/#\/schema\/person\/3903856a3ce2d54b094c69eb29247895\",\"name\":\"dfgordillo\",\"image\":{\"@type\":\"ImageObject\",\"inLanguage\":\"es-CO\",\"@id\":\"https:\/\/www.fiscalia.gov.co\/colombia\/#\/schema\/person\/image\/\",\"url\":\"https:\/\/secure.gravatar.com\/avatar\/b6356e21c5657c60757fe6fb9493e947?s=96&d=mm&r=g\",\"contentUrl\":\"https:\/\/secure.gravatar.com\/avatar\/b6356e21c5657c60757fe6fb9493e947?s=96&d=mm&r=g\",\"caption\":\"dfgordillo\"},\"sameAs\":[\"dfgordillo\"],\"url\":\"https:\/\/www.fiscalia.gov.co\/colombia\/author\/dfgordillo\/\"}]}<\/script>\n<!-- \/ Yoast SEO plugin. -->","yoast_head_json":{"title":"Fiscal\u00eda General de la Naci\u00f3n","description":"P\u00e1gina oficial de la Fiscal\u00eda General de la Naci\u00f3n \u2013 Colombia. Garantizamos el acceso efectivo a la justicia, la verdad y la reparaci\u00f3n de las v\u00edctimas de los delitos.","robots":{"index":"noindex","follow":"follow"},"og_locale":"es_ES","og_type":"article","og_title":"Fiscal\u00eda General de la Naci\u00f3n","og_description":"P\u00e1gina oficial de la Fiscal\u00eda General de la Naci\u00f3n \u2013 Colombia. Garantizamos el acceso efectivo a la justicia, la verdad y la reparaci\u00f3n de las v\u00edctimas de los delitos.","og_url":"https:\/\/www.fiscalia.gov.co\/colombia\/noticias\/tenemos-serias-dudas-sobre-la-legalidad-de-la-decision-de-libertad-de-kiko-gomez-vicefiscal-general-de-la-nacion\/","og_site_name":"Fiscal\u00eda General de la Naci\u00f3n","article_publisher":"https:\/\/www.facebook.com\/FiscaliaCol","article_published_time":"2015-04-14T22:38:38+00:00","article_modified_time":"2015-04-14T22:52:06+00:00","author":"dfgordillo","twitter_card":"summary_large_image","twitter_creator":"@FiscaliaCol","twitter_site":"@FiscaliaCol","twitter_misc":{"Escrito por":"dfgordillo","Tiempo de lectura":"2 minutos"},"schema":{"@context":"https:\/\/schema.org","@graph":[{"@type":"Article","@id":"https:\/\/www.fiscalia.gov.co\/colombia\/noticias\/tenemos-serias-dudas-sobre-la-legalidad-de-la-decision-de-libertad-de-kiko-gomez-vicefiscal-general-de-la-nacion\/#article","isPartOf":{"@id":"https:\/\/www.fiscalia.gov.co\/colombia\/noticias\/tenemos-serias-dudas-sobre-la-legalidad-de-la-decision-de-libertad-de-kiko-gomez-vicefiscal-general-de-la-nacion\/"},"author":{"name":"dfgordillo","@id":"https:\/\/www.fiscalia.gov.co\/colombia\/#\/schema\/person\/3903856a3ce2d54b094c69eb29247895"},"headline":"Tenemos serias dudas sobre la legalidad de la decisi\u00f3n de libertad de \u201cKiko\u201d G\u00f3mez: Vicefiscal General de la Naci\u00f3n","datePublished":"2015-04-14T22:38:38+00:00","dateModified":"2015-04-14T22:52:06+00:00","mainEntityOfPage":{"@id":"https:\/\/www.fiscalia.gov.co\/colombia\/noticias\/tenemos-serias-dudas-sobre-la-legalidad-de-la-decision-de-libertad-de-kiko-gomez-vicefiscal-general-de-la-nacion\/"},"wordCount":384,"publisher":{"@id":"https:\/\/www.fiscalia.gov.co\/colombia\/#organization"},"keywords":["Juzgado","Kiko G\u00f3mez","Libertad"],"articleSection":["Noticias"],"inLanguage":"es-CO"},{"@type":"WebPage","@id":"https:\/\/www.fiscalia.gov.co\/colombia\/noticias\/tenemos-serias-dudas-sobre-la-legalidad-de-la-decision-de-libertad-de-kiko-gomez-vicefiscal-general-de-la-nacion\/","url":"https:\/\/www.fiscalia.gov.co\/colombia\/noticias\/tenemos-serias-dudas-sobre-la-legalidad-de-la-decision-de-libertad-de-kiko-gomez-vicefiscal-general-de-la-nacion\/","name":"Fiscal\u00eda General de la Naci\u00f3n","isPartOf":{"@id":"https:\/\/www.fiscalia.gov.co\/colombia\/#website"},"datePublished":"2015-04-14T22:38:38+00:00","dateModified":"2015-04-14T22:52:06+00:00","description":"P\u00e1gina oficial de la Fiscal\u00eda General de la Naci\u00f3n \u2013 Colombia. Garantizamos el acceso efectivo a la justicia, la verdad y la reparaci\u00f3n de las v\u00edctimas de los delitos.","breadcrumb":{"@id":"https:\/\/www.fiscalia.gov.co\/colombia\/noticias\/tenemos-serias-dudas-sobre-la-legalidad-de-la-decision-de-libertad-de-kiko-gomez-vicefiscal-general-de-la-nacion\/#breadcrumb"},"inLanguage":"es-CO","potentialAction":[{"@type":"ReadAction","target":["https:\/\/www.fiscalia.gov.co\/colombia\/noticias\/tenemos-serias-dudas-sobre-la-legalidad-de-la-decision-de-libertad-de-kiko-gomez-vicefiscal-general-de-la-nacion\/"]}]},{"@type":"BreadcrumbList","@id":"https:\/\/www.fiscalia.gov.co\/colombia\/noticias\/tenemos-serias-dudas-sobre-la-legalidad-de-la-decision-de-libertad-de-kiko-gomez-vicefiscal-general-de-la-nacion\/#breadcrumb","itemListElement":[{"@type":"ListItem","position":1,"name":"Home","item":"https:\/\/www.fiscalia.gov.co\/colombia\/"},{"@type":"ListItem","position":2,"name":"Tenemos serias dudas sobre la legalidad de la decisi\u00f3n de libertad de \u201cKiko\u201d G\u00f3mez: Vicefiscal General de la Naci\u00f3n"}]},{"@type":"WebSite","@id":"https:\/\/www.fiscalia.gov.co\/colombia\/#website","url":"https:\/\/www.fiscalia.gov.co\/colombia\/","name":"Fiscal\u00eda General de la Naci\u00f3n","description":"P\u00e1gina oficial de la Fiscal\u00eda General de la Naci\u00f3n \u2013 Colombia. Garantizamos el acceso efectivo a la justicia, la verdad y la reparaci\u00f3n de las v\u00edctimas de los delitos.","publisher":{"@id":"https:\/\/www.fiscalia.gov.co\/colombia\/#organization"},"potentialAction":[{"@type":"SearchAction","target":{"@type":"EntryPoint","urlTemplate":"https:\/\/www.fiscalia.gov.co\/colombia\/?s={search_term_string}"},"query-input":{"@type":"PropertyValueSpecification","valueRequired":true,"valueName":"search_term_string"}}],"inLanguage":"es-CO"},{"@type":"Organization","@id":"https:\/\/www.fiscalia.gov.co\/colombia\/#organization","name":"Fiscal\u00eda General de la Naci\u00f3n","url":"https:\/\/www.fiscalia.gov.co\/colombia\/","logo":{"@type":"ImageObject","inLanguage":"es-CO","@id":"https:\/\/www.fiscalia.gov.co\/colombia\/#\/schema\/logo\/image\/","url":"https:\/\/www.fiscalia.gov.co\/colombia\/wp-content\/uploads\/LogoHorizontal_1.jpg","contentUrl":"https:\/\/www.fiscalia.gov.co\/colombia\/wp-content\/uploads\/LogoHorizontal_1.jpg","width":300,"height":90,"caption":"Fiscal\u00eda General de la Naci\u00f3n"},"image":{"@id":"https:\/\/www.fiscalia.gov.co\/colombia\/#\/schema\/logo\/image\/"},"sameAs":["https:\/\/www.facebook.com\/FiscaliaCol","https:\/\/x.com\/FiscaliaCol","https:\/\/www.instagram.com\/fiscaliacol","https:\/\/www.linkedin.com\/company\/fiscalia-general-de-la-naci-n\/","https:\/\/youtube.com\/@fiscaliageneraldelanacion-4668?si=6nN79nyQICPU5iTh"]},{"@type":"Person","@id":"https:\/\/www.fiscalia.gov.co\/colombia\/#\/schema\/person\/3903856a3ce2d54b094c69eb29247895","name":"dfgordillo","image":{"@type":"ImageObject","inLanguage":"es-CO","@id":"https:\/\/www.fiscalia.gov.co\/colombia\/#\/schema\/person\/image\/","url":"https:\/\/secure.gravatar.com\/avatar\/b6356e21c5657c60757fe6fb9493e947?s=96&d=mm&r=g","contentUrl":"https:\/\/secure.gravatar.com\/avatar\/b6356e21c5657c60757fe6fb9493e947?s=96&d=mm&r=g","caption":"dfgordillo"},"sameAs":["dfgordillo"],"url":"https:\/\/www.fiscalia.gov.co\/colombia\/author\/dfgordillo\/"}]}},"_links":{"self":[{"href":"https:\/\/www.fiscalia.gov.co\/colombia\/wp-json\/wp\/v2\/posts\/65547","targetHints":{"allow":["GET"]}}],"collection":[{"href":"https:\/\/www.fiscalia.gov.co\/colombia\/wp-json\/wp\/v2\/posts"}],"about":[{"href":"https:\/\/www.fiscalia.gov.co\/colombia\/wp-json\/wp\/v2\/types\/post"}],"author":[{"embeddable":true,"href":"https:\/\/www.fiscalia.gov.co\/colombia\/wp-json\/wp\/v2\/users\/143"}],"replies":[{"embeddable":true,"href":"https:\/\/www.fiscalia.gov.co\/colombia\/wp-json\/wp\/v2\/comments?post=65547"}],"version-history":[{"count":4,"href":"https:\/\/www.fiscalia.gov.co\/colombia\/wp-json\/wp\/v2\/posts\/65547\/revisions"}],"predecessor-version":[{"id":65559,"href":"https:\/\/www.fiscalia.gov.co\/colombia\/wp-json\/wp\/v2\/posts\/65547\/revisions\/65559"}],"wp:attachment":[{"href":"https:\/\/www.fiscalia.gov.co\/colombia\/wp-json\/wp\/v2\/media?parent=65547"}],"wp:term":[{"taxonomy":"category","embeddable":true,"href":"https:\/\/www.fiscalia.gov.co\/colombia\/wp-json\/wp\/v2\/categories?post=65547"},{"taxonomy":"post_tag","embeddable":true,"href":"https:\/\/www.fiscalia.gov.co\/colombia\/wp-json\/wp\/v2\/tags?post=65547"}],"curies":[{"name":"wp","href":"https:\/\/api.w.org\/{rel}","templated":true}]}}