{"id":65529,"date":"2015-04-14T11:26:24","date_gmt":"2015-04-14T16:26:24","guid":{"rendered":"http:\/\/www.fiscalia.gov.co\/colombia\/?p=65529"},"modified":"2015-04-14T11:29:48","modified_gmt":"2015-04-14T16:29:48","slug":"comunicado-087","status":"publish","type":"post","link":"https:\/\/www.fiscalia.gov.co\/colombia\/noticias\/comunicado-087\/","title":{"rendered":"Comunicado de prensa 087"},"content":{"rendered":"<p>La Fiscal\u00eda General de la Naci\u00f3n\u00a0se permite informar:<\/p>\n<ol>\n<li>Desde el 2008 fue convocado un concurso de m\u00e9ritos para la provisi\u00f3n de 1716 cargos del \u00e1rea administrativa y financiera.<\/li>\n<li>El concurso se vio afectado por una serie de eventos jur\u00eddicos ajenos a la entidad, tales como (i) la expedici\u00f3n de dos actos legislativos que en su momento suspendieron el concurso (Acto Legislativo 001 de 2008 y Acto Legislativo 04 del 7 de julio de 2011), (i) decisiones del Tribunal Administrativo de Cundinamarca que ordenaron la suspensi\u00f3n del registro de elegibles, (iii)\u00a0decisiones de tutela de la Corte Constitucional que ordenaron citar en igualdad de condiciones a los aspirantes y (iv)\u00a0fallos de la Corte Suprema de Justicia que concluyeron que el proceso de selecci\u00f3n no hab\u00eda perdido vigencia.<\/li>\n<li>En esta \u00faltima decisi\u00f3n, la Corte Suprema de Justicia adujo que no existe en la actualidad ninguna raz\u00f3n o argumento suficiente que impida definir la publicaci\u00f3n del registro definitivo de elegibles y de esta manera evitar una prolongaci\u00f3n indefinida del concurso.<\/li>\n<li>Sobre esta obligaci\u00f3n constitucional de las entidades p\u00fablicas, el m\u00e1ximo tribunal constitucional ha se\u00f1alado en la sentencia SU-917 de 2010 que la incorporaci\u00f3n de funcionarios a la administraci\u00f3n debe realizarse a trav\u00e9s de sistemas de carrera, basada en el m\u00e9rito y la igualdad de oportunidades.<\/li>\n<li>Ha destacado la misma Corte que es a trav\u00e9s de este mecanismo como se contribuye a la consolidaci\u00f3n de la democracia en el marco de un Estado Social de Derecho. En suma, y de conformidad con el art\u00edculo 125 de la Constituci\u00f3n Pol\u00edtica, las disposiciones legales y las \u00f3rdenes emitidas por la Corte Constitucional, la entidad tiene la obligaci\u00f3n de implementar la carrera administrativa.<\/li>\n<li>Por lo anterior, la Corte Constitucional en la sentencia SU446 de 2011 dio a la Fiscal\u00eda un t\u00e9rmino perentorio de dos a\u00f1os para que la entidad convoque y concluya los concursos p\u00fablicos mediante los cuales se debe proveer cada uno de los cargos de carrera ejercidos en provisionalidad o que se encuentren vacantes.<\/li>\n<li>Esta acci\u00f3n de tutela orden\u00f3 y confirm\u00f3 que la Comisi\u00f3n de Carrera Especial de la Fiscal\u00eda tendr\u00eda que definir la forma de conformaci\u00f3n de las listas de elegibles de las Convocatoria 001 a 0015 de 2008, y en tal sentido dar continuidad al proceso.<\/li>\n<li>De conformidad con la jurisprudencia la realizaci\u00f3n del concurso de m\u00e9ritos es una obligaci\u00f3n constitucional. En el caso espec\u00edfico de la Fiscal\u00eda, tambi\u00e9n tiene lugar en cumplimiento de \u00f3rdenes judiciales expresas emitidas por el m\u00e1ximo \u00f3rgano de la Jurisdicci\u00f3n Constitucional. Por ejemplo, en la citada Sentencia SU 446 de 2011, esa Corporaci\u00f3n destac\u00f3 que era la tercera vez que ordenaba a la Fiscal\u00eda implementar el sistema de carrera en toda la entidad, tal y como lo hizo inicialmente en las sentencias T-131 de 2005 y C-279 de 2007.<\/li>\n<li>Con base en todos los anteriores antecedentes jur\u00eddicos, en las diversas \u00f3rdenes judiciales dictadas a la Fiscal\u00eda y dado que en el caso concreto tambi\u00e9n se trata de \u00f3rdenes judiciales emitidas en sede de tutela, es claro que el incumplimiento de los anteriores mandatos por parte de la Entidad no s\u00f3lo desconoce las disposiciones constitucionales sino que dar\u00eda lugar a la configuraci\u00f3n de un desacato, en los t\u00e9rminos del Decreto 2591 de 1991, art\u00edculos 27 y 52, sancionable con arresto y multa.<\/li>\n<li>En consecuencia, este proceso de provisi\u00f3n de cargos que actualmente adelanta la entidad obedece a un concurso convocado en 2008 y al cumplimiento de fallos judiciales que ordenaron continuar con esa convocatoria. La incorporaci\u00f3n de estos nuevos funcionarios que ganaron por m\u00e9rito el concurso y la desvinculaci\u00f3n de funcionarios de la entidad ocurre por mandato de la ley y por el cumplimiento de fallos judiciales. No es fruto de decisiones arbitrarias del Fiscal Eduardo Montealegre Lynett.<\/li>\n<li>En el proceso de provisi\u00f3n de los cargos, la Fiscal\u00eda General de la Naci\u00f3n tendr\u00e1 una especial consideraci\u00f3n por las personas que est\u00e1n cobijadas con protecciones laborales reforzadas, tal y como lo exige la jurisprudencia constitucional. As\u00ed mismo, realizar\u00e1 todas las jornadas que considere necesarias con la Administradora de Riesgos Profesionales, para brindar atenci\u00f3n psicosocial a las personas que est\u00e9n en cargos que vayan a ser provistos por este concurso.<\/li>\n<\/ol>\n\n<div class=\"twitter-share\"><a href=\"https:\/\/twitter.com\/intent\/tweet?via=fiscaliacol\" class=\"twitter-share-button\">Tweet<\/a><\/div>\n","protected":false},"excerpt":{"rendered":"<p>La Fiscal\u00eda General de la Naci\u00f3n\u00a0se permite informar: Desde el 2008 fue convocado un concurso de m\u00e9ritos para la provisi\u00f3n de 1716 cargos del \u00e1rea administrativa y financiera. El concurso [&hellip;]<\/p>\n","protected":false},"author":143,"featured_media":0,"comment_status":"closed","ping_status":"open","sticky":false,"template":"","format":"standard","meta":{"tdm_status":"","tdm_grid_status":"","footnotes":""},"categories":[1],"tags":[],"class_list":["post-65529","post","type-post","status-publish","format-standard","category-noticias"],"yoast_head":"<!-- This site is optimized with the Yoast SEO plugin v24.3 - https:\/\/yoast.com\/wordpress\/plugins\/seo\/ -->\n<title>Fiscal\u00eda General de la Naci\u00f3n<\/title>\n<meta name=\"description\" content=\"P\u00e1gina oficial de la Fiscal\u00eda General de la Naci\u00f3n \u2013 Colombia. Garantizamos el acceso efectivo a la justicia, la verdad y la reparaci\u00f3n de las v\u00edctimas de los delitos.\" \/>\n<meta name=\"robots\" content=\"noindex, follow\" \/>\n<meta property=\"og:locale\" content=\"es_ES\" \/>\n<meta property=\"og:type\" content=\"article\" \/>\n<meta property=\"og:title\" content=\"Fiscal\u00eda General de la Naci\u00f3n\" \/>\n<meta property=\"og:description\" content=\"P\u00e1gina oficial de la Fiscal\u00eda General de la Naci\u00f3n \u2013 Colombia. Garantizamos el acceso efectivo a la justicia, la verdad y la reparaci\u00f3n de las v\u00edctimas de los delitos.\" \/>\n<meta property=\"og:url\" content=\"https:\/\/www.fiscalia.gov.co\/colombia\/noticias\/comunicado-087\/\" \/>\n<meta property=\"og:site_name\" content=\"Fiscal\u00eda General de la Naci\u00f3n\" \/>\n<meta property=\"article:publisher\" content=\"https:\/\/www.facebook.com\/FiscaliaCol\" \/>\n<meta property=\"article:published_time\" content=\"2015-04-14T16:26:24+00:00\" \/>\n<meta property=\"article:modified_time\" content=\"2015-04-14T16:29:48+00:00\" \/>\n<meta name=\"author\" content=\"dfgordillo\" \/>\n<meta name=\"twitter:card\" content=\"summary_large_image\" \/>\n<meta name=\"twitter:creator\" content=\"@FiscaliaCol\" \/>\n<meta name=\"twitter:site\" content=\"@FiscaliaCol\" \/>\n<meta name=\"twitter:label1\" content=\"Escrito por\" \/>\n\t<meta name=\"twitter:data1\" content=\"dfgordillo\" \/>\n\t<meta name=\"twitter:label2\" content=\"Tiempo de lectura\" \/>\n\t<meta name=\"twitter:data2\" content=\"4 minutos\" \/>\n<script type=\"application\/ld+json\" class=\"yoast-schema-graph\">{\"@context\":\"https:\/\/schema.org\",\"@graph\":[{\"@type\":\"Article\",\"@id\":\"https:\/\/www.fiscalia.gov.co\/colombia\/noticias\/comunicado-087\/#article\",\"isPartOf\":{\"@id\":\"https:\/\/www.fiscalia.gov.co\/colombia\/noticias\/comunicado-087\/\"},\"author\":{\"name\":\"dfgordillo\",\"@id\":\"https:\/\/www.fiscalia.gov.co\/colombia\/#\/schema\/person\/3903856a3ce2d54b094c69eb29247895\"},\"headline\":\"Comunicado de prensa 087\",\"datePublished\":\"2015-04-14T16:26:24+00:00\",\"dateModified\":\"2015-04-14T16:29:48+00:00\",\"mainEntityOfPage\":{\"@id\":\"https:\/\/www.fiscalia.gov.co\/colombia\/noticias\/comunicado-087\/\"},\"wordCount\":737,\"publisher\":{\"@id\":\"https:\/\/www.fiscalia.gov.co\/colombia\/#organization\"},\"articleSection\":[\"Noticias\"],\"inLanguage\":\"es-CO\"},{\"@type\":\"WebPage\",\"@id\":\"https:\/\/www.fiscalia.gov.co\/colombia\/noticias\/comunicado-087\/\",\"url\":\"https:\/\/www.fiscalia.gov.co\/colombia\/noticias\/comunicado-087\/\",\"name\":\"Fiscal\u00eda General de la Naci\u00f3n\",\"isPartOf\":{\"@id\":\"https:\/\/www.fiscalia.gov.co\/colombia\/#website\"},\"datePublished\":\"2015-04-14T16:26:24+00:00\",\"dateModified\":\"2015-04-14T16:29:48+00:00\",\"description\":\"P\u00e1gina oficial de la Fiscal\u00eda General de la Naci\u00f3n \u2013 Colombia. Garantizamos el acceso efectivo a la justicia, la verdad y la reparaci\u00f3n de las v\u00edctimas de los delitos.\",\"breadcrumb\":{\"@id\":\"https:\/\/www.fiscalia.gov.co\/colombia\/noticias\/comunicado-087\/#breadcrumb\"},\"inLanguage\":\"es-CO\",\"potentialAction\":[{\"@type\":\"ReadAction\",\"target\":[\"https:\/\/www.fiscalia.gov.co\/colombia\/noticias\/comunicado-087\/\"]}]},{\"@type\":\"BreadcrumbList\",\"@id\":\"https:\/\/www.fiscalia.gov.co\/colombia\/noticias\/comunicado-087\/#breadcrumb\",\"itemListElement\":[{\"@type\":\"ListItem\",\"position\":1,\"name\":\"Home\",\"item\":\"https:\/\/www.fiscalia.gov.co\/colombia\/\"},{\"@type\":\"ListItem\",\"position\":2,\"name\":\"Comunicado de prensa 087\"}]},{\"@type\":\"WebSite\",\"@id\":\"https:\/\/www.fiscalia.gov.co\/colombia\/#website\",\"url\":\"https:\/\/www.fiscalia.gov.co\/colombia\/\",\"name\":\"Fiscal\u00eda General de la Naci\u00f3n\",\"description\":\"P\u00e1gina oficial de la Fiscal\u00eda General de la Naci\u00f3n \u2013 Colombia. Garantizamos el acceso efectivo a la justicia, la verdad y la reparaci\u00f3n de las v\u00edctimas de los delitos.\",\"publisher\":{\"@id\":\"https:\/\/www.fiscalia.gov.co\/colombia\/#organization\"},\"potentialAction\":[{\"@type\":\"SearchAction\",\"target\":{\"@type\":\"EntryPoint\",\"urlTemplate\":\"https:\/\/www.fiscalia.gov.co\/colombia\/?s={search_term_string}\"},\"query-input\":{\"@type\":\"PropertyValueSpecification\",\"valueRequired\":true,\"valueName\":\"search_term_string\"}}],\"inLanguage\":\"es-CO\"},{\"@type\":\"Organization\",\"@id\":\"https:\/\/www.fiscalia.gov.co\/colombia\/#organization\",\"name\":\"Fiscal\u00eda General de la Naci\u00f3n\",\"url\":\"https:\/\/www.fiscalia.gov.co\/colombia\/\",\"logo\":{\"@type\":\"ImageObject\",\"inLanguage\":\"es-CO\",\"@id\":\"https:\/\/www.fiscalia.gov.co\/colombia\/#\/schema\/logo\/image\/\",\"url\":\"https:\/\/www.fiscalia.gov.co\/colombia\/wp-content\/uploads\/LogoHorizontal_1.jpg\",\"contentUrl\":\"https:\/\/www.fiscalia.gov.co\/colombia\/wp-content\/uploads\/LogoHorizontal_1.jpg\",\"width\":300,\"height\":90,\"caption\":\"Fiscal\u00eda General de la Naci\u00f3n\"},\"image\":{\"@id\":\"https:\/\/www.fiscalia.gov.co\/colombia\/#\/schema\/logo\/image\/\"},\"sameAs\":[\"https:\/\/www.facebook.com\/FiscaliaCol\",\"https:\/\/x.com\/FiscaliaCol\",\"https:\/\/www.instagram.com\/fiscaliacol\",\"https:\/\/www.linkedin.com\/company\/fiscalia-general-de-la-naci-n\/\",\"https:\/\/youtube.com\/@fiscaliageneraldelanacion-4668?si=6nN79nyQICPU5iTh\"]},{\"@type\":\"Person\",\"@id\":\"https:\/\/www.fiscalia.gov.co\/colombia\/#\/schema\/person\/3903856a3ce2d54b094c69eb29247895\",\"name\":\"dfgordillo\",\"image\":{\"@type\":\"ImageObject\",\"inLanguage\":\"es-CO\",\"@id\":\"https:\/\/www.fiscalia.gov.co\/colombia\/#\/schema\/person\/image\/\",\"url\":\"https:\/\/secure.gravatar.com\/avatar\/b6356e21c5657c60757fe6fb9493e947?s=96&d=mm&r=g\",\"contentUrl\":\"https:\/\/secure.gravatar.com\/avatar\/b6356e21c5657c60757fe6fb9493e947?s=96&d=mm&r=g\",\"caption\":\"dfgordillo\"},\"sameAs\":[\"dfgordillo\"],\"url\":\"https:\/\/www.fiscalia.gov.co\/colombia\/author\/dfgordillo\/\"}]}<\/script>\n<!-- \/ Yoast SEO plugin. -->","yoast_head_json":{"title":"Fiscal\u00eda General de la Naci\u00f3n","description":"P\u00e1gina oficial de la Fiscal\u00eda General de la Naci\u00f3n \u2013 Colombia. Garantizamos el acceso efectivo a la justicia, la verdad y la reparaci\u00f3n de las v\u00edctimas de los delitos.","robots":{"index":"noindex","follow":"follow"},"og_locale":"es_ES","og_type":"article","og_title":"Fiscal\u00eda General de la Naci\u00f3n","og_description":"P\u00e1gina oficial de la Fiscal\u00eda General de la Naci\u00f3n \u2013 Colombia. Garantizamos el acceso efectivo a la justicia, la verdad y la reparaci\u00f3n de las v\u00edctimas de los delitos.","og_url":"https:\/\/www.fiscalia.gov.co\/colombia\/noticias\/comunicado-087\/","og_site_name":"Fiscal\u00eda General de la Naci\u00f3n","article_publisher":"https:\/\/www.facebook.com\/FiscaliaCol","article_published_time":"2015-04-14T16:26:24+00:00","article_modified_time":"2015-04-14T16:29:48+00:00","author":"dfgordillo","twitter_card":"summary_large_image","twitter_creator":"@FiscaliaCol","twitter_site":"@FiscaliaCol","twitter_misc":{"Escrito por":"dfgordillo","Tiempo de lectura":"4 minutos"},"schema":{"@context":"https:\/\/schema.org","@graph":[{"@type":"Article","@id":"https:\/\/www.fiscalia.gov.co\/colombia\/noticias\/comunicado-087\/#article","isPartOf":{"@id":"https:\/\/www.fiscalia.gov.co\/colombia\/noticias\/comunicado-087\/"},"author":{"name":"dfgordillo","@id":"https:\/\/www.fiscalia.gov.co\/colombia\/#\/schema\/person\/3903856a3ce2d54b094c69eb29247895"},"headline":"Comunicado de prensa 087","datePublished":"2015-04-14T16:26:24+00:00","dateModified":"2015-04-14T16:29:48+00:00","mainEntityOfPage":{"@id":"https:\/\/www.fiscalia.gov.co\/colombia\/noticias\/comunicado-087\/"},"wordCount":737,"publisher":{"@id":"https:\/\/www.fiscalia.gov.co\/colombia\/#organization"},"articleSection":["Noticias"],"inLanguage":"es-CO"},{"@type":"WebPage","@id":"https:\/\/www.fiscalia.gov.co\/colombia\/noticias\/comunicado-087\/","url":"https:\/\/www.fiscalia.gov.co\/colombia\/noticias\/comunicado-087\/","name":"Fiscal\u00eda General de la Naci\u00f3n","isPartOf":{"@id":"https:\/\/www.fiscalia.gov.co\/colombia\/#website"},"datePublished":"2015-04-14T16:26:24+00:00","dateModified":"2015-04-14T16:29:48+00:00","description":"P\u00e1gina oficial de la Fiscal\u00eda General de la Naci\u00f3n \u2013 Colombia. Garantizamos el acceso efectivo a la justicia, la verdad y la reparaci\u00f3n de las v\u00edctimas de los delitos.","breadcrumb":{"@id":"https:\/\/www.fiscalia.gov.co\/colombia\/noticias\/comunicado-087\/#breadcrumb"},"inLanguage":"es-CO","potentialAction":[{"@type":"ReadAction","target":["https:\/\/www.fiscalia.gov.co\/colombia\/noticias\/comunicado-087\/"]}]},{"@type":"BreadcrumbList","@id":"https:\/\/www.fiscalia.gov.co\/colombia\/noticias\/comunicado-087\/#breadcrumb","itemListElement":[{"@type":"ListItem","position":1,"name":"Home","item":"https:\/\/www.fiscalia.gov.co\/colombia\/"},{"@type":"ListItem","position":2,"name":"Comunicado de prensa 087"}]},{"@type":"WebSite","@id":"https:\/\/www.fiscalia.gov.co\/colombia\/#website","url":"https:\/\/www.fiscalia.gov.co\/colombia\/","name":"Fiscal\u00eda General de la Naci\u00f3n","description":"P\u00e1gina oficial de la Fiscal\u00eda General de la Naci\u00f3n \u2013 Colombia. Garantizamos el acceso efectivo a la justicia, la verdad y la reparaci\u00f3n de las v\u00edctimas de los delitos.","publisher":{"@id":"https:\/\/www.fiscalia.gov.co\/colombia\/#organization"},"potentialAction":[{"@type":"SearchAction","target":{"@type":"EntryPoint","urlTemplate":"https:\/\/www.fiscalia.gov.co\/colombia\/?s={search_term_string}"},"query-input":{"@type":"PropertyValueSpecification","valueRequired":true,"valueName":"search_term_string"}}],"inLanguage":"es-CO"},{"@type":"Organization","@id":"https:\/\/www.fiscalia.gov.co\/colombia\/#organization","name":"Fiscal\u00eda General de la Naci\u00f3n","url":"https:\/\/www.fiscalia.gov.co\/colombia\/","logo":{"@type":"ImageObject","inLanguage":"es-CO","@id":"https:\/\/www.fiscalia.gov.co\/colombia\/#\/schema\/logo\/image\/","url":"https:\/\/www.fiscalia.gov.co\/colombia\/wp-content\/uploads\/LogoHorizontal_1.jpg","contentUrl":"https:\/\/www.fiscalia.gov.co\/colombia\/wp-content\/uploads\/LogoHorizontal_1.jpg","width":300,"height":90,"caption":"Fiscal\u00eda General de la Naci\u00f3n"},"image":{"@id":"https:\/\/www.fiscalia.gov.co\/colombia\/#\/schema\/logo\/image\/"},"sameAs":["https:\/\/www.facebook.com\/FiscaliaCol","https:\/\/x.com\/FiscaliaCol","https:\/\/www.instagram.com\/fiscaliacol","https:\/\/www.linkedin.com\/company\/fiscalia-general-de-la-naci-n\/","https:\/\/youtube.com\/@fiscaliageneraldelanacion-4668?si=6nN79nyQICPU5iTh"]},{"@type":"Person","@id":"https:\/\/www.fiscalia.gov.co\/colombia\/#\/schema\/person\/3903856a3ce2d54b094c69eb29247895","name":"dfgordillo","image":{"@type":"ImageObject","inLanguage":"es-CO","@id":"https:\/\/www.fiscalia.gov.co\/colombia\/#\/schema\/person\/image\/","url":"https:\/\/secure.gravatar.com\/avatar\/b6356e21c5657c60757fe6fb9493e947?s=96&d=mm&r=g","contentUrl":"https:\/\/secure.gravatar.com\/avatar\/b6356e21c5657c60757fe6fb9493e947?s=96&d=mm&r=g","caption":"dfgordillo"},"sameAs":["dfgordillo"],"url":"https:\/\/www.fiscalia.gov.co\/colombia\/author\/dfgordillo\/"}]}},"_links":{"self":[{"href":"https:\/\/www.fiscalia.gov.co\/colombia\/wp-json\/wp\/v2\/posts\/65529","targetHints":{"allow":["GET"]}}],"collection":[{"href":"https:\/\/www.fiscalia.gov.co\/colombia\/wp-json\/wp\/v2\/posts"}],"about":[{"href":"https:\/\/www.fiscalia.gov.co\/colombia\/wp-json\/wp\/v2\/types\/post"}],"author":[{"embeddable":true,"href":"https:\/\/www.fiscalia.gov.co\/colombia\/wp-json\/wp\/v2\/users\/143"}],"replies":[{"embeddable":true,"href":"https:\/\/www.fiscalia.gov.co\/colombia\/wp-json\/wp\/v2\/comments?post=65529"}],"version-history":[{"count":3,"href":"https:\/\/www.fiscalia.gov.co\/colombia\/wp-json\/wp\/v2\/posts\/65529\/revisions"}],"predecessor-version":[{"id":65531,"href":"https:\/\/www.fiscalia.gov.co\/colombia\/wp-json\/wp\/v2\/posts\/65529\/revisions\/65531"}],"wp:attachment":[{"href":"https:\/\/www.fiscalia.gov.co\/colombia\/wp-json\/wp\/v2\/media?parent=65529"}],"wp:term":[{"taxonomy":"category","embeddable":true,"href":"https:\/\/www.fiscalia.gov.co\/colombia\/wp-json\/wp\/v2\/categories?post=65529"},{"taxonomy":"post_tag","embeddable":true,"href":"https:\/\/www.fiscalia.gov.co\/colombia\/wp-json\/wp\/v2\/tags?post=65529"}],"curies":[{"name":"wp","href":"https:\/\/api.w.org\/{rel}","templated":true}]}}