{"id":65482,"date":"2015-04-13T16:29:38","date_gmt":"2015-04-13T21:29:38","guid":{"rendered":"http:\/\/www.fiscalia.gov.co\/colombia\/?p=65482"},"modified":"2015-04-13T16:29:38","modified_gmt":"2015-04-13T21:29:38","slug":"condenada-hija-y-yerno-de-gilberto-rodriguez-orejuela-por-extorsion","status":"publish","type":"post","link":"https:\/\/www.fiscalia.gov.co\/colombia\/noticias\/condenada-hija-y-yerno-de-gilberto-rodriguez-orejuela-por-extorsion\/","title":{"rendered":"Condenada hija y yerno de Gilberto Rodr\u00edguez Orejuela por extorsi\u00f3n"},"content":{"rendered":"<p>Mar\u00eda Alexandra Rodr\u00edguez Mondrag\u00f3n y Andr\u00e9s Felipe Roa Guti\u00e9rrez, hija y yerno respectivamente de Gilberto Rodr\u00edguez Orejuela, fueron condenados a 48 meses de prisi\u00f3n y multa de 1000 salarios m\u00ednimos legales mensuales vigentes, como responsables del delito de extorsi\u00f3n agravada.<\/p>\n<p>La decisi\u00f3n obedece al preacuerdo suscrito entre la Fiscal\u00eda y la defensa de los procesados, el cual fue avalado por el Juzgado Primero Penal del Circuito de Bogot\u00e1, con funci\u00f3n de conocimiento.<\/p>\n<p>Con la sentencia tambi\u00e9n fueron afectados, en las mismas condiciones, Luis Faver Osorio y Ramiro de Jes\u00fas Zuluaga L\u00f3pez.<\/p>\n<p>Seg\u00fan la investigaci\u00f3n de la Fiscal\u00eda 77\u00a0de la Direcci\u00f3n Nacional Especializada contra el Crimen Organizado, los hoy condenados participaron en los hechos ocurridos entre 2012 y 2013, cuando la v\u00edctima hizo la entrega de cinco propiedades a cambio de una finca en zona rural de la localidad de Barrancas, en el municipio de Palmira (Valle del Cauca).<\/p>\n<p>Se conoci\u00f3 que el 26 de noviembre del 2012, Ramiro Zuluaga L\u00f3pez, quien hab\u00eda negociado la finca con la v\u00edctima, le presenta a alias el Canoso, quien le comunica que\u00a0esa finca que hab\u00eda negociado lo ten\u00eda en problemas, ya que era propiedad de los \u201cR\u201d, es decir los Rodr\u00edguez Orejuela.<\/p>\n<p>La v\u00edctima le pregunta a Ramiro Zuluaga sobre esa situaci\u00f3n, ante lo cual responde que \u00e9l est\u00e1 haciendo lo posible para que no le den muerte, ya que las propiedades de los \u201cR\u201d nadie las toca.<\/p>\n<p>Atemorizado por la situaci\u00f3n una y otra vez, el comprador expresa su deseo de entregar el predio sin ning\u00fan problema, pero de nuevo es constre\u00f1ido para que cancele por lo menos mil millones de pesos, a cambio de no atentar contra su vida o la de sus familiares.<\/p>\n<p>En por lo menos tres ocasiones la v\u00edctima fue citada en distintas partes de centros comerciales de la ciudad de Cali (Valle del Cauca), citas a las cuales siempre acudi\u00f3 Alexandra Rodr\u00edguez, al igual que su esposo Andr\u00e9s Felipe Roa Guti\u00e9rrez, quienes se encargaban de presionar el pago del dinero.<\/p>\n<p>La v\u00edctima, en dichas ocasiones durante el 2012, hizo entrega de 275 millones de pesos, pero sigui\u00f3 siendo presionado para que cubriera el monto total exigido. No obstante, luego de ser amenazado y constre\u00f1ido para que pagara la totalidad del dinero, firm\u00f3 tres letras en las que se compromet\u00eda a cancelar los mil millones en varias cuotas; pero ante la dif\u00edcil situaci\u00f3n decidi\u00f3 abandonar el pa\u00eds, junto con su familia.<\/p>\n<p>A comienzos del 2014, una vez fuera del pa\u00eds,\u00a0 la v\u00edctima comenz\u00f3 a realizar las denuncias correspondientes, y la Fiscal\u00eda General de la Naci\u00f3n inici\u00f3 una investigaci\u00f3n que permiti\u00f3\u00a0 conocer pormenores de los hechos, llegando a establecer que la hija de Gilberto Rodr\u00edguez Orejuela, Alexandra Rodr\u00edguez, pese a tener prisi\u00f3n domiciliaria y ser vigilada con\u00a0brazalete electr\u00f3nico, acud\u00eda junto con su esposo a cada una de las citas para\u00a0 presionar el pago del dinero.<\/p>\n<p>Los sentenciados permanecen privados de la libertad, pues el juez en su providencia neg\u00f3 cualquier beneficio como la suspensi\u00f3n condicional de la pena o la prisi\u00f3n domiciliaria.<\/p>\n<p>&nbsp;<\/p>\n<p>DLBM<\/p>\n\n<div class=\"twitter-share\"><a href=\"https:\/\/twitter.com\/intent\/tweet?via=fiscaliacol\" class=\"twitter-share-button\">Tweet<\/a><\/div>\n","protected":false},"excerpt":{"rendered":"<p>Mar\u00eda Alexandra Rodr\u00edguez Mondrag\u00f3n y Andr\u00e9s Felipe Roa Guti\u00e9rrez, hija y yerno respectivamente de Gilberto Rodr\u00edguez Orejuela, fueron condenados a 48 meses de prisi\u00f3n y multa de 1000 salarios m\u00ednimos [&hellip;]<\/p>\n","protected":false},"author":143,"featured_media":0,"comment_status":"closed","ping_status":"open","sticky":false,"template":"","format":"standard","meta":{"tdm_status":"","tdm_grid_status":"","footnotes":""},"categories":[1],"tags":[935,9679,12156],"class_list":["post-65482","post","type-post","status-publish","format-standard","category-noticias","tag-extorsion","tag-gilberto-rodriguez-orejuela","tag-hija"],"yoast_head":"<!-- This site is optimized with the Yoast SEO plugin v24.3 - https:\/\/yoast.com\/wordpress\/plugins\/seo\/ -->\n<title>Fiscal\u00eda General de la Naci\u00f3n<\/title>\n<meta name=\"description\" content=\"P\u00e1gina oficial de la Fiscal\u00eda General de la Naci\u00f3n \u2013 Colombia. Garantizamos el acceso efectivo a la justicia, la verdad y la reparaci\u00f3n de las v\u00edctimas de los delitos.\" \/>\n<meta name=\"robots\" content=\"noindex, follow\" \/>\n<meta property=\"og:locale\" content=\"es_ES\" \/>\n<meta property=\"og:type\" content=\"article\" \/>\n<meta property=\"og:title\" content=\"Fiscal\u00eda General de la Naci\u00f3n\" \/>\n<meta property=\"og:description\" content=\"P\u00e1gina oficial de la Fiscal\u00eda General de la Naci\u00f3n \u2013 Colombia. Garantizamos el acceso efectivo a la justicia, la verdad y la reparaci\u00f3n de las v\u00edctimas de los delitos.\" \/>\n<meta property=\"og:url\" content=\"https:\/\/www.fiscalia.gov.co\/colombia\/noticias\/condenada-hija-y-yerno-de-gilberto-rodriguez-orejuela-por-extorsion\/\" \/>\n<meta property=\"og:site_name\" content=\"Fiscal\u00eda General de la Naci\u00f3n\" \/>\n<meta property=\"article:publisher\" content=\"https:\/\/www.facebook.com\/FiscaliaCol\" \/>\n<meta property=\"article:published_time\" content=\"2015-04-13T21:29:38+00:00\" \/>\n<meta name=\"author\" content=\"dfgordillo\" \/>\n<meta name=\"twitter:card\" content=\"summary_large_image\" \/>\n<meta name=\"twitter:creator\" content=\"@FiscaliaCol\" \/>\n<meta name=\"twitter:site\" content=\"@FiscaliaCol\" \/>\n<meta name=\"twitter:label1\" content=\"Escrito por\" \/>\n\t<meta name=\"twitter:data1\" content=\"dfgordillo\" \/>\n\t<meta name=\"twitter:label2\" content=\"Tiempo de lectura\" \/>\n\t<meta name=\"twitter:data2\" content=\"3 minutos\" \/>\n<script type=\"application\/ld+json\" class=\"yoast-schema-graph\">{\"@context\":\"https:\/\/schema.org\",\"@graph\":[{\"@type\":\"Article\",\"@id\":\"https:\/\/www.fiscalia.gov.co\/colombia\/noticias\/condenada-hija-y-yerno-de-gilberto-rodriguez-orejuela-por-extorsion\/#article\",\"isPartOf\":{\"@id\":\"https:\/\/www.fiscalia.gov.co\/colombia\/noticias\/condenada-hija-y-yerno-de-gilberto-rodriguez-orejuela-por-extorsion\/\"},\"author\":{\"name\":\"dfgordillo\",\"@id\":\"https:\/\/www.fiscalia.gov.co\/colombia\/#\/schema\/person\/3903856a3ce2d54b094c69eb29247895\"},\"headline\":\"Condenada hija y yerno de Gilberto Rodr\u00edguez Orejuela por extorsi\u00f3n\",\"datePublished\":\"2015-04-13T21:29:38+00:00\",\"dateModified\":\"2015-04-13T21:29:38+00:00\",\"mainEntityOfPage\":{\"@id\":\"https:\/\/www.fiscalia.gov.co\/colombia\/noticias\/condenada-hija-y-yerno-de-gilberto-rodriguez-orejuela-por-extorsion\/\"},\"wordCount\":562,\"publisher\":{\"@id\":\"https:\/\/www.fiscalia.gov.co\/colombia\/#organization\"},\"keywords\":[\"Extorsi\u00f3n\",\"Gilberto Rodr\u00edguez Orejuela\",\"Hija\"],\"articleSection\":[\"Noticias\"],\"inLanguage\":\"es-CO\"},{\"@type\":\"WebPage\",\"@id\":\"https:\/\/www.fiscalia.gov.co\/colombia\/noticias\/condenada-hija-y-yerno-de-gilberto-rodriguez-orejuela-por-extorsion\/\",\"url\":\"https:\/\/www.fiscalia.gov.co\/colombia\/noticias\/condenada-hija-y-yerno-de-gilberto-rodriguez-orejuela-por-extorsion\/\",\"name\":\"Fiscal\u00eda General de la Naci\u00f3n\",\"isPartOf\":{\"@id\":\"https:\/\/www.fiscalia.gov.co\/colombia\/#website\"},\"datePublished\":\"2015-04-13T21:29:38+00:00\",\"dateModified\":\"2015-04-13T21:29:38+00:00\",\"description\":\"P\u00e1gina oficial de la Fiscal\u00eda General de la Naci\u00f3n \u2013 Colombia. Garantizamos el acceso efectivo a la justicia, la verdad y la reparaci\u00f3n de las v\u00edctimas de los delitos.\",\"breadcrumb\":{\"@id\":\"https:\/\/www.fiscalia.gov.co\/colombia\/noticias\/condenada-hija-y-yerno-de-gilberto-rodriguez-orejuela-por-extorsion\/#breadcrumb\"},\"inLanguage\":\"es-CO\",\"potentialAction\":[{\"@type\":\"ReadAction\",\"target\":[\"https:\/\/www.fiscalia.gov.co\/colombia\/noticias\/condenada-hija-y-yerno-de-gilberto-rodriguez-orejuela-por-extorsion\/\"]}]},{\"@type\":\"BreadcrumbList\",\"@id\":\"https:\/\/www.fiscalia.gov.co\/colombia\/noticias\/condenada-hija-y-yerno-de-gilberto-rodriguez-orejuela-por-extorsion\/#breadcrumb\",\"itemListElement\":[{\"@type\":\"ListItem\",\"position\":1,\"name\":\"Home\",\"item\":\"https:\/\/www.fiscalia.gov.co\/colombia\/\"},{\"@type\":\"ListItem\",\"position\":2,\"name\":\"Condenada hija y yerno de Gilberto Rodr\u00edguez Orejuela por extorsi\u00f3n\"}]},{\"@type\":\"WebSite\",\"@id\":\"https:\/\/www.fiscalia.gov.co\/colombia\/#website\",\"url\":\"https:\/\/www.fiscalia.gov.co\/colombia\/\",\"name\":\"Fiscal\u00eda General de la Naci\u00f3n\",\"description\":\"P\u00e1gina oficial de la Fiscal\u00eda General de la Naci\u00f3n \u2013 Colombia. Garantizamos el acceso efectivo a la justicia, la verdad y la reparaci\u00f3n de las v\u00edctimas de los delitos.\",\"publisher\":{\"@id\":\"https:\/\/www.fiscalia.gov.co\/colombia\/#organization\"},\"potentialAction\":[{\"@type\":\"SearchAction\",\"target\":{\"@type\":\"EntryPoint\",\"urlTemplate\":\"https:\/\/www.fiscalia.gov.co\/colombia\/?s={search_term_string}\"},\"query-input\":{\"@type\":\"PropertyValueSpecification\",\"valueRequired\":true,\"valueName\":\"search_term_string\"}}],\"inLanguage\":\"es-CO\"},{\"@type\":\"Organization\",\"@id\":\"https:\/\/www.fiscalia.gov.co\/colombia\/#organization\",\"name\":\"Fiscal\u00eda General de la Naci\u00f3n\",\"url\":\"https:\/\/www.fiscalia.gov.co\/colombia\/\",\"logo\":{\"@type\":\"ImageObject\",\"inLanguage\":\"es-CO\",\"@id\":\"https:\/\/www.fiscalia.gov.co\/colombia\/#\/schema\/logo\/image\/\",\"url\":\"https:\/\/www.fiscalia.gov.co\/colombia\/wp-content\/uploads\/LogoHorizontal_1.jpg\",\"contentUrl\":\"https:\/\/www.fiscalia.gov.co\/colombia\/wp-content\/uploads\/LogoHorizontal_1.jpg\",\"width\":300,\"height\":90,\"caption\":\"Fiscal\u00eda General de la Naci\u00f3n\"},\"image\":{\"@id\":\"https:\/\/www.fiscalia.gov.co\/colombia\/#\/schema\/logo\/image\/\"},\"sameAs\":[\"https:\/\/www.facebook.com\/FiscaliaCol\",\"https:\/\/x.com\/FiscaliaCol\",\"https:\/\/www.instagram.com\/fiscaliacol\",\"https:\/\/www.linkedin.com\/company\/fiscalia-general-de-la-naci-n\/\",\"https:\/\/youtube.com\/@fiscaliageneraldelanacion-4668?si=6nN79nyQICPU5iTh\"]},{\"@type\":\"Person\",\"@id\":\"https:\/\/www.fiscalia.gov.co\/colombia\/#\/schema\/person\/3903856a3ce2d54b094c69eb29247895\",\"name\":\"dfgordillo\",\"image\":{\"@type\":\"ImageObject\",\"inLanguage\":\"es-CO\",\"@id\":\"https:\/\/www.fiscalia.gov.co\/colombia\/#\/schema\/person\/image\/\",\"url\":\"https:\/\/secure.gravatar.com\/avatar\/b6356e21c5657c60757fe6fb9493e947?s=96&d=mm&r=g\",\"contentUrl\":\"https:\/\/secure.gravatar.com\/avatar\/b6356e21c5657c60757fe6fb9493e947?s=96&d=mm&r=g\",\"caption\":\"dfgordillo\"},\"sameAs\":[\"dfgordillo\"],\"url\":\"https:\/\/www.fiscalia.gov.co\/colombia\/author\/dfgordillo\/\"}]}<\/script>\n<!-- \/ Yoast SEO plugin. -->","yoast_head_json":{"title":"Fiscal\u00eda General de la Naci\u00f3n","description":"P\u00e1gina oficial de la Fiscal\u00eda General de la Naci\u00f3n \u2013 Colombia. Garantizamos el acceso efectivo a la justicia, la verdad y la reparaci\u00f3n de las v\u00edctimas de los delitos.","robots":{"index":"noindex","follow":"follow"},"og_locale":"es_ES","og_type":"article","og_title":"Fiscal\u00eda General de la Naci\u00f3n","og_description":"P\u00e1gina oficial de la Fiscal\u00eda General de la Naci\u00f3n \u2013 Colombia. Garantizamos el acceso efectivo a la justicia, la verdad y la reparaci\u00f3n de las v\u00edctimas de los delitos.","og_url":"https:\/\/www.fiscalia.gov.co\/colombia\/noticias\/condenada-hija-y-yerno-de-gilberto-rodriguez-orejuela-por-extorsion\/","og_site_name":"Fiscal\u00eda General de la Naci\u00f3n","article_publisher":"https:\/\/www.facebook.com\/FiscaliaCol","article_published_time":"2015-04-13T21:29:38+00:00","author":"dfgordillo","twitter_card":"summary_large_image","twitter_creator":"@FiscaliaCol","twitter_site":"@FiscaliaCol","twitter_misc":{"Escrito por":"dfgordillo","Tiempo de lectura":"3 minutos"},"schema":{"@context":"https:\/\/schema.org","@graph":[{"@type":"Article","@id":"https:\/\/www.fiscalia.gov.co\/colombia\/noticias\/condenada-hija-y-yerno-de-gilberto-rodriguez-orejuela-por-extorsion\/#article","isPartOf":{"@id":"https:\/\/www.fiscalia.gov.co\/colombia\/noticias\/condenada-hija-y-yerno-de-gilberto-rodriguez-orejuela-por-extorsion\/"},"author":{"name":"dfgordillo","@id":"https:\/\/www.fiscalia.gov.co\/colombia\/#\/schema\/person\/3903856a3ce2d54b094c69eb29247895"},"headline":"Condenada hija y yerno de Gilberto Rodr\u00edguez Orejuela por extorsi\u00f3n","datePublished":"2015-04-13T21:29:38+00:00","dateModified":"2015-04-13T21:29:38+00:00","mainEntityOfPage":{"@id":"https:\/\/www.fiscalia.gov.co\/colombia\/noticias\/condenada-hija-y-yerno-de-gilberto-rodriguez-orejuela-por-extorsion\/"},"wordCount":562,"publisher":{"@id":"https:\/\/www.fiscalia.gov.co\/colombia\/#organization"},"keywords":["Extorsi\u00f3n","Gilberto Rodr\u00edguez Orejuela","Hija"],"articleSection":["Noticias"],"inLanguage":"es-CO"},{"@type":"WebPage","@id":"https:\/\/www.fiscalia.gov.co\/colombia\/noticias\/condenada-hija-y-yerno-de-gilberto-rodriguez-orejuela-por-extorsion\/","url":"https:\/\/www.fiscalia.gov.co\/colombia\/noticias\/condenada-hija-y-yerno-de-gilberto-rodriguez-orejuela-por-extorsion\/","name":"Fiscal\u00eda General de la Naci\u00f3n","isPartOf":{"@id":"https:\/\/www.fiscalia.gov.co\/colombia\/#website"},"datePublished":"2015-04-13T21:29:38+00:00","dateModified":"2015-04-13T21:29:38+00:00","description":"P\u00e1gina oficial de la Fiscal\u00eda General de la Naci\u00f3n \u2013 Colombia. Garantizamos el acceso efectivo a la justicia, la verdad y la reparaci\u00f3n de las v\u00edctimas de los delitos.","breadcrumb":{"@id":"https:\/\/www.fiscalia.gov.co\/colombia\/noticias\/condenada-hija-y-yerno-de-gilberto-rodriguez-orejuela-por-extorsion\/#breadcrumb"},"inLanguage":"es-CO","potentialAction":[{"@type":"ReadAction","target":["https:\/\/www.fiscalia.gov.co\/colombia\/noticias\/condenada-hija-y-yerno-de-gilberto-rodriguez-orejuela-por-extorsion\/"]}]},{"@type":"BreadcrumbList","@id":"https:\/\/www.fiscalia.gov.co\/colombia\/noticias\/condenada-hija-y-yerno-de-gilberto-rodriguez-orejuela-por-extorsion\/#breadcrumb","itemListElement":[{"@type":"ListItem","position":1,"name":"Home","item":"https:\/\/www.fiscalia.gov.co\/colombia\/"},{"@type":"ListItem","position":2,"name":"Condenada hija y yerno de Gilberto Rodr\u00edguez Orejuela por extorsi\u00f3n"}]},{"@type":"WebSite","@id":"https:\/\/www.fiscalia.gov.co\/colombia\/#website","url":"https:\/\/www.fiscalia.gov.co\/colombia\/","name":"Fiscal\u00eda General de la Naci\u00f3n","description":"P\u00e1gina oficial de la Fiscal\u00eda General de la Naci\u00f3n \u2013 Colombia. Garantizamos el acceso efectivo a la justicia, la verdad y la reparaci\u00f3n de las v\u00edctimas de los delitos.","publisher":{"@id":"https:\/\/www.fiscalia.gov.co\/colombia\/#organization"},"potentialAction":[{"@type":"SearchAction","target":{"@type":"EntryPoint","urlTemplate":"https:\/\/www.fiscalia.gov.co\/colombia\/?s={search_term_string}"},"query-input":{"@type":"PropertyValueSpecification","valueRequired":true,"valueName":"search_term_string"}}],"inLanguage":"es-CO"},{"@type":"Organization","@id":"https:\/\/www.fiscalia.gov.co\/colombia\/#organization","name":"Fiscal\u00eda General de la Naci\u00f3n","url":"https:\/\/www.fiscalia.gov.co\/colombia\/","logo":{"@type":"ImageObject","inLanguage":"es-CO","@id":"https:\/\/www.fiscalia.gov.co\/colombia\/#\/schema\/logo\/image\/","url":"https:\/\/www.fiscalia.gov.co\/colombia\/wp-content\/uploads\/LogoHorizontal_1.jpg","contentUrl":"https:\/\/www.fiscalia.gov.co\/colombia\/wp-content\/uploads\/LogoHorizontal_1.jpg","width":300,"height":90,"caption":"Fiscal\u00eda General de la Naci\u00f3n"},"image":{"@id":"https:\/\/www.fiscalia.gov.co\/colombia\/#\/schema\/logo\/image\/"},"sameAs":["https:\/\/www.facebook.com\/FiscaliaCol","https:\/\/x.com\/FiscaliaCol","https:\/\/www.instagram.com\/fiscaliacol","https:\/\/www.linkedin.com\/company\/fiscalia-general-de-la-naci-n\/","https:\/\/youtube.com\/@fiscaliageneraldelanacion-4668?si=6nN79nyQICPU5iTh"]},{"@type":"Person","@id":"https:\/\/www.fiscalia.gov.co\/colombia\/#\/schema\/person\/3903856a3ce2d54b094c69eb29247895","name":"dfgordillo","image":{"@type":"ImageObject","inLanguage":"es-CO","@id":"https:\/\/www.fiscalia.gov.co\/colombia\/#\/schema\/person\/image\/","url":"https:\/\/secure.gravatar.com\/avatar\/b6356e21c5657c60757fe6fb9493e947?s=96&d=mm&r=g","contentUrl":"https:\/\/secure.gravatar.com\/avatar\/b6356e21c5657c60757fe6fb9493e947?s=96&d=mm&r=g","caption":"dfgordillo"},"sameAs":["dfgordillo"],"url":"https:\/\/www.fiscalia.gov.co\/colombia\/author\/dfgordillo\/"}]}},"_links":{"self":[{"href":"https:\/\/www.fiscalia.gov.co\/colombia\/wp-json\/wp\/v2\/posts\/65482","targetHints":{"allow":["GET"]}}],"collection":[{"href":"https:\/\/www.fiscalia.gov.co\/colombia\/wp-json\/wp\/v2\/posts"}],"about":[{"href":"https:\/\/www.fiscalia.gov.co\/colombia\/wp-json\/wp\/v2\/types\/post"}],"author":[{"embeddable":true,"href":"https:\/\/www.fiscalia.gov.co\/colombia\/wp-json\/wp\/v2\/users\/143"}],"replies":[{"embeddable":true,"href":"https:\/\/www.fiscalia.gov.co\/colombia\/wp-json\/wp\/v2\/comments?post=65482"}],"version-history":[{"count":2,"href":"https:\/\/www.fiscalia.gov.co\/colombia\/wp-json\/wp\/v2\/posts\/65482\/revisions"}],"predecessor-version":[{"id":65484,"href":"https:\/\/www.fiscalia.gov.co\/colombia\/wp-json\/wp\/v2\/posts\/65482\/revisions\/65484"}],"wp:attachment":[{"href":"https:\/\/www.fiscalia.gov.co\/colombia\/wp-json\/wp\/v2\/media?parent=65482"}],"wp:term":[{"taxonomy":"category","embeddable":true,"href":"https:\/\/www.fiscalia.gov.co\/colombia\/wp-json\/wp\/v2\/categories?post=65482"},{"taxonomy":"post_tag","embeddable":true,"href":"https:\/\/www.fiscalia.gov.co\/colombia\/wp-json\/wp\/v2\/tags?post=65482"}],"curies":[{"name":"wp","href":"https:\/\/api.w.org\/{rel}","templated":true}]}}