{"id":65473,"date":"2015-04-13T13:52:28","date_gmt":"2015-04-13T18:52:28","guid":{"rendered":"http:\/\/www.fiscalia.gov.co\/colombia\/?p=65473"},"modified":"2015-04-13T13:52:28","modified_gmt":"2015-04-13T18:52:28","slug":"fiscalia-de-colombia-y-procuraduria-de-mexico-buscan-establecer-si-hay-colombianos-en-matanza-ocurrida-en-tamaulipas","status":"publish","type":"post","link":"https:\/\/www.fiscalia.gov.co\/colombia\/noticias\/fiscalia-de-colombia-y-procuraduria-de-mexico-buscan-establecer-si-hay-colombianos-en-matanza-ocurrida-en-tamaulipas\/","title":{"rendered":"Fiscal\u00eda de Colombia y Procuradur\u00eda de M\u00e9xico buscan establecer si hay colombianos en matanza ocurrida en Tamaulipas"},"content":{"rendered":"<p>Para determinar si hay colombianos entre las v\u00edctimas de una matanza ocurrida en el municipio de San Fernando, estado de Tamaulipas (M\u00e9xico), la Fiscal\u00eda General de la Naci\u00f3n realiz\u00f3 una solicitud a la Procuradur\u00eda General de la Rep\u00fablica de M\u00e9xico para que ampl\u00eden informaci\u00f3n sobre los cotejos de elementos de identificaci\u00f3n preliminares hallados en los cuerpos de las v\u00edctimas.<span style=\"font-size: 13px;\">\u00a0<\/span><\/p>\n<p>La masacre se present\u00f3 en el mes de agosto del 2010 y se supo de ella cuando un inmigrante sobreviviente contact\u00f3 a las autoridades mexicanas y les dijo que cuando un grupo grande de personas trataba de llegar a Estados Unidos hab\u00edan sido interceptados por hombres armados que les ofrecieron trabajo como sicarios.<span style=\"font-size: 13px;\">\u00a0<\/span><\/p>\n<p>Cuando se negaron, les dispararon. Setenta y dos personas, 58 hombres y 14 mujeres,\u00a0 murieron. De estas, de acuerdo con la Procuradur\u00eda General de M\u00e9xico, hay 11 cad\u00e1veres sin identificar.<span style=\"font-size: 13px;\">\u00a0<\/span><\/p>\n<p>Por esta muerte, siete hombres est\u00e1n siendo investigados penalmente por el delito de homicidio calificado, como lo describe el c\u00f3digo penal\u00a0 mexicano.<span style=\"font-size: 13px;\">\u00a0<\/span><\/p>\n<p>Las autoridades de M\u00e9xico remitieron una solicitud para recibir apoyo de sus hom\u00f3logas colombianas les ayuden. La idea es que personas con parientes con los cuales hayan perdido contacto y su destino hubiese sido Estados Unidos pasando por territorio mexicano en el per\u00edodo comprendido entre el 1\u00ba de enero y el 23 de agosto del 2010 se pongan en contacto con las autoridades colombianas y entreguen documentaci\u00f3n, fotograf\u00edas, muestras biol\u00f3gicas de sangre, saliva o cabello, entre otras, para hacer los cotejos.<span style=\"font-size: 13px;\">\u00a0<\/span><\/p>\n<p>En la petici\u00f3n de la Fiscal\u00eda a la Procuradur\u00eda General de la Rep\u00fablica de M\u00e9xico se les pide que para poder realizar la labor para la cual requieren ayuda env\u00eden \u00e1lbumes fotogr\u00e1ficos de prendas y rostros, datos sobre edades y sexo, as\u00ed como los originales de las cartillas decadactilares de las once personas que no han sido identificadas.<\/p>\n<p>&nbsp;<\/p>\n<p>AAEA \/<\/p>\n\n<div class=\"twitter-share\"><a href=\"https:\/\/twitter.com\/intent\/tweet?via=fiscaliacol\" class=\"twitter-share-button\">Tweet<\/a><\/div>\n","protected":false},"excerpt":{"rendered":"<p>Para determinar si hay colombianos entre las v\u00edctimas de una matanza ocurrida en el municipio de San Fernando, estado de Tamaulipas (M\u00e9xico), la Fiscal\u00eda General de la Naci\u00f3n realiz\u00f3 una solicitud a la Procuradur\u00eda General de la Rep\u00fablica de M\u00e9xico para que ampl\u00eden informaci\u00f3n sobre los cotejos de elementos de identificaci\u00f3n preliminares hallados en los [&hellip;]<\/p>\n","protected":false},"author":143,"featured_media":0,"comment_status":"closed","ping_status":"open","sticky":false,"template":"","format":"standard","meta":{"_price":"","_stock":"","_tribe_ticket_header":"","_tribe_default_ticket_provider":"","_tribe_ticket_capacity":"0","_ticket_start_date":"","_ticket_end_date":"","_tribe_ticket_show_description":"","_tribe_ticket_show_not_going":false,"_tribe_ticket_use_global_stock":"","_tribe_ticket_global_stock_level":"","_global_stock_mode":"","_global_stock_cap":"","_tribe_rsvp_for_event":"","_tribe_ticket_going_count":"","_tribe_ticket_not_going_count":"","_tribe_tickets_list":"[]","_tribe_ticket_has_attendee_info_fields":false,"tdm_status":"","tdm_grid_status":"","footnotes":""},"categories":[1],"tags":[54,6377,12153,23970],"class_list":{"0":"post-65473","1":"post","2":"type-post","3":"status-publish","4":"format-standard","6":"category-noticias","7":"tag-masacre","8":"tag-mexico","9":"tag-tamaulipas","10":"tag-victimas"},"yoast_head":"<!-- This site is optimized with the Yoast SEO plugin v24.3 - https:\/\/yoast.com\/wordpress\/plugins\/seo\/ -->\n<title>Fiscal\u00eda General de la Naci\u00f3n<\/title>\n<meta name=\"description\" content=\"P\u00e1gina oficial de la Fiscal\u00eda General de la Naci\u00f3n \u2013 Colombia. Garantizamos el acceso efectivo a la justicia, la verdad y la reparaci\u00f3n de las v\u00edctimas de los delitos.\" \/>\n<meta name=\"robots\" content=\"noindex, follow\" \/>\n<meta property=\"og:locale\" content=\"es_ES\" \/>\n<meta property=\"og:type\" content=\"article\" \/>\n<meta property=\"og:title\" content=\"Fiscal\u00eda General de la Naci\u00f3n\" \/>\n<meta property=\"og:description\" content=\"P\u00e1gina oficial de la Fiscal\u00eda General de la Naci\u00f3n \u2013 Colombia. Garantizamos el acceso efectivo a la justicia, la verdad y la reparaci\u00f3n de las v\u00edctimas de los delitos.\" \/>\n<meta property=\"og:url\" content=\"https:\/\/www.fiscalia.gov.co\/colombia\/noticias\/fiscalia-de-colombia-y-procuraduria-de-mexico-buscan-establecer-si-hay-colombianos-en-matanza-ocurrida-en-tamaulipas\/\" \/>\n<meta property=\"og:site_name\" content=\"Fiscal\u00eda General de la Naci\u00f3n\" \/>\n<meta property=\"article:publisher\" content=\"https:\/\/www.facebook.com\/FiscaliaCol\" \/>\n<meta property=\"article:published_time\" content=\"2015-04-13T18:52:28+00:00\" \/>\n<meta name=\"author\" content=\"dfgordillo\" \/>\n<meta name=\"twitter:card\" content=\"summary_large_image\" \/>\n<meta name=\"twitter:creator\" content=\"@FiscaliaCol\" \/>\n<meta name=\"twitter:site\" content=\"@FiscaliaCol\" \/>\n<meta name=\"twitter:label1\" content=\"Escrito por\" \/>\n\t<meta name=\"twitter:data1\" content=\"dfgordillo\" \/>\n\t<meta name=\"twitter:label2\" content=\"Tiempo de lectura\" \/>\n\t<meta name=\"twitter:data2\" content=\"2 minutos\" \/>\n<script type=\"application\/ld+json\" class=\"yoast-schema-graph\">{\"@context\":\"https:\/\/schema.org\",\"@graph\":[{\"@type\":\"Article\",\"@id\":\"https:\/\/www.fiscalia.gov.co\/colombia\/noticias\/fiscalia-de-colombia-y-procuraduria-de-mexico-buscan-establecer-si-hay-colombianos-en-matanza-ocurrida-en-tamaulipas\/#article\",\"isPartOf\":{\"@id\":\"https:\/\/www.fiscalia.gov.co\/colombia\/noticias\/fiscalia-de-colombia-y-procuraduria-de-mexico-buscan-establecer-si-hay-colombianos-en-matanza-ocurrida-en-tamaulipas\/\"},\"author\":{\"name\":\"dfgordillo\",\"@id\":\"https:\/\/www.fiscalia.gov.co\/colombia\/#\/schema\/person\/3903856a3ce2d54b094c69eb29247895\"},\"headline\":\"Fiscal\u00eda de Colombia y Procuradur\u00eda de M\u00e9xico buscan establecer si hay colombianos en matanza ocurrida en Tamaulipas\",\"datePublished\":\"2015-04-13T18:52:28+00:00\",\"dateModified\":\"2015-04-13T18:52:28+00:00\",\"mainEntityOfPage\":{\"@id\":\"https:\/\/www.fiscalia.gov.co\/colombia\/noticias\/fiscalia-de-colombia-y-procuraduria-de-mexico-buscan-establecer-si-hay-colombianos-en-matanza-ocurrida-en-tamaulipas\/\"},\"wordCount\":348,\"publisher\":{\"@id\":\"https:\/\/www.fiscalia.gov.co\/colombia\/#organization\"},\"keywords\":[\"Masacre\",\"M\u00e9xico\",\"Tamaulipas\",\"V\u00edctimas\"],\"articleSection\":[\"Noticias\"],\"inLanguage\":\"es-CO\"},{\"@type\":\"WebPage\",\"@id\":\"https:\/\/www.fiscalia.gov.co\/colombia\/noticias\/fiscalia-de-colombia-y-procuraduria-de-mexico-buscan-establecer-si-hay-colombianos-en-matanza-ocurrida-en-tamaulipas\/\",\"url\":\"https:\/\/www.fiscalia.gov.co\/colombia\/noticias\/fiscalia-de-colombia-y-procuraduria-de-mexico-buscan-establecer-si-hay-colombianos-en-matanza-ocurrida-en-tamaulipas\/\",\"name\":\"Fiscal\u00eda General de la Naci\u00f3n\",\"isPartOf\":{\"@id\":\"https:\/\/www.fiscalia.gov.co\/colombia\/#website\"},\"datePublished\":\"2015-04-13T18:52:28+00:00\",\"dateModified\":\"2015-04-13T18:52:28+00:00\",\"description\":\"P\u00e1gina oficial de la Fiscal\u00eda General de la Naci\u00f3n \u2013 Colombia. Garantizamos el acceso efectivo a la justicia, la verdad y la reparaci\u00f3n de las v\u00edctimas de los delitos.\",\"breadcrumb\":{\"@id\":\"https:\/\/www.fiscalia.gov.co\/colombia\/noticias\/fiscalia-de-colombia-y-procuraduria-de-mexico-buscan-establecer-si-hay-colombianos-en-matanza-ocurrida-en-tamaulipas\/#breadcrumb\"},\"inLanguage\":\"es-CO\",\"potentialAction\":[{\"@type\":\"ReadAction\",\"target\":[\"https:\/\/www.fiscalia.gov.co\/colombia\/noticias\/fiscalia-de-colombia-y-procuraduria-de-mexico-buscan-establecer-si-hay-colombianos-en-matanza-ocurrida-en-tamaulipas\/\"]}]},{\"@type\":\"BreadcrumbList\",\"@id\":\"https:\/\/www.fiscalia.gov.co\/colombia\/noticias\/fiscalia-de-colombia-y-procuraduria-de-mexico-buscan-establecer-si-hay-colombianos-en-matanza-ocurrida-en-tamaulipas\/#breadcrumb\",\"itemListElement\":[{\"@type\":\"ListItem\",\"position\":1,\"name\":\"Home\",\"item\":\"https:\/\/www.fiscalia.gov.co\/colombia\/\"},{\"@type\":\"ListItem\",\"position\":2,\"name\":\"Fiscal\u00eda de Colombia y Procuradur\u00eda de M\u00e9xico buscan establecer si hay colombianos en matanza ocurrida en Tamaulipas\"}]},{\"@type\":\"WebSite\",\"@id\":\"https:\/\/www.fiscalia.gov.co\/colombia\/#website\",\"url\":\"https:\/\/www.fiscalia.gov.co\/colombia\/\",\"name\":\"Fiscal\u00eda General de la Naci\u00f3n\",\"description\":\"P\u00e1gina oficial de la Fiscal\u00eda General de la Naci\u00f3n \u2013 Colombia. Garantizamos el acceso efectivo a la justicia, la verdad y la reparaci\u00f3n de las v\u00edctimas de los delitos.\",\"publisher\":{\"@id\":\"https:\/\/www.fiscalia.gov.co\/colombia\/#organization\"},\"potentialAction\":[{\"@type\":\"SearchAction\",\"target\":{\"@type\":\"EntryPoint\",\"urlTemplate\":\"https:\/\/www.fiscalia.gov.co\/colombia\/?s={search_term_string}\"},\"query-input\":{\"@type\":\"PropertyValueSpecification\",\"valueRequired\":true,\"valueName\":\"search_term_string\"}}],\"inLanguage\":\"es-CO\"},{\"@type\":\"Organization\",\"@id\":\"https:\/\/www.fiscalia.gov.co\/colombia\/#organization\",\"name\":\"Fiscal\u00eda General de la Naci\u00f3n\",\"url\":\"https:\/\/www.fiscalia.gov.co\/colombia\/\",\"logo\":{\"@type\":\"ImageObject\",\"inLanguage\":\"es-CO\",\"@id\":\"https:\/\/www.fiscalia.gov.co\/colombia\/#\/schema\/logo\/image\/\",\"url\":\"https:\/\/www.fiscalia.gov.co\/colombia\/wp-content\/uploads\/LogoHorizontal_1.jpg\",\"contentUrl\":\"https:\/\/www.fiscalia.gov.co\/colombia\/wp-content\/uploads\/LogoHorizontal_1.jpg\",\"width\":300,\"height\":90,\"caption\":\"Fiscal\u00eda General de la Naci\u00f3n\"},\"image\":{\"@id\":\"https:\/\/www.fiscalia.gov.co\/colombia\/#\/schema\/logo\/image\/\"},\"sameAs\":[\"https:\/\/www.facebook.com\/FiscaliaCol\",\"https:\/\/x.com\/FiscaliaCol\",\"https:\/\/www.instagram.com\/fiscaliacol\",\"https:\/\/www.linkedin.com\/company\/fiscalia-general-de-la-naci-n\/\",\"https:\/\/youtube.com\/@fiscaliageneraldelanacion-4668?si=6nN79nyQICPU5iTh\"]},{\"@type\":\"Person\",\"@id\":\"https:\/\/www.fiscalia.gov.co\/colombia\/#\/schema\/person\/3903856a3ce2d54b094c69eb29247895\",\"name\":\"dfgordillo\",\"image\":{\"@type\":\"ImageObject\",\"inLanguage\":\"es-CO\",\"@id\":\"https:\/\/www.fiscalia.gov.co\/colombia\/#\/schema\/person\/image\/\",\"url\":\"https:\/\/secure.gravatar.com\/avatar\/b6356e21c5657c60757fe6fb9493e947?s=96&d=mm&r=g\",\"contentUrl\":\"https:\/\/secure.gravatar.com\/avatar\/b6356e21c5657c60757fe6fb9493e947?s=96&d=mm&r=g\",\"caption\":\"dfgordillo\"},\"sameAs\":[\"dfgordillo\"],\"url\":\"https:\/\/www.fiscalia.gov.co\/colombia\/author\/dfgordillo\/\"}]}<\/script>\n<!-- \/ Yoast SEO plugin. -->","yoast_head_json":{"title":"Fiscal\u00eda General de la Naci\u00f3n","description":"P\u00e1gina oficial de la Fiscal\u00eda General de la Naci\u00f3n \u2013 Colombia. Garantizamos el acceso efectivo a la justicia, la verdad y la reparaci\u00f3n de las v\u00edctimas de los delitos.","robots":{"index":"noindex","follow":"follow"},"og_locale":"es_ES","og_type":"article","og_title":"Fiscal\u00eda General de la Naci\u00f3n","og_description":"P\u00e1gina oficial de la Fiscal\u00eda General de la Naci\u00f3n \u2013 Colombia. Garantizamos el acceso efectivo a la justicia, la verdad y la reparaci\u00f3n de las v\u00edctimas de los delitos.","og_url":"https:\/\/www.fiscalia.gov.co\/colombia\/noticias\/fiscalia-de-colombia-y-procuraduria-de-mexico-buscan-establecer-si-hay-colombianos-en-matanza-ocurrida-en-tamaulipas\/","og_site_name":"Fiscal\u00eda General de la Naci\u00f3n","article_publisher":"https:\/\/www.facebook.com\/FiscaliaCol","article_published_time":"2015-04-13T18:52:28+00:00","author":"dfgordillo","twitter_card":"summary_large_image","twitter_creator":"@FiscaliaCol","twitter_site":"@FiscaliaCol","twitter_misc":{"Escrito por":"dfgordillo","Tiempo de lectura":"2 minutos"},"schema":{"@context":"https:\/\/schema.org","@graph":[{"@type":"Article","@id":"https:\/\/www.fiscalia.gov.co\/colombia\/noticias\/fiscalia-de-colombia-y-procuraduria-de-mexico-buscan-establecer-si-hay-colombianos-en-matanza-ocurrida-en-tamaulipas\/#article","isPartOf":{"@id":"https:\/\/www.fiscalia.gov.co\/colombia\/noticias\/fiscalia-de-colombia-y-procuraduria-de-mexico-buscan-establecer-si-hay-colombianos-en-matanza-ocurrida-en-tamaulipas\/"},"author":{"name":"dfgordillo","@id":"https:\/\/www.fiscalia.gov.co\/colombia\/#\/schema\/person\/3903856a3ce2d54b094c69eb29247895"},"headline":"Fiscal\u00eda de Colombia y Procuradur\u00eda de M\u00e9xico buscan establecer si hay colombianos en matanza ocurrida en Tamaulipas","datePublished":"2015-04-13T18:52:28+00:00","dateModified":"2015-04-13T18:52:28+00:00","mainEntityOfPage":{"@id":"https:\/\/www.fiscalia.gov.co\/colombia\/noticias\/fiscalia-de-colombia-y-procuraduria-de-mexico-buscan-establecer-si-hay-colombianos-en-matanza-ocurrida-en-tamaulipas\/"},"wordCount":348,"publisher":{"@id":"https:\/\/www.fiscalia.gov.co\/colombia\/#organization"},"keywords":["Masacre","M\u00e9xico","Tamaulipas","V\u00edctimas"],"articleSection":["Noticias"],"inLanguage":"es-CO"},{"@type":"WebPage","@id":"https:\/\/www.fiscalia.gov.co\/colombia\/noticias\/fiscalia-de-colombia-y-procuraduria-de-mexico-buscan-establecer-si-hay-colombianos-en-matanza-ocurrida-en-tamaulipas\/","url":"https:\/\/www.fiscalia.gov.co\/colombia\/noticias\/fiscalia-de-colombia-y-procuraduria-de-mexico-buscan-establecer-si-hay-colombianos-en-matanza-ocurrida-en-tamaulipas\/","name":"Fiscal\u00eda General de la Naci\u00f3n","isPartOf":{"@id":"https:\/\/www.fiscalia.gov.co\/colombia\/#website"},"datePublished":"2015-04-13T18:52:28+00:00","dateModified":"2015-04-13T18:52:28+00:00","description":"P\u00e1gina oficial de la Fiscal\u00eda General de la Naci\u00f3n \u2013 Colombia. Garantizamos el acceso efectivo a la justicia, la verdad y la reparaci\u00f3n de las v\u00edctimas de los delitos.","breadcrumb":{"@id":"https:\/\/www.fiscalia.gov.co\/colombia\/noticias\/fiscalia-de-colombia-y-procuraduria-de-mexico-buscan-establecer-si-hay-colombianos-en-matanza-ocurrida-en-tamaulipas\/#breadcrumb"},"inLanguage":"es-CO","potentialAction":[{"@type":"ReadAction","target":["https:\/\/www.fiscalia.gov.co\/colombia\/noticias\/fiscalia-de-colombia-y-procuraduria-de-mexico-buscan-establecer-si-hay-colombianos-en-matanza-ocurrida-en-tamaulipas\/"]}]},{"@type":"BreadcrumbList","@id":"https:\/\/www.fiscalia.gov.co\/colombia\/noticias\/fiscalia-de-colombia-y-procuraduria-de-mexico-buscan-establecer-si-hay-colombianos-en-matanza-ocurrida-en-tamaulipas\/#breadcrumb","itemListElement":[{"@type":"ListItem","position":1,"name":"Home","item":"https:\/\/www.fiscalia.gov.co\/colombia\/"},{"@type":"ListItem","position":2,"name":"Fiscal\u00eda de Colombia y Procuradur\u00eda de M\u00e9xico buscan establecer si hay colombianos en matanza ocurrida en Tamaulipas"}]},{"@type":"WebSite","@id":"https:\/\/www.fiscalia.gov.co\/colombia\/#website","url":"https:\/\/www.fiscalia.gov.co\/colombia\/","name":"Fiscal\u00eda General de la Naci\u00f3n","description":"P\u00e1gina oficial de la Fiscal\u00eda General de la Naci\u00f3n \u2013 Colombia. Garantizamos el acceso efectivo a la justicia, la verdad y la reparaci\u00f3n de las v\u00edctimas de los delitos.","publisher":{"@id":"https:\/\/www.fiscalia.gov.co\/colombia\/#organization"},"potentialAction":[{"@type":"SearchAction","target":{"@type":"EntryPoint","urlTemplate":"https:\/\/www.fiscalia.gov.co\/colombia\/?s={search_term_string}"},"query-input":{"@type":"PropertyValueSpecification","valueRequired":true,"valueName":"search_term_string"}}],"inLanguage":"es-CO"},{"@type":"Organization","@id":"https:\/\/www.fiscalia.gov.co\/colombia\/#organization","name":"Fiscal\u00eda General de la Naci\u00f3n","url":"https:\/\/www.fiscalia.gov.co\/colombia\/","logo":{"@type":"ImageObject","inLanguage":"es-CO","@id":"https:\/\/www.fiscalia.gov.co\/colombia\/#\/schema\/logo\/image\/","url":"https:\/\/www.fiscalia.gov.co\/colombia\/wp-content\/uploads\/LogoHorizontal_1.jpg","contentUrl":"https:\/\/www.fiscalia.gov.co\/colombia\/wp-content\/uploads\/LogoHorizontal_1.jpg","width":300,"height":90,"caption":"Fiscal\u00eda General de la Naci\u00f3n"},"image":{"@id":"https:\/\/www.fiscalia.gov.co\/colombia\/#\/schema\/logo\/image\/"},"sameAs":["https:\/\/www.facebook.com\/FiscaliaCol","https:\/\/x.com\/FiscaliaCol","https:\/\/www.instagram.com\/fiscaliacol","https:\/\/www.linkedin.com\/company\/fiscalia-general-de-la-naci-n\/","https:\/\/youtube.com\/@fiscaliageneraldelanacion-4668?si=6nN79nyQICPU5iTh"]},{"@type":"Person","@id":"https:\/\/www.fiscalia.gov.co\/colombia\/#\/schema\/person\/3903856a3ce2d54b094c69eb29247895","name":"dfgordillo","image":{"@type":"ImageObject","inLanguage":"es-CO","@id":"https:\/\/www.fiscalia.gov.co\/colombia\/#\/schema\/person\/image\/","url":"https:\/\/secure.gravatar.com\/avatar\/b6356e21c5657c60757fe6fb9493e947?s=96&d=mm&r=g","contentUrl":"https:\/\/secure.gravatar.com\/avatar\/b6356e21c5657c60757fe6fb9493e947?s=96&d=mm&r=g","caption":"dfgordillo"},"sameAs":["dfgordillo"],"url":"https:\/\/www.fiscalia.gov.co\/colombia\/author\/dfgordillo\/"}]}},"_links":{"self":[{"href":"https:\/\/www.fiscalia.gov.co\/colombia\/wp-json\/wp\/v2\/posts\/65473","targetHints":{"allow":["GET"]}}],"collection":[{"href":"https:\/\/www.fiscalia.gov.co\/colombia\/wp-json\/wp\/v2\/posts"}],"about":[{"href":"https:\/\/www.fiscalia.gov.co\/colombia\/wp-json\/wp\/v2\/types\/post"}],"author":[{"embeddable":true,"href":"https:\/\/www.fiscalia.gov.co\/colombia\/wp-json\/wp\/v2\/users\/143"}],"replies":[{"embeddable":true,"href":"https:\/\/www.fiscalia.gov.co\/colombia\/wp-json\/wp\/v2\/comments?post=65473"}],"version-history":[{"count":1,"href":"https:\/\/www.fiscalia.gov.co\/colombia\/wp-json\/wp\/v2\/posts\/65473\/revisions"}],"predecessor-version":[{"id":65474,"href":"https:\/\/www.fiscalia.gov.co\/colombia\/wp-json\/wp\/v2\/posts\/65473\/revisions\/65474"}],"wp:attachment":[{"href":"https:\/\/www.fiscalia.gov.co\/colombia\/wp-json\/wp\/v2\/media?parent=65473"}],"wp:term":[{"taxonomy":"category","embeddable":true,"href":"https:\/\/www.fiscalia.gov.co\/colombia\/wp-json\/wp\/v2\/categories?post=65473"},{"taxonomy":"post_tag","embeddable":true,"href":"https:\/\/www.fiscalia.gov.co\/colombia\/wp-json\/wp\/v2\/tags?post=65473"}],"curies":[{"name":"wp","href":"https:\/\/api.w.org\/{rel}","templated":true}]}}