{"id":65469,"date":"2015-04-13T13:43:22","date_gmt":"2015-04-13T18:43:22","guid":{"rendered":"http:\/\/www.fiscalia.gov.co\/colombia\/?p=65469"},"modified":"2015-04-13T13:43:22","modified_gmt":"2015-04-13T18:43:22","slug":"fiscalia-entregara-restos-de-victimas-a-cinco-familias-en-puerto-boyaca-boyaca","status":"publish","type":"post","link":"https:\/\/www.fiscalia.gov.co\/colombia\/noticias\/fiscalia-entregara-restos-de-victimas-a-cinco-familias-en-puerto-boyaca-boyaca\/","title":{"rendered":"Fiscal\u00eda entregar\u00e1 restos de v\u00edctimas a cinco familias en Puerto Boyac\u00e1 (Boyac\u00e1)"},"content":{"rendered":"<p>Cinco cuerpos de v\u00edctimas de las Autodefensas Unidas de Colombia ser\u00e1n entregados por la Direcci\u00f3n Nacional de Justicia Transicional el pr\u00f3ximo 17 de abril, en el municipio de Puerto Boyac\u00e1\u00a0(Boyac\u00e1).<span style=\"font-size: 13px;\">\u00a0<\/span><\/p>\n<p>En la diligencia de entrega de restos participa una comisi\u00f3n especial de la Fiscal\u00eda para acompa\u00f1ar a los familiares de las v\u00edctimas en los talleres de atenci\u00f3n psicosocial y orientaci\u00f3n jur\u00eddica que como parte del proceso reparaci\u00f3n se llevan a cabo dos d\u00edas antes de la ceremonia.<span style=\"font-size: 13px;\">\u00a0<\/span><\/p>\n<p><span style=\"font-size: 13px;\">Una de las v\u00edctimas seg\u00fan investigaciones de la Direcci\u00f3n de Justicia Transicional, fue asesinada en octubre del 2004 por miembros de las AUC bajo el mando de los paramilitares Ram\u00f3n Mar\u00eda Isaza, alias el Viejo, y Jos\u00e9 Luis Zuluaga, alias Mc. Guiver, excomandantes de las Autodefensas Campesinas del Magdalena Medio.<\/span><span style=\"font-size: 13px;\">\u00a0<\/span><\/p>\n<p>Los restos del hombre que trabajaba como obrero en la vereda Loredal (Antioquia), donde desapareci\u00f3, fueron hallados en una fosa del municipio de San Fernando en jurisdicci\u00f3n de Cimitarra (Santander) diez a\u00f1os despu\u00e9s por investigadores del CTI Bogot\u00e1.<span style=\"font-size: 13px;\">\u00a0<\/span><\/p>\n<p>En el mismo lugar fueron exhumados los cuerpos de otros dos agricultores de 33 y 21 a\u00f1os, quienes desaparecieron forzosamente seg\u00fan la versi\u00f3n de miembros de las Autodefensas, por \u00f3rdenes del paramilitar Arnubio Triana Maecha, alias Botal\u00f3n, ex comandante general de las Autodefensas Campesinas de Puerto Boyac\u00e1.<span style=\"font-size: 13px;\">\u00a0<\/span><\/p>\n<p>Otro de los cuerpos corresponde a un joven de 27 a\u00f1os, quien fue abordado junto con otros dos hombres por paramilitares cuando se movilizaban en un veh\u00edculo por la v\u00eda que de Montel\u00edbano conduce a San Jos\u00e9 de Ur\u00e9 (C\u00f3rdoba).\u00a0Los cuerpos de los tres hombres asesinados fueron llevados al hospital de Montel\u00edbano para realizar la necropsia, resultando una de las v\u00edctimas enterradas como NN en el cementerio Jardines la Esperanza de Monter\u00eda, donde el Grupo de Exhumaciones de la Fiscal\u00eda y gracias a informaci\u00f3n suministrada por un familiar del joven, recuper\u00f3 los restos en julio del 2013 para iniciar las labores de identificaci\u00f3n.<span style=\"font-size: 13px;\">\u00a0<\/span><\/p>\n<p>La diligencia tendr\u00e1 lugar en las primeras horas de la ma\u00f1ana en las instalaciones del Hotel Sixto Rafael, ubicado en la calle 31 Barrio Guayacanes (v\u00eda al rio Magdalena) en Puerto Boyac\u00e1.<\/p>\n<p>&nbsp;<\/p>\n<p>LCRA\/DLBM<\/p>\n\n<div class=\"twitter-share\"><a href=\"https:\/\/twitter.com\/intent\/tweet?via=fiscaliacol\" class=\"twitter-share-button\">Tweet<\/a><\/div>\n","protected":false},"excerpt":{"rendered":"<p>Cinco cuerpos de v\u00edctimas de las Autodefensas Unidas de Colombia ser\u00e1n entregados por la Direcci\u00f3n Nacional de Justicia Transicional el pr\u00f3ximo 17 de abril, en el municipio de Puerto Boyac\u00e1\u00a0(Boyac\u00e1).\u00a0 En la diligencia de entrega de restos participa una comisi\u00f3n especial de la Fiscal\u00eda para acompa\u00f1ar a los familiares de las v\u00edctimas en los talleres [&hellip;]<\/p>\n","protected":false},"author":143,"featured_media":0,"comment_status":"closed","ping_status":"open","sticky":false,"template":"","format":"standard","meta":{"_price":"","_stock":"","_tribe_ticket_header":"","_tribe_default_ticket_provider":"","_tribe_ticket_capacity":"0","_ticket_start_date":"","_ticket_end_date":"","_tribe_ticket_show_description":"","_tribe_ticket_show_not_going":false,"_tribe_ticket_use_global_stock":"","_tribe_ticket_global_stock_level":"","_global_stock_mode":"","_global_stock_cap":"","_tribe_rsvp_for_event":"","_tribe_ticket_going_count":"","_tribe_ticket_not_going_count":"","_tribe_tickets_list":"[]","_tribe_ticket_has_attendee_info_fields":false,"tdm_status":"","tdm_grid_status":"","footnotes":""},"categories":[1],"tags":[1057,7396,1407,23970],"class_list":{"0":"post-65469","1":"post","2":"type-post","3":"status-publish","4":"format-standard","6":"category-noticias","7":"tag-auc","8":"tag-direccion-de-justicia-transicional","9":"tag-restos","10":"tag-victimas"},"yoast_head":"<!-- This site is optimized with the Yoast SEO plugin v24.3 - https:\/\/yoast.com\/wordpress\/plugins\/seo\/ -->\n<title>Fiscal\u00eda General de la Naci\u00f3n<\/title>\n<meta name=\"description\" content=\"P\u00e1gina oficial de la Fiscal\u00eda General de la Naci\u00f3n \u2013 Colombia. Garantizamos el acceso efectivo a la justicia, la verdad y la reparaci\u00f3n de las v\u00edctimas de los delitos.\" \/>\n<meta name=\"robots\" content=\"noindex, follow\" \/>\n<meta property=\"og:locale\" content=\"es_ES\" \/>\n<meta property=\"og:type\" content=\"article\" \/>\n<meta property=\"og:title\" content=\"Fiscal\u00eda General de la Naci\u00f3n\" \/>\n<meta property=\"og:description\" content=\"P\u00e1gina oficial de la Fiscal\u00eda General de la Naci\u00f3n \u2013 Colombia. Garantizamos el acceso efectivo a la justicia, la verdad y la reparaci\u00f3n de las v\u00edctimas de los delitos.\" \/>\n<meta property=\"og:url\" content=\"https:\/\/www.fiscalia.gov.co\/colombia\/noticias\/fiscalia-entregara-restos-de-victimas-a-cinco-familias-en-puerto-boyaca-boyaca\/\" \/>\n<meta property=\"og:site_name\" content=\"Fiscal\u00eda General de la Naci\u00f3n\" \/>\n<meta property=\"article:publisher\" content=\"https:\/\/www.facebook.com\/FiscaliaCol\" \/>\n<meta property=\"article:published_time\" content=\"2015-04-13T18:43:22+00:00\" \/>\n<meta name=\"author\" content=\"dfgordillo\" \/>\n<meta name=\"twitter:card\" content=\"summary_large_image\" \/>\n<meta name=\"twitter:creator\" content=\"@FiscaliaCol\" \/>\n<meta name=\"twitter:site\" content=\"@FiscaliaCol\" \/>\n<meta name=\"twitter:label1\" content=\"Escrito por\" \/>\n\t<meta name=\"twitter:data1\" content=\"dfgordillo\" \/>\n\t<meta name=\"twitter:label2\" content=\"Tiempo de lectura\" \/>\n\t<meta name=\"twitter:data2\" content=\"2 minutos\" \/>\n<script type=\"application\/ld+json\" class=\"yoast-schema-graph\">{\"@context\":\"https:\/\/schema.org\",\"@graph\":[{\"@type\":\"Article\",\"@id\":\"https:\/\/www.fiscalia.gov.co\/colombia\/noticias\/fiscalia-entregara-restos-de-victimas-a-cinco-familias-en-puerto-boyaca-boyaca\/#article\",\"isPartOf\":{\"@id\":\"https:\/\/www.fiscalia.gov.co\/colombia\/noticias\/fiscalia-entregara-restos-de-victimas-a-cinco-familias-en-puerto-boyaca-boyaca\/\"},\"author\":{\"name\":\"dfgordillo\",\"@id\":\"https:\/\/www.fiscalia.gov.co\/colombia\/#\/schema\/person\/3903856a3ce2d54b094c69eb29247895\"},\"headline\":\"Fiscal\u00eda entregar\u00e1 restos de v\u00edctimas a cinco familias en Puerto Boyac\u00e1 (Boyac\u00e1)\",\"datePublished\":\"2015-04-13T18:43:22+00:00\",\"dateModified\":\"2015-04-13T18:43:22+00:00\",\"mainEntityOfPage\":{\"@id\":\"https:\/\/www.fiscalia.gov.co\/colombia\/noticias\/fiscalia-entregara-restos-de-victimas-a-cinco-familias-en-puerto-boyaca-boyaca\/\"},\"wordCount\":397,\"publisher\":{\"@id\":\"https:\/\/www.fiscalia.gov.co\/colombia\/#organization\"},\"keywords\":[\"AUC\",\"Direcci\u00f3n de Justicia Transicional\",\"Restos\",\"V\u00edctimas\"],\"articleSection\":[\"Noticias\"],\"inLanguage\":\"es-CO\"},{\"@type\":\"WebPage\",\"@id\":\"https:\/\/www.fiscalia.gov.co\/colombia\/noticias\/fiscalia-entregara-restos-de-victimas-a-cinco-familias-en-puerto-boyaca-boyaca\/\",\"url\":\"https:\/\/www.fiscalia.gov.co\/colombia\/noticias\/fiscalia-entregara-restos-de-victimas-a-cinco-familias-en-puerto-boyaca-boyaca\/\",\"name\":\"Fiscal\u00eda General de la Naci\u00f3n\",\"isPartOf\":{\"@id\":\"https:\/\/www.fiscalia.gov.co\/colombia\/#website\"},\"datePublished\":\"2015-04-13T18:43:22+00:00\",\"dateModified\":\"2015-04-13T18:43:22+00:00\",\"description\":\"P\u00e1gina oficial de la Fiscal\u00eda General de la Naci\u00f3n \u2013 Colombia. Garantizamos el acceso efectivo a la justicia, la verdad y la reparaci\u00f3n de las v\u00edctimas de los delitos.\",\"breadcrumb\":{\"@id\":\"https:\/\/www.fiscalia.gov.co\/colombia\/noticias\/fiscalia-entregara-restos-de-victimas-a-cinco-familias-en-puerto-boyaca-boyaca\/#breadcrumb\"},\"inLanguage\":\"es-CO\",\"potentialAction\":[{\"@type\":\"ReadAction\",\"target\":[\"https:\/\/www.fiscalia.gov.co\/colombia\/noticias\/fiscalia-entregara-restos-de-victimas-a-cinco-familias-en-puerto-boyaca-boyaca\/\"]}]},{\"@type\":\"BreadcrumbList\",\"@id\":\"https:\/\/www.fiscalia.gov.co\/colombia\/noticias\/fiscalia-entregara-restos-de-victimas-a-cinco-familias-en-puerto-boyaca-boyaca\/#breadcrumb\",\"itemListElement\":[{\"@type\":\"ListItem\",\"position\":1,\"name\":\"Home\",\"item\":\"https:\/\/www.fiscalia.gov.co\/colombia\/\"},{\"@type\":\"ListItem\",\"position\":2,\"name\":\"Fiscal\u00eda entregar\u00e1 restos de v\u00edctimas a cinco familias en Puerto Boyac\u00e1 (Boyac\u00e1)\"}]},{\"@type\":\"WebSite\",\"@id\":\"https:\/\/www.fiscalia.gov.co\/colombia\/#website\",\"url\":\"https:\/\/www.fiscalia.gov.co\/colombia\/\",\"name\":\"Fiscal\u00eda General de la Naci\u00f3n\",\"description\":\"P\u00e1gina oficial de la Fiscal\u00eda General de la Naci\u00f3n \u2013 Colombia. Garantizamos el acceso efectivo a la justicia, la verdad y la reparaci\u00f3n de las v\u00edctimas de los delitos.\",\"publisher\":{\"@id\":\"https:\/\/www.fiscalia.gov.co\/colombia\/#organization\"},\"potentialAction\":[{\"@type\":\"SearchAction\",\"target\":{\"@type\":\"EntryPoint\",\"urlTemplate\":\"https:\/\/www.fiscalia.gov.co\/colombia\/?s={search_term_string}\"},\"query-input\":{\"@type\":\"PropertyValueSpecification\",\"valueRequired\":true,\"valueName\":\"search_term_string\"}}],\"inLanguage\":\"es-CO\"},{\"@type\":\"Organization\",\"@id\":\"https:\/\/www.fiscalia.gov.co\/colombia\/#organization\",\"name\":\"Fiscal\u00eda General de la Naci\u00f3n\",\"url\":\"https:\/\/www.fiscalia.gov.co\/colombia\/\",\"logo\":{\"@type\":\"ImageObject\",\"inLanguage\":\"es-CO\",\"@id\":\"https:\/\/www.fiscalia.gov.co\/colombia\/#\/schema\/logo\/image\/\",\"url\":\"https:\/\/www.fiscalia.gov.co\/colombia\/wp-content\/uploads\/LogoHorizontal_1.jpg\",\"contentUrl\":\"https:\/\/www.fiscalia.gov.co\/colombia\/wp-content\/uploads\/LogoHorizontal_1.jpg\",\"width\":300,\"height\":90,\"caption\":\"Fiscal\u00eda General de la Naci\u00f3n\"},\"image\":{\"@id\":\"https:\/\/www.fiscalia.gov.co\/colombia\/#\/schema\/logo\/image\/\"},\"sameAs\":[\"https:\/\/www.facebook.com\/FiscaliaCol\",\"https:\/\/x.com\/FiscaliaCol\",\"https:\/\/www.instagram.com\/fiscaliacol\",\"https:\/\/www.linkedin.com\/company\/fiscalia-general-de-la-naci-n\/\",\"https:\/\/youtube.com\/@fiscaliageneraldelanacion-4668?si=6nN79nyQICPU5iTh\"]},{\"@type\":\"Person\",\"@id\":\"https:\/\/www.fiscalia.gov.co\/colombia\/#\/schema\/person\/3903856a3ce2d54b094c69eb29247895\",\"name\":\"dfgordillo\",\"image\":{\"@type\":\"ImageObject\",\"inLanguage\":\"es-CO\",\"@id\":\"https:\/\/www.fiscalia.gov.co\/colombia\/#\/schema\/person\/image\/\",\"url\":\"https:\/\/secure.gravatar.com\/avatar\/b6356e21c5657c60757fe6fb9493e947?s=96&d=mm&r=g\",\"contentUrl\":\"https:\/\/secure.gravatar.com\/avatar\/b6356e21c5657c60757fe6fb9493e947?s=96&d=mm&r=g\",\"caption\":\"dfgordillo\"},\"sameAs\":[\"dfgordillo\"],\"url\":\"https:\/\/www.fiscalia.gov.co\/colombia\/author\/dfgordillo\/\"}]}<\/script>\n<!-- \/ Yoast SEO plugin. -->","yoast_head_json":{"title":"Fiscal\u00eda General de la Naci\u00f3n","description":"P\u00e1gina oficial de la Fiscal\u00eda General de la Naci\u00f3n \u2013 Colombia. Garantizamos el acceso efectivo a la justicia, la verdad y la reparaci\u00f3n de las v\u00edctimas de los delitos.","robots":{"index":"noindex","follow":"follow"},"og_locale":"es_ES","og_type":"article","og_title":"Fiscal\u00eda General de la Naci\u00f3n","og_description":"P\u00e1gina oficial de la Fiscal\u00eda General de la Naci\u00f3n \u2013 Colombia. Garantizamos el acceso efectivo a la justicia, la verdad y la reparaci\u00f3n de las v\u00edctimas de los delitos.","og_url":"https:\/\/www.fiscalia.gov.co\/colombia\/noticias\/fiscalia-entregara-restos-de-victimas-a-cinco-familias-en-puerto-boyaca-boyaca\/","og_site_name":"Fiscal\u00eda General de la Naci\u00f3n","article_publisher":"https:\/\/www.facebook.com\/FiscaliaCol","article_published_time":"2015-04-13T18:43:22+00:00","author":"dfgordillo","twitter_card":"summary_large_image","twitter_creator":"@FiscaliaCol","twitter_site":"@FiscaliaCol","twitter_misc":{"Escrito por":"dfgordillo","Tiempo de lectura":"2 minutos"},"schema":{"@context":"https:\/\/schema.org","@graph":[{"@type":"Article","@id":"https:\/\/www.fiscalia.gov.co\/colombia\/noticias\/fiscalia-entregara-restos-de-victimas-a-cinco-familias-en-puerto-boyaca-boyaca\/#article","isPartOf":{"@id":"https:\/\/www.fiscalia.gov.co\/colombia\/noticias\/fiscalia-entregara-restos-de-victimas-a-cinco-familias-en-puerto-boyaca-boyaca\/"},"author":{"name":"dfgordillo","@id":"https:\/\/www.fiscalia.gov.co\/colombia\/#\/schema\/person\/3903856a3ce2d54b094c69eb29247895"},"headline":"Fiscal\u00eda entregar\u00e1 restos de v\u00edctimas a cinco familias en Puerto Boyac\u00e1 (Boyac\u00e1)","datePublished":"2015-04-13T18:43:22+00:00","dateModified":"2015-04-13T18:43:22+00:00","mainEntityOfPage":{"@id":"https:\/\/www.fiscalia.gov.co\/colombia\/noticias\/fiscalia-entregara-restos-de-victimas-a-cinco-familias-en-puerto-boyaca-boyaca\/"},"wordCount":397,"publisher":{"@id":"https:\/\/www.fiscalia.gov.co\/colombia\/#organization"},"keywords":["AUC","Direcci\u00f3n de Justicia Transicional","Restos","V\u00edctimas"],"articleSection":["Noticias"],"inLanguage":"es-CO"},{"@type":"WebPage","@id":"https:\/\/www.fiscalia.gov.co\/colombia\/noticias\/fiscalia-entregara-restos-de-victimas-a-cinco-familias-en-puerto-boyaca-boyaca\/","url":"https:\/\/www.fiscalia.gov.co\/colombia\/noticias\/fiscalia-entregara-restos-de-victimas-a-cinco-familias-en-puerto-boyaca-boyaca\/","name":"Fiscal\u00eda General de la Naci\u00f3n","isPartOf":{"@id":"https:\/\/www.fiscalia.gov.co\/colombia\/#website"},"datePublished":"2015-04-13T18:43:22+00:00","dateModified":"2015-04-13T18:43:22+00:00","description":"P\u00e1gina oficial de la Fiscal\u00eda General de la Naci\u00f3n \u2013 Colombia. Garantizamos el acceso efectivo a la justicia, la verdad y la reparaci\u00f3n de las v\u00edctimas de los delitos.","breadcrumb":{"@id":"https:\/\/www.fiscalia.gov.co\/colombia\/noticias\/fiscalia-entregara-restos-de-victimas-a-cinco-familias-en-puerto-boyaca-boyaca\/#breadcrumb"},"inLanguage":"es-CO","potentialAction":[{"@type":"ReadAction","target":["https:\/\/www.fiscalia.gov.co\/colombia\/noticias\/fiscalia-entregara-restos-de-victimas-a-cinco-familias-en-puerto-boyaca-boyaca\/"]}]},{"@type":"BreadcrumbList","@id":"https:\/\/www.fiscalia.gov.co\/colombia\/noticias\/fiscalia-entregara-restos-de-victimas-a-cinco-familias-en-puerto-boyaca-boyaca\/#breadcrumb","itemListElement":[{"@type":"ListItem","position":1,"name":"Home","item":"https:\/\/www.fiscalia.gov.co\/colombia\/"},{"@type":"ListItem","position":2,"name":"Fiscal\u00eda entregar\u00e1 restos de v\u00edctimas a cinco familias en Puerto Boyac\u00e1 (Boyac\u00e1)"}]},{"@type":"WebSite","@id":"https:\/\/www.fiscalia.gov.co\/colombia\/#website","url":"https:\/\/www.fiscalia.gov.co\/colombia\/","name":"Fiscal\u00eda General de la Naci\u00f3n","description":"P\u00e1gina oficial de la Fiscal\u00eda General de la Naci\u00f3n \u2013 Colombia. Garantizamos el acceso efectivo a la justicia, la verdad y la reparaci\u00f3n de las v\u00edctimas de los delitos.","publisher":{"@id":"https:\/\/www.fiscalia.gov.co\/colombia\/#organization"},"potentialAction":[{"@type":"SearchAction","target":{"@type":"EntryPoint","urlTemplate":"https:\/\/www.fiscalia.gov.co\/colombia\/?s={search_term_string}"},"query-input":{"@type":"PropertyValueSpecification","valueRequired":true,"valueName":"search_term_string"}}],"inLanguage":"es-CO"},{"@type":"Organization","@id":"https:\/\/www.fiscalia.gov.co\/colombia\/#organization","name":"Fiscal\u00eda General de la Naci\u00f3n","url":"https:\/\/www.fiscalia.gov.co\/colombia\/","logo":{"@type":"ImageObject","inLanguage":"es-CO","@id":"https:\/\/www.fiscalia.gov.co\/colombia\/#\/schema\/logo\/image\/","url":"https:\/\/www.fiscalia.gov.co\/colombia\/wp-content\/uploads\/LogoHorizontal_1.jpg","contentUrl":"https:\/\/www.fiscalia.gov.co\/colombia\/wp-content\/uploads\/LogoHorizontal_1.jpg","width":300,"height":90,"caption":"Fiscal\u00eda General de la Naci\u00f3n"},"image":{"@id":"https:\/\/www.fiscalia.gov.co\/colombia\/#\/schema\/logo\/image\/"},"sameAs":["https:\/\/www.facebook.com\/FiscaliaCol","https:\/\/x.com\/FiscaliaCol","https:\/\/www.instagram.com\/fiscaliacol","https:\/\/www.linkedin.com\/company\/fiscalia-general-de-la-naci-n\/","https:\/\/youtube.com\/@fiscaliageneraldelanacion-4668?si=6nN79nyQICPU5iTh"]},{"@type":"Person","@id":"https:\/\/www.fiscalia.gov.co\/colombia\/#\/schema\/person\/3903856a3ce2d54b094c69eb29247895","name":"dfgordillo","image":{"@type":"ImageObject","inLanguage":"es-CO","@id":"https:\/\/www.fiscalia.gov.co\/colombia\/#\/schema\/person\/image\/","url":"https:\/\/secure.gravatar.com\/avatar\/b6356e21c5657c60757fe6fb9493e947?s=96&d=mm&r=g","contentUrl":"https:\/\/secure.gravatar.com\/avatar\/b6356e21c5657c60757fe6fb9493e947?s=96&d=mm&r=g","caption":"dfgordillo"},"sameAs":["dfgordillo"],"url":"https:\/\/www.fiscalia.gov.co\/colombia\/author\/dfgordillo\/"}]}},"_links":{"self":[{"href":"https:\/\/www.fiscalia.gov.co\/colombia\/wp-json\/wp\/v2\/posts\/65469","targetHints":{"allow":["GET"]}}],"collection":[{"href":"https:\/\/www.fiscalia.gov.co\/colombia\/wp-json\/wp\/v2\/posts"}],"about":[{"href":"https:\/\/www.fiscalia.gov.co\/colombia\/wp-json\/wp\/v2\/types\/post"}],"author":[{"embeddable":true,"href":"https:\/\/www.fiscalia.gov.co\/colombia\/wp-json\/wp\/v2\/users\/143"}],"replies":[{"embeddable":true,"href":"https:\/\/www.fiscalia.gov.co\/colombia\/wp-json\/wp\/v2\/comments?post=65469"}],"version-history":[{"count":2,"href":"https:\/\/www.fiscalia.gov.co\/colombia\/wp-json\/wp\/v2\/posts\/65469\/revisions"}],"predecessor-version":[{"id":65472,"href":"https:\/\/www.fiscalia.gov.co\/colombia\/wp-json\/wp\/v2\/posts\/65469\/revisions\/65472"}],"wp:attachment":[{"href":"https:\/\/www.fiscalia.gov.co\/colombia\/wp-json\/wp\/v2\/media?parent=65469"}],"wp:term":[{"taxonomy":"category","embeddable":true,"href":"https:\/\/www.fiscalia.gov.co\/colombia\/wp-json\/wp\/v2\/categories?post=65469"},{"taxonomy":"post_tag","embeddable":true,"href":"https:\/\/www.fiscalia.gov.co\/colombia\/wp-json\/wp\/v2\/tags?post=65469"}],"curies":[{"name":"wp","href":"https:\/\/api.w.org\/{rel}","templated":true}]}}