{"id":65241,"date":"2015-04-09T11:21:05","date_gmt":"2015-04-09T16:21:05","guid":{"rendered":"http:\/\/www.fiscalia.gov.co\/colombia\/?p=65241"},"modified":"2015-04-09T11:21:05","modified_gmt":"2015-04-09T16:21:05","slug":"condenados-familiares-del-loco-barrera-por-lavado-de-activos-testaferrato-y-concierto-para-delinquir","status":"publish","type":"post","link":"https:\/\/www.fiscalia.gov.co\/colombia\/noticias\/condenados-familiares-del-loco-barrera-por-lavado-de-activos-testaferrato-y-concierto-para-delinquir\/","title":{"rendered":"Condenados familiares del Loco Barrera por lavado de activos, testaferrato y concierto para delinquir"},"content":{"rendered":"<p>La Sala Penal del Tribunal Superior de Bogot\u00e1 conden\u00f3 a ocho personas, entre ellos a varios familiares de Daniel Barrera Barrera, alias el Loco Barrera, por cargos de concierto para delinquir agravado, lavado de activos simple y agravado, testaferrato, quienes en su mayor\u00eda fueron absueltos por el Juzgado Octavo Penal del Circuito Especializado de Bogot\u00e1.<\/p>\n<p>De acuerdo con la investigaci\u00f3n de la Direcci\u00f3n de Fiscal\u00eda Nacional Especializada Antinarc\u00f3ticos y Lavado de Activos, las ocho personas procesadas hicieron parte, desde el a\u00f1o 2000, de una organizaci\u00f3n liderada por el Loco Barrera, dentro de la cual los implicados cumpl\u00edan diferentes funciones como el caso de Jaime Jerez Galeano quien junto con su esposa Norma Constanza C\u00e1rdenas Duarte a trav\u00e9s de la empresa Jergal S en C daba apariencia de legalidad a los recursos provenientes de la red de el Loco Barrera; mientras que Oscar Alberto Jerez Pineda hacia otro tanto a trav\u00e9s de la empresa Herjez LTDA y otras, junto con su esposa Rubi Yiceth Ayala Barrera.<\/p>\n<p>Por otra parte y conforme con la investigaci\u00f3n, Nemecio Ayala, padre y su hijo Nemecio Ayala Barrera, manejaban elevadas sumas de dinero en efectivo sin demostrar debidamente su procedencia, aparte de administrar varias propiedades del Loco Barrera.<\/p>\n<p>Otro de los implicados, Germ\u00e1n Quiroga Velasco, seg\u00fan la investigaci\u00f3n logro saldar deudas bancarias de contado sin justificar el origen del dinero, adem\u00e1s de que en el proceso qued\u00f3 acreditado que mantuvo relaciones comerciales con el Loco Barrera y los dem\u00e1s procesados.<\/p>\n<p>En el caso de Oscar Richard Mart\u00ednez Arango, la investigaci\u00f3n determin\u00f3 que sostuvo relaciones con varios de los procesados, que era propietario de bienes de considerable valor sin justificaci\u00f3n de su capital, y que para sus transacciones financieras acudi\u00f3 a terceras personas en unos casos mientras que en otros utiliz\u00f3 nombre e identificaciones falsas.<\/p>\n<p>Al termino del juicio, el Juzgado Octavo Penal Especializado de Bogot\u00e1 el 17 de junio de 2013 absolvi\u00f3 a los 8 implicados por todos los cargos imputados por la Fiscal\u00eda con excepci\u00f3n de Jaime Jerez Galeano y Oscar Alberto Jerez Pineda como coautores del delito de concierto para delinquir agravado, a Germ\u00e1n Quiroga Velasco por lavado de activos y a Norma Constanza C\u00e1rdenas Duarte por testaferrato.<\/p>\n<p>Ahora la Sala Penal del Tribunal Superior de Bogot\u00e1 revoc\u00f3 la decisi\u00f3n de primera instancia y conden\u00f3 a Jaime Jerez Galeano y Oscar Alberto Jerez Pineda como autores del delito de concierto para delinquir agravado, (cargo por el que fueron absueltos en primera instancia), y como coautores del delito de lavado de activos agravado a 184 meses y 15 d\u00edas de prisi\u00f3n y multa de 19.375 salarios m\u00ednimos legales mensuales vigentes.<\/p>\n<p>Tambi\u00e9n conden\u00f3 a Germ\u00e1n Quiroga Velasco como coautor de delito de concierto para delinquir agravado, delito por el que tambi\u00e9n fue absuelto en primera instancia, y como coautor de lavado de activos agravado, (cargo por el que fue condenado pero como lavado de activos simple), a una pena de 184 meses y 15 d\u00edas de prisi\u00f3n y multa de 19.375 s.m.l.m.v.<\/p>\n<p>En su decisi\u00f3n, el Tribunal, tambi\u00e9n conden\u00f3 a Norma Constanza C\u00e1rdenas Duarte como autora del delito de concierto para delinquir agravado, cargo por el que fue absuelta en primera instancia, y como autora del delito de testaferrato a la pena de 144 meses de prisi\u00f3n y la misma multa que a los anteriores.<\/p>\n<p>Tambi\u00e9n fueron condenados Nemecio Ayala, padre y Nemesio Ayala Barrera como coautores del delito de lavado de activos, en el que tambi\u00e9n fueron absueltos en primera instancia, a 99 meses de prisi\u00f3n y multa de 12.875 s.m.l.m.v.<\/p>\n<p>Como coautores del delito de lavado de activos agravado y autores del delito de concierto para delinquir agravado fueron condenados a 184 meses y 15 d\u00edas de prisi\u00f3n, Rubi Yiceth Ayala Barrera y Oscar Richard Mart\u00ednez Arango, quienes hab\u00edan sido absueltos en primera instancia por esos cargos.<\/p>\n<p>La Sala Penal del Tribunal Superior de Bogot\u00e1, tras condenarlos orden\u00f3 las capturas de Jaime Jerez Galeano, Oscar Alberto Jerez Pineda, Germ\u00e1n Quiroga Velasco, Norma Constanza C\u00e1rdenas Duarte, Nemecio Ayala, padre y Nemecio Ayala Barrera; adem\u00e1s de Rubi Yiceth Ayala Barrera y Oscar Richard Mart\u00ednez Arango.<\/p>\n<p>&nbsp;<\/p>\n<p>&nbsp;<\/p>\n<p>AMC\/DLBM<\/p>\n\n<div class=\"twitter-share\"><a href=\"https:\/\/twitter.com\/intent\/tweet?via=fiscaliacol\" class=\"twitter-share-button\">Tweet<\/a><\/div>\n","protected":false},"excerpt":{"rendered":"<p>La Sala Penal del Tribunal Superior de Bogot\u00e1 conden\u00f3 a ocho personas, entre ellos a varios familiares de Daniel Barrera Barrera, alias el Loco Barrera, por cargos de concierto para delinquir agravado, lavado de activos simple y agravado, testaferrato, quienes en su mayor\u00eda fueron absueltos por el Juzgado Octavo Penal del Circuito Especializado de Bogot\u00e1. [&hellip;]<\/p>\n","protected":false},"author":143,"featured_media":0,"comment_status":"closed","ping_status":"open","sticky":false,"template":"","format":"standard","meta":{"_price":"","_stock":"","_tribe_ticket_header":"","_tribe_default_ticket_provider":"","_tribe_ticket_capacity":"0","_ticket_start_date":"","_ticket_end_date":"","_tribe_ticket_show_description":"","_tribe_ticket_show_not_going":false,"_tribe_ticket_use_global_stock":"","_tribe_ticket_global_stock_level":"","_global_stock_mode":"","_global_stock_cap":"","_tribe_rsvp_for_event":"","_tribe_ticket_going_count":"","_tribe_ticket_not_going_count":"","_tribe_tickets_list":"[]","_tribe_ticket_has_attendee_info_fields":false,"tdm_status":"","tdm_grid_status":"","footnotes":""},"categories":[1],"tags":[147,8890],"class_list":{"0":"post-65241","1":"post","2":"type-post","3":"status-publish","4":"format-standard","6":"category-noticias","7":"tag-lavado-de-activos","8":"tag-testaferrato"},"yoast_head":"<!-- This site is optimized with the Yoast SEO plugin v24.3 - https:\/\/yoast.com\/wordpress\/plugins\/seo\/ -->\n<title>Fiscal\u00eda General de la Naci\u00f3n<\/title>\n<meta name=\"description\" content=\"P\u00e1gina oficial de la Fiscal\u00eda General de la Naci\u00f3n \u2013 Colombia. Garantizamos el acceso efectivo a la justicia, la verdad y la reparaci\u00f3n de las v\u00edctimas de los delitos.\" \/>\n<meta name=\"robots\" content=\"noindex, follow\" \/>\n<meta property=\"og:locale\" content=\"es_ES\" \/>\n<meta property=\"og:type\" content=\"article\" \/>\n<meta property=\"og:title\" content=\"Fiscal\u00eda General de la Naci\u00f3n\" \/>\n<meta property=\"og:description\" content=\"P\u00e1gina oficial de la Fiscal\u00eda General de la Naci\u00f3n \u2013 Colombia. Garantizamos el acceso efectivo a la justicia, la verdad y la reparaci\u00f3n de las v\u00edctimas de los delitos.\" \/>\n<meta property=\"og:url\" content=\"https:\/\/www.fiscalia.gov.co\/colombia\/noticias\/condenados-familiares-del-loco-barrera-por-lavado-de-activos-testaferrato-y-concierto-para-delinquir\/\" \/>\n<meta property=\"og:site_name\" content=\"Fiscal\u00eda General de la Naci\u00f3n\" \/>\n<meta property=\"article:publisher\" content=\"https:\/\/www.facebook.com\/FiscaliaCol\" \/>\n<meta property=\"article:published_time\" content=\"2015-04-09T16:21:05+00:00\" \/>\n<meta name=\"author\" content=\"dfgordillo\" \/>\n<meta name=\"twitter:card\" content=\"summary_large_image\" \/>\n<meta name=\"twitter:creator\" content=\"@FiscaliaCol\" \/>\n<meta name=\"twitter:site\" content=\"@FiscaliaCol\" \/>\n<meta name=\"twitter:label1\" content=\"Escrito por\" \/>\n\t<meta name=\"twitter:data1\" content=\"dfgordillo\" \/>\n\t<meta name=\"twitter:label2\" content=\"Tiempo de lectura\" \/>\n\t<meta name=\"twitter:data2\" content=\"4 minutos\" \/>\n<script type=\"application\/ld+json\" class=\"yoast-schema-graph\">{\"@context\":\"https:\/\/schema.org\",\"@graph\":[{\"@type\":\"Article\",\"@id\":\"https:\/\/www.fiscalia.gov.co\/colombia\/noticias\/condenados-familiares-del-loco-barrera-por-lavado-de-activos-testaferrato-y-concierto-para-delinquir\/#article\",\"isPartOf\":{\"@id\":\"https:\/\/www.fiscalia.gov.co\/colombia\/noticias\/condenados-familiares-del-loco-barrera-por-lavado-de-activos-testaferrato-y-concierto-para-delinquir\/\"},\"author\":{\"name\":\"dfgordillo\",\"@id\":\"https:\/\/www.fiscalia.gov.co\/colombia\/#\/schema\/person\/3903856a3ce2d54b094c69eb29247895\"},\"headline\":\"Condenados familiares del Loco Barrera por lavado de activos, testaferrato y concierto para delinquir\",\"datePublished\":\"2015-04-09T16:21:05+00:00\",\"dateModified\":\"2015-04-09T16:21:05+00:00\",\"mainEntityOfPage\":{\"@id\":\"https:\/\/www.fiscalia.gov.co\/colombia\/noticias\/condenados-familiares-del-loco-barrera-por-lavado-de-activos-testaferrato-y-concierto-para-delinquir\/\"},\"wordCount\":738,\"publisher\":{\"@id\":\"https:\/\/www.fiscalia.gov.co\/colombia\/#organization\"},\"keywords\":[\"Lavado de activos\",\"Testaferrato\"],\"articleSection\":[\"Noticias\"],\"inLanguage\":\"es-CO\"},{\"@type\":\"WebPage\",\"@id\":\"https:\/\/www.fiscalia.gov.co\/colombia\/noticias\/condenados-familiares-del-loco-barrera-por-lavado-de-activos-testaferrato-y-concierto-para-delinquir\/\",\"url\":\"https:\/\/www.fiscalia.gov.co\/colombia\/noticias\/condenados-familiares-del-loco-barrera-por-lavado-de-activos-testaferrato-y-concierto-para-delinquir\/\",\"name\":\"Fiscal\u00eda General de la Naci\u00f3n\",\"isPartOf\":{\"@id\":\"https:\/\/www.fiscalia.gov.co\/colombia\/#website\"},\"datePublished\":\"2015-04-09T16:21:05+00:00\",\"dateModified\":\"2015-04-09T16:21:05+00:00\",\"description\":\"P\u00e1gina oficial de la Fiscal\u00eda General de la Naci\u00f3n \u2013 Colombia. Garantizamos el acceso efectivo a la justicia, la verdad y la reparaci\u00f3n de las v\u00edctimas de los delitos.\",\"breadcrumb\":{\"@id\":\"https:\/\/www.fiscalia.gov.co\/colombia\/noticias\/condenados-familiares-del-loco-barrera-por-lavado-de-activos-testaferrato-y-concierto-para-delinquir\/#breadcrumb\"},\"inLanguage\":\"es-CO\",\"potentialAction\":[{\"@type\":\"ReadAction\",\"target\":[\"https:\/\/www.fiscalia.gov.co\/colombia\/noticias\/condenados-familiares-del-loco-barrera-por-lavado-de-activos-testaferrato-y-concierto-para-delinquir\/\"]}]},{\"@type\":\"BreadcrumbList\",\"@id\":\"https:\/\/www.fiscalia.gov.co\/colombia\/noticias\/condenados-familiares-del-loco-barrera-por-lavado-de-activos-testaferrato-y-concierto-para-delinquir\/#breadcrumb\",\"itemListElement\":[{\"@type\":\"ListItem\",\"position\":1,\"name\":\"Home\",\"item\":\"https:\/\/www.fiscalia.gov.co\/colombia\/\"},{\"@type\":\"ListItem\",\"position\":2,\"name\":\"Condenados familiares del Loco Barrera por lavado de activos, testaferrato y concierto para delinquir\"}]},{\"@type\":\"WebSite\",\"@id\":\"https:\/\/www.fiscalia.gov.co\/colombia\/#website\",\"url\":\"https:\/\/www.fiscalia.gov.co\/colombia\/\",\"name\":\"Fiscal\u00eda General de la Naci\u00f3n\",\"description\":\"P\u00e1gina oficial de la Fiscal\u00eda General de la Naci\u00f3n \u2013 Colombia. Garantizamos el acceso efectivo a la justicia, la verdad y la reparaci\u00f3n de las v\u00edctimas de los delitos.\",\"publisher\":{\"@id\":\"https:\/\/www.fiscalia.gov.co\/colombia\/#organization\"},\"potentialAction\":[{\"@type\":\"SearchAction\",\"target\":{\"@type\":\"EntryPoint\",\"urlTemplate\":\"https:\/\/www.fiscalia.gov.co\/colombia\/?s={search_term_string}\"},\"query-input\":{\"@type\":\"PropertyValueSpecification\",\"valueRequired\":true,\"valueName\":\"search_term_string\"}}],\"inLanguage\":\"es-CO\"},{\"@type\":\"Organization\",\"@id\":\"https:\/\/www.fiscalia.gov.co\/colombia\/#organization\",\"name\":\"Fiscal\u00eda General de la Naci\u00f3n\",\"url\":\"https:\/\/www.fiscalia.gov.co\/colombia\/\",\"logo\":{\"@type\":\"ImageObject\",\"inLanguage\":\"es-CO\",\"@id\":\"https:\/\/www.fiscalia.gov.co\/colombia\/#\/schema\/logo\/image\/\",\"url\":\"https:\/\/www.fiscalia.gov.co\/colombia\/wp-content\/uploads\/LogoHorizontal_1.jpg\",\"contentUrl\":\"https:\/\/www.fiscalia.gov.co\/colombia\/wp-content\/uploads\/LogoHorizontal_1.jpg\",\"width\":300,\"height\":90,\"caption\":\"Fiscal\u00eda General de la Naci\u00f3n\"},\"image\":{\"@id\":\"https:\/\/www.fiscalia.gov.co\/colombia\/#\/schema\/logo\/image\/\"},\"sameAs\":[\"https:\/\/www.facebook.com\/FiscaliaCol\",\"https:\/\/x.com\/FiscaliaCol\",\"https:\/\/www.instagram.com\/fiscaliacol\",\"https:\/\/www.linkedin.com\/company\/fiscalia-general-de-la-naci-n\/\",\"https:\/\/youtube.com\/@fiscaliageneraldelanacion-4668?si=6nN79nyQICPU5iTh\"]},{\"@type\":\"Person\",\"@id\":\"https:\/\/www.fiscalia.gov.co\/colombia\/#\/schema\/person\/3903856a3ce2d54b094c69eb29247895\",\"name\":\"dfgordillo\",\"image\":{\"@type\":\"ImageObject\",\"inLanguage\":\"es-CO\",\"@id\":\"https:\/\/www.fiscalia.gov.co\/colombia\/#\/schema\/person\/image\/\",\"url\":\"https:\/\/secure.gravatar.com\/avatar\/b6356e21c5657c60757fe6fb9493e947?s=96&d=mm&r=g\",\"contentUrl\":\"https:\/\/secure.gravatar.com\/avatar\/b6356e21c5657c60757fe6fb9493e947?s=96&d=mm&r=g\",\"caption\":\"dfgordillo\"},\"sameAs\":[\"dfgordillo\"],\"url\":\"https:\/\/www.fiscalia.gov.co\/colombia\/author\/dfgordillo\/\"}]}<\/script>\n<!-- \/ Yoast SEO plugin. -->","yoast_head_json":{"title":"Fiscal\u00eda General de la Naci\u00f3n","description":"P\u00e1gina oficial de la Fiscal\u00eda General de la Naci\u00f3n \u2013 Colombia. Garantizamos el acceso efectivo a la justicia, la verdad y la reparaci\u00f3n de las v\u00edctimas de los delitos.","robots":{"index":"noindex","follow":"follow"},"og_locale":"es_ES","og_type":"article","og_title":"Fiscal\u00eda General de la Naci\u00f3n","og_description":"P\u00e1gina oficial de la Fiscal\u00eda General de la Naci\u00f3n \u2013 Colombia. Garantizamos el acceso efectivo a la justicia, la verdad y la reparaci\u00f3n de las v\u00edctimas de los delitos.","og_url":"https:\/\/www.fiscalia.gov.co\/colombia\/noticias\/condenados-familiares-del-loco-barrera-por-lavado-de-activos-testaferrato-y-concierto-para-delinquir\/","og_site_name":"Fiscal\u00eda General de la Naci\u00f3n","article_publisher":"https:\/\/www.facebook.com\/FiscaliaCol","article_published_time":"2015-04-09T16:21:05+00:00","author":"dfgordillo","twitter_card":"summary_large_image","twitter_creator":"@FiscaliaCol","twitter_site":"@FiscaliaCol","twitter_misc":{"Escrito por":"dfgordillo","Tiempo de lectura":"4 minutos"},"schema":{"@context":"https:\/\/schema.org","@graph":[{"@type":"Article","@id":"https:\/\/www.fiscalia.gov.co\/colombia\/noticias\/condenados-familiares-del-loco-barrera-por-lavado-de-activos-testaferrato-y-concierto-para-delinquir\/#article","isPartOf":{"@id":"https:\/\/www.fiscalia.gov.co\/colombia\/noticias\/condenados-familiares-del-loco-barrera-por-lavado-de-activos-testaferrato-y-concierto-para-delinquir\/"},"author":{"name":"dfgordillo","@id":"https:\/\/www.fiscalia.gov.co\/colombia\/#\/schema\/person\/3903856a3ce2d54b094c69eb29247895"},"headline":"Condenados familiares del Loco Barrera por lavado de activos, testaferrato y concierto para delinquir","datePublished":"2015-04-09T16:21:05+00:00","dateModified":"2015-04-09T16:21:05+00:00","mainEntityOfPage":{"@id":"https:\/\/www.fiscalia.gov.co\/colombia\/noticias\/condenados-familiares-del-loco-barrera-por-lavado-de-activos-testaferrato-y-concierto-para-delinquir\/"},"wordCount":738,"publisher":{"@id":"https:\/\/www.fiscalia.gov.co\/colombia\/#organization"},"keywords":["Lavado de activos","Testaferrato"],"articleSection":["Noticias"],"inLanguage":"es-CO"},{"@type":"WebPage","@id":"https:\/\/www.fiscalia.gov.co\/colombia\/noticias\/condenados-familiares-del-loco-barrera-por-lavado-de-activos-testaferrato-y-concierto-para-delinquir\/","url":"https:\/\/www.fiscalia.gov.co\/colombia\/noticias\/condenados-familiares-del-loco-barrera-por-lavado-de-activos-testaferrato-y-concierto-para-delinquir\/","name":"Fiscal\u00eda General de la Naci\u00f3n","isPartOf":{"@id":"https:\/\/www.fiscalia.gov.co\/colombia\/#website"},"datePublished":"2015-04-09T16:21:05+00:00","dateModified":"2015-04-09T16:21:05+00:00","description":"P\u00e1gina oficial de la Fiscal\u00eda General de la Naci\u00f3n \u2013 Colombia. Garantizamos el acceso efectivo a la justicia, la verdad y la reparaci\u00f3n de las v\u00edctimas de los delitos.","breadcrumb":{"@id":"https:\/\/www.fiscalia.gov.co\/colombia\/noticias\/condenados-familiares-del-loco-barrera-por-lavado-de-activos-testaferrato-y-concierto-para-delinquir\/#breadcrumb"},"inLanguage":"es-CO","potentialAction":[{"@type":"ReadAction","target":["https:\/\/www.fiscalia.gov.co\/colombia\/noticias\/condenados-familiares-del-loco-barrera-por-lavado-de-activos-testaferrato-y-concierto-para-delinquir\/"]}]},{"@type":"BreadcrumbList","@id":"https:\/\/www.fiscalia.gov.co\/colombia\/noticias\/condenados-familiares-del-loco-barrera-por-lavado-de-activos-testaferrato-y-concierto-para-delinquir\/#breadcrumb","itemListElement":[{"@type":"ListItem","position":1,"name":"Home","item":"https:\/\/www.fiscalia.gov.co\/colombia\/"},{"@type":"ListItem","position":2,"name":"Condenados familiares del Loco Barrera por lavado de activos, testaferrato y concierto para delinquir"}]},{"@type":"WebSite","@id":"https:\/\/www.fiscalia.gov.co\/colombia\/#website","url":"https:\/\/www.fiscalia.gov.co\/colombia\/","name":"Fiscal\u00eda General de la Naci\u00f3n","description":"P\u00e1gina oficial de la Fiscal\u00eda General de la Naci\u00f3n \u2013 Colombia. Garantizamos el acceso efectivo a la justicia, la verdad y la reparaci\u00f3n de las v\u00edctimas de los delitos.","publisher":{"@id":"https:\/\/www.fiscalia.gov.co\/colombia\/#organization"},"potentialAction":[{"@type":"SearchAction","target":{"@type":"EntryPoint","urlTemplate":"https:\/\/www.fiscalia.gov.co\/colombia\/?s={search_term_string}"},"query-input":{"@type":"PropertyValueSpecification","valueRequired":true,"valueName":"search_term_string"}}],"inLanguage":"es-CO"},{"@type":"Organization","@id":"https:\/\/www.fiscalia.gov.co\/colombia\/#organization","name":"Fiscal\u00eda General de la Naci\u00f3n","url":"https:\/\/www.fiscalia.gov.co\/colombia\/","logo":{"@type":"ImageObject","inLanguage":"es-CO","@id":"https:\/\/www.fiscalia.gov.co\/colombia\/#\/schema\/logo\/image\/","url":"https:\/\/www.fiscalia.gov.co\/colombia\/wp-content\/uploads\/LogoHorizontal_1.jpg","contentUrl":"https:\/\/www.fiscalia.gov.co\/colombia\/wp-content\/uploads\/LogoHorizontal_1.jpg","width":300,"height":90,"caption":"Fiscal\u00eda General de la Naci\u00f3n"},"image":{"@id":"https:\/\/www.fiscalia.gov.co\/colombia\/#\/schema\/logo\/image\/"},"sameAs":["https:\/\/www.facebook.com\/FiscaliaCol","https:\/\/x.com\/FiscaliaCol","https:\/\/www.instagram.com\/fiscaliacol","https:\/\/www.linkedin.com\/company\/fiscalia-general-de-la-naci-n\/","https:\/\/youtube.com\/@fiscaliageneraldelanacion-4668?si=6nN79nyQICPU5iTh"]},{"@type":"Person","@id":"https:\/\/www.fiscalia.gov.co\/colombia\/#\/schema\/person\/3903856a3ce2d54b094c69eb29247895","name":"dfgordillo","image":{"@type":"ImageObject","inLanguage":"es-CO","@id":"https:\/\/www.fiscalia.gov.co\/colombia\/#\/schema\/person\/image\/","url":"https:\/\/secure.gravatar.com\/avatar\/b6356e21c5657c60757fe6fb9493e947?s=96&d=mm&r=g","contentUrl":"https:\/\/secure.gravatar.com\/avatar\/b6356e21c5657c60757fe6fb9493e947?s=96&d=mm&r=g","caption":"dfgordillo"},"sameAs":["dfgordillo"],"url":"https:\/\/www.fiscalia.gov.co\/colombia\/author\/dfgordillo\/"}]}},"_links":{"self":[{"href":"https:\/\/www.fiscalia.gov.co\/colombia\/wp-json\/wp\/v2\/posts\/65241","targetHints":{"allow":["GET"]}}],"collection":[{"href":"https:\/\/www.fiscalia.gov.co\/colombia\/wp-json\/wp\/v2\/posts"}],"about":[{"href":"https:\/\/www.fiscalia.gov.co\/colombia\/wp-json\/wp\/v2\/types\/post"}],"author":[{"embeddable":true,"href":"https:\/\/www.fiscalia.gov.co\/colombia\/wp-json\/wp\/v2\/users\/143"}],"replies":[{"embeddable":true,"href":"https:\/\/www.fiscalia.gov.co\/colombia\/wp-json\/wp\/v2\/comments?post=65241"}],"version-history":[{"count":2,"href":"https:\/\/www.fiscalia.gov.co\/colombia\/wp-json\/wp\/v2\/posts\/65241\/revisions"}],"predecessor-version":[{"id":65243,"href":"https:\/\/www.fiscalia.gov.co\/colombia\/wp-json\/wp\/v2\/posts\/65241\/revisions\/65243"}],"wp:attachment":[{"href":"https:\/\/www.fiscalia.gov.co\/colombia\/wp-json\/wp\/v2\/media?parent=65241"}],"wp:term":[{"taxonomy":"category","embeddable":true,"href":"https:\/\/www.fiscalia.gov.co\/colombia\/wp-json\/wp\/v2\/categories?post=65241"},{"taxonomy":"post_tag","embeddable":true,"href":"https:\/\/www.fiscalia.gov.co\/colombia\/wp-json\/wp\/v2\/tags?post=65241"}],"curies":[{"name":"wp","href":"https:\/\/api.w.org\/{rel}","templated":true}]}}