{"id":65030,"date":"2015-04-01T15:38:21","date_gmt":"2015-04-01T20:38:21","guid":{"rendered":"http:\/\/www.fiscalia.gov.co\/colombia\/?p=65030"},"modified":"2015-04-01T15:38:21","modified_gmt":"2015-04-01T20:38:21","slug":"fiscalia-continua-avanzando-en-las-investigaciones-de-la-cienaga-grande-de-san-marta","status":"publish","type":"post","link":"https:\/\/www.fiscalia.gov.co\/colombia\/noticias\/fiscalia-continua-avanzando-en-las-investigaciones-de-la-cienaga-grande-de-san-marta\/","title":{"rendered":"Fiscal\u00eda contin\u00faa avanzando en las investigaciones de la Ci\u00e9naga Grande de San Marta"},"content":{"rendered":"<p>El Fiscal General de la Naci\u00f3n(e), Jorge Fernando Perdomo Torres, visit\u00f3 la Seccional de Magdalena, y realiz\u00f3 un sobrevuelo sobre la Ci\u00e9naga Grande de Santa Marta, a fin de enterarse de la problem\u00e1tica de afectaci\u00f3n al medio ambiente que se est\u00e1 presentando en el lugar y para dar a conocer los avances de las investigaciones que se adelantan por el sistema de la explotaci\u00f3n de carb\u00f3n en Colombia, el cual se extrae en el Cesar y la Guajira y se transporta hasta Santa Marta, ocasionando un especial impacto sobre el mar en esta zona del Colombia.<\/p>\n<p>El funcionario indic\u00f3 que \u201cla problem\u00e1tica de la Ci\u00e9naga Grande no solo deviene de lo que est\u00e1 ocurriendo en el \u00e1rea protegida, sino tambi\u00e9n por lo que est\u00e1 pasando en las estribaciones de la Sierra Nevada que tiene que ver con la explotaci\u00f3n de yacimientos mineros en concreto de oro y piedra caliza, en la cual se utilizan qu\u00edmicos que van a parar en fuentes hidrogr\u00e1ficas, en r\u00edos y quebradas y que afectan directamente al mar.\u201d Puntualiz\u00f3 entonces que la problem\u00e1tica es mucho mayor a la que se presenta en la zona identificada como Ci\u00e9naga Grande.<\/p>\n<p>Manifest\u00f3 que la Fiscal\u00eda ha avanzado en los \u00faltimos meses con resultados importantes, como lo han sido m\u00e1s de \u00a025 personas capturadas, la mayor\u00eda de ellas privadas de la libertad, por el delito de explotaci\u00f3n il\u00edcita de yacimiento de oro y piedra caliza.<\/p>\n<p>Dijo adem\u00e1s que se trabaja en identificar y judicializar a personas y empresas que est\u00e1n encargadas de esta explotaci\u00f3n y que se presume que tiene lazos con empresarios del bajo Cauca Antioqueno. Indic\u00f3 que las investigaciones ahora se han orientado, no solo contra las personas que se encuentran en el sitio, sino a personas naturales y empresas que se benefician del negocio en detrimento de la biodiversidad y el medio ambiente en el pa\u00eds.<\/p>\n<p>Indic\u00f3 que de esta zona se desplazaron a m\u00e1s de 27 familias campesinas que se encuentran en un proceso de restituci\u00f3n de tierras ante un Juzgado de Santa Marta y en el cual la Fiscal\u00eda tiene identificados unos presuntos responsables, contra quienes pesan \u00f3rdenes de capturas vigentes y que est\u00e1n siendo buscados por la Fiscal\u00eda.<\/p>\n<p>Dentro de estas investigaciones por denuncias instauradas por las conductas punibles de da\u00f1o en los recursos naturales e il\u00edcito\u00a0y aprovechamiento de los recursos naturales, el funcionario indic\u00f3 que la Fiscal\u00eda ha realizado diversas diligencias judiciales como entrevistas, inspecci\u00f3n ocular al lugar de los hechos con acompa\u00f1amiento de peritos expertos, a fin de establecer los da\u00f1os y afectaciones sobre el medio ambiente y los posibles autores de estos delitos.<\/p>\n<p>Tambi\u00e9n manifest\u00f3 que se han realizado interrogatorios al alcalde del municipio de Remolino (Magdalena) debido a la ubicaci\u00f3n de la Ci\u00e9naga, a los representantes legales de la firma RHC, al administrador de la hacienda los patos o mendegua, predio donde se encuentra ubicada parte de la Ci\u00e9naga, y al director de la Corporaci\u00f3n Aut\u00f3noma Regional del Magdalena (CORPOMAG).<\/p>\n<p>Puntualiz\u00f3 que en abril ser\u00e1 llamado a interrogatorio el director de CORPOMAG, Orlando Cabrera Molinares, y se efectuar\u00e1n\u00a0las primeras imputaciones a los representantes legales de la Empresa Agropecuaria RHC y a Rafael Ignacio Hoyos Ca\u00f1avera, due\u00f1o de los predios, a quien se le formular\u00e1 cargos por los delitos de il\u00edcito de aprovechamiento y da\u00f1o de los recursos naturales.<\/p>\n<p>Al finalizar, el Fiscal General(e) dej\u00f3 un mensaje claro y contundente en el sentido que la Fiscalia General de la Naci\u00f3n no va a tolerar que se siga afectando el medio ambiente en la Ci\u00e9naga Grande y que agradece a los medios de comunicaci\u00f3n y a las personas de la organizaci\u00f3n de la sociedad civil que pongan en conocimiento del ente acusador las denuncias del caso, a fin de avanzar en estas investigaciones.<\/p>\n<p>&nbsp;<\/p>\n<p>NIGC\/ALGO<\/p>\n<p>______________________________________________<\/p>\n<p><strong>Rueda de prensa\u00a0<strong>Jorge Fernando Perdomo Torres, Vicefiscal General de la Naci\u00f3n<\/strong><\/strong><\/p>\n[audio:http:\/\/www.fiscalia.gov.co\/colombia\/wp-content\/uploads\/1ABR2015-RP-VISITA-VICEFGN-STA-MARTA.mp3|titles=Declaraciones]\n<p><a title=\"Fiscal\u00eda contin\u00faa avanzando en las investigaciones de la Ci\u00e9naga Grande de San Marta\" href=\"http:\/\/www.fiscalia.gov.co\/colombia\/wp-content\/uploads\/1ABR2015-RP-VISITA-VICEFGN-STA-MARTA.mp3\">Descargar<\/a><\/p>\n<p>Tema: Investigaciones acerca del da\u00f1o ambiental en la Ci\u00e9naga Grande de San Marta<strong><br \/>\n<\/strong>Lugar: \u00a0Santa Marta (Magdalena)<br \/>\nFecha: 1 de abril de 2015<\/p>\n\n<div class=\"twitter-share\"><a href=\"https:\/\/twitter.com\/intent\/tweet?via=fiscaliacol\" class=\"twitter-share-button\">Tweet<\/a><\/div>\n","protected":false},"excerpt":{"rendered":"<p>El Fiscal General de la Naci\u00f3n(e), Jorge Fernando Perdomo Torres, visit\u00f3 la Seccional de Magdalena, y realiz\u00f3 un sobrevuelo sobre la Ci\u00e9naga Grande de Santa Marta, a fin de enterarse de la problem\u00e1tica de afectaci\u00f3n al medio ambiente que se est\u00e1 presentando en el lugar y para dar a conocer los avances de las investigaciones [&hellip;]<\/p>\n","protected":false},"author":143,"featured_media":0,"comment_status":"closed","ping_status":"open","sticky":false,"template":"","format":"standard","meta":{"_price":"","_stock":"","_tribe_ticket_header":"","_tribe_default_ticket_provider":"","_tribe_ticket_capacity":"0","_ticket_start_date":"","_ticket_end_date":"","_tribe_ticket_show_description":"","_tribe_ticket_show_not_going":false,"_tribe_ticket_use_global_stock":"","_tribe_ticket_global_stock_level":"","_global_stock_mode":"","_global_stock_cap":"","_tribe_rsvp_for_event":"","_tribe_ticket_going_count":"","_tribe_ticket_not_going_count":"","_tribe_tickets_list":"[]","_tribe_ticket_has_attendee_info_fields":false,"tdm_status":"","tdm_grid_status":"","footnotes":""},"categories":[1],"tags":[12020,7033],"class_list":{"0":"post-65030","1":"post","2":"type-post","3":"status-publish","4":"format-standard","6":"category-noticias","7":"tag-cienaga-grande","8":"tag-dano-ambiental"},"yoast_head":"<!-- This site is optimized with the Yoast SEO plugin v24.3 - https:\/\/yoast.com\/wordpress\/plugins\/seo\/ -->\n<title>Fiscal\u00eda General de la Naci\u00f3n<\/title>\n<meta name=\"description\" content=\"P\u00e1gina oficial de la Fiscal\u00eda General de la Naci\u00f3n \u2013 Colombia. Garantizamos el acceso efectivo a la justicia, la verdad y la reparaci\u00f3n de las v\u00edctimas de los delitos.\" \/>\n<meta name=\"robots\" content=\"noindex, follow\" \/>\n<meta property=\"og:locale\" content=\"es_ES\" \/>\n<meta property=\"og:type\" content=\"article\" \/>\n<meta property=\"og:title\" content=\"Fiscal\u00eda General de la Naci\u00f3n\" \/>\n<meta property=\"og:description\" content=\"P\u00e1gina oficial de la Fiscal\u00eda General de la Naci\u00f3n \u2013 Colombia. Garantizamos el acceso efectivo a la justicia, la verdad y la reparaci\u00f3n de las v\u00edctimas de los delitos.\" \/>\n<meta property=\"og:url\" content=\"https:\/\/www.fiscalia.gov.co\/colombia\/noticias\/fiscalia-continua-avanzando-en-las-investigaciones-de-la-cienaga-grande-de-san-marta\/\" \/>\n<meta property=\"og:site_name\" content=\"Fiscal\u00eda General de la Naci\u00f3n\" \/>\n<meta property=\"article:publisher\" content=\"https:\/\/www.facebook.com\/FiscaliaCol\" \/>\n<meta property=\"article:published_time\" content=\"2015-04-01T20:38:21+00:00\" \/>\n<meta name=\"author\" content=\"dfgordillo\" \/>\n<meta name=\"twitter:card\" content=\"summary_large_image\" \/>\n<meta name=\"twitter:creator\" content=\"@FiscaliaCol\" \/>\n<meta name=\"twitter:site\" content=\"@FiscaliaCol\" \/>\n<meta name=\"twitter:label1\" content=\"Escrito por\" \/>\n\t<meta name=\"twitter:data1\" content=\"dfgordillo\" \/>\n\t<meta name=\"twitter:label2\" content=\"Tiempo de lectura\" \/>\n\t<meta name=\"twitter:data2\" content=\"4 minutos\" \/>\n<script type=\"application\/ld+json\" class=\"yoast-schema-graph\">{\"@context\":\"https:\/\/schema.org\",\"@graph\":[{\"@type\":\"Article\",\"@id\":\"https:\/\/www.fiscalia.gov.co\/colombia\/noticias\/fiscalia-continua-avanzando-en-las-investigaciones-de-la-cienaga-grande-de-san-marta\/#article\",\"isPartOf\":{\"@id\":\"https:\/\/www.fiscalia.gov.co\/colombia\/noticias\/fiscalia-continua-avanzando-en-las-investigaciones-de-la-cienaga-grande-de-san-marta\/\"},\"author\":{\"name\":\"dfgordillo\",\"@id\":\"https:\/\/www.fiscalia.gov.co\/colombia\/#\/schema\/person\/3903856a3ce2d54b094c69eb29247895\"},\"headline\":\"Fiscal\u00eda contin\u00faa avanzando en las investigaciones de la Ci\u00e9naga Grande de San Marta\",\"datePublished\":\"2015-04-01T20:38:21+00:00\",\"dateModified\":\"2015-04-01T20:38:21+00:00\",\"mainEntityOfPage\":{\"@id\":\"https:\/\/www.fiscalia.gov.co\/colombia\/noticias\/fiscalia-continua-avanzando-en-las-investigaciones-de-la-cienaga-grande-de-san-marta\/\"},\"wordCount\":743,\"publisher\":{\"@id\":\"https:\/\/www.fiscalia.gov.co\/colombia\/#organization\"},\"keywords\":[\"Ci\u00e9naga Grande\",\"Da\u00f1o ambiental\"],\"articleSection\":[\"Noticias\"],\"inLanguage\":\"es-CO\"},{\"@type\":\"WebPage\",\"@id\":\"https:\/\/www.fiscalia.gov.co\/colombia\/noticias\/fiscalia-continua-avanzando-en-las-investigaciones-de-la-cienaga-grande-de-san-marta\/\",\"url\":\"https:\/\/www.fiscalia.gov.co\/colombia\/noticias\/fiscalia-continua-avanzando-en-las-investigaciones-de-la-cienaga-grande-de-san-marta\/\",\"name\":\"Fiscal\u00eda General de la Naci\u00f3n\",\"isPartOf\":{\"@id\":\"https:\/\/www.fiscalia.gov.co\/colombia\/#website\"},\"datePublished\":\"2015-04-01T20:38:21+00:00\",\"dateModified\":\"2015-04-01T20:38:21+00:00\",\"description\":\"P\u00e1gina oficial de la Fiscal\u00eda General de la Naci\u00f3n \u2013 Colombia. Garantizamos el acceso efectivo a la justicia, la verdad y la reparaci\u00f3n de las v\u00edctimas de los delitos.\",\"breadcrumb\":{\"@id\":\"https:\/\/www.fiscalia.gov.co\/colombia\/noticias\/fiscalia-continua-avanzando-en-las-investigaciones-de-la-cienaga-grande-de-san-marta\/#breadcrumb\"},\"inLanguage\":\"es-CO\",\"potentialAction\":[{\"@type\":\"ReadAction\",\"target\":[\"https:\/\/www.fiscalia.gov.co\/colombia\/noticias\/fiscalia-continua-avanzando-en-las-investigaciones-de-la-cienaga-grande-de-san-marta\/\"]}]},{\"@type\":\"BreadcrumbList\",\"@id\":\"https:\/\/www.fiscalia.gov.co\/colombia\/noticias\/fiscalia-continua-avanzando-en-las-investigaciones-de-la-cienaga-grande-de-san-marta\/#breadcrumb\",\"itemListElement\":[{\"@type\":\"ListItem\",\"position\":1,\"name\":\"Home\",\"item\":\"https:\/\/www.fiscalia.gov.co\/colombia\/\"},{\"@type\":\"ListItem\",\"position\":2,\"name\":\"Fiscal\u00eda contin\u00faa avanzando en las investigaciones de la Ci\u00e9naga Grande de San Marta\"}]},{\"@type\":\"WebSite\",\"@id\":\"https:\/\/www.fiscalia.gov.co\/colombia\/#website\",\"url\":\"https:\/\/www.fiscalia.gov.co\/colombia\/\",\"name\":\"Fiscal\u00eda General de la Naci\u00f3n\",\"description\":\"P\u00e1gina oficial de la Fiscal\u00eda General de la Naci\u00f3n \u2013 Colombia. Garantizamos el acceso efectivo a la justicia, la verdad y la reparaci\u00f3n de las v\u00edctimas de los delitos.\",\"publisher\":{\"@id\":\"https:\/\/www.fiscalia.gov.co\/colombia\/#organization\"},\"potentialAction\":[{\"@type\":\"SearchAction\",\"target\":{\"@type\":\"EntryPoint\",\"urlTemplate\":\"https:\/\/www.fiscalia.gov.co\/colombia\/?s={search_term_string}\"},\"query-input\":{\"@type\":\"PropertyValueSpecification\",\"valueRequired\":true,\"valueName\":\"search_term_string\"}}],\"inLanguage\":\"es-CO\"},{\"@type\":\"Organization\",\"@id\":\"https:\/\/www.fiscalia.gov.co\/colombia\/#organization\",\"name\":\"Fiscal\u00eda General de la Naci\u00f3n\",\"url\":\"https:\/\/www.fiscalia.gov.co\/colombia\/\",\"logo\":{\"@type\":\"ImageObject\",\"inLanguage\":\"es-CO\",\"@id\":\"https:\/\/www.fiscalia.gov.co\/colombia\/#\/schema\/logo\/image\/\",\"url\":\"https:\/\/www.fiscalia.gov.co\/colombia\/wp-content\/uploads\/LogoHorizontal_1.jpg\",\"contentUrl\":\"https:\/\/www.fiscalia.gov.co\/colombia\/wp-content\/uploads\/LogoHorizontal_1.jpg\",\"width\":300,\"height\":90,\"caption\":\"Fiscal\u00eda General de la Naci\u00f3n\"},\"image\":{\"@id\":\"https:\/\/www.fiscalia.gov.co\/colombia\/#\/schema\/logo\/image\/\"},\"sameAs\":[\"https:\/\/www.facebook.com\/FiscaliaCol\",\"https:\/\/x.com\/FiscaliaCol\",\"https:\/\/www.instagram.com\/fiscaliacol\",\"https:\/\/www.linkedin.com\/company\/fiscalia-general-de-la-naci-n\/\",\"https:\/\/youtube.com\/@fiscaliageneraldelanacion-4668?si=6nN79nyQICPU5iTh\"]},{\"@type\":\"Person\",\"@id\":\"https:\/\/www.fiscalia.gov.co\/colombia\/#\/schema\/person\/3903856a3ce2d54b094c69eb29247895\",\"name\":\"dfgordillo\",\"image\":{\"@type\":\"ImageObject\",\"inLanguage\":\"es-CO\",\"@id\":\"https:\/\/www.fiscalia.gov.co\/colombia\/#\/schema\/person\/image\/\",\"url\":\"https:\/\/secure.gravatar.com\/avatar\/b6356e21c5657c60757fe6fb9493e947?s=96&d=mm&r=g\",\"contentUrl\":\"https:\/\/secure.gravatar.com\/avatar\/b6356e21c5657c60757fe6fb9493e947?s=96&d=mm&r=g\",\"caption\":\"dfgordillo\"},\"sameAs\":[\"dfgordillo\"],\"url\":\"https:\/\/www.fiscalia.gov.co\/colombia\/author\/dfgordillo\/\"}]}<\/script>\n<!-- \/ Yoast SEO plugin. -->","yoast_head_json":{"title":"Fiscal\u00eda General de la Naci\u00f3n","description":"P\u00e1gina oficial de la Fiscal\u00eda General de la Naci\u00f3n \u2013 Colombia. Garantizamos el acceso efectivo a la justicia, la verdad y la reparaci\u00f3n de las v\u00edctimas de los delitos.","robots":{"index":"noindex","follow":"follow"},"og_locale":"es_ES","og_type":"article","og_title":"Fiscal\u00eda General de la Naci\u00f3n","og_description":"P\u00e1gina oficial de la Fiscal\u00eda General de la Naci\u00f3n \u2013 Colombia. Garantizamos el acceso efectivo a la justicia, la verdad y la reparaci\u00f3n de las v\u00edctimas de los delitos.","og_url":"https:\/\/www.fiscalia.gov.co\/colombia\/noticias\/fiscalia-continua-avanzando-en-las-investigaciones-de-la-cienaga-grande-de-san-marta\/","og_site_name":"Fiscal\u00eda General de la Naci\u00f3n","article_publisher":"https:\/\/www.facebook.com\/FiscaliaCol","article_published_time":"2015-04-01T20:38:21+00:00","author":"dfgordillo","twitter_card":"summary_large_image","twitter_creator":"@FiscaliaCol","twitter_site":"@FiscaliaCol","twitter_misc":{"Escrito por":"dfgordillo","Tiempo de lectura":"4 minutos"},"schema":{"@context":"https:\/\/schema.org","@graph":[{"@type":"Article","@id":"https:\/\/www.fiscalia.gov.co\/colombia\/noticias\/fiscalia-continua-avanzando-en-las-investigaciones-de-la-cienaga-grande-de-san-marta\/#article","isPartOf":{"@id":"https:\/\/www.fiscalia.gov.co\/colombia\/noticias\/fiscalia-continua-avanzando-en-las-investigaciones-de-la-cienaga-grande-de-san-marta\/"},"author":{"name":"dfgordillo","@id":"https:\/\/www.fiscalia.gov.co\/colombia\/#\/schema\/person\/3903856a3ce2d54b094c69eb29247895"},"headline":"Fiscal\u00eda contin\u00faa avanzando en las investigaciones de la Ci\u00e9naga Grande de San Marta","datePublished":"2015-04-01T20:38:21+00:00","dateModified":"2015-04-01T20:38:21+00:00","mainEntityOfPage":{"@id":"https:\/\/www.fiscalia.gov.co\/colombia\/noticias\/fiscalia-continua-avanzando-en-las-investigaciones-de-la-cienaga-grande-de-san-marta\/"},"wordCount":743,"publisher":{"@id":"https:\/\/www.fiscalia.gov.co\/colombia\/#organization"},"keywords":["Ci\u00e9naga Grande","Da\u00f1o ambiental"],"articleSection":["Noticias"],"inLanguage":"es-CO"},{"@type":"WebPage","@id":"https:\/\/www.fiscalia.gov.co\/colombia\/noticias\/fiscalia-continua-avanzando-en-las-investigaciones-de-la-cienaga-grande-de-san-marta\/","url":"https:\/\/www.fiscalia.gov.co\/colombia\/noticias\/fiscalia-continua-avanzando-en-las-investigaciones-de-la-cienaga-grande-de-san-marta\/","name":"Fiscal\u00eda General de la Naci\u00f3n","isPartOf":{"@id":"https:\/\/www.fiscalia.gov.co\/colombia\/#website"},"datePublished":"2015-04-01T20:38:21+00:00","dateModified":"2015-04-01T20:38:21+00:00","description":"P\u00e1gina oficial de la Fiscal\u00eda General de la Naci\u00f3n \u2013 Colombia. Garantizamos el acceso efectivo a la justicia, la verdad y la reparaci\u00f3n de las v\u00edctimas de los delitos.","breadcrumb":{"@id":"https:\/\/www.fiscalia.gov.co\/colombia\/noticias\/fiscalia-continua-avanzando-en-las-investigaciones-de-la-cienaga-grande-de-san-marta\/#breadcrumb"},"inLanguage":"es-CO","potentialAction":[{"@type":"ReadAction","target":["https:\/\/www.fiscalia.gov.co\/colombia\/noticias\/fiscalia-continua-avanzando-en-las-investigaciones-de-la-cienaga-grande-de-san-marta\/"]}]},{"@type":"BreadcrumbList","@id":"https:\/\/www.fiscalia.gov.co\/colombia\/noticias\/fiscalia-continua-avanzando-en-las-investigaciones-de-la-cienaga-grande-de-san-marta\/#breadcrumb","itemListElement":[{"@type":"ListItem","position":1,"name":"Home","item":"https:\/\/www.fiscalia.gov.co\/colombia\/"},{"@type":"ListItem","position":2,"name":"Fiscal\u00eda contin\u00faa avanzando en las investigaciones de la Ci\u00e9naga Grande de San Marta"}]},{"@type":"WebSite","@id":"https:\/\/www.fiscalia.gov.co\/colombia\/#website","url":"https:\/\/www.fiscalia.gov.co\/colombia\/","name":"Fiscal\u00eda General de la Naci\u00f3n","description":"P\u00e1gina oficial de la Fiscal\u00eda General de la Naci\u00f3n \u2013 Colombia. Garantizamos el acceso efectivo a la justicia, la verdad y la reparaci\u00f3n de las v\u00edctimas de los delitos.","publisher":{"@id":"https:\/\/www.fiscalia.gov.co\/colombia\/#organization"},"potentialAction":[{"@type":"SearchAction","target":{"@type":"EntryPoint","urlTemplate":"https:\/\/www.fiscalia.gov.co\/colombia\/?s={search_term_string}"},"query-input":{"@type":"PropertyValueSpecification","valueRequired":true,"valueName":"search_term_string"}}],"inLanguage":"es-CO"},{"@type":"Organization","@id":"https:\/\/www.fiscalia.gov.co\/colombia\/#organization","name":"Fiscal\u00eda General de la Naci\u00f3n","url":"https:\/\/www.fiscalia.gov.co\/colombia\/","logo":{"@type":"ImageObject","inLanguage":"es-CO","@id":"https:\/\/www.fiscalia.gov.co\/colombia\/#\/schema\/logo\/image\/","url":"https:\/\/www.fiscalia.gov.co\/colombia\/wp-content\/uploads\/LogoHorizontal_1.jpg","contentUrl":"https:\/\/www.fiscalia.gov.co\/colombia\/wp-content\/uploads\/LogoHorizontal_1.jpg","width":300,"height":90,"caption":"Fiscal\u00eda General de la Naci\u00f3n"},"image":{"@id":"https:\/\/www.fiscalia.gov.co\/colombia\/#\/schema\/logo\/image\/"},"sameAs":["https:\/\/www.facebook.com\/FiscaliaCol","https:\/\/x.com\/FiscaliaCol","https:\/\/www.instagram.com\/fiscaliacol","https:\/\/www.linkedin.com\/company\/fiscalia-general-de-la-naci-n\/","https:\/\/youtube.com\/@fiscaliageneraldelanacion-4668?si=6nN79nyQICPU5iTh"]},{"@type":"Person","@id":"https:\/\/www.fiscalia.gov.co\/colombia\/#\/schema\/person\/3903856a3ce2d54b094c69eb29247895","name":"dfgordillo","image":{"@type":"ImageObject","inLanguage":"es-CO","@id":"https:\/\/www.fiscalia.gov.co\/colombia\/#\/schema\/person\/image\/","url":"https:\/\/secure.gravatar.com\/avatar\/b6356e21c5657c60757fe6fb9493e947?s=96&d=mm&r=g","contentUrl":"https:\/\/secure.gravatar.com\/avatar\/b6356e21c5657c60757fe6fb9493e947?s=96&d=mm&r=g","caption":"dfgordillo"},"sameAs":["dfgordillo"],"url":"https:\/\/www.fiscalia.gov.co\/colombia\/author\/dfgordillo\/"}]}},"_links":{"self":[{"href":"https:\/\/www.fiscalia.gov.co\/colombia\/wp-json\/wp\/v2\/posts\/65030","targetHints":{"allow":["GET"]}}],"collection":[{"href":"https:\/\/www.fiscalia.gov.co\/colombia\/wp-json\/wp\/v2\/posts"}],"about":[{"href":"https:\/\/www.fiscalia.gov.co\/colombia\/wp-json\/wp\/v2\/types\/post"}],"author":[{"embeddable":true,"href":"https:\/\/www.fiscalia.gov.co\/colombia\/wp-json\/wp\/v2\/users\/143"}],"replies":[{"embeddable":true,"href":"https:\/\/www.fiscalia.gov.co\/colombia\/wp-json\/wp\/v2\/comments?post=65030"}],"version-history":[{"count":1,"href":"https:\/\/www.fiscalia.gov.co\/colombia\/wp-json\/wp\/v2\/posts\/65030\/revisions"}],"predecessor-version":[{"id":65032,"href":"https:\/\/www.fiscalia.gov.co\/colombia\/wp-json\/wp\/v2\/posts\/65030\/revisions\/65032"}],"wp:attachment":[{"href":"https:\/\/www.fiscalia.gov.co\/colombia\/wp-json\/wp\/v2\/media?parent=65030"}],"wp:term":[{"taxonomy":"category","embeddable":true,"href":"https:\/\/www.fiscalia.gov.co\/colombia\/wp-json\/wp\/v2\/categories?post=65030"},{"taxonomy":"post_tag","embeddable":true,"href":"https:\/\/www.fiscalia.gov.co\/colombia\/wp-json\/wp\/v2\/tags?post=65030"}],"curies":[{"name":"wp","href":"https:\/\/api.w.org\/{rel}","templated":true}]}}