{"id":64831,"date":"2015-03-26T18:55:39","date_gmt":"2015-03-26T23:55:39","guid":{"rendered":"http:\/\/www.fiscalia.gov.co\/colombia\/?p=64831"},"modified":"2015-03-26T19:06:44","modified_gmt":"2015-03-27T00:06:44","slug":"se-debe-llegar-a-un-ordenamiento-juridico-no-homofobico-eduardo-montealegre-lynett","status":"publish","type":"post","link":"https:\/\/www.fiscalia.gov.co\/colombia\/noticias\/destacada\/se-debe-llegar-a-un-ordenamiento-juridico-no-homofobico-eduardo-montealegre-lynett\/","title":{"rendered":"Se debe llegar a un ordenamiento jur\u00eddico no homof\u00f3bico: Eduardo Montealegre Lynett"},"content":{"rendered":"<p>El tr\u00e1nsito de un ordenamiento homof\u00f3bico a uno respetuoso de la diversidad sexual para superar la discriminaci\u00f3n contra cualquier persona, plante\u00f3 el Fiscal General de la Naci\u00f3n, Eduardo Montealegre Lynett.<\/p>\n<p>Durante su intervenci\u00f3n en el seminario internacional <em>Aproximaci\u00f3n a los M\u00e9todos de Investigaci\u00f3n de Delitos contra Personas LGBTI, <\/em>que se realiz\u00f3 en Bogot\u00e1, el funcionario explique se requiere una justicia que integre tanto la igualdad social como el reconocimiento y es necesario pasar de \u201cun ordenamiento homof\u00f3bico a un ordenamiento plural y respetuoso de la diversidad sexual\u201d.<\/p>\n<p>El evento cont\u00f3 con la participaci\u00f3n de miembros, activistas y l\u00edderes de la comunidad LGBTI, directivos y representantes de entidades defensoras de los derechos, los ministros del Interior, Juan Fernando Cristo, \u00a0y Justicia, Yesid Reyes.<\/p>\n<p>\u201cLa reivindicaci\u00f3n del reconocimiento busca la superaci\u00f3n de la discriminaci\u00f3n con el fin de incluir dentro del discurso jur\u00eddico nuevos patrones que permitan la participaci\u00f3n en la vida social de aquellos grupos despreciados y perseguidos. Este reconocimiento exige que las instituciones p\u00fablicas adecuen sus funciones para atender y responder de una mejor manera a aquellos fen\u00f3menos criminales que impiden el ejercicio libre e incondicionado de los derechos de las personas LGBTI\u201d, reiter\u00f3 Montealegre.<\/p>\n<p>El paso hacia el nuevo modelo de ordenamiento jur\u00eddico debe acompa\u00f1arse por una justicia de tipo correctivo para transformar la sociedad y que \u201casegure el cambio de las relaciones de poder, los s\u00edmbolos sobre lo masculino y lo femenino y los conceptos normativos\u201d, dijo el Fiscal.<\/p>\n<p>Se refiri\u00f3 adem\u00e1s del papel protag\u00f3nico que desempe\u00f1a la Corte Constitucional Colombiana en la tarea de reconocer las orientaciones e identidades de g\u00e9neros diversas. \u201cGracias al alto tribunal, la homosexualidad, el lesbianismo, la bisexualidad, la transexualidad e intersexualidad salieron del cl\u00f3set, es decir, pasaron de ser identidades objeto de miedo y represi\u00f3n social para convertirse en identidades protegidas por el ordenamiento constitucional\u201d.<\/p>\n<p>El funcionario manifest\u00f3 que gracias a la expedici\u00f3n de la Carta Constitucional de 1991 se empiezan a reconocer en Colombia los derechos fundamentales de las homosexuales a la igualdad, el libre desarrollo de la personalidad, la salud y \u00a0la familia.<\/p>\n<p>Para Montealegre, los esfuerzos de la Corte como \u201ctribunal garantista de los derechos humanos y de la diversidad sexual\u201d, unido al trabajo de organizaciones civiles y grupos de defensores de los derechos de las personas LGBTI, han avanzado en pol\u00edticas de igualdad y no discriminaci\u00f3n.<\/p>\n<p>\u201cGracias a la fuerza de sus argumentos de los l\u00edderes de estas organizaciones, a su perseverancias, a la seguridad de sus reivindicaciones y a la creatividad de sus modos de lucha, los derechos de las personas LGBTI son un asunto p\u00fablico que le exige a los jueces y a las diversas entidades del Estado, entre ellas a la Fiscal\u00eda General de la Naci\u00f3n, respuestas coherentes y tendientes a superar el d\u00e9ficit de atenci\u00f3n jur\u00eddico que afecta la vida de todos aquellos que de manera libre y espont\u00e1nea deciden asumir una identidad no heteronormativa\u201d.<\/p>\n<p>&nbsp;<\/p>\n<p>LCRA \/ AAEA<\/p>\n<p>________________________________________________<\/p>\n<p><strong>Intervenci\u00f3n Eduardo Montealegre Lynett, Fiscal General de la Naci\u00f3n, en Seminario internacional\u00a0Aproximaci\u00f3n a los m\u00e9todos de investigaci\u00f3n de delitos contra personas LGBTI<\/strong><\/p>\n[audio:http:\/\/www.fiscalia.gov.co\/colombia\/wp-content\/uploads\/20150326a.mp3|titles=Declaraciones]\n<p><a title=\"Descargar audio \" href=\"http:\/\/www.fiscalia.gov.co\/colombia\/wp-content\/uploads\/20150326a.mp3\" target=\"_blank\">Descargar<\/a><\/p>\n<p>Tema:\u00a0Seminario internacional\u00a0Aproximaci\u00f3n a los m\u00e9todos de investigaci\u00f3n de delitos contra personas LGBTI<strong><br \/>\n<\/strong>Lugar: \u00a0Hotel Tequendama, Bogot\u00e1<br \/>\nFecha: 26 de marzo de 2015<\/p>\n<p>&nbsp;<\/p>\n\n<div class=\"twitter-share\"><a href=\"https:\/\/twitter.com\/intent\/tweet?via=fiscaliacol\" class=\"twitter-share-button\">Tweet<\/a><\/div>\n","protected":false},"excerpt":{"rendered":"<p>El tr\u00e1nsito de un ordenamiento homof\u00f3bico a uno respetuoso de la diversidad sexual para superar la discriminaci\u00f3n contra cualquier persona, plante\u00f3 el Fiscal General de la Naci\u00f3n, Eduardo Montealegre Lynett.<\/p>\n","protected":false},"author":143,"featured_media":0,"comment_status":"closed","ping_status":"open","sticky":false,"template":"","format":"standard","meta":{"_price":"","_stock":"","_tribe_ticket_header":"","_tribe_default_ticket_provider":"","_tribe_ticket_capacity":"0","_ticket_start_date":"","_ticket_end_date":"","_tribe_ticket_show_description":"","_tribe_ticket_show_not_going":false,"_tribe_ticket_use_global_stock":"","_tribe_ticket_global_stock_level":"","_global_stock_mode":"","_global_stock_cap":"","_tribe_rsvp_for_event":"","_tribe_ticket_going_count":"","_tribe_ticket_not_going_count":"","_tribe_tickets_list":"[]","_tribe_ticket_has_attendee_info_fields":false,"tdm_status":"","tdm_grid_status":"","footnotes":""},"categories":[3],"tags":[400,78],"class_list":{"0":"post-64831","1":"post","2":"type-post","3":"status-publish","4":"format-standard","6":"category-destacada","7":"tag-eduardo-montealegre-lynett","8":"tag-fiscal-general-de-la-nacion"},"yoast_head":"<!-- This site is optimized with the Yoast SEO plugin v24.3 - https:\/\/yoast.com\/wordpress\/plugins\/seo\/ -->\n<title>Fiscal\u00eda General de la Naci\u00f3n<\/title>\n<meta name=\"description\" content=\"P\u00e1gina oficial de la Fiscal\u00eda General de la Naci\u00f3n \u2013 Colombia. Garantizamos el acceso efectivo a la justicia, la verdad y la reparaci\u00f3n de las v\u00edctimas de los delitos.\" \/>\n<meta name=\"robots\" content=\"noindex, follow\" \/>\n<meta property=\"og:locale\" content=\"es_ES\" \/>\n<meta property=\"og:type\" content=\"article\" \/>\n<meta property=\"og:title\" content=\"Fiscal\u00eda General de la Naci\u00f3n\" \/>\n<meta property=\"og:description\" content=\"P\u00e1gina oficial de la Fiscal\u00eda General de la Naci\u00f3n \u2013 Colombia. Garantizamos el acceso efectivo a la justicia, la verdad y la reparaci\u00f3n de las v\u00edctimas de los delitos.\" \/>\n<meta property=\"og:url\" content=\"https:\/\/www.fiscalia.gov.co\/colombia\/noticias\/destacada\/se-debe-llegar-a-un-ordenamiento-juridico-no-homofobico-eduardo-montealegre-lynett\/\" \/>\n<meta property=\"og:site_name\" content=\"Fiscal\u00eda General de la Naci\u00f3n\" \/>\n<meta property=\"article:publisher\" content=\"https:\/\/www.facebook.com\/FiscaliaCol\" \/>\n<meta property=\"article:published_time\" content=\"2015-03-26T23:55:39+00:00\" \/>\n<meta property=\"article:modified_time\" content=\"2015-03-27T00:06:44+00:00\" \/>\n<meta name=\"author\" content=\"dfgordillo\" \/>\n<meta name=\"twitter:card\" content=\"summary_large_image\" \/>\n<meta name=\"twitter:creator\" content=\"@FiscaliaCol\" \/>\n<meta name=\"twitter:site\" content=\"@FiscaliaCol\" \/>\n<meta name=\"twitter:label1\" content=\"Escrito por\" \/>\n\t<meta name=\"twitter:data1\" content=\"dfgordillo\" \/>\n\t<meta name=\"twitter:label2\" content=\"Tiempo de lectura\" \/>\n\t<meta name=\"twitter:data2\" content=\"3 minutos\" \/>\n<script type=\"application\/ld+json\" class=\"yoast-schema-graph\">{\"@context\":\"https:\/\/schema.org\",\"@graph\":[{\"@type\":\"Article\",\"@id\":\"https:\/\/www.fiscalia.gov.co\/colombia\/noticias\/destacada\/se-debe-llegar-a-un-ordenamiento-juridico-no-homofobico-eduardo-montealegre-lynett\/#article\",\"isPartOf\":{\"@id\":\"https:\/\/www.fiscalia.gov.co\/colombia\/noticias\/destacada\/se-debe-llegar-a-un-ordenamiento-juridico-no-homofobico-eduardo-montealegre-lynett\/\"},\"author\":{\"name\":\"dfgordillo\",\"@id\":\"https:\/\/www.fiscalia.gov.co\/colombia\/#\/schema\/person\/3903856a3ce2d54b094c69eb29247895\"},\"headline\":\"Se debe llegar a un ordenamiento jur\u00eddico no homof\u00f3bico: Eduardo Montealegre Lynett\",\"datePublished\":\"2015-03-26T23:55:39+00:00\",\"dateModified\":\"2015-03-27T00:06:44+00:00\",\"mainEntityOfPage\":{\"@id\":\"https:\/\/www.fiscalia.gov.co\/colombia\/noticias\/destacada\/se-debe-llegar-a-un-ordenamiento-juridico-no-homofobico-eduardo-montealegre-lynett\/\"},\"wordCount\":603,\"publisher\":{\"@id\":\"https:\/\/www.fiscalia.gov.co\/colombia\/#organization\"},\"keywords\":[\"Eduardo Montealegre Lynett\",\"Fiscal General de la Naci\u00f3n\"],\"articleSection\":[\"Destacada\"],\"inLanguage\":\"es-CO\"},{\"@type\":\"WebPage\",\"@id\":\"https:\/\/www.fiscalia.gov.co\/colombia\/noticias\/destacada\/se-debe-llegar-a-un-ordenamiento-juridico-no-homofobico-eduardo-montealegre-lynett\/\",\"url\":\"https:\/\/www.fiscalia.gov.co\/colombia\/noticias\/destacada\/se-debe-llegar-a-un-ordenamiento-juridico-no-homofobico-eduardo-montealegre-lynett\/\",\"name\":\"Fiscal\u00eda General de la Naci\u00f3n\",\"isPartOf\":{\"@id\":\"https:\/\/www.fiscalia.gov.co\/colombia\/#website\"},\"datePublished\":\"2015-03-26T23:55:39+00:00\",\"dateModified\":\"2015-03-27T00:06:44+00:00\",\"description\":\"P\u00e1gina oficial de la Fiscal\u00eda General de la Naci\u00f3n \u2013 Colombia. Garantizamos el acceso efectivo a la justicia, la verdad y la reparaci\u00f3n de las v\u00edctimas de los delitos.\",\"breadcrumb\":{\"@id\":\"https:\/\/www.fiscalia.gov.co\/colombia\/noticias\/destacada\/se-debe-llegar-a-un-ordenamiento-juridico-no-homofobico-eduardo-montealegre-lynett\/#breadcrumb\"},\"inLanguage\":\"es-CO\",\"potentialAction\":[{\"@type\":\"ReadAction\",\"target\":[\"https:\/\/www.fiscalia.gov.co\/colombia\/noticias\/destacada\/se-debe-llegar-a-un-ordenamiento-juridico-no-homofobico-eduardo-montealegre-lynett\/\"]}]},{\"@type\":\"BreadcrumbList\",\"@id\":\"https:\/\/www.fiscalia.gov.co\/colombia\/noticias\/destacada\/se-debe-llegar-a-un-ordenamiento-juridico-no-homofobico-eduardo-montealegre-lynett\/#breadcrumb\",\"itemListElement\":[{\"@type\":\"ListItem\",\"position\":1,\"name\":\"Home\",\"item\":\"https:\/\/www.fiscalia.gov.co\/colombia\/\"},{\"@type\":\"ListItem\",\"position\":2,\"name\":\"Se debe llegar a un ordenamiento jur\u00eddico no homof\u00f3bico: Eduardo Montealegre Lynett\"}]},{\"@type\":\"WebSite\",\"@id\":\"https:\/\/www.fiscalia.gov.co\/colombia\/#website\",\"url\":\"https:\/\/www.fiscalia.gov.co\/colombia\/\",\"name\":\"Fiscal\u00eda General de la Naci\u00f3n\",\"description\":\"P\u00e1gina oficial de la Fiscal\u00eda General de la Naci\u00f3n \u2013 Colombia. Garantizamos el acceso efectivo a la justicia, la verdad y la reparaci\u00f3n de las v\u00edctimas de los delitos.\",\"publisher\":{\"@id\":\"https:\/\/www.fiscalia.gov.co\/colombia\/#organization\"},\"potentialAction\":[{\"@type\":\"SearchAction\",\"target\":{\"@type\":\"EntryPoint\",\"urlTemplate\":\"https:\/\/www.fiscalia.gov.co\/colombia\/?s={search_term_string}\"},\"query-input\":{\"@type\":\"PropertyValueSpecification\",\"valueRequired\":true,\"valueName\":\"search_term_string\"}}],\"inLanguage\":\"es-CO\"},{\"@type\":\"Organization\",\"@id\":\"https:\/\/www.fiscalia.gov.co\/colombia\/#organization\",\"name\":\"Fiscal\u00eda General de la Naci\u00f3n\",\"url\":\"https:\/\/www.fiscalia.gov.co\/colombia\/\",\"logo\":{\"@type\":\"ImageObject\",\"inLanguage\":\"es-CO\",\"@id\":\"https:\/\/www.fiscalia.gov.co\/colombia\/#\/schema\/logo\/image\/\",\"url\":\"https:\/\/www.fiscalia.gov.co\/colombia\/wp-content\/uploads\/LogoHorizontal_1.jpg\",\"contentUrl\":\"https:\/\/www.fiscalia.gov.co\/colombia\/wp-content\/uploads\/LogoHorizontal_1.jpg\",\"width\":300,\"height\":90,\"caption\":\"Fiscal\u00eda General de la Naci\u00f3n\"},\"image\":{\"@id\":\"https:\/\/www.fiscalia.gov.co\/colombia\/#\/schema\/logo\/image\/\"},\"sameAs\":[\"https:\/\/www.facebook.com\/FiscaliaCol\",\"https:\/\/x.com\/FiscaliaCol\",\"https:\/\/www.instagram.com\/fiscaliacol\",\"https:\/\/www.linkedin.com\/company\/fiscalia-general-de-la-naci-n\/\",\"https:\/\/youtube.com\/@fiscaliageneraldelanacion-4668?si=6nN79nyQICPU5iTh\"]},{\"@type\":\"Person\",\"@id\":\"https:\/\/www.fiscalia.gov.co\/colombia\/#\/schema\/person\/3903856a3ce2d54b094c69eb29247895\",\"name\":\"dfgordillo\",\"image\":{\"@type\":\"ImageObject\",\"inLanguage\":\"es-CO\",\"@id\":\"https:\/\/www.fiscalia.gov.co\/colombia\/#\/schema\/person\/image\/\",\"url\":\"https:\/\/secure.gravatar.com\/avatar\/b6356e21c5657c60757fe6fb9493e947?s=96&d=mm&r=g\",\"contentUrl\":\"https:\/\/secure.gravatar.com\/avatar\/b6356e21c5657c60757fe6fb9493e947?s=96&d=mm&r=g\",\"caption\":\"dfgordillo\"},\"sameAs\":[\"dfgordillo\"],\"url\":\"https:\/\/www.fiscalia.gov.co\/colombia\/author\/dfgordillo\/\"}]}<\/script>\n<!-- \/ Yoast SEO plugin. -->","yoast_head_json":{"title":"Fiscal\u00eda General de la Naci\u00f3n","description":"P\u00e1gina oficial de la Fiscal\u00eda General de la Naci\u00f3n \u2013 Colombia. Garantizamos el acceso efectivo a la justicia, la verdad y la reparaci\u00f3n de las v\u00edctimas de los delitos.","robots":{"index":"noindex","follow":"follow"},"og_locale":"es_ES","og_type":"article","og_title":"Fiscal\u00eda General de la Naci\u00f3n","og_description":"P\u00e1gina oficial de la Fiscal\u00eda General de la Naci\u00f3n \u2013 Colombia. Garantizamos el acceso efectivo a la justicia, la verdad y la reparaci\u00f3n de las v\u00edctimas de los delitos.","og_url":"https:\/\/www.fiscalia.gov.co\/colombia\/noticias\/destacada\/se-debe-llegar-a-un-ordenamiento-juridico-no-homofobico-eduardo-montealegre-lynett\/","og_site_name":"Fiscal\u00eda General de la Naci\u00f3n","article_publisher":"https:\/\/www.facebook.com\/FiscaliaCol","article_published_time":"2015-03-26T23:55:39+00:00","article_modified_time":"2015-03-27T00:06:44+00:00","author":"dfgordillo","twitter_card":"summary_large_image","twitter_creator":"@FiscaliaCol","twitter_site":"@FiscaliaCol","twitter_misc":{"Escrito por":"dfgordillo","Tiempo de lectura":"3 minutos"},"schema":{"@context":"https:\/\/schema.org","@graph":[{"@type":"Article","@id":"https:\/\/www.fiscalia.gov.co\/colombia\/noticias\/destacada\/se-debe-llegar-a-un-ordenamiento-juridico-no-homofobico-eduardo-montealegre-lynett\/#article","isPartOf":{"@id":"https:\/\/www.fiscalia.gov.co\/colombia\/noticias\/destacada\/se-debe-llegar-a-un-ordenamiento-juridico-no-homofobico-eduardo-montealegre-lynett\/"},"author":{"name":"dfgordillo","@id":"https:\/\/www.fiscalia.gov.co\/colombia\/#\/schema\/person\/3903856a3ce2d54b094c69eb29247895"},"headline":"Se debe llegar a un ordenamiento jur\u00eddico no homof\u00f3bico: Eduardo Montealegre Lynett","datePublished":"2015-03-26T23:55:39+00:00","dateModified":"2015-03-27T00:06:44+00:00","mainEntityOfPage":{"@id":"https:\/\/www.fiscalia.gov.co\/colombia\/noticias\/destacada\/se-debe-llegar-a-un-ordenamiento-juridico-no-homofobico-eduardo-montealegre-lynett\/"},"wordCount":603,"publisher":{"@id":"https:\/\/www.fiscalia.gov.co\/colombia\/#organization"},"keywords":["Eduardo Montealegre Lynett","Fiscal General de la Naci\u00f3n"],"articleSection":["Destacada"],"inLanguage":"es-CO"},{"@type":"WebPage","@id":"https:\/\/www.fiscalia.gov.co\/colombia\/noticias\/destacada\/se-debe-llegar-a-un-ordenamiento-juridico-no-homofobico-eduardo-montealegre-lynett\/","url":"https:\/\/www.fiscalia.gov.co\/colombia\/noticias\/destacada\/se-debe-llegar-a-un-ordenamiento-juridico-no-homofobico-eduardo-montealegre-lynett\/","name":"Fiscal\u00eda General de la Naci\u00f3n","isPartOf":{"@id":"https:\/\/www.fiscalia.gov.co\/colombia\/#website"},"datePublished":"2015-03-26T23:55:39+00:00","dateModified":"2015-03-27T00:06:44+00:00","description":"P\u00e1gina oficial de la Fiscal\u00eda General de la Naci\u00f3n \u2013 Colombia. Garantizamos el acceso efectivo a la justicia, la verdad y la reparaci\u00f3n de las v\u00edctimas de los delitos.","breadcrumb":{"@id":"https:\/\/www.fiscalia.gov.co\/colombia\/noticias\/destacada\/se-debe-llegar-a-un-ordenamiento-juridico-no-homofobico-eduardo-montealegre-lynett\/#breadcrumb"},"inLanguage":"es-CO","potentialAction":[{"@type":"ReadAction","target":["https:\/\/www.fiscalia.gov.co\/colombia\/noticias\/destacada\/se-debe-llegar-a-un-ordenamiento-juridico-no-homofobico-eduardo-montealegre-lynett\/"]}]},{"@type":"BreadcrumbList","@id":"https:\/\/www.fiscalia.gov.co\/colombia\/noticias\/destacada\/se-debe-llegar-a-un-ordenamiento-juridico-no-homofobico-eduardo-montealegre-lynett\/#breadcrumb","itemListElement":[{"@type":"ListItem","position":1,"name":"Home","item":"https:\/\/www.fiscalia.gov.co\/colombia\/"},{"@type":"ListItem","position":2,"name":"Se debe llegar a un ordenamiento jur\u00eddico no homof\u00f3bico: Eduardo Montealegre Lynett"}]},{"@type":"WebSite","@id":"https:\/\/www.fiscalia.gov.co\/colombia\/#website","url":"https:\/\/www.fiscalia.gov.co\/colombia\/","name":"Fiscal\u00eda General de la Naci\u00f3n","description":"P\u00e1gina oficial de la Fiscal\u00eda General de la Naci\u00f3n \u2013 Colombia. Garantizamos el acceso efectivo a la justicia, la verdad y la reparaci\u00f3n de las v\u00edctimas de los delitos.","publisher":{"@id":"https:\/\/www.fiscalia.gov.co\/colombia\/#organization"},"potentialAction":[{"@type":"SearchAction","target":{"@type":"EntryPoint","urlTemplate":"https:\/\/www.fiscalia.gov.co\/colombia\/?s={search_term_string}"},"query-input":{"@type":"PropertyValueSpecification","valueRequired":true,"valueName":"search_term_string"}}],"inLanguage":"es-CO"},{"@type":"Organization","@id":"https:\/\/www.fiscalia.gov.co\/colombia\/#organization","name":"Fiscal\u00eda General de la Naci\u00f3n","url":"https:\/\/www.fiscalia.gov.co\/colombia\/","logo":{"@type":"ImageObject","inLanguage":"es-CO","@id":"https:\/\/www.fiscalia.gov.co\/colombia\/#\/schema\/logo\/image\/","url":"https:\/\/www.fiscalia.gov.co\/colombia\/wp-content\/uploads\/LogoHorizontal_1.jpg","contentUrl":"https:\/\/www.fiscalia.gov.co\/colombia\/wp-content\/uploads\/LogoHorizontal_1.jpg","width":300,"height":90,"caption":"Fiscal\u00eda General de la Naci\u00f3n"},"image":{"@id":"https:\/\/www.fiscalia.gov.co\/colombia\/#\/schema\/logo\/image\/"},"sameAs":["https:\/\/www.facebook.com\/FiscaliaCol","https:\/\/x.com\/FiscaliaCol","https:\/\/www.instagram.com\/fiscaliacol","https:\/\/www.linkedin.com\/company\/fiscalia-general-de-la-naci-n\/","https:\/\/youtube.com\/@fiscaliageneraldelanacion-4668?si=6nN79nyQICPU5iTh"]},{"@type":"Person","@id":"https:\/\/www.fiscalia.gov.co\/colombia\/#\/schema\/person\/3903856a3ce2d54b094c69eb29247895","name":"dfgordillo","image":{"@type":"ImageObject","inLanguage":"es-CO","@id":"https:\/\/www.fiscalia.gov.co\/colombia\/#\/schema\/person\/image\/","url":"https:\/\/secure.gravatar.com\/avatar\/b6356e21c5657c60757fe6fb9493e947?s=96&d=mm&r=g","contentUrl":"https:\/\/secure.gravatar.com\/avatar\/b6356e21c5657c60757fe6fb9493e947?s=96&d=mm&r=g","caption":"dfgordillo"},"sameAs":["dfgordillo"],"url":"https:\/\/www.fiscalia.gov.co\/colombia\/author\/dfgordillo\/"}]}},"_links":{"self":[{"href":"https:\/\/www.fiscalia.gov.co\/colombia\/wp-json\/wp\/v2\/posts\/64831","targetHints":{"allow":["GET"]}}],"collection":[{"href":"https:\/\/www.fiscalia.gov.co\/colombia\/wp-json\/wp\/v2\/posts"}],"about":[{"href":"https:\/\/www.fiscalia.gov.co\/colombia\/wp-json\/wp\/v2\/types\/post"}],"author":[{"embeddable":true,"href":"https:\/\/www.fiscalia.gov.co\/colombia\/wp-json\/wp\/v2\/users\/143"}],"replies":[{"embeddable":true,"href":"https:\/\/www.fiscalia.gov.co\/colombia\/wp-json\/wp\/v2\/comments?post=64831"}],"version-history":[{"count":2,"href":"https:\/\/www.fiscalia.gov.co\/colombia\/wp-json\/wp\/v2\/posts\/64831\/revisions"}],"predecessor-version":[{"id":64843,"href":"https:\/\/www.fiscalia.gov.co\/colombia\/wp-json\/wp\/v2\/posts\/64831\/revisions\/64843"}],"wp:attachment":[{"href":"https:\/\/www.fiscalia.gov.co\/colombia\/wp-json\/wp\/v2\/media?parent=64831"}],"wp:term":[{"taxonomy":"category","embeddable":true,"href":"https:\/\/www.fiscalia.gov.co\/colombia\/wp-json\/wp\/v2\/categories?post=64831"},{"taxonomy":"post_tag","embeddable":true,"href":"https:\/\/www.fiscalia.gov.co\/colombia\/wp-json\/wp\/v2\/tags?post=64831"}],"curies":[{"name":"wp","href":"https:\/\/api.w.org\/{rel}","templated":true}]}}