{"id":64778,"date":"2015-03-26T16:03:59","date_gmt":"2015-03-26T21:03:59","guid":{"rendered":"http:\/\/www.fiscalia.gov.co\/colombia\/?p=64778"},"modified":"2015-03-26T19:07:23","modified_gmt":"2015-03-27T00:07:23","slug":"fiscalia-refuerza-lucha-contra-la-discriminacion-por-razones-de-orientacion-sexual-vicefiscal","status":"publish","type":"post","link":"https:\/\/www.fiscalia.gov.co\/colombia\/noticias\/destacada\/fiscalia-refuerza-lucha-contra-la-discriminacion-por-razones-de-orientacion-sexual-vicefiscal\/","title":{"rendered":"Fiscal\u00eda refuerza lucha contra la discriminaci\u00f3n por razones de orientaci\u00f3n sexual: Vicefiscal"},"content":{"rendered":"<p>\u201cLa violencia sexual, el crimen generado por razones de discriminaci\u00f3n, de odio y de desprecio hacia otros seres humanos, es uno de esos hechos que retan a la raz\u00f3n humana y as instituciones encargadas de enfrentar tan reprochables hechos y conductas\u201d. As\u00ed lo expres\u00f3 el Vicefiscal General de la Naci\u00f3n, Jorge Fernando Perdomo, durante la instalaci\u00f3n del Primer Seminario Internacional <em>Aproximaci\u00f3n a los m\u00e9todos de investigaci\u00f3n de delitos contra personas LGBTI.<\/em><\/p>\n<p>La lucha contra los delitos por raz\u00f3n de la orientaci\u00f3n sexual de las v\u00edctimas es una prioridad de la Fiscal\u00eda y por eso se incluy\u00f3 dentro de los m\u00f3dulos de modernizaci\u00f3n, se priorizan sus investigaciones y los funcionarios investigadores y los fiscales reciben continua capacitaci\u00f3n.<\/p>\n<p>El funcionario reiter\u00f3 que la Fiscal\u00eda ha desarrollado un proceso de reestructuraci\u00f3n \u00a0en el que se cre\u00f3 la Direcci\u00f3n Nacional de Pol\u00edticas P\u00fablicas y planeaci\u00f3n, para \u00a0proponer las estrategias de aplicaci\u00f3n transversal con enfoque diferencial, as\u00ed como la creaci\u00f3n de un observatorio de derechos humanos, la elaboraci\u00f3n de una pol\u00edtica nacional LGBTI, la creaci\u00f3n de m\u00f3dulos de formaci\u00f3n de funcionarios de la Instituci\u00f3n Universitaria Conocimiento e Innovaci\u00f3n para la Justicia (CIJ), la consolidaci\u00f3n de un protocolo para la atenci\u00f3n a v\u00edctimas LGTBI, as\u00ed como la implementaci\u00f3n de criterios, dentro de la pol\u00edtica de priorizaci\u00f3n, de delitos cometidos contra esta comunidad, entre oros.<\/p>\n<p>Perdomo dijo que se est\u00e1n fortaleciendo las herramientas que permitan realizar el proceso de investigaci\u00f3n y judicializaci\u00f3n de la violencia motivada por la identidad de g\u00e9nero. Esto se ha hecho a trav\u00e9s de los procesos de reestructuraci\u00f3n de la entidad, las medidas de la Fiscal\u00eda para afrontar el problema y la aplicaci\u00f3n de la ley 1482, que penaliza el racismo y la discriminaci\u00f3n. \u201cEl respeto por la diversidad es inseparable\u00a0del contexto social, cultural, democr\u00e1tico y jur\u00eddico donde se ejercitan las libertades esenciales para el ser humano y el fuero m\u00e1s \u00edntimo y sagrado de las personas\u201d, afirm\u00f3.<\/p>\n<p>La lucha por la reivindicaci\u00f3n de los derechos de la comunidad LGTBI gan\u00f3 mucho con la Constituci\u00f3n del 91, pues se han logrado avances para la protecci\u00f3n de los derechos fundamentales, sociales y colectivos de este grupo humano, pero falta mucho trabajo, asegur\u00f3.<\/p>\n<p>\u201cUno de los retos m\u00e1s profundos que tienen los Estados para afrontar la exclusi\u00f3n social, la discriminaci\u00f3n y la violencia contra la poblaci\u00f3n LGTBI es la ausencia de pol\u00edticas p\u00fablicas orientadas a romper con los tradicionales estereotipos y las instituciones sociales que perpet\u00faan la discriminaci\u00f3n\u201d. El funcionario hizo \u00e9nfasis en la necesidad de la participaci\u00f3n de todos para la construcci\u00f3n de una sociedad respetuosa de la diversidad\u201d.<\/p>\n<p>Actualmente, la Fiscal\u00eda General de la Naci\u00f3n asume los deberes para garantizar el ejercicio de la libertad sexual, la igualdad, la prevenci\u00f3n, investigaci\u00f3n y sanci\u00f3n de la violencia contra las personas y los grupos LGTBI. Los retos en la garant\u00eda del acceso a la \u00a0administraci\u00f3n de justicia son grandes y uno de los principales gira en torno a la construcci\u00f3n de m\u00e9todos de prevenci\u00f3n, investigaci\u00f3n y acusaci\u00f3n adecuados en lo que tiene que ver con estos delitos, dijo Perdomo.<\/p>\n<p>El Vicefiscal reiter\u00f3 que \u201cni la sociedad ni los servidores del Estado podemos ser rom\u00e1nticos con meros anhelos. Debemos ver la sociedad sus defectos, \u00a0contradicciones y diferencias\u2026 frente a estos hechos debemos ubicarnos dentro de la sociedad, no solo con pensamientos morales sino actuando y rechazando las expresiones de odio, menosprecio y violencia\u201d.<\/p>\n<p>Por tal motivo, \u201cla Fiscal\u00eda asume p\u00fablicamente una lucha frontal contra las diferentes formas de discriminaci\u00f3n por razones de orientaci\u00f3n sexual\u201d, donde adem\u00e1s de investigar tambi\u00e9n se est\u00e1 implementando formas de prevenir estas conductas discriminatorias a trav\u00e9s del programa Futuro Colombia, dirigido a la prevenci\u00f3n del delito no solo en ni\u00f1os y adolescentes sino en comunidades vulnerables.<\/p>\n<p>Perdomo comenz\u00f3 refiri\u00e9ndose a las necesidades de \u201creconocer desde la Fiscal\u00eda General de la Naci\u00f3n que la garant\u00eda de los derechos de la poblaci\u00f3n LGTBI es una tarea que asumimos, los colombianos, en cumplimiento de una deuda hist\u00f3rica con todas las personas que por su orientaci\u00f3n sexual o identidad de g\u00e9nero han padecido la discriminaci\u00f3n y la violencia en nuestro pa\u00eds.<\/p>\n<p>\u201cHay que entender que las sociedades contempor\u00e1neas son cada vez m\u00e1s diversas y ricas en expresiones que reflejan diferentes visiones de la vida, de la cultura, del arte,\u00a0 el libre desarrollo de la personalidad y la libertad sexual, lo que exige mayores esfuerzos para lograr la integraci\u00f3n social y la convivencia de todas las formas y expresiones de libertad\u201d.<\/p>\n<p>Sobre las medidas implementadas dentro de la Fiscal\u00eda\u00a0menciono los\u00a0criterios incluidos dentro del Sistema Penal Oral Acusatorio (SPOA), para enfocar las \u00a0investigaciones con enfoque diferencial, incluyendo aquellas que ocurren dentro del conflicto armado interno, as\u00ed como la implementaci\u00f3n de resoluciones que van de la mano con normas internacionales que luchas contra la violencia relacionada con la orientaci\u00f3n sexual.<\/p>\n<p>&nbsp;<\/p>\n<p>AAMZ \/ AAEA<\/p>\n<p>___________________________________________________<\/p>\n<p><strong>Intervenci\u00f3n Jorge Fernando Perdomo Torres, Vicefiscal General de la Naci\u00f3n, en Seminario internacional\u00a0Aproximaci\u00f3n a los m\u00e9todos de investigaci\u00f3n de delitos contra personas LGBTI<\/strong><\/p>\n[audio:http:\/\/www.fiscalia.gov.co\/colombia\/wp-content\/uploads\/20150326d.mp3|titles=Declaraciones]\n<p><a title=\"Descargar audio \" href=\"http:\/\/www.fiscalia.gov.co\/colombia\/wp-content\/uploads\/20150326d.mp3\" target=\"_blank\">Descargar<\/a><\/p>\n<p>Tema:\u00a0Seminario internacional\u00a0Aproximaci\u00f3n a los m\u00e9todos de investigaci\u00f3n de delitos contra personas LGBTI<strong><br \/>\n<\/strong>Lugar: \u00a0Hotel Tequendama, Bogot\u00e1<br \/>\nFecha: 26 de marzo de 2015<\/p>\n\n<div class=\"twitter-share\"><a href=\"https:\/\/twitter.com\/intent\/tweet?via=fiscaliacol\" class=\"twitter-share-button\">Tweet<\/a><\/div>\n","protected":false},"excerpt":{"rendered":"<p>\u201cLa violencia sexual, el crimen generado por razones de discriminaci\u00f3n, de odio y de desprecio hacia otros seres humanos, es uno de esos hechos que retan a la raz\u00f3n humana y las instituciones encargadas de enfrentar tan reprochables hechos y conductas\u201d.<\/p>\n","protected":false},"author":143,"featured_media":0,"comment_status":"closed","ping_status":"open","sticky":false,"template":"","format":"standard","meta":{"_price":"","_stock":"","_tribe_ticket_header":"","_tribe_default_ticket_provider":"","_tribe_ticket_capacity":"0","_ticket_start_date":"","_ticket_end_date":"","_tribe_ticket_show_description":"","_tribe_ticket_show_not_going":false,"_tribe_ticket_use_global_stock":"","_tribe_ticket_global_stock_level":"","_global_stock_mode":"","_global_stock_cap":"","_tribe_rsvp_for_event":"","_tribe_ticket_going_count":"","_tribe_ticket_not_going_count":"","_tribe_tickets_list":"[]","_tribe_ticket_has_attendee_info_fields":false,"tdm_status":"","tdm_grid_status":"","footnotes":""},"categories":[3],"tags":[9417,9476],"class_list":{"0":"post-64778","1":"post","2":"type-post","3":"status-publish","4":"format-standard","6":"category-destacada","7":"tag-discriminacion","8":"tag-lgbti"},"yoast_head":"<!-- This site is optimized with the Yoast SEO plugin v24.3 - https:\/\/yoast.com\/wordpress\/plugins\/seo\/ -->\n<title>Fiscal\u00eda General de la Naci\u00f3n<\/title>\n<meta name=\"description\" content=\"P\u00e1gina oficial de la Fiscal\u00eda General de la Naci\u00f3n \u2013 Colombia. Garantizamos el acceso efectivo a la justicia, la verdad y la reparaci\u00f3n de las v\u00edctimas de los delitos.\" \/>\n<meta name=\"robots\" content=\"noindex, follow\" \/>\n<meta property=\"og:locale\" content=\"es_ES\" \/>\n<meta property=\"og:type\" content=\"article\" \/>\n<meta property=\"og:title\" content=\"Fiscal\u00eda General de la Naci\u00f3n\" \/>\n<meta property=\"og:description\" content=\"P\u00e1gina oficial de la Fiscal\u00eda General de la Naci\u00f3n \u2013 Colombia. Garantizamos el acceso efectivo a la justicia, la verdad y la reparaci\u00f3n de las v\u00edctimas de los delitos.\" \/>\n<meta property=\"og:url\" content=\"https:\/\/www.fiscalia.gov.co\/colombia\/noticias\/destacada\/fiscalia-refuerza-lucha-contra-la-discriminacion-por-razones-de-orientacion-sexual-vicefiscal\/\" \/>\n<meta property=\"og:site_name\" content=\"Fiscal\u00eda General de la Naci\u00f3n\" \/>\n<meta property=\"article:publisher\" content=\"https:\/\/www.facebook.com\/FiscaliaCol\" \/>\n<meta property=\"article:published_time\" content=\"2015-03-26T21:03:59+00:00\" \/>\n<meta property=\"article:modified_time\" content=\"2015-03-27T00:07:23+00:00\" \/>\n<meta name=\"author\" content=\"dfgordillo\" \/>\n<meta name=\"twitter:card\" content=\"summary_large_image\" \/>\n<meta name=\"twitter:creator\" content=\"@FiscaliaCol\" \/>\n<meta name=\"twitter:site\" content=\"@FiscaliaCol\" \/>\n<meta name=\"twitter:label1\" content=\"Escrito por\" \/>\n\t<meta name=\"twitter:data1\" content=\"dfgordillo\" \/>\n\t<meta name=\"twitter:label2\" content=\"Tiempo de lectura\" \/>\n\t<meta name=\"twitter:data2\" content=\"5 minutos\" \/>\n<script type=\"application\/ld+json\" class=\"yoast-schema-graph\">{\"@context\":\"https:\/\/schema.org\",\"@graph\":[{\"@type\":\"Article\",\"@id\":\"https:\/\/www.fiscalia.gov.co\/colombia\/noticias\/destacada\/fiscalia-refuerza-lucha-contra-la-discriminacion-por-razones-de-orientacion-sexual-vicefiscal\/#article\",\"isPartOf\":{\"@id\":\"https:\/\/www.fiscalia.gov.co\/colombia\/noticias\/destacada\/fiscalia-refuerza-lucha-contra-la-discriminacion-por-razones-de-orientacion-sexual-vicefiscal\/\"},\"author\":{\"name\":\"dfgordillo\",\"@id\":\"https:\/\/www.fiscalia.gov.co\/colombia\/#\/schema\/person\/3903856a3ce2d54b094c69eb29247895\"},\"headline\":\"Fiscal\u00eda refuerza lucha contra la discriminaci\u00f3n por razones de orientaci\u00f3n sexual: Vicefiscal\",\"datePublished\":\"2015-03-26T21:03:59+00:00\",\"dateModified\":\"2015-03-27T00:07:23+00:00\",\"mainEntityOfPage\":{\"@id\":\"https:\/\/www.fiscalia.gov.co\/colombia\/noticias\/destacada\/fiscalia-refuerza-lucha-contra-la-discriminacion-por-razones-de-orientacion-sexual-vicefiscal\/\"},\"wordCount\":976,\"publisher\":{\"@id\":\"https:\/\/www.fiscalia.gov.co\/colombia\/#organization\"},\"keywords\":[\"Discriminaci\u00f3n\",\"LGBTI\"],\"articleSection\":[\"Destacada\"],\"inLanguage\":\"es-CO\"},{\"@type\":\"WebPage\",\"@id\":\"https:\/\/www.fiscalia.gov.co\/colombia\/noticias\/destacada\/fiscalia-refuerza-lucha-contra-la-discriminacion-por-razones-de-orientacion-sexual-vicefiscal\/\",\"url\":\"https:\/\/www.fiscalia.gov.co\/colombia\/noticias\/destacada\/fiscalia-refuerza-lucha-contra-la-discriminacion-por-razones-de-orientacion-sexual-vicefiscal\/\",\"name\":\"Fiscal\u00eda General de la Naci\u00f3n\",\"isPartOf\":{\"@id\":\"https:\/\/www.fiscalia.gov.co\/colombia\/#website\"},\"datePublished\":\"2015-03-26T21:03:59+00:00\",\"dateModified\":\"2015-03-27T00:07:23+00:00\",\"description\":\"P\u00e1gina oficial de la Fiscal\u00eda General de la Naci\u00f3n \u2013 Colombia. Garantizamos el acceso efectivo a la justicia, la verdad y la reparaci\u00f3n de las v\u00edctimas de los delitos.\",\"breadcrumb\":{\"@id\":\"https:\/\/www.fiscalia.gov.co\/colombia\/noticias\/destacada\/fiscalia-refuerza-lucha-contra-la-discriminacion-por-razones-de-orientacion-sexual-vicefiscal\/#breadcrumb\"},\"inLanguage\":\"es-CO\",\"potentialAction\":[{\"@type\":\"ReadAction\",\"target\":[\"https:\/\/www.fiscalia.gov.co\/colombia\/noticias\/destacada\/fiscalia-refuerza-lucha-contra-la-discriminacion-por-razones-de-orientacion-sexual-vicefiscal\/\"]}]},{\"@type\":\"BreadcrumbList\",\"@id\":\"https:\/\/www.fiscalia.gov.co\/colombia\/noticias\/destacada\/fiscalia-refuerza-lucha-contra-la-discriminacion-por-razones-de-orientacion-sexual-vicefiscal\/#breadcrumb\",\"itemListElement\":[{\"@type\":\"ListItem\",\"position\":1,\"name\":\"Home\",\"item\":\"https:\/\/www.fiscalia.gov.co\/colombia\/\"},{\"@type\":\"ListItem\",\"position\":2,\"name\":\"Fiscal\u00eda refuerza lucha contra la discriminaci\u00f3n por razones de orientaci\u00f3n sexual: Vicefiscal\"}]},{\"@type\":\"WebSite\",\"@id\":\"https:\/\/www.fiscalia.gov.co\/colombia\/#website\",\"url\":\"https:\/\/www.fiscalia.gov.co\/colombia\/\",\"name\":\"Fiscal\u00eda General de la Naci\u00f3n\",\"description\":\"P\u00e1gina oficial de la Fiscal\u00eda General de la Naci\u00f3n \u2013 Colombia. Garantizamos el acceso efectivo a la justicia, la verdad y la reparaci\u00f3n de las v\u00edctimas de los delitos.\",\"publisher\":{\"@id\":\"https:\/\/www.fiscalia.gov.co\/colombia\/#organization\"},\"potentialAction\":[{\"@type\":\"SearchAction\",\"target\":{\"@type\":\"EntryPoint\",\"urlTemplate\":\"https:\/\/www.fiscalia.gov.co\/colombia\/?s={search_term_string}\"},\"query-input\":{\"@type\":\"PropertyValueSpecification\",\"valueRequired\":true,\"valueName\":\"search_term_string\"}}],\"inLanguage\":\"es-CO\"},{\"@type\":\"Organization\",\"@id\":\"https:\/\/www.fiscalia.gov.co\/colombia\/#organization\",\"name\":\"Fiscal\u00eda General de la Naci\u00f3n\",\"url\":\"https:\/\/www.fiscalia.gov.co\/colombia\/\",\"logo\":{\"@type\":\"ImageObject\",\"inLanguage\":\"es-CO\",\"@id\":\"https:\/\/www.fiscalia.gov.co\/colombia\/#\/schema\/logo\/image\/\",\"url\":\"https:\/\/www.fiscalia.gov.co\/colombia\/wp-content\/uploads\/LogoHorizontal_1.jpg\",\"contentUrl\":\"https:\/\/www.fiscalia.gov.co\/colombia\/wp-content\/uploads\/LogoHorizontal_1.jpg\",\"width\":300,\"height\":90,\"caption\":\"Fiscal\u00eda General de la Naci\u00f3n\"},\"image\":{\"@id\":\"https:\/\/www.fiscalia.gov.co\/colombia\/#\/schema\/logo\/image\/\"},\"sameAs\":[\"https:\/\/www.facebook.com\/FiscaliaCol\",\"https:\/\/x.com\/FiscaliaCol\",\"https:\/\/www.instagram.com\/fiscaliacol\",\"https:\/\/www.linkedin.com\/company\/fiscalia-general-de-la-naci-n\/\",\"https:\/\/youtube.com\/@fiscaliageneraldelanacion-4668?si=6nN79nyQICPU5iTh\"]},{\"@type\":\"Person\",\"@id\":\"https:\/\/www.fiscalia.gov.co\/colombia\/#\/schema\/person\/3903856a3ce2d54b094c69eb29247895\",\"name\":\"dfgordillo\",\"image\":{\"@type\":\"ImageObject\",\"inLanguage\":\"es-CO\",\"@id\":\"https:\/\/www.fiscalia.gov.co\/colombia\/#\/schema\/person\/image\/\",\"url\":\"https:\/\/secure.gravatar.com\/avatar\/b6356e21c5657c60757fe6fb9493e947?s=96&d=mm&r=g\",\"contentUrl\":\"https:\/\/secure.gravatar.com\/avatar\/b6356e21c5657c60757fe6fb9493e947?s=96&d=mm&r=g\",\"caption\":\"dfgordillo\"},\"sameAs\":[\"dfgordillo\"],\"url\":\"https:\/\/www.fiscalia.gov.co\/colombia\/author\/dfgordillo\/\"}]}<\/script>\n<!-- \/ Yoast SEO plugin. -->","yoast_head_json":{"title":"Fiscal\u00eda General de la Naci\u00f3n","description":"P\u00e1gina oficial de la Fiscal\u00eda General de la Naci\u00f3n \u2013 Colombia. Garantizamos el acceso efectivo a la justicia, la verdad y la reparaci\u00f3n de las v\u00edctimas de los delitos.","robots":{"index":"noindex","follow":"follow"},"og_locale":"es_ES","og_type":"article","og_title":"Fiscal\u00eda General de la Naci\u00f3n","og_description":"P\u00e1gina oficial de la Fiscal\u00eda General de la Naci\u00f3n \u2013 Colombia. Garantizamos el acceso efectivo a la justicia, la verdad y la reparaci\u00f3n de las v\u00edctimas de los delitos.","og_url":"https:\/\/www.fiscalia.gov.co\/colombia\/noticias\/destacada\/fiscalia-refuerza-lucha-contra-la-discriminacion-por-razones-de-orientacion-sexual-vicefiscal\/","og_site_name":"Fiscal\u00eda General de la Naci\u00f3n","article_publisher":"https:\/\/www.facebook.com\/FiscaliaCol","article_published_time":"2015-03-26T21:03:59+00:00","article_modified_time":"2015-03-27T00:07:23+00:00","author":"dfgordillo","twitter_card":"summary_large_image","twitter_creator":"@FiscaliaCol","twitter_site":"@FiscaliaCol","twitter_misc":{"Escrito por":"dfgordillo","Tiempo de lectura":"5 minutos"},"schema":{"@context":"https:\/\/schema.org","@graph":[{"@type":"Article","@id":"https:\/\/www.fiscalia.gov.co\/colombia\/noticias\/destacada\/fiscalia-refuerza-lucha-contra-la-discriminacion-por-razones-de-orientacion-sexual-vicefiscal\/#article","isPartOf":{"@id":"https:\/\/www.fiscalia.gov.co\/colombia\/noticias\/destacada\/fiscalia-refuerza-lucha-contra-la-discriminacion-por-razones-de-orientacion-sexual-vicefiscal\/"},"author":{"name":"dfgordillo","@id":"https:\/\/www.fiscalia.gov.co\/colombia\/#\/schema\/person\/3903856a3ce2d54b094c69eb29247895"},"headline":"Fiscal\u00eda refuerza lucha contra la discriminaci\u00f3n por razones de orientaci\u00f3n sexual: Vicefiscal","datePublished":"2015-03-26T21:03:59+00:00","dateModified":"2015-03-27T00:07:23+00:00","mainEntityOfPage":{"@id":"https:\/\/www.fiscalia.gov.co\/colombia\/noticias\/destacada\/fiscalia-refuerza-lucha-contra-la-discriminacion-por-razones-de-orientacion-sexual-vicefiscal\/"},"wordCount":976,"publisher":{"@id":"https:\/\/www.fiscalia.gov.co\/colombia\/#organization"},"keywords":["Discriminaci\u00f3n","LGBTI"],"articleSection":["Destacada"],"inLanguage":"es-CO"},{"@type":"WebPage","@id":"https:\/\/www.fiscalia.gov.co\/colombia\/noticias\/destacada\/fiscalia-refuerza-lucha-contra-la-discriminacion-por-razones-de-orientacion-sexual-vicefiscal\/","url":"https:\/\/www.fiscalia.gov.co\/colombia\/noticias\/destacada\/fiscalia-refuerza-lucha-contra-la-discriminacion-por-razones-de-orientacion-sexual-vicefiscal\/","name":"Fiscal\u00eda General de la Naci\u00f3n","isPartOf":{"@id":"https:\/\/www.fiscalia.gov.co\/colombia\/#website"},"datePublished":"2015-03-26T21:03:59+00:00","dateModified":"2015-03-27T00:07:23+00:00","description":"P\u00e1gina oficial de la Fiscal\u00eda General de la Naci\u00f3n \u2013 Colombia. Garantizamos el acceso efectivo a la justicia, la verdad y la reparaci\u00f3n de las v\u00edctimas de los delitos.","breadcrumb":{"@id":"https:\/\/www.fiscalia.gov.co\/colombia\/noticias\/destacada\/fiscalia-refuerza-lucha-contra-la-discriminacion-por-razones-de-orientacion-sexual-vicefiscal\/#breadcrumb"},"inLanguage":"es-CO","potentialAction":[{"@type":"ReadAction","target":["https:\/\/www.fiscalia.gov.co\/colombia\/noticias\/destacada\/fiscalia-refuerza-lucha-contra-la-discriminacion-por-razones-de-orientacion-sexual-vicefiscal\/"]}]},{"@type":"BreadcrumbList","@id":"https:\/\/www.fiscalia.gov.co\/colombia\/noticias\/destacada\/fiscalia-refuerza-lucha-contra-la-discriminacion-por-razones-de-orientacion-sexual-vicefiscal\/#breadcrumb","itemListElement":[{"@type":"ListItem","position":1,"name":"Home","item":"https:\/\/www.fiscalia.gov.co\/colombia\/"},{"@type":"ListItem","position":2,"name":"Fiscal\u00eda refuerza lucha contra la discriminaci\u00f3n por razones de orientaci\u00f3n sexual: Vicefiscal"}]},{"@type":"WebSite","@id":"https:\/\/www.fiscalia.gov.co\/colombia\/#website","url":"https:\/\/www.fiscalia.gov.co\/colombia\/","name":"Fiscal\u00eda General de la Naci\u00f3n","description":"P\u00e1gina oficial de la Fiscal\u00eda General de la Naci\u00f3n \u2013 Colombia. Garantizamos el acceso efectivo a la justicia, la verdad y la reparaci\u00f3n de las v\u00edctimas de los delitos.","publisher":{"@id":"https:\/\/www.fiscalia.gov.co\/colombia\/#organization"},"potentialAction":[{"@type":"SearchAction","target":{"@type":"EntryPoint","urlTemplate":"https:\/\/www.fiscalia.gov.co\/colombia\/?s={search_term_string}"},"query-input":{"@type":"PropertyValueSpecification","valueRequired":true,"valueName":"search_term_string"}}],"inLanguage":"es-CO"},{"@type":"Organization","@id":"https:\/\/www.fiscalia.gov.co\/colombia\/#organization","name":"Fiscal\u00eda General de la Naci\u00f3n","url":"https:\/\/www.fiscalia.gov.co\/colombia\/","logo":{"@type":"ImageObject","inLanguage":"es-CO","@id":"https:\/\/www.fiscalia.gov.co\/colombia\/#\/schema\/logo\/image\/","url":"https:\/\/www.fiscalia.gov.co\/colombia\/wp-content\/uploads\/LogoHorizontal_1.jpg","contentUrl":"https:\/\/www.fiscalia.gov.co\/colombia\/wp-content\/uploads\/LogoHorizontal_1.jpg","width":300,"height":90,"caption":"Fiscal\u00eda General de la Naci\u00f3n"},"image":{"@id":"https:\/\/www.fiscalia.gov.co\/colombia\/#\/schema\/logo\/image\/"},"sameAs":["https:\/\/www.facebook.com\/FiscaliaCol","https:\/\/x.com\/FiscaliaCol","https:\/\/www.instagram.com\/fiscaliacol","https:\/\/www.linkedin.com\/company\/fiscalia-general-de-la-naci-n\/","https:\/\/youtube.com\/@fiscaliageneraldelanacion-4668?si=6nN79nyQICPU5iTh"]},{"@type":"Person","@id":"https:\/\/www.fiscalia.gov.co\/colombia\/#\/schema\/person\/3903856a3ce2d54b094c69eb29247895","name":"dfgordillo","image":{"@type":"ImageObject","inLanguage":"es-CO","@id":"https:\/\/www.fiscalia.gov.co\/colombia\/#\/schema\/person\/image\/","url":"https:\/\/secure.gravatar.com\/avatar\/b6356e21c5657c60757fe6fb9493e947?s=96&d=mm&r=g","contentUrl":"https:\/\/secure.gravatar.com\/avatar\/b6356e21c5657c60757fe6fb9493e947?s=96&d=mm&r=g","caption":"dfgordillo"},"sameAs":["dfgordillo"],"url":"https:\/\/www.fiscalia.gov.co\/colombia\/author\/dfgordillo\/"}]}},"_links":{"self":[{"href":"https:\/\/www.fiscalia.gov.co\/colombia\/wp-json\/wp\/v2\/posts\/64778","targetHints":{"allow":["GET"]}}],"collection":[{"href":"https:\/\/www.fiscalia.gov.co\/colombia\/wp-json\/wp\/v2\/posts"}],"about":[{"href":"https:\/\/www.fiscalia.gov.co\/colombia\/wp-json\/wp\/v2\/types\/post"}],"author":[{"embeddable":true,"href":"https:\/\/www.fiscalia.gov.co\/colombia\/wp-json\/wp\/v2\/users\/143"}],"replies":[{"embeddable":true,"href":"https:\/\/www.fiscalia.gov.co\/colombia\/wp-json\/wp\/v2\/comments?post=64778"}],"version-history":[{"count":6,"href":"https:\/\/www.fiscalia.gov.co\/colombia\/wp-json\/wp\/v2\/posts\/64778\/revisions"}],"predecessor-version":[{"id":64844,"href":"https:\/\/www.fiscalia.gov.co\/colombia\/wp-json\/wp\/v2\/posts\/64778\/revisions\/64844"}],"wp:attachment":[{"href":"https:\/\/www.fiscalia.gov.co\/colombia\/wp-json\/wp\/v2\/media?parent=64778"}],"wp:term":[{"taxonomy":"category","embeddable":true,"href":"https:\/\/www.fiscalia.gov.co\/colombia\/wp-json\/wp\/v2\/categories?post=64778"},{"taxonomy":"post_tag","embeddable":true,"href":"https:\/\/www.fiscalia.gov.co\/colombia\/wp-json\/wp\/v2\/tags?post=64778"}],"curies":[{"name":"wp","href":"https:\/\/api.w.org\/{rel}","templated":true}]}}