{"id":64677,"date":"2015-03-25T12:00:00","date_gmt":"2015-03-25T17:00:00","guid":{"rendered":"http:\/\/www.fiscalia.gov.co\/colombia\/?p=64677"},"modified":"2015-03-25T12:00:00","modified_gmt":"2015-03-25T17:00:00","slug":"cae-red-de-distribucion-de-droga-sintetica-en-rock-al-parque-y-seis-departamentos-del-pais","status":"publish","type":"post","link":"https:\/\/www.fiscalia.gov.co\/colombia\/noticias\/destacada\/cae-red-de-distribucion-de-droga-sintetica-en-rock-al-parque-y-seis-departamentos-del-pais\/","title":{"rendered":"Cae red de distribuci\u00f3n de droga sint\u00e9tica en Rock al Parque y seis departamentos del pa\u00eds"},"content":{"rendered":"<p>El Cuerpo T\u00e9cnico de Investigaci\u00f3n (CTI), adscrito a la seccional Tolima de la Fiscal\u00eda, captur\u00f3 a 13 presuntos miembros de una banda dedicada a comercializar y distribuir drogas sint\u00e9ticas en festivales musicales universitarios, en Rock al Parque y en los departamentos de Tolima, Valle del Cauca, Quind\u00edo, Santander, Atl\u00e1ntico y la capital del pa\u00eds, entre otros.<\/p>\n<p>En la operaci\u00f3n realizada contra la banda denominada Los Sint\u00e9ticos fueron detenidos sus tres l\u00edderes. Deber\u00e1n responder por la presunta realizaci\u00f3n de los delitos de concierto para delinquir, con fines de narcotr\u00e1fico, y fabricaci\u00f3n tr\u00e1fico o porte de estupefacientes.<\/p>\n<p>En los allanamientos, realizados en el norte y occidente de Bogot\u00e1, se incautaron 142 millones 388 mil pesos en drogas sint\u00e9ticas como \u00e9xtasis, popper, LCD y, adem\u00e1s, marihuana, Adem\u00e1s, hallaron veh\u00edculos de alto costo y dinero en efectivo.<\/p>\n<p>\u201cEsta organizaci\u00f3n se dedicaba a expender estas drogas de s\u00edntesis en prestigiosas universidades del pa\u00eds. Tambi\u00e9n distribu\u00edan en diferentes eventos p\u00fablicos, en festivales de rock como Rock al Parque, en conciertos, en partidos de futbol, es decir eran drogas que ya estaban permeando la actividad social de los j\u00f3venes entre los 15 y 25 a\u00f1os que son la poblaci\u00f3n m\u00e1s vulnerable\u201d, explic\u00f3 el Vicefiscal General de la Naci\u00f3n, Jorge Fernando Perdomo.<\/p>\n<p>El funcionario inform\u00f3 que \u00e9sta red tendr\u00eda relaci\u00f3n con organizaciones en Chile y Argentina. \u201cEl operativo consolida a la Fiscal\u00eda como ente investigador en la lucha\u00a0 contra el microtr\u00e1fico, en esas nuevas modalidades\u201d, dijo el Vicefiscal.<\/p>\n<p>En los \u00faltimos dos a\u00f1os, en el mundo se han identificado cerca de 200 nuevas drogas de las que se\u00a0 denominan sint\u00e9ticas, que no tienen ning\u00fan tipo de control. La Fiscal\u00eda ha identificado la presencia en el pa\u00eds de por lo menos 15 de esas drogas.<\/p>\n<p>\u201cEstos nuevos alucin\u00f3genos no son producidas en Colombia sino principalmente en Europa y Asia, pero aqu\u00ed lo que\u00a0 se hace es hacerla rendir o envenenarlas, lo que lo que constituye un peligro para la poblaci\u00f3n consumidora porque no se sabe en realidad cu\u00e1l es el efecto de esas drogas\u201d, advirti\u00f3 Perdomo.<\/p>\n<p>La investigaci\u00f3n detect\u00f3 que entre Ibagu\u00e9 y Bogot\u00e1 se estaba dando un tr\u00e1fico de estas sustancias. A trav\u00e9s de diversas actividades de polic\u00eda judicial, el CTI Ibagu\u00e9 estableci\u00f3 que es una organizaci\u00f3n criminal dedicada a comercializar anfetaminas, especialmente.<\/p>\n<p>Las drogas psicoactivas eran adquiridas principalmente en Bogot\u00e1, para su posterior distribuci\u00f3n y comercializaci\u00f3n en la capital del pa\u00eds Ibagu\u00e9 (Tolima), Cartago (Valle del Cauca), Armenia (Quind\u00edo), Piedecuesta (Santander), Salento (Quind\u00edo), Cal\u00ed (Valle del Cauca), Barranquilla (Atl\u00e1ntico), entre otras. Asimismo, desde Colombia estar\u00edan enviando alijos de estas drogas hacia Argentina y Chile.<\/p>\n<p>Este es uno m\u00e1s de los \u00e9xitos de la Fiscal\u00eda en la lucha contra el narcotr\u00e1fico. En los \u00faltimos cinco a\u00f1os, se han incautado 950 toneladas de coca\u00edna que estaba dirigida a los mercados estadounidenses y europeos.<\/p>\n<p>Las drogas sint\u00e9ticas son aquellas que se fabrican a trav\u00e9s de procesos qu\u00edmicos y,\u00a0 a diferencia de la coca\u00edna o la marihuana, que surgen un vegetal, se fabrican a partir de cambios moleculares realizados en laboratorios para lograr resultados sicoactivos.<\/p>\n<p>Estas son distribuidas en forma de pastillas, c\u00e1psulas, polvos o l\u00edquidos. En muchas ocasiones, son principios activos abandonados por las industrias farmac\u00e9uticas debido a sus efectos indeseados, que son rescatados para ser utilizadas por los delincuentes.<\/p>\n<p>La fabricaci\u00f3n en laboratorios clandestinos y el desconocimiento de su composici\u00f3n final las hace peligrosas, porque sus efectos no son previsibles.<\/p>\n<p>Los expertos destacan que este tipo de drogas, entre las que destacan el \u00e9xtasis, el popper, polvo de \u00e1ngel, <em>speed<\/em> y la ketamina, afectan los sistemas neurol\u00f3gicos de manera aguda o cr\u00f3nica debido a su uso repetido. Adem\u00e1s, el cuerpo desarrolla tolerancia y pide m\u00e1s, con un consecuente y riesgoso aumento de la dosis.<\/p>\n<p>&nbsp;<\/p>\n<p>MRB \/ AAEA<\/p>\n<p>______________________________________________<\/p>\n<p><strong>Declaraciones Jorge Fernando Perdomo Torres, Vicefiscal General de la Naci\u00f3n\u00a0<\/strong><\/p>\n[audio:http:\/\/www.fiscalia.gov.co\/colombia\/wp-content\/uploads\/20150325.mp3|titles=Declaraciones]\n<p><a title=\"Descargar audio \" href=\"http:\/\/www.fiscalia.gov.co\/colombia\/wp-content\/uploads\/20150325.mp3\" target=\"_blank\">Descargar<\/a><\/p>\n<p>Tema: Desarticulada banda dedicada al tr\u00e1fico de drogas sint\u00e9ticas<strong><br \/>\n<\/strong>Lugar:\u00a0\u00a0Nivel Central Fiscal\u00eda General de la Naci\u00f3n, Bogot\u00e1<br \/>\nFecha: 25 de marzo de 2015<\/p>\n<p>&nbsp;<\/p>\n\n<div class=\"twitter-share\"><a href=\"https:\/\/twitter.com\/intent\/tweet?via=fiscaliacol\" class=\"twitter-share-button\">Tweet<\/a><\/div>\n","protected":false},"excerpt":{"rendered":"<p>El Cuerpo T\u00e9cnico de Investigaci\u00f3n (CTI), adscrito a la seccional Tolima de la Fiscal\u00eda, captur\u00f3 a 13 presuntos miembros de una banda dedicada a comercializar y distribuir drogas <\/p>\n","protected":false},"author":143,"featured_media":0,"comment_status":"closed","ping_status":"open","sticky":false,"template":"","format":"standard","meta":{"_price":"","_stock":"","_tribe_ticket_header":"","_tribe_default_ticket_provider":"","_tribe_ticket_capacity":"0","_ticket_start_date":"","_ticket_end_date":"","_tribe_ticket_show_description":"","_tribe_ticket_show_not_going":false,"_tribe_ticket_use_global_stock":"","_tribe_ticket_global_stock_level":"","_global_stock_mode":"","_global_stock_cap":"","_tribe_rsvp_for_event":"","_tribe_ticket_going_count":"","_tribe_ticket_not_going_count":"","_tribe_tickets_list":"[]","_tribe_ticket_has_attendee_info_fields":false,"tdm_status":"","tdm_grid_status":"","footnotes":""},"categories":[3],"tags":[23963,23912],"class_list":{"0":"post-64677","1":"post","2":"type-post","3":"status-publish","4":"format-standard","6":"category-destacada","7":"tag-jorge-fernando-perdomo-torres","8":"tag-vicefiscal-general-de-la-nacion"},"yoast_head":"<!-- This site is optimized with the Yoast SEO plugin v24.3 - https:\/\/yoast.com\/wordpress\/plugins\/seo\/ -->\n<title>Fiscal\u00eda General de la Naci\u00f3n<\/title>\n<meta name=\"description\" content=\"P\u00e1gina oficial de la Fiscal\u00eda General de la Naci\u00f3n \u2013 Colombia. Garantizamos el acceso efectivo a la justicia, la verdad y la reparaci\u00f3n de las v\u00edctimas de los delitos.\" \/>\n<meta name=\"robots\" content=\"noindex, follow\" \/>\n<meta property=\"og:locale\" content=\"es_ES\" \/>\n<meta property=\"og:type\" content=\"article\" \/>\n<meta property=\"og:title\" content=\"Fiscal\u00eda General de la Naci\u00f3n\" \/>\n<meta property=\"og:description\" content=\"P\u00e1gina oficial de la Fiscal\u00eda General de la Naci\u00f3n \u2013 Colombia. Garantizamos el acceso efectivo a la justicia, la verdad y la reparaci\u00f3n de las v\u00edctimas de los delitos.\" \/>\n<meta property=\"og:url\" content=\"https:\/\/www.fiscalia.gov.co\/colombia\/noticias\/destacada\/cae-red-de-distribucion-de-droga-sintetica-en-rock-al-parque-y-seis-departamentos-del-pais\/\" \/>\n<meta property=\"og:site_name\" content=\"Fiscal\u00eda General de la Naci\u00f3n\" \/>\n<meta property=\"article:publisher\" content=\"https:\/\/www.facebook.com\/FiscaliaCol\" \/>\n<meta property=\"article:published_time\" content=\"2015-03-25T17:00:00+00:00\" \/>\n<meta name=\"author\" content=\"dfgordillo\" \/>\n<meta name=\"twitter:card\" content=\"summary_large_image\" \/>\n<meta name=\"twitter:creator\" content=\"@FiscaliaCol\" \/>\n<meta name=\"twitter:site\" content=\"@FiscaliaCol\" \/>\n<meta name=\"twitter:label1\" content=\"Escrito por\" \/>\n\t<meta name=\"twitter:data1\" content=\"dfgordillo\" \/>\n\t<meta name=\"twitter:label2\" content=\"Tiempo de lectura\" \/>\n\t<meta name=\"twitter:data2\" content=\"4 minutos\" \/>\n<script type=\"application\/ld+json\" class=\"yoast-schema-graph\">{\"@context\":\"https:\/\/schema.org\",\"@graph\":[{\"@type\":\"Article\",\"@id\":\"https:\/\/www.fiscalia.gov.co\/colombia\/noticias\/destacada\/cae-red-de-distribucion-de-droga-sintetica-en-rock-al-parque-y-seis-departamentos-del-pais\/#article\",\"isPartOf\":{\"@id\":\"https:\/\/www.fiscalia.gov.co\/colombia\/noticias\/destacada\/cae-red-de-distribucion-de-droga-sintetica-en-rock-al-parque-y-seis-departamentos-del-pais\/\"},\"author\":{\"name\":\"dfgordillo\",\"@id\":\"https:\/\/www.fiscalia.gov.co\/colombia\/#\/schema\/person\/3903856a3ce2d54b094c69eb29247895\"},\"headline\":\"Cae red de distribuci\u00f3n de droga sint\u00e9tica en Rock al Parque y seis departamentos del pa\u00eds\",\"datePublished\":\"2015-03-25T17:00:00+00:00\",\"dateModified\":\"2015-03-25T17:00:00+00:00\",\"mainEntityOfPage\":{\"@id\":\"https:\/\/www.fiscalia.gov.co\/colombia\/noticias\/destacada\/cae-red-de-distribucion-de-droga-sintetica-en-rock-al-parque-y-seis-departamentos-del-pais\/\"},\"wordCount\":752,\"publisher\":{\"@id\":\"https:\/\/www.fiscalia.gov.co\/colombia\/#organization\"},\"keywords\":[\"Jorge Fernando Perdomo Torres\",\"Vicefiscal General de la Naci\u00f3n\"],\"articleSection\":[\"Destacada\"],\"inLanguage\":\"es-CO\"},{\"@type\":\"WebPage\",\"@id\":\"https:\/\/www.fiscalia.gov.co\/colombia\/noticias\/destacada\/cae-red-de-distribucion-de-droga-sintetica-en-rock-al-parque-y-seis-departamentos-del-pais\/\",\"url\":\"https:\/\/www.fiscalia.gov.co\/colombia\/noticias\/destacada\/cae-red-de-distribucion-de-droga-sintetica-en-rock-al-parque-y-seis-departamentos-del-pais\/\",\"name\":\"Fiscal\u00eda General de la Naci\u00f3n\",\"isPartOf\":{\"@id\":\"https:\/\/www.fiscalia.gov.co\/colombia\/#website\"},\"datePublished\":\"2015-03-25T17:00:00+00:00\",\"dateModified\":\"2015-03-25T17:00:00+00:00\",\"description\":\"P\u00e1gina oficial de la Fiscal\u00eda General de la Naci\u00f3n \u2013 Colombia. Garantizamos el acceso efectivo a la justicia, la verdad y la reparaci\u00f3n de las v\u00edctimas de los delitos.\",\"breadcrumb\":{\"@id\":\"https:\/\/www.fiscalia.gov.co\/colombia\/noticias\/destacada\/cae-red-de-distribucion-de-droga-sintetica-en-rock-al-parque-y-seis-departamentos-del-pais\/#breadcrumb\"},\"inLanguage\":\"es-CO\",\"potentialAction\":[{\"@type\":\"ReadAction\",\"target\":[\"https:\/\/www.fiscalia.gov.co\/colombia\/noticias\/destacada\/cae-red-de-distribucion-de-droga-sintetica-en-rock-al-parque-y-seis-departamentos-del-pais\/\"]}]},{\"@type\":\"BreadcrumbList\",\"@id\":\"https:\/\/www.fiscalia.gov.co\/colombia\/noticias\/destacada\/cae-red-de-distribucion-de-droga-sintetica-en-rock-al-parque-y-seis-departamentos-del-pais\/#breadcrumb\",\"itemListElement\":[{\"@type\":\"ListItem\",\"position\":1,\"name\":\"Home\",\"item\":\"https:\/\/www.fiscalia.gov.co\/colombia\/\"},{\"@type\":\"ListItem\",\"position\":2,\"name\":\"Cae red de distribuci\u00f3n de droga sint\u00e9tica en Rock al Parque y seis departamentos del pa\u00eds\"}]},{\"@type\":\"WebSite\",\"@id\":\"https:\/\/www.fiscalia.gov.co\/colombia\/#website\",\"url\":\"https:\/\/www.fiscalia.gov.co\/colombia\/\",\"name\":\"Fiscal\u00eda General de la Naci\u00f3n\",\"description\":\"P\u00e1gina oficial de la Fiscal\u00eda General de la Naci\u00f3n \u2013 Colombia. Garantizamos el acceso efectivo a la justicia, la verdad y la reparaci\u00f3n de las v\u00edctimas de los delitos.\",\"publisher\":{\"@id\":\"https:\/\/www.fiscalia.gov.co\/colombia\/#organization\"},\"potentialAction\":[{\"@type\":\"SearchAction\",\"target\":{\"@type\":\"EntryPoint\",\"urlTemplate\":\"https:\/\/www.fiscalia.gov.co\/colombia\/?s={search_term_string}\"},\"query-input\":{\"@type\":\"PropertyValueSpecification\",\"valueRequired\":true,\"valueName\":\"search_term_string\"}}],\"inLanguage\":\"es-CO\"},{\"@type\":\"Organization\",\"@id\":\"https:\/\/www.fiscalia.gov.co\/colombia\/#organization\",\"name\":\"Fiscal\u00eda General de la Naci\u00f3n\",\"url\":\"https:\/\/www.fiscalia.gov.co\/colombia\/\",\"logo\":{\"@type\":\"ImageObject\",\"inLanguage\":\"es-CO\",\"@id\":\"https:\/\/www.fiscalia.gov.co\/colombia\/#\/schema\/logo\/image\/\",\"url\":\"https:\/\/www.fiscalia.gov.co\/colombia\/wp-content\/uploads\/LogoHorizontal_1.jpg\",\"contentUrl\":\"https:\/\/www.fiscalia.gov.co\/colombia\/wp-content\/uploads\/LogoHorizontal_1.jpg\",\"width\":300,\"height\":90,\"caption\":\"Fiscal\u00eda General de la Naci\u00f3n\"},\"image\":{\"@id\":\"https:\/\/www.fiscalia.gov.co\/colombia\/#\/schema\/logo\/image\/\"},\"sameAs\":[\"https:\/\/www.facebook.com\/FiscaliaCol\",\"https:\/\/x.com\/FiscaliaCol\",\"https:\/\/www.instagram.com\/fiscaliacol\",\"https:\/\/www.linkedin.com\/company\/fiscalia-general-de-la-naci-n\/\",\"https:\/\/youtube.com\/@fiscaliageneraldelanacion-4668?si=6nN79nyQICPU5iTh\"]},{\"@type\":\"Person\",\"@id\":\"https:\/\/www.fiscalia.gov.co\/colombia\/#\/schema\/person\/3903856a3ce2d54b094c69eb29247895\",\"name\":\"dfgordillo\",\"image\":{\"@type\":\"ImageObject\",\"inLanguage\":\"es-CO\",\"@id\":\"https:\/\/www.fiscalia.gov.co\/colombia\/#\/schema\/person\/image\/\",\"url\":\"https:\/\/secure.gravatar.com\/avatar\/b6356e21c5657c60757fe6fb9493e947?s=96&d=mm&r=g\",\"contentUrl\":\"https:\/\/secure.gravatar.com\/avatar\/b6356e21c5657c60757fe6fb9493e947?s=96&d=mm&r=g\",\"caption\":\"dfgordillo\"},\"sameAs\":[\"dfgordillo\"],\"url\":\"https:\/\/www.fiscalia.gov.co\/colombia\/author\/dfgordillo\/\"}]}<\/script>\n<!-- \/ Yoast SEO plugin. -->","yoast_head_json":{"title":"Fiscal\u00eda General de la Naci\u00f3n","description":"P\u00e1gina oficial de la Fiscal\u00eda General de la Naci\u00f3n \u2013 Colombia. Garantizamos el acceso efectivo a la justicia, la verdad y la reparaci\u00f3n de las v\u00edctimas de los delitos.","robots":{"index":"noindex","follow":"follow"},"og_locale":"es_ES","og_type":"article","og_title":"Fiscal\u00eda General de la Naci\u00f3n","og_description":"P\u00e1gina oficial de la Fiscal\u00eda General de la Naci\u00f3n \u2013 Colombia. Garantizamos el acceso efectivo a la justicia, la verdad y la reparaci\u00f3n de las v\u00edctimas de los delitos.","og_url":"https:\/\/www.fiscalia.gov.co\/colombia\/noticias\/destacada\/cae-red-de-distribucion-de-droga-sintetica-en-rock-al-parque-y-seis-departamentos-del-pais\/","og_site_name":"Fiscal\u00eda General de la Naci\u00f3n","article_publisher":"https:\/\/www.facebook.com\/FiscaliaCol","article_published_time":"2015-03-25T17:00:00+00:00","author":"dfgordillo","twitter_card":"summary_large_image","twitter_creator":"@FiscaliaCol","twitter_site":"@FiscaliaCol","twitter_misc":{"Escrito por":"dfgordillo","Tiempo de lectura":"4 minutos"},"schema":{"@context":"https:\/\/schema.org","@graph":[{"@type":"Article","@id":"https:\/\/www.fiscalia.gov.co\/colombia\/noticias\/destacada\/cae-red-de-distribucion-de-droga-sintetica-en-rock-al-parque-y-seis-departamentos-del-pais\/#article","isPartOf":{"@id":"https:\/\/www.fiscalia.gov.co\/colombia\/noticias\/destacada\/cae-red-de-distribucion-de-droga-sintetica-en-rock-al-parque-y-seis-departamentos-del-pais\/"},"author":{"name":"dfgordillo","@id":"https:\/\/www.fiscalia.gov.co\/colombia\/#\/schema\/person\/3903856a3ce2d54b094c69eb29247895"},"headline":"Cae red de distribuci\u00f3n de droga sint\u00e9tica en Rock al Parque y seis departamentos del pa\u00eds","datePublished":"2015-03-25T17:00:00+00:00","dateModified":"2015-03-25T17:00:00+00:00","mainEntityOfPage":{"@id":"https:\/\/www.fiscalia.gov.co\/colombia\/noticias\/destacada\/cae-red-de-distribucion-de-droga-sintetica-en-rock-al-parque-y-seis-departamentos-del-pais\/"},"wordCount":752,"publisher":{"@id":"https:\/\/www.fiscalia.gov.co\/colombia\/#organization"},"keywords":["Jorge Fernando Perdomo Torres","Vicefiscal General de la Naci\u00f3n"],"articleSection":["Destacada"],"inLanguage":"es-CO"},{"@type":"WebPage","@id":"https:\/\/www.fiscalia.gov.co\/colombia\/noticias\/destacada\/cae-red-de-distribucion-de-droga-sintetica-en-rock-al-parque-y-seis-departamentos-del-pais\/","url":"https:\/\/www.fiscalia.gov.co\/colombia\/noticias\/destacada\/cae-red-de-distribucion-de-droga-sintetica-en-rock-al-parque-y-seis-departamentos-del-pais\/","name":"Fiscal\u00eda General de la Naci\u00f3n","isPartOf":{"@id":"https:\/\/www.fiscalia.gov.co\/colombia\/#website"},"datePublished":"2015-03-25T17:00:00+00:00","dateModified":"2015-03-25T17:00:00+00:00","description":"P\u00e1gina oficial de la Fiscal\u00eda General de la Naci\u00f3n \u2013 Colombia. Garantizamos el acceso efectivo a la justicia, la verdad y la reparaci\u00f3n de las v\u00edctimas de los delitos.","breadcrumb":{"@id":"https:\/\/www.fiscalia.gov.co\/colombia\/noticias\/destacada\/cae-red-de-distribucion-de-droga-sintetica-en-rock-al-parque-y-seis-departamentos-del-pais\/#breadcrumb"},"inLanguage":"es-CO","potentialAction":[{"@type":"ReadAction","target":["https:\/\/www.fiscalia.gov.co\/colombia\/noticias\/destacada\/cae-red-de-distribucion-de-droga-sintetica-en-rock-al-parque-y-seis-departamentos-del-pais\/"]}]},{"@type":"BreadcrumbList","@id":"https:\/\/www.fiscalia.gov.co\/colombia\/noticias\/destacada\/cae-red-de-distribucion-de-droga-sintetica-en-rock-al-parque-y-seis-departamentos-del-pais\/#breadcrumb","itemListElement":[{"@type":"ListItem","position":1,"name":"Home","item":"https:\/\/www.fiscalia.gov.co\/colombia\/"},{"@type":"ListItem","position":2,"name":"Cae red de distribuci\u00f3n de droga sint\u00e9tica en Rock al Parque y seis departamentos del pa\u00eds"}]},{"@type":"WebSite","@id":"https:\/\/www.fiscalia.gov.co\/colombia\/#website","url":"https:\/\/www.fiscalia.gov.co\/colombia\/","name":"Fiscal\u00eda General de la Naci\u00f3n","description":"P\u00e1gina oficial de la Fiscal\u00eda General de la Naci\u00f3n \u2013 Colombia. Garantizamos el acceso efectivo a la justicia, la verdad y la reparaci\u00f3n de las v\u00edctimas de los delitos.","publisher":{"@id":"https:\/\/www.fiscalia.gov.co\/colombia\/#organization"},"potentialAction":[{"@type":"SearchAction","target":{"@type":"EntryPoint","urlTemplate":"https:\/\/www.fiscalia.gov.co\/colombia\/?s={search_term_string}"},"query-input":{"@type":"PropertyValueSpecification","valueRequired":true,"valueName":"search_term_string"}}],"inLanguage":"es-CO"},{"@type":"Organization","@id":"https:\/\/www.fiscalia.gov.co\/colombia\/#organization","name":"Fiscal\u00eda General de la Naci\u00f3n","url":"https:\/\/www.fiscalia.gov.co\/colombia\/","logo":{"@type":"ImageObject","inLanguage":"es-CO","@id":"https:\/\/www.fiscalia.gov.co\/colombia\/#\/schema\/logo\/image\/","url":"https:\/\/www.fiscalia.gov.co\/colombia\/wp-content\/uploads\/LogoHorizontal_1.jpg","contentUrl":"https:\/\/www.fiscalia.gov.co\/colombia\/wp-content\/uploads\/LogoHorizontal_1.jpg","width":300,"height":90,"caption":"Fiscal\u00eda General de la Naci\u00f3n"},"image":{"@id":"https:\/\/www.fiscalia.gov.co\/colombia\/#\/schema\/logo\/image\/"},"sameAs":["https:\/\/www.facebook.com\/FiscaliaCol","https:\/\/x.com\/FiscaliaCol","https:\/\/www.instagram.com\/fiscaliacol","https:\/\/www.linkedin.com\/company\/fiscalia-general-de-la-naci-n\/","https:\/\/youtube.com\/@fiscaliageneraldelanacion-4668?si=6nN79nyQICPU5iTh"]},{"@type":"Person","@id":"https:\/\/www.fiscalia.gov.co\/colombia\/#\/schema\/person\/3903856a3ce2d54b094c69eb29247895","name":"dfgordillo","image":{"@type":"ImageObject","inLanguage":"es-CO","@id":"https:\/\/www.fiscalia.gov.co\/colombia\/#\/schema\/person\/image\/","url":"https:\/\/secure.gravatar.com\/avatar\/b6356e21c5657c60757fe6fb9493e947?s=96&d=mm&r=g","contentUrl":"https:\/\/secure.gravatar.com\/avatar\/b6356e21c5657c60757fe6fb9493e947?s=96&d=mm&r=g","caption":"dfgordillo"},"sameAs":["dfgordillo"],"url":"https:\/\/www.fiscalia.gov.co\/colombia\/author\/dfgordillo\/"}]}},"_links":{"self":[{"href":"https:\/\/www.fiscalia.gov.co\/colombia\/wp-json\/wp\/v2\/posts\/64677","targetHints":{"allow":["GET"]}}],"collection":[{"href":"https:\/\/www.fiscalia.gov.co\/colombia\/wp-json\/wp\/v2\/posts"}],"about":[{"href":"https:\/\/www.fiscalia.gov.co\/colombia\/wp-json\/wp\/v2\/types\/post"}],"author":[{"embeddable":true,"href":"https:\/\/www.fiscalia.gov.co\/colombia\/wp-json\/wp\/v2\/users\/143"}],"replies":[{"embeddable":true,"href":"https:\/\/www.fiscalia.gov.co\/colombia\/wp-json\/wp\/v2\/comments?post=64677"}],"version-history":[{"count":1,"href":"https:\/\/www.fiscalia.gov.co\/colombia\/wp-json\/wp\/v2\/posts\/64677\/revisions"}],"predecessor-version":[{"id":64679,"href":"https:\/\/www.fiscalia.gov.co\/colombia\/wp-json\/wp\/v2\/posts\/64677\/revisions\/64679"}],"wp:attachment":[{"href":"https:\/\/www.fiscalia.gov.co\/colombia\/wp-json\/wp\/v2\/media?parent=64677"}],"wp:term":[{"taxonomy":"category","embeddable":true,"href":"https:\/\/www.fiscalia.gov.co\/colombia\/wp-json\/wp\/v2\/categories?post=64677"},{"taxonomy":"post_tag","embeddable":true,"href":"https:\/\/www.fiscalia.gov.co\/colombia\/wp-json\/wp\/v2\/tags?post=64677"}],"curies":[{"name":"wp","href":"https:\/\/api.w.org\/{rel}","templated":true}]}}