{"id":64646,"date":"2015-03-24T17:17:59","date_gmt":"2015-03-24T22:17:59","guid":{"rendered":"http:\/\/www.fiscalia.gov.co\/colombia\/?p=64646"},"modified":"2015-03-24T17:17:59","modified_gmt":"2015-03-24T22:17:59","slug":"fiscalia-pidio-sentencia-condenatoria-contra-hermanos-vives-lacouture-por-agro-ingreso-seguro","status":"publish","type":"post","link":"https:\/\/www.fiscalia.gov.co\/colombia\/noticias\/fiscalia-pidio-sentencia-condenatoria-contra-hermanos-vives-lacouture-por-agro-ingreso-seguro\/","title":{"rendered":"Fiscal\u00eda pidi\u00f3 sentencia condenatoria contra hermanos Vives Lacouture por Agro Ingreso Seguro"},"content":{"rendered":"<p>La Fiscal\u00eda General de la Naci\u00f3n pidi\u00f3 a un juez de conocimiento proferir una sentencia ejemplar en contra de los hermanos In\u00e9s Margarita y Jos\u00e9 Francisco Vives Lacouture como presuntos responsables de los delitos de peculado por apropiaci\u00f3n a favor de terceros y falsedad en documento privado.<\/p>\n<p>Los hechos se relacionan con los beneficios recibidos por estos procesados con la creaci\u00f3n e implementaci\u00f3n del programa Agro Ingreso Seguro &#8211; AIS, el cual era en principio destinado a proteger los ingresos de los productores y campesinos con el fin de mejorar la competitividad de todo el sector agropecuario nacional, con ocasi\u00f3n de la internacionalizaci\u00f3n de la econom\u00eda.<\/p>\n<p>Sin embargo, para la Fiscal\u00eda, los Vives Lacouture habr\u00edan fraccionado sus predios para recibir m\u00e1s beneficios cercanos a los 1776 millones de pesos mediante subsidios contrarios a la naturaleza de la ley 1133 de 2007.<\/p>\n<p>De la misma manera, el ente acusador determin\u00f3 que el proyecto de la Finca denominada Boca Rat\u00f3n en el municipio de Zona Bananera (Magdalena), fue en contrav\u00eda con lo estipulado en la misma ley frente a la asistencia t\u00e9cnica, el desarrollo y transferencia de tecnolog\u00eda, as\u00ed mismo promover la cultura de buenas pr\u00e1cticas agr\u00edcolas y pecuarias, la asociaci\u00f3n entre los productores, entre otros requisitos.<\/p>\n<p>\u201cDeb\u00edan tener una capacidad econ\u00f3mica y de contrataci\u00f3n de equipos multidisciplinarios como contadores o t\u00e9cnicos lo cual no se cumpli\u00f3\u201d, se\u00f1al\u00f3 el delegado fiscal.<\/p>\n<p>En los alegatos de conclusi\u00f3n ante el Juzgado 13 Penal de conocimiento de Bogot\u00e1, el fiscal del caso advirti\u00f3 que las motivaciones esgrimidas por la sala penal de la Corte Suprema de Justicia al condenar al exministro de Agricultura\u00a0 Andr\u00e9s Felipe Arias son concordantes con los hechos y delitos imputados contra los Vives Lacouture en este proceso.<\/p>\n<p>El programa Agro Ingreso Seguro pretend\u00eda la promoci\u00f3n de la productividad y competitividad y reducir la desigualdad en el campo para prepararlo para enfrentar la internacionalizaci\u00f3n de la econom\u00eda mediante el ordenamiento productivo del territorio apost\u00e1ndole a los proyectos de exportaci\u00f3n del Ministerio de Agricultura y Desarrollo Rural en coordinaci\u00f3n con las instituciones del orden territorial.<\/p>\n<p>La sentencia ser\u00e1 conocida en las pr\u00f3ximamente.<\/p>\n<p>&nbsp;<\/p>\n<p>CMR\/DLBM<\/p>\n\n<div class=\"twitter-share\"><a href=\"https:\/\/twitter.com\/intent\/tweet?via=fiscaliacol\" class=\"twitter-share-button\">Tweet<\/a><\/div>\n","protected":false},"excerpt":{"rendered":"<p>La Fiscal\u00eda General de la Naci\u00f3n pidi\u00f3 a un juez de conocimiento proferir una sentencia ejemplar en contra de los hermanos In\u00e9s Margarita y Jos\u00e9 Francisco Vives Lacouture como presuntos responsables de los delitos de peculado por apropiaci\u00f3n a favor de terceros y falsedad en documento privado. Los hechos se relacionan con los beneficios recibidos [&hellip;]<\/p>\n","protected":false},"author":143,"featured_media":0,"comment_status":"closed","ping_status":"open","sticky":false,"template":"","format":"standard","meta":{"_price":"","_stock":"","_tribe_ticket_header":"","_tribe_default_ticket_provider":"","_tribe_ticket_capacity":"0","_ticket_start_date":"","_ticket_end_date":"","_tribe_ticket_show_description":"","_tribe_ticket_show_not_going":false,"_tribe_ticket_use_global_stock":"","_tribe_ticket_global_stock_level":"","_global_stock_mode":"","_global_stock_cap":"","_tribe_rsvp_for_event":"","_tribe_ticket_going_count":"","_tribe_ticket_not_going_count":"","_tribe_tickets_list":"[]","_tribe_ticket_has_attendee_info_fields":false,"tdm_status":"","tdm_grid_status":"","footnotes":""},"categories":[1],"tags":[956],"class_list":{"0":"post-64646","1":"post","2":"type-post","3":"status-publish","4":"format-standard","6":"category-noticias","7":"tag-agro-ingreso-seguro"},"yoast_head":"<!-- This site is optimized with the Yoast SEO plugin v24.3 - https:\/\/yoast.com\/wordpress\/plugins\/seo\/ -->\n<title>Fiscal\u00eda General de la Naci\u00f3n<\/title>\n<meta name=\"description\" content=\"P\u00e1gina oficial de la Fiscal\u00eda General de la Naci\u00f3n \u2013 Colombia. Garantizamos el acceso efectivo a la justicia, la verdad y la reparaci\u00f3n de las v\u00edctimas de los delitos.\" \/>\n<meta name=\"robots\" content=\"noindex, follow\" \/>\n<meta property=\"og:locale\" content=\"es_ES\" \/>\n<meta property=\"og:type\" content=\"article\" \/>\n<meta property=\"og:title\" content=\"Fiscal\u00eda General de la Naci\u00f3n\" \/>\n<meta property=\"og:description\" content=\"P\u00e1gina oficial de la Fiscal\u00eda General de la Naci\u00f3n \u2013 Colombia. Garantizamos el acceso efectivo a la justicia, la verdad y la reparaci\u00f3n de las v\u00edctimas de los delitos.\" \/>\n<meta property=\"og:url\" content=\"https:\/\/www.fiscalia.gov.co\/colombia\/noticias\/fiscalia-pidio-sentencia-condenatoria-contra-hermanos-vives-lacouture-por-agro-ingreso-seguro\/\" \/>\n<meta property=\"og:site_name\" content=\"Fiscal\u00eda General de la Naci\u00f3n\" \/>\n<meta property=\"article:publisher\" content=\"https:\/\/www.facebook.com\/FiscaliaCol\" \/>\n<meta property=\"article:published_time\" content=\"2015-03-24T22:17:59+00:00\" \/>\n<meta name=\"author\" content=\"dfgordillo\" \/>\n<meta name=\"twitter:card\" content=\"summary_large_image\" \/>\n<meta name=\"twitter:creator\" content=\"@FiscaliaCol\" \/>\n<meta name=\"twitter:site\" content=\"@FiscaliaCol\" \/>\n<meta name=\"twitter:label1\" content=\"Escrito por\" \/>\n\t<meta name=\"twitter:data1\" content=\"dfgordillo\" \/>\n\t<meta name=\"twitter:label2\" content=\"Tiempo de lectura\" \/>\n\t<meta name=\"twitter:data2\" content=\"2 minutos\" \/>\n<script type=\"application\/ld+json\" class=\"yoast-schema-graph\">{\"@context\":\"https:\/\/schema.org\",\"@graph\":[{\"@type\":\"Article\",\"@id\":\"https:\/\/www.fiscalia.gov.co\/colombia\/noticias\/fiscalia-pidio-sentencia-condenatoria-contra-hermanos-vives-lacouture-por-agro-ingreso-seguro\/#article\",\"isPartOf\":{\"@id\":\"https:\/\/www.fiscalia.gov.co\/colombia\/noticias\/fiscalia-pidio-sentencia-condenatoria-contra-hermanos-vives-lacouture-por-agro-ingreso-seguro\/\"},\"author\":{\"name\":\"dfgordillo\",\"@id\":\"https:\/\/www.fiscalia.gov.co\/colombia\/#\/schema\/person\/3903856a3ce2d54b094c69eb29247895\"},\"headline\":\"Fiscal\u00eda pidi\u00f3 sentencia condenatoria contra hermanos Vives Lacouture por Agro Ingreso Seguro\",\"datePublished\":\"2015-03-24T22:17:59+00:00\",\"dateModified\":\"2015-03-24T22:17:59+00:00\",\"mainEntityOfPage\":{\"@id\":\"https:\/\/www.fiscalia.gov.co\/colombia\/noticias\/fiscalia-pidio-sentencia-condenatoria-contra-hermanos-vives-lacouture-por-agro-ingreso-seguro\/\"},\"wordCount\":395,\"publisher\":{\"@id\":\"https:\/\/www.fiscalia.gov.co\/colombia\/#organization\"},\"keywords\":[\"Agro Ingreso Seguro\"],\"articleSection\":[\"Noticias\"],\"inLanguage\":\"es-CO\"},{\"@type\":\"WebPage\",\"@id\":\"https:\/\/www.fiscalia.gov.co\/colombia\/noticias\/fiscalia-pidio-sentencia-condenatoria-contra-hermanos-vives-lacouture-por-agro-ingreso-seguro\/\",\"url\":\"https:\/\/www.fiscalia.gov.co\/colombia\/noticias\/fiscalia-pidio-sentencia-condenatoria-contra-hermanos-vives-lacouture-por-agro-ingreso-seguro\/\",\"name\":\"Fiscal\u00eda General de la Naci\u00f3n\",\"isPartOf\":{\"@id\":\"https:\/\/www.fiscalia.gov.co\/colombia\/#website\"},\"datePublished\":\"2015-03-24T22:17:59+00:00\",\"dateModified\":\"2015-03-24T22:17:59+00:00\",\"description\":\"P\u00e1gina oficial de la Fiscal\u00eda General de la Naci\u00f3n \u2013 Colombia. Garantizamos el acceso efectivo a la justicia, la verdad y la reparaci\u00f3n de las v\u00edctimas de los delitos.\",\"breadcrumb\":{\"@id\":\"https:\/\/www.fiscalia.gov.co\/colombia\/noticias\/fiscalia-pidio-sentencia-condenatoria-contra-hermanos-vives-lacouture-por-agro-ingreso-seguro\/#breadcrumb\"},\"inLanguage\":\"es-CO\",\"potentialAction\":[{\"@type\":\"ReadAction\",\"target\":[\"https:\/\/www.fiscalia.gov.co\/colombia\/noticias\/fiscalia-pidio-sentencia-condenatoria-contra-hermanos-vives-lacouture-por-agro-ingreso-seguro\/\"]}]},{\"@type\":\"BreadcrumbList\",\"@id\":\"https:\/\/www.fiscalia.gov.co\/colombia\/noticias\/fiscalia-pidio-sentencia-condenatoria-contra-hermanos-vives-lacouture-por-agro-ingreso-seguro\/#breadcrumb\",\"itemListElement\":[{\"@type\":\"ListItem\",\"position\":1,\"name\":\"Home\",\"item\":\"https:\/\/www.fiscalia.gov.co\/colombia\/\"},{\"@type\":\"ListItem\",\"position\":2,\"name\":\"Fiscal\u00eda pidi\u00f3 sentencia condenatoria contra hermanos Vives Lacouture por Agro Ingreso Seguro\"}]},{\"@type\":\"WebSite\",\"@id\":\"https:\/\/www.fiscalia.gov.co\/colombia\/#website\",\"url\":\"https:\/\/www.fiscalia.gov.co\/colombia\/\",\"name\":\"Fiscal\u00eda General de la Naci\u00f3n\",\"description\":\"P\u00e1gina oficial de la Fiscal\u00eda General de la Naci\u00f3n \u2013 Colombia. Garantizamos el acceso efectivo a la justicia, la verdad y la reparaci\u00f3n de las v\u00edctimas de los delitos.\",\"publisher\":{\"@id\":\"https:\/\/www.fiscalia.gov.co\/colombia\/#organization\"},\"potentialAction\":[{\"@type\":\"SearchAction\",\"target\":{\"@type\":\"EntryPoint\",\"urlTemplate\":\"https:\/\/www.fiscalia.gov.co\/colombia\/?s={search_term_string}\"},\"query-input\":{\"@type\":\"PropertyValueSpecification\",\"valueRequired\":true,\"valueName\":\"search_term_string\"}}],\"inLanguage\":\"es-CO\"},{\"@type\":\"Organization\",\"@id\":\"https:\/\/www.fiscalia.gov.co\/colombia\/#organization\",\"name\":\"Fiscal\u00eda General de la Naci\u00f3n\",\"url\":\"https:\/\/www.fiscalia.gov.co\/colombia\/\",\"logo\":{\"@type\":\"ImageObject\",\"inLanguage\":\"es-CO\",\"@id\":\"https:\/\/www.fiscalia.gov.co\/colombia\/#\/schema\/logo\/image\/\",\"url\":\"https:\/\/www.fiscalia.gov.co\/colombia\/wp-content\/uploads\/LogoHorizontal_1.jpg\",\"contentUrl\":\"https:\/\/www.fiscalia.gov.co\/colombia\/wp-content\/uploads\/LogoHorizontal_1.jpg\",\"width\":300,\"height\":90,\"caption\":\"Fiscal\u00eda General de la Naci\u00f3n\"},\"image\":{\"@id\":\"https:\/\/www.fiscalia.gov.co\/colombia\/#\/schema\/logo\/image\/\"},\"sameAs\":[\"https:\/\/www.facebook.com\/FiscaliaCol\",\"https:\/\/x.com\/FiscaliaCol\",\"https:\/\/www.instagram.com\/fiscaliacol\",\"https:\/\/www.linkedin.com\/company\/fiscalia-general-de-la-naci-n\/\",\"https:\/\/youtube.com\/@fiscaliageneraldelanacion-4668?si=6nN79nyQICPU5iTh\"]},{\"@type\":\"Person\",\"@id\":\"https:\/\/www.fiscalia.gov.co\/colombia\/#\/schema\/person\/3903856a3ce2d54b094c69eb29247895\",\"name\":\"dfgordillo\",\"image\":{\"@type\":\"ImageObject\",\"inLanguage\":\"es-CO\",\"@id\":\"https:\/\/www.fiscalia.gov.co\/colombia\/#\/schema\/person\/image\/\",\"url\":\"https:\/\/secure.gravatar.com\/avatar\/b6356e21c5657c60757fe6fb9493e947?s=96&d=mm&r=g\",\"contentUrl\":\"https:\/\/secure.gravatar.com\/avatar\/b6356e21c5657c60757fe6fb9493e947?s=96&d=mm&r=g\",\"caption\":\"dfgordillo\"},\"sameAs\":[\"dfgordillo\"],\"url\":\"https:\/\/www.fiscalia.gov.co\/colombia\/author\/dfgordillo\/\"}]}<\/script>\n<!-- \/ Yoast SEO plugin. -->","yoast_head_json":{"title":"Fiscal\u00eda General de la Naci\u00f3n","description":"P\u00e1gina oficial de la Fiscal\u00eda General de la Naci\u00f3n \u2013 Colombia. Garantizamos el acceso efectivo a la justicia, la verdad y la reparaci\u00f3n de las v\u00edctimas de los delitos.","robots":{"index":"noindex","follow":"follow"},"og_locale":"es_ES","og_type":"article","og_title":"Fiscal\u00eda General de la Naci\u00f3n","og_description":"P\u00e1gina oficial de la Fiscal\u00eda General de la Naci\u00f3n \u2013 Colombia. Garantizamos el acceso efectivo a la justicia, la verdad y la reparaci\u00f3n de las v\u00edctimas de los delitos.","og_url":"https:\/\/www.fiscalia.gov.co\/colombia\/noticias\/fiscalia-pidio-sentencia-condenatoria-contra-hermanos-vives-lacouture-por-agro-ingreso-seguro\/","og_site_name":"Fiscal\u00eda General de la Naci\u00f3n","article_publisher":"https:\/\/www.facebook.com\/FiscaliaCol","article_published_time":"2015-03-24T22:17:59+00:00","author":"dfgordillo","twitter_card":"summary_large_image","twitter_creator":"@FiscaliaCol","twitter_site":"@FiscaliaCol","twitter_misc":{"Escrito por":"dfgordillo","Tiempo de lectura":"2 minutos"},"schema":{"@context":"https:\/\/schema.org","@graph":[{"@type":"Article","@id":"https:\/\/www.fiscalia.gov.co\/colombia\/noticias\/fiscalia-pidio-sentencia-condenatoria-contra-hermanos-vives-lacouture-por-agro-ingreso-seguro\/#article","isPartOf":{"@id":"https:\/\/www.fiscalia.gov.co\/colombia\/noticias\/fiscalia-pidio-sentencia-condenatoria-contra-hermanos-vives-lacouture-por-agro-ingreso-seguro\/"},"author":{"name":"dfgordillo","@id":"https:\/\/www.fiscalia.gov.co\/colombia\/#\/schema\/person\/3903856a3ce2d54b094c69eb29247895"},"headline":"Fiscal\u00eda pidi\u00f3 sentencia condenatoria contra hermanos Vives Lacouture por Agro Ingreso Seguro","datePublished":"2015-03-24T22:17:59+00:00","dateModified":"2015-03-24T22:17:59+00:00","mainEntityOfPage":{"@id":"https:\/\/www.fiscalia.gov.co\/colombia\/noticias\/fiscalia-pidio-sentencia-condenatoria-contra-hermanos-vives-lacouture-por-agro-ingreso-seguro\/"},"wordCount":395,"publisher":{"@id":"https:\/\/www.fiscalia.gov.co\/colombia\/#organization"},"keywords":["Agro Ingreso Seguro"],"articleSection":["Noticias"],"inLanguage":"es-CO"},{"@type":"WebPage","@id":"https:\/\/www.fiscalia.gov.co\/colombia\/noticias\/fiscalia-pidio-sentencia-condenatoria-contra-hermanos-vives-lacouture-por-agro-ingreso-seguro\/","url":"https:\/\/www.fiscalia.gov.co\/colombia\/noticias\/fiscalia-pidio-sentencia-condenatoria-contra-hermanos-vives-lacouture-por-agro-ingreso-seguro\/","name":"Fiscal\u00eda General de la Naci\u00f3n","isPartOf":{"@id":"https:\/\/www.fiscalia.gov.co\/colombia\/#website"},"datePublished":"2015-03-24T22:17:59+00:00","dateModified":"2015-03-24T22:17:59+00:00","description":"P\u00e1gina oficial de la Fiscal\u00eda General de la Naci\u00f3n \u2013 Colombia. Garantizamos el acceso efectivo a la justicia, la verdad y la reparaci\u00f3n de las v\u00edctimas de los delitos.","breadcrumb":{"@id":"https:\/\/www.fiscalia.gov.co\/colombia\/noticias\/fiscalia-pidio-sentencia-condenatoria-contra-hermanos-vives-lacouture-por-agro-ingreso-seguro\/#breadcrumb"},"inLanguage":"es-CO","potentialAction":[{"@type":"ReadAction","target":["https:\/\/www.fiscalia.gov.co\/colombia\/noticias\/fiscalia-pidio-sentencia-condenatoria-contra-hermanos-vives-lacouture-por-agro-ingreso-seguro\/"]}]},{"@type":"BreadcrumbList","@id":"https:\/\/www.fiscalia.gov.co\/colombia\/noticias\/fiscalia-pidio-sentencia-condenatoria-contra-hermanos-vives-lacouture-por-agro-ingreso-seguro\/#breadcrumb","itemListElement":[{"@type":"ListItem","position":1,"name":"Home","item":"https:\/\/www.fiscalia.gov.co\/colombia\/"},{"@type":"ListItem","position":2,"name":"Fiscal\u00eda pidi\u00f3 sentencia condenatoria contra hermanos Vives Lacouture por Agro Ingreso Seguro"}]},{"@type":"WebSite","@id":"https:\/\/www.fiscalia.gov.co\/colombia\/#website","url":"https:\/\/www.fiscalia.gov.co\/colombia\/","name":"Fiscal\u00eda General de la Naci\u00f3n","description":"P\u00e1gina oficial de la Fiscal\u00eda General de la Naci\u00f3n \u2013 Colombia. Garantizamos el acceso efectivo a la justicia, la verdad y la reparaci\u00f3n de las v\u00edctimas de los delitos.","publisher":{"@id":"https:\/\/www.fiscalia.gov.co\/colombia\/#organization"},"potentialAction":[{"@type":"SearchAction","target":{"@type":"EntryPoint","urlTemplate":"https:\/\/www.fiscalia.gov.co\/colombia\/?s={search_term_string}"},"query-input":{"@type":"PropertyValueSpecification","valueRequired":true,"valueName":"search_term_string"}}],"inLanguage":"es-CO"},{"@type":"Organization","@id":"https:\/\/www.fiscalia.gov.co\/colombia\/#organization","name":"Fiscal\u00eda General de la Naci\u00f3n","url":"https:\/\/www.fiscalia.gov.co\/colombia\/","logo":{"@type":"ImageObject","inLanguage":"es-CO","@id":"https:\/\/www.fiscalia.gov.co\/colombia\/#\/schema\/logo\/image\/","url":"https:\/\/www.fiscalia.gov.co\/colombia\/wp-content\/uploads\/LogoHorizontal_1.jpg","contentUrl":"https:\/\/www.fiscalia.gov.co\/colombia\/wp-content\/uploads\/LogoHorizontal_1.jpg","width":300,"height":90,"caption":"Fiscal\u00eda General de la Naci\u00f3n"},"image":{"@id":"https:\/\/www.fiscalia.gov.co\/colombia\/#\/schema\/logo\/image\/"},"sameAs":["https:\/\/www.facebook.com\/FiscaliaCol","https:\/\/x.com\/FiscaliaCol","https:\/\/www.instagram.com\/fiscaliacol","https:\/\/www.linkedin.com\/company\/fiscalia-general-de-la-naci-n\/","https:\/\/youtube.com\/@fiscaliageneraldelanacion-4668?si=6nN79nyQICPU5iTh"]},{"@type":"Person","@id":"https:\/\/www.fiscalia.gov.co\/colombia\/#\/schema\/person\/3903856a3ce2d54b094c69eb29247895","name":"dfgordillo","image":{"@type":"ImageObject","inLanguage":"es-CO","@id":"https:\/\/www.fiscalia.gov.co\/colombia\/#\/schema\/person\/image\/","url":"https:\/\/secure.gravatar.com\/avatar\/b6356e21c5657c60757fe6fb9493e947?s=96&d=mm&r=g","contentUrl":"https:\/\/secure.gravatar.com\/avatar\/b6356e21c5657c60757fe6fb9493e947?s=96&d=mm&r=g","caption":"dfgordillo"},"sameAs":["dfgordillo"],"url":"https:\/\/www.fiscalia.gov.co\/colombia\/author\/dfgordillo\/"}]}},"_links":{"self":[{"href":"https:\/\/www.fiscalia.gov.co\/colombia\/wp-json\/wp\/v2\/posts\/64646","targetHints":{"allow":["GET"]}}],"collection":[{"href":"https:\/\/www.fiscalia.gov.co\/colombia\/wp-json\/wp\/v2\/posts"}],"about":[{"href":"https:\/\/www.fiscalia.gov.co\/colombia\/wp-json\/wp\/v2\/types\/post"}],"author":[{"embeddable":true,"href":"https:\/\/www.fiscalia.gov.co\/colombia\/wp-json\/wp\/v2\/users\/143"}],"replies":[{"embeddable":true,"href":"https:\/\/www.fiscalia.gov.co\/colombia\/wp-json\/wp\/v2\/comments?post=64646"}],"version-history":[{"count":1,"href":"https:\/\/www.fiscalia.gov.co\/colombia\/wp-json\/wp\/v2\/posts\/64646\/revisions"}],"predecessor-version":[{"id":64647,"href":"https:\/\/www.fiscalia.gov.co\/colombia\/wp-json\/wp\/v2\/posts\/64646\/revisions\/64647"}],"wp:attachment":[{"href":"https:\/\/www.fiscalia.gov.co\/colombia\/wp-json\/wp\/v2\/media?parent=64646"}],"wp:term":[{"taxonomy":"category","embeddable":true,"href":"https:\/\/www.fiscalia.gov.co\/colombia\/wp-json\/wp\/v2\/categories?post=64646"},{"taxonomy":"post_tag","embeddable":true,"href":"https:\/\/www.fiscalia.gov.co\/colombia\/wp-json\/wp\/v2\/tags?post=64646"}],"curies":[{"name":"wp","href":"https:\/\/api.w.org\/{rel}","templated":true}]}}