{"id":64568,"date":"2015-03-21T13:54:17","date_gmt":"2015-03-21T18:54:17","guid":{"rendered":"http:\/\/www.fiscalia.gov.co\/colombia\/?p=64568"},"modified":"2016-02-08T17:07:13","modified_gmt":"2016-02-08T22:07:13","slug":"fiscalia-presenta-primeros-resultados-a-indigenas-de-la-sierra-nevada-de-santa-marta","status":"publish","type":"post","link":"https:\/\/www.fiscalia.gov.co\/colombia\/noticias\/fiscalia-presenta-primeros-resultados-a-indigenas-de-la-sierra-nevada-de-santa-marta\/","title":{"rendered":"Fiscal\u00eda presenta primeros resultados a ind\u00edgenas de  la Sierra Nevada de Santa Marta"},"content":{"rendered":"<p>Tan solo 8 meses pasaron desde la primera visita en la que el Vicefiscal General de la Naci\u00f3n, Jorge Fernando Perdomo, \u00a0regres\u00f3 con resultados a la comunidad Arhuaca, en Nabus\u00edmake, Sierra Nevada de Santa Marta,\u00a0 de la mano de la Comisi\u00f3n Ind\u00edgena, creada para atender las diferentes afectaciones de las comunidades ind\u00edgenas en el pa\u00eds.<\/p>\n<p>Fueron 6 puntos espec\u00edficos en los que las autoridades ind\u00edgenas solicitaron la intervenci\u00f3n de la Fiscal\u00eda General de la Naci\u00f3n. El primero se agrup\u00f3 en diferentes denuncias hechas por la comunidad que inclu\u00edan homicidios y desplazamientos por grupos armados; el segundo, la tentativa de homicidio contra el Cabildo Gobernador en el 2012; el tercero, el esclarecimiento de los hechos que llevaron al asesinato de tres l\u00edderes en los a\u00f1os noventa; el cuarto, hace referencia a la limpieza de sus territorios; el quinto, a las afectaciones al medio ambiente, y el sexto tiene que ver con delitos contra la administraci\u00f3n p\u00fablica.<\/p>\n<p><em><\/em>Sobre las denuncias presentadas por la comunidad, y con la revisi\u00f3n de los 32 casos priorizados, 23 fueron asignados a la direcci\u00f3n Seccional del Cesar, 5 se encuentran asignados a la direcci\u00f3n de Derechos Humanos, con sentencias anticipadas en contra de grupos al margen de la ley, y se obtuvieron 11 confesiones por los paramilitares en versiones libres.<\/p>\n<p>En cuanto a la tentativa de homicidio a Rogelio Mej\u00eda, el Cabildo Gobernador de la \u00e9poca, la Fiscal\u00eda captur\u00f3 a dos personas, entre los cuales uno era concejal, quienes fueron asegurados por la presunta comisi\u00f3n de los delitos de homicidio en la modalidad de tentativa y tr\u00e1fico, fabricaci\u00f3n y porte de armas de fuego.<\/p>\n<p>Sobre el homicidio de los l\u00edderes ind\u00edgenas en los noventa \u201cresultaron dos hip\u00f3tesis: una que se le hubiera dado muerte a los ind\u00edgenas como supuestos l\u00edderes de su comunidad y dos que subiese podido causar la muerte por problemas de tierra. Despu\u00e9s del arribo del material probatorio se logr&#8217;o la condena de una persona por estos hechos.<\/p>\n<p>Posteriormente se entrevistan a las autoridades ind\u00edgenas de la \u00e9poca de los hechos, as\u00ed como el gerente del Incoder para establecerse si exist\u00eda alg\u00fan problema de tierras o no, donde la Fiscal\u00eda pudo establecer que para la \u00e9poca, la etnia Arhuaca nunca hab\u00edan tenido problemas de tierra con los colonos, por el contrario el incora les adquiri\u00f3 terrenos para efectos de ampliar su resguardo ind\u00edgena\u201d.<\/p>\n<p>Actualmente el proceso est&#8217;a en la Direcci\u00f3n Nacional de Derechos Humanos, donde se estudia la viabilidad de declararlo delito de lesa humanidad.<\/p>\n<p>Acerca de la limpieza de los territorios ind\u00edgenas de acuerdo con las denuncias de la comunidad,\u00a0las hip\u00f3tesis que se manejaban\u00a0 en este caso era que se encontraban restos humanos, caletas o almacenamiento de armamento en sus territorios sagrados, lo cual no permit\u00eda el ejercicio de pr\u00e1cticas ancestrales. La Fiscal&#8217;ia verific&#8217;o 25 puntos, con trabajo de exhumaci\u00f3n en cada uno de los lugares se\u00f1alados, principalmente en los sectores de Pao Se\u00f1ora, Cuesta Plata y el Mirador.<\/p>\n<p>Si bien no se hallaron restos humanos, se encontraron elementos que evidenciaron que existieron campamentos de grupos al margen de la ley en su territorio.<\/p>\n<p>Otra de las problem\u00e1ticas presentadas en la Sierra Nevada de Santa Marta fueron las denuncias relacionadas con la construcci\u00f3n de Puerto Brisas, el terminal Mar\u00edtimo en Dibulla; y la represa Rancher\u00eda, ambos en La Guajira.<\/p>\n<p>Por estos hechos, la Comisi\u00f3n Ind\u00edgena se concentr\u00f3 en dos etapas. La primera consist\u00eda principalmente en identificar cu\u00e1les eran las principales afectaciones del pueblo Arhuaco. El trabaj\u00f3 con expertos establec&#8217;o dos megaproyectos multiprop\u00f3sito que limitan todas las practicas ancestrales y culturales de la comunidad, como el da\u00f1o medio ambiental y f\u00edsico a los pobladores.<\/p>\n<p>La segunda fase se concentr\u00f3 en la asignaci\u00f3n de las denuncias, las cuales quedaron asignadas al Eje Tem\u00e1tico de Delitos Contra los Recursos Naturales y el Medio Ambiente, donde se destac\u00f3 un fiscal especializado y un equipo de trabajo de Polic\u00eda judicial quienes se encargan de dar un impulso estrat\u00e9gico a esa investigaci\u00f3n.<\/p>\n<p>Finalmente se solicit\u00f3 la asunci&#8217;on del seguimiento a las investigaciones relacionadas con los delitos contra la administraci\u00f3n p\u00fablica, donde se afecta el patrimonio de las comunidades arhuacas.<\/p>\n<p>Actualmente hay cinco casos que corresponden a situaciones de malos manejos administrativos en relaci\u00f3n con los recursos que le corresponden a la poblaci\u00f3n ind\u00edgena en la localidad de Pueblo Bello, para lo cual se delega un fiscal especializado de la Unidad de Administraci\u00f3n P\u00fablica, en la Seccional del Cesar, junto con personal capacitado de la Subdirecci\u00f3n de Polic\u00eda Judicial del CTI y ya se han adelantado actividades investigativas.<\/p>\n<p>Sobre la visita el Vicefiscal afirm\u00f3\u00a0que \u201cha sido un trabajo muy exitoso de sensibilizaci\u00f3n de la Fiscal\u00eda frente a la poblaci\u00f3n ind\u00edgena, pero sobretodo de ayuda y de acceso la justicia a esas comunidades esta zona del pa\u00eds\u201d.<\/p>\n<p>Sobre el futuro de esta investigaciones Perdomo asegur\u00f3 que \u201cquedan algunas inquietudes, algunos\u00a0casos importantes que debemos sacar adelante desde la direcci\u00f3n Seccional del Cesar, con los fiscales que hemos destacados, con la Direcci\u00f3n de An\u00e1lisis y Contextos y la Direcci\u00f3n de Fiscal\u00edas Nacionales. Vamos a seguir trabajando intentando traerle a la comunidad Arhuaca\u00a0 justicia\u201d.<\/p>\n<p>&nbsp;<\/p>\n<p>AAMZ \/ AAEA<\/p>\n<p>&nbsp;<\/p>\n\n<div class=\"twitter-share\"><a href=\"https:\/\/twitter.com\/intent\/tweet?via=fiscaliacol\" class=\"twitter-share-button\">Tweet<\/a><\/div>\n","protected":false},"excerpt":{"rendered":"<p>El Vicefiscal General de la Naci\u00f3n, Jorge Fernando Perdomo,  regres\u00f3 con resultados a la comunidad Arhuaca, en Nabus\u00edmake, Sierra Nevada de Santa Marta.<\/p>\n","protected":false},"author":143,"featured_media":0,"comment_status":"closed","ping_status":"open","sticky":false,"template":"","format":"standard","meta":{"_price":"","_stock":"","_tribe_ticket_header":"","_tribe_default_ticket_provider":"","_tribe_ticket_capacity":"0","_ticket_start_date":"","_ticket_end_date":"","_tribe_ticket_show_description":"","_tribe_ticket_show_not_going":false,"_tribe_ticket_use_global_stock":"","_tribe_ticket_global_stock_level":"","_global_stock_mode":"","_global_stock_cap":"","_tribe_rsvp_for_event":"","_tribe_ticket_going_count":"","_tribe_ticket_not_going_count":"","_tribe_tickets_list":"[]","_tribe_ticket_has_attendee_info_fields":false,"tdm_status":"","tdm_grid_status":"","footnotes":""},"categories":[3,1],"tags":[11836,23912],"class_list":{"0":"post-64568","1":"post","2":"type-post","3":"status-publish","4":"format-standard","6":"category-destacada","7":"category-noticias","8":"tag-sierra-nevada-de-santa-marta","9":"tag-vicefiscal-general-de-la-nacion"},"yoast_head":"<!-- This site is optimized with the Yoast SEO plugin v24.3 - https:\/\/yoast.com\/wordpress\/plugins\/seo\/ -->\n<title>Fiscal\u00eda General de la Naci\u00f3n<\/title>\n<meta name=\"description\" content=\"P\u00e1gina oficial de la Fiscal\u00eda General de la Naci\u00f3n \u2013 Colombia. Garantizamos el acceso efectivo a la justicia, la verdad y la reparaci\u00f3n de las v\u00edctimas de los delitos.\" \/>\n<meta name=\"robots\" content=\"noindex, follow\" \/>\n<meta property=\"og:locale\" content=\"es_ES\" \/>\n<meta property=\"og:type\" content=\"article\" \/>\n<meta property=\"og:title\" content=\"Fiscal\u00eda General de la Naci\u00f3n\" \/>\n<meta property=\"og:description\" content=\"P\u00e1gina oficial de la Fiscal\u00eda General de la Naci\u00f3n \u2013 Colombia. Garantizamos el acceso efectivo a la justicia, la verdad y la reparaci\u00f3n de las v\u00edctimas de los delitos.\" \/>\n<meta property=\"og:url\" content=\"https:\/\/www.fiscalia.gov.co\/colombia\/noticias\/fiscalia-presenta-primeros-resultados-a-indigenas-de-la-sierra-nevada-de-santa-marta\/\" \/>\n<meta property=\"og:site_name\" content=\"Fiscal\u00eda General de la Naci\u00f3n\" \/>\n<meta property=\"article:publisher\" content=\"https:\/\/www.facebook.com\/FiscaliaCol\" \/>\n<meta property=\"article:published_time\" content=\"2015-03-21T18:54:17+00:00\" \/>\n<meta property=\"article:modified_time\" content=\"2016-02-08T22:07:13+00:00\" \/>\n<meta name=\"author\" content=\"dfgordillo\" \/>\n<meta name=\"twitter:card\" content=\"summary_large_image\" \/>\n<meta name=\"twitter:creator\" content=\"@FiscaliaCol\" \/>\n<meta name=\"twitter:site\" content=\"@FiscaliaCol\" \/>\n<meta name=\"twitter:label1\" content=\"Escrito por\" \/>\n\t<meta name=\"twitter:data1\" content=\"dfgordillo\" \/>\n\t<meta name=\"twitter:label2\" content=\"Tiempo de lectura\" \/>\n\t<meta name=\"twitter:data2\" content=\"5 minutos\" \/>\n<script type=\"application\/ld+json\" class=\"yoast-schema-graph\">{\"@context\":\"https:\/\/schema.org\",\"@graph\":[{\"@type\":\"Article\",\"@id\":\"https:\/\/www.fiscalia.gov.co\/colombia\/noticias\/fiscalia-presenta-primeros-resultados-a-indigenas-de-la-sierra-nevada-de-santa-marta\/#article\",\"isPartOf\":{\"@id\":\"https:\/\/www.fiscalia.gov.co\/colombia\/noticias\/fiscalia-presenta-primeros-resultados-a-indigenas-de-la-sierra-nevada-de-santa-marta\/\"},\"author\":{\"name\":\"dfgordillo\",\"@id\":\"https:\/\/www.fiscalia.gov.co\/colombia\/#\/schema\/person\/3903856a3ce2d54b094c69eb29247895\"},\"headline\":\"Fiscal\u00eda presenta primeros resultados a ind\u00edgenas de la Sierra Nevada de Santa Marta\",\"datePublished\":\"2015-03-21T18:54:17+00:00\",\"dateModified\":\"2016-02-08T22:07:13+00:00\",\"mainEntityOfPage\":{\"@id\":\"https:\/\/www.fiscalia.gov.co\/colombia\/noticias\/fiscalia-presenta-primeros-resultados-a-indigenas-de-la-sierra-nevada-de-santa-marta\/\"},\"wordCount\":933,\"publisher\":{\"@id\":\"https:\/\/www.fiscalia.gov.co\/colombia\/#organization\"},\"keywords\":[\"Sierra Nevada de Santa Marta\",\"Vicefiscal General de la Naci\u00f3n\"],\"articleSection\":[\"Destacada\",\"Noticias\"],\"inLanguage\":\"es-CO\"},{\"@type\":\"WebPage\",\"@id\":\"https:\/\/www.fiscalia.gov.co\/colombia\/noticias\/fiscalia-presenta-primeros-resultados-a-indigenas-de-la-sierra-nevada-de-santa-marta\/\",\"url\":\"https:\/\/www.fiscalia.gov.co\/colombia\/noticias\/fiscalia-presenta-primeros-resultados-a-indigenas-de-la-sierra-nevada-de-santa-marta\/\",\"name\":\"Fiscal\u00eda General de la Naci\u00f3n\",\"isPartOf\":{\"@id\":\"https:\/\/www.fiscalia.gov.co\/colombia\/#website\"},\"datePublished\":\"2015-03-21T18:54:17+00:00\",\"dateModified\":\"2016-02-08T22:07:13+00:00\",\"description\":\"P\u00e1gina oficial de la Fiscal\u00eda General de la Naci\u00f3n \u2013 Colombia. Garantizamos el acceso efectivo a la justicia, la verdad y la reparaci\u00f3n de las v\u00edctimas de los delitos.\",\"breadcrumb\":{\"@id\":\"https:\/\/www.fiscalia.gov.co\/colombia\/noticias\/fiscalia-presenta-primeros-resultados-a-indigenas-de-la-sierra-nevada-de-santa-marta\/#breadcrumb\"},\"inLanguage\":\"es-CO\",\"potentialAction\":[{\"@type\":\"ReadAction\",\"target\":[\"https:\/\/www.fiscalia.gov.co\/colombia\/noticias\/fiscalia-presenta-primeros-resultados-a-indigenas-de-la-sierra-nevada-de-santa-marta\/\"]}]},{\"@type\":\"BreadcrumbList\",\"@id\":\"https:\/\/www.fiscalia.gov.co\/colombia\/noticias\/fiscalia-presenta-primeros-resultados-a-indigenas-de-la-sierra-nevada-de-santa-marta\/#breadcrumb\",\"itemListElement\":[{\"@type\":\"ListItem\",\"position\":1,\"name\":\"Home\",\"item\":\"https:\/\/www.fiscalia.gov.co\/colombia\/\"},{\"@type\":\"ListItem\",\"position\":2,\"name\":\"Fiscal\u00eda presenta primeros resultados a ind\u00edgenas de la Sierra Nevada de Santa Marta\"}]},{\"@type\":\"WebSite\",\"@id\":\"https:\/\/www.fiscalia.gov.co\/colombia\/#website\",\"url\":\"https:\/\/www.fiscalia.gov.co\/colombia\/\",\"name\":\"Fiscal\u00eda General de la Naci\u00f3n\",\"description\":\"P\u00e1gina oficial de la Fiscal\u00eda General de la Naci\u00f3n \u2013 Colombia. Garantizamos el acceso efectivo a la justicia, la verdad y la reparaci\u00f3n de las v\u00edctimas de los delitos.\",\"publisher\":{\"@id\":\"https:\/\/www.fiscalia.gov.co\/colombia\/#organization\"},\"potentialAction\":[{\"@type\":\"SearchAction\",\"target\":{\"@type\":\"EntryPoint\",\"urlTemplate\":\"https:\/\/www.fiscalia.gov.co\/colombia\/?s={search_term_string}\"},\"query-input\":{\"@type\":\"PropertyValueSpecification\",\"valueRequired\":true,\"valueName\":\"search_term_string\"}}],\"inLanguage\":\"es-CO\"},{\"@type\":\"Organization\",\"@id\":\"https:\/\/www.fiscalia.gov.co\/colombia\/#organization\",\"name\":\"Fiscal\u00eda General de la Naci\u00f3n\",\"url\":\"https:\/\/www.fiscalia.gov.co\/colombia\/\",\"logo\":{\"@type\":\"ImageObject\",\"inLanguage\":\"es-CO\",\"@id\":\"https:\/\/www.fiscalia.gov.co\/colombia\/#\/schema\/logo\/image\/\",\"url\":\"https:\/\/www.fiscalia.gov.co\/colombia\/wp-content\/uploads\/LogoHorizontal_1.jpg\",\"contentUrl\":\"https:\/\/www.fiscalia.gov.co\/colombia\/wp-content\/uploads\/LogoHorizontal_1.jpg\",\"width\":300,\"height\":90,\"caption\":\"Fiscal\u00eda General de la Naci\u00f3n\"},\"image\":{\"@id\":\"https:\/\/www.fiscalia.gov.co\/colombia\/#\/schema\/logo\/image\/\"},\"sameAs\":[\"https:\/\/www.facebook.com\/FiscaliaCol\",\"https:\/\/x.com\/FiscaliaCol\",\"https:\/\/www.instagram.com\/fiscaliacol\",\"https:\/\/www.linkedin.com\/company\/fiscalia-general-de-la-naci-n\/\",\"https:\/\/youtube.com\/@fiscaliageneraldelanacion-4668?si=6nN79nyQICPU5iTh\"]},{\"@type\":\"Person\",\"@id\":\"https:\/\/www.fiscalia.gov.co\/colombia\/#\/schema\/person\/3903856a3ce2d54b094c69eb29247895\",\"name\":\"dfgordillo\",\"image\":{\"@type\":\"ImageObject\",\"inLanguage\":\"es-CO\",\"@id\":\"https:\/\/www.fiscalia.gov.co\/colombia\/#\/schema\/person\/image\/\",\"url\":\"https:\/\/secure.gravatar.com\/avatar\/b6356e21c5657c60757fe6fb9493e947?s=96&d=mm&r=g\",\"contentUrl\":\"https:\/\/secure.gravatar.com\/avatar\/b6356e21c5657c60757fe6fb9493e947?s=96&d=mm&r=g\",\"caption\":\"dfgordillo\"},\"sameAs\":[\"dfgordillo\"],\"url\":\"https:\/\/www.fiscalia.gov.co\/colombia\/author\/dfgordillo\/\"}]}<\/script>\n<!-- \/ Yoast SEO plugin. -->","yoast_head_json":{"title":"Fiscal\u00eda General de la Naci\u00f3n","description":"P\u00e1gina oficial de la Fiscal\u00eda General de la Naci\u00f3n \u2013 Colombia. Garantizamos el acceso efectivo a la justicia, la verdad y la reparaci\u00f3n de las v\u00edctimas de los delitos.","robots":{"index":"noindex","follow":"follow"},"og_locale":"es_ES","og_type":"article","og_title":"Fiscal\u00eda General de la Naci\u00f3n","og_description":"P\u00e1gina oficial de la Fiscal\u00eda General de la Naci\u00f3n \u2013 Colombia. Garantizamos el acceso efectivo a la justicia, la verdad y la reparaci\u00f3n de las v\u00edctimas de los delitos.","og_url":"https:\/\/www.fiscalia.gov.co\/colombia\/noticias\/fiscalia-presenta-primeros-resultados-a-indigenas-de-la-sierra-nevada-de-santa-marta\/","og_site_name":"Fiscal\u00eda General de la Naci\u00f3n","article_publisher":"https:\/\/www.facebook.com\/FiscaliaCol","article_published_time":"2015-03-21T18:54:17+00:00","article_modified_time":"2016-02-08T22:07:13+00:00","author":"dfgordillo","twitter_card":"summary_large_image","twitter_creator":"@FiscaliaCol","twitter_site":"@FiscaliaCol","twitter_misc":{"Escrito por":"dfgordillo","Tiempo de lectura":"5 minutos"},"schema":{"@context":"https:\/\/schema.org","@graph":[{"@type":"Article","@id":"https:\/\/www.fiscalia.gov.co\/colombia\/noticias\/fiscalia-presenta-primeros-resultados-a-indigenas-de-la-sierra-nevada-de-santa-marta\/#article","isPartOf":{"@id":"https:\/\/www.fiscalia.gov.co\/colombia\/noticias\/fiscalia-presenta-primeros-resultados-a-indigenas-de-la-sierra-nevada-de-santa-marta\/"},"author":{"name":"dfgordillo","@id":"https:\/\/www.fiscalia.gov.co\/colombia\/#\/schema\/person\/3903856a3ce2d54b094c69eb29247895"},"headline":"Fiscal\u00eda presenta primeros resultados a ind\u00edgenas de la Sierra Nevada de Santa Marta","datePublished":"2015-03-21T18:54:17+00:00","dateModified":"2016-02-08T22:07:13+00:00","mainEntityOfPage":{"@id":"https:\/\/www.fiscalia.gov.co\/colombia\/noticias\/fiscalia-presenta-primeros-resultados-a-indigenas-de-la-sierra-nevada-de-santa-marta\/"},"wordCount":933,"publisher":{"@id":"https:\/\/www.fiscalia.gov.co\/colombia\/#organization"},"keywords":["Sierra Nevada de Santa Marta","Vicefiscal General de la Naci\u00f3n"],"articleSection":["Destacada","Noticias"],"inLanguage":"es-CO"},{"@type":"WebPage","@id":"https:\/\/www.fiscalia.gov.co\/colombia\/noticias\/fiscalia-presenta-primeros-resultados-a-indigenas-de-la-sierra-nevada-de-santa-marta\/","url":"https:\/\/www.fiscalia.gov.co\/colombia\/noticias\/fiscalia-presenta-primeros-resultados-a-indigenas-de-la-sierra-nevada-de-santa-marta\/","name":"Fiscal\u00eda General de la Naci\u00f3n","isPartOf":{"@id":"https:\/\/www.fiscalia.gov.co\/colombia\/#website"},"datePublished":"2015-03-21T18:54:17+00:00","dateModified":"2016-02-08T22:07:13+00:00","description":"P\u00e1gina oficial de la Fiscal\u00eda General de la Naci\u00f3n \u2013 Colombia. Garantizamos el acceso efectivo a la justicia, la verdad y la reparaci\u00f3n de las v\u00edctimas de los delitos.","breadcrumb":{"@id":"https:\/\/www.fiscalia.gov.co\/colombia\/noticias\/fiscalia-presenta-primeros-resultados-a-indigenas-de-la-sierra-nevada-de-santa-marta\/#breadcrumb"},"inLanguage":"es-CO","potentialAction":[{"@type":"ReadAction","target":["https:\/\/www.fiscalia.gov.co\/colombia\/noticias\/fiscalia-presenta-primeros-resultados-a-indigenas-de-la-sierra-nevada-de-santa-marta\/"]}]},{"@type":"BreadcrumbList","@id":"https:\/\/www.fiscalia.gov.co\/colombia\/noticias\/fiscalia-presenta-primeros-resultados-a-indigenas-de-la-sierra-nevada-de-santa-marta\/#breadcrumb","itemListElement":[{"@type":"ListItem","position":1,"name":"Home","item":"https:\/\/www.fiscalia.gov.co\/colombia\/"},{"@type":"ListItem","position":2,"name":"Fiscal\u00eda presenta primeros resultados a ind\u00edgenas de la Sierra Nevada de Santa Marta"}]},{"@type":"WebSite","@id":"https:\/\/www.fiscalia.gov.co\/colombia\/#website","url":"https:\/\/www.fiscalia.gov.co\/colombia\/","name":"Fiscal\u00eda General de la Naci\u00f3n","description":"P\u00e1gina oficial de la Fiscal\u00eda General de la Naci\u00f3n \u2013 Colombia. Garantizamos el acceso efectivo a la justicia, la verdad y la reparaci\u00f3n de las v\u00edctimas de los delitos.","publisher":{"@id":"https:\/\/www.fiscalia.gov.co\/colombia\/#organization"},"potentialAction":[{"@type":"SearchAction","target":{"@type":"EntryPoint","urlTemplate":"https:\/\/www.fiscalia.gov.co\/colombia\/?s={search_term_string}"},"query-input":{"@type":"PropertyValueSpecification","valueRequired":true,"valueName":"search_term_string"}}],"inLanguage":"es-CO"},{"@type":"Organization","@id":"https:\/\/www.fiscalia.gov.co\/colombia\/#organization","name":"Fiscal\u00eda General de la Naci\u00f3n","url":"https:\/\/www.fiscalia.gov.co\/colombia\/","logo":{"@type":"ImageObject","inLanguage":"es-CO","@id":"https:\/\/www.fiscalia.gov.co\/colombia\/#\/schema\/logo\/image\/","url":"https:\/\/www.fiscalia.gov.co\/colombia\/wp-content\/uploads\/LogoHorizontal_1.jpg","contentUrl":"https:\/\/www.fiscalia.gov.co\/colombia\/wp-content\/uploads\/LogoHorizontal_1.jpg","width":300,"height":90,"caption":"Fiscal\u00eda General de la Naci\u00f3n"},"image":{"@id":"https:\/\/www.fiscalia.gov.co\/colombia\/#\/schema\/logo\/image\/"},"sameAs":["https:\/\/www.facebook.com\/FiscaliaCol","https:\/\/x.com\/FiscaliaCol","https:\/\/www.instagram.com\/fiscaliacol","https:\/\/www.linkedin.com\/company\/fiscalia-general-de-la-naci-n\/","https:\/\/youtube.com\/@fiscaliageneraldelanacion-4668?si=6nN79nyQICPU5iTh"]},{"@type":"Person","@id":"https:\/\/www.fiscalia.gov.co\/colombia\/#\/schema\/person\/3903856a3ce2d54b094c69eb29247895","name":"dfgordillo","image":{"@type":"ImageObject","inLanguage":"es-CO","@id":"https:\/\/www.fiscalia.gov.co\/colombia\/#\/schema\/person\/image\/","url":"https:\/\/secure.gravatar.com\/avatar\/b6356e21c5657c60757fe6fb9493e947?s=96&d=mm&r=g","contentUrl":"https:\/\/secure.gravatar.com\/avatar\/b6356e21c5657c60757fe6fb9493e947?s=96&d=mm&r=g","caption":"dfgordillo"},"sameAs":["dfgordillo"],"url":"https:\/\/www.fiscalia.gov.co\/colombia\/author\/dfgordillo\/"}]}},"_links":{"self":[{"href":"https:\/\/www.fiscalia.gov.co\/colombia\/wp-json\/wp\/v2\/posts\/64568","targetHints":{"allow":["GET"]}}],"collection":[{"href":"https:\/\/www.fiscalia.gov.co\/colombia\/wp-json\/wp\/v2\/posts"}],"about":[{"href":"https:\/\/www.fiscalia.gov.co\/colombia\/wp-json\/wp\/v2\/types\/post"}],"author":[{"embeddable":true,"href":"https:\/\/www.fiscalia.gov.co\/colombia\/wp-json\/wp\/v2\/users\/143"}],"replies":[{"embeddable":true,"href":"https:\/\/www.fiscalia.gov.co\/colombia\/wp-json\/wp\/v2\/comments?post=64568"}],"version-history":[{"count":9,"href":"https:\/\/www.fiscalia.gov.co\/colombia\/wp-json\/wp\/v2\/posts\/64568\/revisions"}],"predecessor-version":[{"id":64570,"href":"https:\/\/www.fiscalia.gov.co\/colombia\/wp-json\/wp\/v2\/posts\/64568\/revisions\/64570"}],"wp:attachment":[{"href":"https:\/\/www.fiscalia.gov.co\/colombia\/wp-json\/wp\/v2\/media?parent=64568"}],"wp:term":[{"taxonomy":"category","embeddable":true,"href":"https:\/\/www.fiscalia.gov.co\/colombia\/wp-json\/wp\/v2\/categories?post=64568"},{"taxonomy":"post_tag","embeddable":true,"href":"https:\/\/www.fiscalia.gov.co\/colombia\/wp-json\/wp\/v2\/tags?post=64568"}],"curies":[{"name":"wp","href":"https:\/\/api.w.org\/{rel}","templated":true}]}}