{"id":64435,"date":"2015-03-19T11:33:43","date_gmt":"2015-03-19T16:33:43","guid":{"rendered":"http:\/\/www.fiscalia.gov.co\/colombia\/?p=64435"},"modified":"2015-03-19T11:45:34","modified_gmt":"2015-03-19T16:45:34","slug":"tres-militares-asegurados-por-homicidio-en-persona-protegida-en-supuestos-combates","status":"publish","type":"post","link":"https:\/\/www.fiscalia.gov.co\/colombia\/noticias\/tres-militares-asegurados-por-homicidio-en-persona-protegida-en-supuestos-combates\/","title":{"rendered":"Tres militares asegurados por homicidio en persona protegida en supuestos combates"},"content":{"rendered":"<p>Por ejecuciones extrajudiciales, cometidas en San Jos\u00e9 de Apartad\u00f3 (Antioquia), un fiscal de la Direcci\u00f3n Nacional de An\u00e1lisis y Contexto al resolver situaci\u00f3n jur\u00eddica, dict\u00f3 medida de aseguramiento en contra de tres militares, por hechos sucedidos en marzo de 1997.<\/p>\n<p>En rueda de prensa, el Coordinador de la Direcci\u00f3n Nacional de An\u00e1lisis y Contextos, Leonardo Augusto Cabana, dijo que \u201cse ha podido determinar que, en relaci\u00f3n con un hecho de violencia que sufrieron cinco miembros de la comunidad de paz de San Jos\u00e9 de Apartad\u00f3, cuatro de ellos pertenecientes a una misma familia, la familia Zapata Valle, fueron agredidos de una manera violenta, seg\u00fan lo que ha arrojado la investigaci\u00f3n, por parte de algunos miembros de la Fuerza P\u00fablica, que ten\u00eda jurisdicci\u00f3n en la zona, concretamente el Batall\u00f3n V\u00e9lez, adscrito org\u00e1nico a la Brigada 17 de Carepa (Antioquia).\u201d<\/p>\n<p>Los afectados con esta decisi\u00f3n son el Suboficial del Ej\u00e9rcito Roberto Reina Su\u00e1rez, cabo primero para la fecha de los hechos, el oficial Rolando Aldemar Garc\u00eda Nieto, entonces subteniente a cargo de la Compa\u00f1\u00eda CAZA, y el hoy suboficial Edgar Gilberto Mueses Balbuena, cabo primero en 1997.<\/p>\n<p>Los delitos por los cuales fueron asegurados los tres militares son homicidio en persona protegida en concurso con secuestro agravado, desaparici\u00f3n forzada y deportaci\u00f3n, expulsi\u00f3n, traslado o desplazamiento forzado de la poblaci\u00f3n civil, y como autores del delito de concierto para delinquir agravado.<\/p>\n<p>Los hechos investigados ocurrieron\u00a0 entre el 27 y el 28\u00a0 de marzo de 1997, cuando Heliodoro Zapata y su sobrino, F\u00e9lix Antonio Valle Ram\u00edrez salieron de su finca, en la vereda Las Nieves, a conseguir cocos y como no regresaron. Jos\u00e9 El\u00edas Zapata y Alberto Valle, hermano y cu\u00f1ado de Heliodoro salieron en su b\u00fasqueda, estos tambi\u00e9n desaparecieron.<\/p>\n<p>F\u00e9lix Antonio Zapata Gonz\u00e1lez, padre, abuelo y suegro de los cuatro desaparecidos, sali\u00f3 el 28 de marzo a buscarlos, y por el camino se encontr\u00f3 con un grupo de uniformados que patrullaba la zona y les pregunt\u00f3 por sus familiares. Los militares le dijeron que preguntara a la tropa que estaba en el sector, pero no lo dejaron pasar. Entonces Zapata Gonz\u00e1lez regres\u00f3 a la casa y fue cuando escuch\u00f3 unos disparos. Al sitio, seg\u00fan informaci\u00f3n de los vecinos, lleg\u00f3 un helic\u00f3ptero que recogi\u00f3 cuatro cuerpos sin vida.<\/p>\n<p>Zapata Gonz\u00e1lez se dirigi\u00f3 al hospital de Apartad\u00f3 en donde reconoci\u00f3, en fotograf\u00edas, a su hijo, Heliodoro Zapata y a su yerno, Alberto Valle. Su nieto y su otro hijo siguen desaparecidos.<\/p>\n<p>El mismo 28 de marzo, una quinta persona muri\u00f3 en extra\u00f1as circunstancias. Seg\u00fan la investigaci\u00f3n se trata de Jos\u00e9 Heliberto Guerra David, quien muri\u00f3 durante un presunto combate contra el Ej\u00e9rcito.<\/p>\n<p>Un d\u00eda despu\u00e9s, Zapata Gonz\u00e1lez se dirigi\u00f3 al lugar del supuesto combate, en donde encontr\u00f3 incineradas algunas prendas de su hijo y de su yerno.<\/p>\n<p>Como consecuencia de lo anterior y seg\u00fan los lugare\u00f1os de varias veredas vecinas, ante las amenazas de varios militares y hombres de autodefensas se vieron forzados a desplazarse de San Jos\u00e9 de Apartad\u00f3.<\/p>\n<p>Los militares fueron capturados el 27 de febrero y el 3 y 7 de marzo pasados, respectivamente, y su situaci\u00f3n jur\u00eddica, resuelta el 5 y el 13 de marzo.<\/p>\n<p>&nbsp;<\/p>\n<p>LMFO\/DLBM<\/p>\n<p>_________________________________________________<\/p>\n<p><strong>Rueda de prensa Leonardo Augusto Cabana, Coordinador de la Direcci\u00f3n Nacional de An\u00e1lisis y Contextos<\/strong><\/p>\n[audio:http:\/\/www.fiscalia.gov.co\/colombia\/wp-content\/uploads\/20150319a.mp3|titles=Declaraciones]\n<p><a title=\"Descargar audio \" href=\"http:\/\/www.fiscalia.gov.co\/colombia\/wp-content\/uploads\/20150319a.mp3\" target=\"_blank\">Descargar<\/a><\/p>\n<p>Tema:\u00a0Tres militares asegurados por homicidio en persona protegida en supuestos combates<strong><br \/>\n<\/strong>Lugar:\u00a0\u00a0Nivel Central Fiscal\u00eda General de la Naci\u00f3n, Bogot\u00e1<br \/>\nFecha: 19 de marzo de 2015<\/p>\n\n<div class=\"twitter-share\"><a href=\"https:\/\/twitter.com\/intent\/tweet?via=fiscaliacol\" class=\"twitter-share-button\">Tweet<\/a><\/div>\n","protected":false},"excerpt":{"rendered":"<p>Por ejecuciones extrajudiciales, cometidas en San Jos\u00e9 de Apartad\u00f3 (Antioquia), un fiscal de la Direcci\u00f3n Nacional de An\u00e1lisis y Contexto al resolver situaci\u00f3n jur\u00eddica, dict\u00f3 medida de aseguramiento en contra de tres militares, por hechos sucedidos en marzo de 1997. En rueda de prensa, el Coordinador de la Direcci\u00f3n Nacional de An\u00e1lisis y Contextos, Leonardo [&hellip;]<\/p>\n","protected":false},"author":143,"featured_media":0,"comment_status":"closed","ping_status":"open","sticky":false,"template":"","format":"standard","meta":{"_price":"","_stock":"","_tribe_ticket_header":"","_tribe_default_ticket_provider":"","_tribe_ticket_capacity":"0","_ticket_start_date":"","_ticket_end_date":"","_tribe_ticket_show_description":"","_tribe_ticket_show_not_going":false,"_tribe_ticket_use_global_stock":"","_tribe_ticket_global_stock_level":"","_global_stock_mode":"","_global_stock_cap":"","_tribe_rsvp_for_event":"","_tribe_ticket_going_count":"","_tribe_ticket_not_going_count":"","_tribe_tickets_list":"[]","_tribe_ticket_has_attendee_info_fields":false,"tdm_status":"","tdm_grid_status":"","footnotes":""},"categories":[1],"tags":[154],"class_list":{"0":"post-64435","1":"post","2":"type-post","3":"status-publish","4":"format-standard","6":"category-noticias","7":"tag-homicidio-en-persona-protegida"},"yoast_head":"<!-- This site is optimized with the Yoast SEO plugin v24.3 - https:\/\/yoast.com\/wordpress\/plugins\/seo\/ -->\n<title>Fiscal\u00eda General de la Naci\u00f3n<\/title>\n<meta name=\"description\" content=\"P\u00e1gina oficial de la Fiscal\u00eda General de la Naci\u00f3n \u2013 Colombia. Garantizamos el acceso efectivo a la justicia, la verdad y la reparaci\u00f3n de las v\u00edctimas de los delitos.\" \/>\n<meta name=\"robots\" content=\"noindex, follow\" \/>\n<meta property=\"og:locale\" content=\"es_ES\" \/>\n<meta property=\"og:type\" content=\"article\" \/>\n<meta property=\"og:title\" content=\"Fiscal\u00eda General de la Naci\u00f3n\" \/>\n<meta property=\"og:description\" content=\"P\u00e1gina oficial de la Fiscal\u00eda General de la Naci\u00f3n \u2013 Colombia. Garantizamos el acceso efectivo a la justicia, la verdad y la reparaci\u00f3n de las v\u00edctimas de los delitos.\" \/>\n<meta property=\"og:url\" content=\"https:\/\/www.fiscalia.gov.co\/colombia\/noticias\/tres-militares-asegurados-por-homicidio-en-persona-protegida-en-supuestos-combates\/\" \/>\n<meta property=\"og:site_name\" content=\"Fiscal\u00eda General de la Naci\u00f3n\" \/>\n<meta property=\"article:publisher\" content=\"https:\/\/www.facebook.com\/FiscaliaCol\" \/>\n<meta property=\"article:published_time\" content=\"2015-03-19T16:33:43+00:00\" \/>\n<meta property=\"article:modified_time\" content=\"2015-03-19T16:45:34+00:00\" \/>\n<meta name=\"author\" content=\"dfgordillo\" \/>\n<meta name=\"twitter:card\" content=\"summary_large_image\" \/>\n<meta name=\"twitter:creator\" content=\"@FiscaliaCol\" \/>\n<meta name=\"twitter:site\" content=\"@FiscaliaCol\" \/>\n<meta name=\"twitter:label1\" content=\"Escrito por\" \/>\n\t<meta name=\"twitter:data1\" content=\"dfgordillo\" \/>\n\t<meta name=\"twitter:label2\" content=\"Tiempo de lectura\" \/>\n\t<meta name=\"twitter:data2\" content=\"3 minutos\" \/>\n<script type=\"application\/ld+json\" class=\"yoast-schema-graph\">{\"@context\":\"https:\/\/schema.org\",\"@graph\":[{\"@type\":\"Article\",\"@id\":\"https:\/\/www.fiscalia.gov.co\/colombia\/noticias\/tres-militares-asegurados-por-homicidio-en-persona-protegida-en-supuestos-combates\/#article\",\"isPartOf\":{\"@id\":\"https:\/\/www.fiscalia.gov.co\/colombia\/noticias\/tres-militares-asegurados-por-homicidio-en-persona-protegida-en-supuestos-combates\/\"},\"author\":{\"name\":\"dfgordillo\",\"@id\":\"https:\/\/www.fiscalia.gov.co\/colombia\/#\/schema\/person\/3903856a3ce2d54b094c69eb29247895\"},\"headline\":\"Tres militares asegurados por homicidio en persona protegida en supuestos combates\",\"datePublished\":\"2015-03-19T16:33:43+00:00\",\"dateModified\":\"2015-03-19T16:45:34+00:00\",\"mainEntityOfPage\":{\"@id\":\"https:\/\/www.fiscalia.gov.co\/colombia\/noticias\/tres-militares-asegurados-por-homicidio-en-persona-protegida-en-supuestos-combates\/\"},\"wordCount\":632,\"publisher\":{\"@id\":\"https:\/\/www.fiscalia.gov.co\/colombia\/#organization\"},\"keywords\":[\"Homicidio en persona protegida\"],\"articleSection\":[\"Noticias\"],\"inLanguage\":\"es-CO\"},{\"@type\":\"WebPage\",\"@id\":\"https:\/\/www.fiscalia.gov.co\/colombia\/noticias\/tres-militares-asegurados-por-homicidio-en-persona-protegida-en-supuestos-combates\/\",\"url\":\"https:\/\/www.fiscalia.gov.co\/colombia\/noticias\/tres-militares-asegurados-por-homicidio-en-persona-protegida-en-supuestos-combates\/\",\"name\":\"Fiscal\u00eda General de la Naci\u00f3n\",\"isPartOf\":{\"@id\":\"https:\/\/www.fiscalia.gov.co\/colombia\/#website\"},\"datePublished\":\"2015-03-19T16:33:43+00:00\",\"dateModified\":\"2015-03-19T16:45:34+00:00\",\"description\":\"P\u00e1gina oficial de la Fiscal\u00eda General de la Naci\u00f3n \u2013 Colombia. Garantizamos el acceso efectivo a la justicia, la verdad y la reparaci\u00f3n de las v\u00edctimas de los delitos.\",\"breadcrumb\":{\"@id\":\"https:\/\/www.fiscalia.gov.co\/colombia\/noticias\/tres-militares-asegurados-por-homicidio-en-persona-protegida-en-supuestos-combates\/#breadcrumb\"},\"inLanguage\":\"es-CO\",\"potentialAction\":[{\"@type\":\"ReadAction\",\"target\":[\"https:\/\/www.fiscalia.gov.co\/colombia\/noticias\/tres-militares-asegurados-por-homicidio-en-persona-protegida-en-supuestos-combates\/\"]}]},{\"@type\":\"BreadcrumbList\",\"@id\":\"https:\/\/www.fiscalia.gov.co\/colombia\/noticias\/tres-militares-asegurados-por-homicidio-en-persona-protegida-en-supuestos-combates\/#breadcrumb\",\"itemListElement\":[{\"@type\":\"ListItem\",\"position\":1,\"name\":\"Home\",\"item\":\"https:\/\/www.fiscalia.gov.co\/colombia\/\"},{\"@type\":\"ListItem\",\"position\":2,\"name\":\"Tres militares asegurados por homicidio en persona protegida en supuestos combates\"}]},{\"@type\":\"WebSite\",\"@id\":\"https:\/\/www.fiscalia.gov.co\/colombia\/#website\",\"url\":\"https:\/\/www.fiscalia.gov.co\/colombia\/\",\"name\":\"Fiscal\u00eda General de la Naci\u00f3n\",\"description\":\"P\u00e1gina oficial de la Fiscal\u00eda General de la Naci\u00f3n \u2013 Colombia. Garantizamos el acceso efectivo a la justicia, la verdad y la reparaci\u00f3n de las v\u00edctimas de los delitos.\",\"publisher\":{\"@id\":\"https:\/\/www.fiscalia.gov.co\/colombia\/#organization\"},\"potentialAction\":[{\"@type\":\"SearchAction\",\"target\":{\"@type\":\"EntryPoint\",\"urlTemplate\":\"https:\/\/www.fiscalia.gov.co\/colombia\/?s={search_term_string}\"},\"query-input\":{\"@type\":\"PropertyValueSpecification\",\"valueRequired\":true,\"valueName\":\"search_term_string\"}}],\"inLanguage\":\"es-CO\"},{\"@type\":\"Organization\",\"@id\":\"https:\/\/www.fiscalia.gov.co\/colombia\/#organization\",\"name\":\"Fiscal\u00eda General de la Naci\u00f3n\",\"url\":\"https:\/\/www.fiscalia.gov.co\/colombia\/\",\"logo\":{\"@type\":\"ImageObject\",\"inLanguage\":\"es-CO\",\"@id\":\"https:\/\/www.fiscalia.gov.co\/colombia\/#\/schema\/logo\/image\/\",\"url\":\"https:\/\/www.fiscalia.gov.co\/colombia\/wp-content\/uploads\/LogoHorizontal_1.jpg\",\"contentUrl\":\"https:\/\/www.fiscalia.gov.co\/colombia\/wp-content\/uploads\/LogoHorizontal_1.jpg\",\"width\":300,\"height\":90,\"caption\":\"Fiscal\u00eda General de la Naci\u00f3n\"},\"image\":{\"@id\":\"https:\/\/www.fiscalia.gov.co\/colombia\/#\/schema\/logo\/image\/\"},\"sameAs\":[\"https:\/\/www.facebook.com\/FiscaliaCol\",\"https:\/\/x.com\/FiscaliaCol\",\"https:\/\/www.instagram.com\/fiscaliacol\",\"https:\/\/www.linkedin.com\/company\/fiscalia-general-de-la-naci-n\/\",\"https:\/\/youtube.com\/@fiscaliageneraldelanacion-4668?si=6nN79nyQICPU5iTh\"]},{\"@type\":\"Person\",\"@id\":\"https:\/\/www.fiscalia.gov.co\/colombia\/#\/schema\/person\/3903856a3ce2d54b094c69eb29247895\",\"name\":\"dfgordillo\",\"image\":{\"@type\":\"ImageObject\",\"inLanguage\":\"es-CO\",\"@id\":\"https:\/\/www.fiscalia.gov.co\/colombia\/#\/schema\/person\/image\/\",\"url\":\"https:\/\/secure.gravatar.com\/avatar\/b6356e21c5657c60757fe6fb9493e947?s=96&d=mm&r=g\",\"contentUrl\":\"https:\/\/secure.gravatar.com\/avatar\/b6356e21c5657c60757fe6fb9493e947?s=96&d=mm&r=g\",\"caption\":\"dfgordillo\"},\"sameAs\":[\"dfgordillo\"],\"url\":\"https:\/\/www.fiscalia.gov.co\/colombia\/author\/dfgordillo\/\"}]}<\/script>\n<!-- \/ Yoast SEO plugin. -->","yoast_head_json":{"title":"Fiscal\u00eda General de la Naci\u00f3n","description":"P\u00e1gina oficial de la Fiscal\u00eda General de la Naci\u00f3n \u2013 Colombia. Garantizamos el acceso efectivo a la justicia, la verdad y la reparaci\u00f3n de las v\u00edctimas de los delitos.","robots":{"index":"noindex","follow":"follow"},"og_locale":"es_ES","og_type":"article","og_title":"Fiscal\u00eda General de la Naci\u00f3n","og_description":"P\u00e1gina oficial de la Fiscal\u00eda General de la Naci\u00f3n \u2013 Colombia. Garantizamos el acceso efectivo a la justicia, la verdad y la reparaci\u00f3n de las v\u00edctimas de los delitos.","og_url":"https:\/\/www.fiscalia.gov.co\/colombia\/noticias\/tres-militares-asegurados-por-homicidio-en-persona-protegida-en-supuestos-combates\/","og_site_name":"Fiscal\u00eda General de la Naci\u00f3n","article_publisher":"https:\/\/www.facebook.com\/FiscaliaCol","article_published_time":"2015-03-19T16:33:43+00:00","article_modified_time":"2015-03-19T16:45:34+00:00","author":"dfgordillo","twitter_card":"summary_large_image","twitter_creator":"@FiscaliaCol","twitter_site":"@FiscaliaCol","twitter_misc":{"Escrito por":"dfgordillo","Tiempo de lectura":"3 minutos"},"schema":{"@context":"https:\/\/schema.org","@graph":[{"@type":"Article","@id":"https:\/\/www.fiscalia.gov.co\/colombia\/noticias\/tres-militares-asegurados-por-homicidio-en-persona-protegida-en-supuestos-combates\/#article","isPartOf":{"@id":"https:\/\/www.fiscalia.gov.co\/colombia\/noticias\/tres-militares-asegurados-por-homicidio-en-persona-protegida-en-supuestos-combates\/"},"author":{"name":"dfgordillo","@id":"https:\/\/www.fiscalia.gov.co\/colombia\/#\/schema\/person\/3903856a3ce2d54b094c69eb29247895"},"headline":"Tres militares asegurados por homicidio en persona protegida en supuestos combates","datePublished":"2015-03-19T16:33:43+00:00","dateModified":"2015-03-19T16:45:34+00:00","mainEntityOfPage":{"@id":"https:\/\/www.fiscalia.gov.co\/colombia\/noticias\/tres-militares-asegurados-por-homicidio-en-persona-protegida-en-supuestos-combates\/"},"wordCount":632,"publisher":{"@id":"https:\/\/www.fiscalia.gov.co\/colombia\/#organization"},"keywords":["Homicidio en persona protegida"],"articleSection":["Noticias"],"inLanguage":"es-CO"},{"@type":"WebPage","@id":"https:\/\/www.fiscalia.gov.co\/colombia\/noticias\/tres-militares-asegurados-por-homicidio-en-persona-protegida-en-supuestos-combates\/","url":"https:\/\/www.fiscalia.gov.co\/colombia\/noticias\/tres-militares-asegurados-por-homicidio-en-persona-protegida-en-supuestos-combates\/","name":"Fiscal\u00eda General de la Naci\u00f3n","isPartOf":{"@id":"https:\/\/www.fiscalia.gov.co\/colombia\/#website"},"datePublished":"2015-03-19T16:33:43+00:00","dateModified":"2015-03-19T16:45:34+00:00","description":"P\u00e1gina oficial de la Fiscal\u00eda General de la Naci\u00f3n \u2013 Colombia. Garantizamos el acceso efectivo a la justicia, la verdad y la reparaci\u00f3n de las v\u00edctimas de los delitos.","breadcrumb":{"@id":"https:\/\/www.fiscalia.gov.co\/colombia\/noticias\/tres-militares-asegurados-por-homicidio-en-persona-protegida-en-supuestos-combates\/#breadcrumb"},"inLanguage":"es-CO","potentialAction":[{"@type":"ReadAction","target":["https:\/\/www.fiscalia.gov.co\/colombia\/noticias\/tres-militares-asegurados-por-homicidio-en-persona-protegida-en-supuestos-combates\/"]}]},{"@type":"BreadcrumbList","@id":"https:\/\/www.fiscalia.gov.co\/colombia\/noticias\/tres-militares-asegurados-por-homicidio-en-persona-protegida-en-supuestos-combates\/#breadcrumb","itemListElement":[{"@type":"ListItem","position":1,"name":"Home","item":"https:\/\/www.fiscalia.gov.co\/colombia\/"},{"@type":"ListItem","position":2,"name":"Tres militares asegurados por homicidio en persona protegida en supuestos combates"}]},{"@type":"WebSite","@id":"https:\/\/www.fiscalia.gov.co\/colombia\/#website","url":"https:\/\/www.fiscalia.gov.co\/colombia\/","name":"Fiscal\u00eda General de la Naci\u00f3n","description":"P\u00e1gina oficial de la Fiscal\u00eda General de la Naci\u00f3n \u2013 Colombia. Garantizamos el acceso efectivo a la justicia, la verdad y la reparaci\u00f3n de las v\u00edctimas de los delitos.","publisher":{"@id":"https:\/\/www.fiscalia.gov.co\/colombia\/#organization"},"potentialAction":[{"@type":"SearchAction","target":{"@type":"EntryPoint","urlTemplate":"https:\/\/www.fiscalia.gov.co\/colombia\/?s={search_term_string}"},"query-input":{"@type":"PropertyValueSpecification","valueRequired":true,"valueName":"search_term_string"}}],"inLanguage":"es-CO"},{"@type":"Organization","@id":"https:\/\/www.fiscalia.gov.co\/colombia\/#organization","name":"Fiscal\u00eda General de la Naci\u00f3n","url":"https:\/\/www.fiscalia.gov.co\/colombia\/","logo":{"@type":"ImageObject","inLanguage":"es-CO","@id":"https:\/\/www.fiscalia.gov.co\/colombia\/#\/schema\/logo\/image\/","url":"https:\/\/www.fiscalia.gov.co\/colombia\/wp-content\/uploads\/LogoHorizontal_1.jpg","contentUrl":"https:\/\/www.fiscalia.gov.co\/colombia\/wp-content\/uploads\/LogoHorizontal_1.jpg","width":300,"height":90,"caption":"Fiscal\u00eda General de la Naci\u00f3n"},"image":{"@id":"https:\/\/www.fiscalia.gov.co\/colombia\/#\/schema\/logo\/image\/"},"sameAs":["https:\/\/www.facebook.com\/FiscaliaCol","https:\/\/x.com\/FiscaliaCol","https:\/\/www.instagram.com\/fiscaliacol","https:\/\/www.linkedin.com\/company\/fiscalia-general-de-la-naci-n\/","https:\/\/youtube.com\/@fiscaliageneraldelanacion-4668?si=6nN79nyQICPU5iTh"]},{"@type":"Person","@id":"https:\/\/www.fiscalia.gov.co\/colombia\/#\/schema\/person\/3903856a3ce2d54b094c69eb29247895","name":"dfgordillo","image":{"@type":"ImageObject","inLanguage":"es-CO","@id":"https:\/\/www.fiscalia.gov.co\/colombia\/#\/schema\/person\/image\/","url":"https:\/\/secure.gravatar.com\/avatar\/b6356e21c5657c60757fe6fb9493e947?s=96&d=mm&r=g","contentUrl":"https:\/\/secure.gravatar.com\/avatar\/b6356e21c5657c60757fe6fb9493e947?s=96&d=mm&r=g","caption":"dfgordillo"},"sameAs":["dfgordillo"],"url":"https:\/\/www.fiscalia.gov.co\/colombia\/author\/dfgordillo\/"}]}},"_links":{"self":[{"href":"https:\/\/www.fiscalia.gov.co\/colombia\/wp-json\/wp\/v2\/posts\/64435","targetHints":{"allow":["GET"]}}],"collection":[{"href":"https:\/\/www.fiscalia.gov.co\/colombia\/wp-json\/wp\/v2\/posts"}],"about":[{"href":"https:\/\/www.fiscalia.gov.co\/colombia\/wp-json\/wp\/v2\/types\/post"}],"author":[{"embeddable":true,"href":"https:\/\/www.fiscalia.gov.co\/colombia\/wp-json\/wp\/v2\/users\/143"}],"replies":[{"embeddable":true,"href":"https:\/\/www.fiscalia.gov.co\/colombia\/wp-json\/wp\/v2\/comments?post=64435"}],"version-history":[{"count":2,"href":"https:\/\/www.fiscalia.gov.co\/colombia\/wp-json\/wp\/v2\/posts\/64435\/revisions"}],"predecessor-version":[{"id":64443,"href":"https:\/\/www.fiscalia.gov.co\/colombia\/wp-json\/wp\/v2\/posts\/64435\/revisions\/64443"}],"wp:attachment":[{"href":"https:\/\/www.fiscalia.gov.co\/colombia\/wp-json\/wp\/v2\/media?parent=64435"}],"wp:term":[{"taxonomy":"category","embeddable":true,"href":"https:\/\/www.fiscalia.gov.co\/colombia\/wp-json\/wp\/v2\/categories?post=64435"},{"taxonomy":"post_tag","embeddable":true,"href":"https:\/\/www.fiscalia.gov.co\/colombia\/wp-json\/wp\/v2\/tags?post=64435"}],"curies":[{"name":"wp","href":"https:\/\/api.w.org\/{rel}","templated":true}]}}