{"id":64397,"date":"2015-03-19T04:53:13","date_gmt":"2015-03-19T09:53:13","guid":{"rendered":"http:\/\/www.fiscalia.gov.co\/colombia\/?p=64397"},"modified":"2015-03-19T04:53:13","modified_gmt":"2015-03-19T09:53:13","slug":"en-juicio-contra-exrectora-de-la-uniautonoma-y-su-abogado-alias-don-antonio-confirmo-su-denuncia","status":"publish","type":"post","link":"https:\/\/www.fiscalia.gov.co\/colombia\/noticias\/en-juicio-contra-exrectora-de-la-uniautonoma-y-su-abogado-alias-don-antonio-confirmo-su-denuncia\/","title":{"rendered":"En juicio contra exrectora de la Uniaut\u00f3noma y su abogado, alias Don Antonio confirm\u00f3 su denuncia"},"content":{"rendered":"<p>Ante una juez penal del circuito de Bogot\u00e1, actuando como testigo, Edgar Ignacio Fierro Flores, alias Don Antonio, ratific\u00f3 que el abogado Arcadio Tob\u00edas \u00a0Mart\u00ednez Pumarejo le hizo el ofrecimiento de\u00a0 500 millones de pesos, con el prop\u00f3sito de crear una duda al interior del proceso que se adelanta contra la exrectora de la Uniaut\u00f3noma por el delito de homicidio.<\/p>\n<p>En desarrollo de una audiencia de juicio oral, donde son procesados Silvia Beatriz Gette Ponce y\u00a0 su abogado Arcadio Tob\u00edas Mart\u00ednez Pumarejo por el delito de soborno, alias Don Antonio manifest\u00f3 que\u00a0tambi\u00e9n lo que se buscaba era que se pudiera sacar del proceso a la exrectora de\u00a0la Uniaut\u00f3noma y\u00a0vincular a la esposa del occiso, el ganadero \u00a0Fernando \u00a0Cepeda.<\/p>\n<p>Fierro Flores\u00a0ratific\u00f3 que\u00a0en varias visitas que hizo el abogado de Gette Ponce a La Picota, le comunic\u00f3 que\u00a0el ofrecimiento se hac\u00eda de parte de la exrectora de la Uniaut\u00f3noma del Caribe.<\/p>\n<p>Manifest\u00f3 que como comandante de una facci\u00f3n de las Autodefensas, se enter\u00f3 por uno de sus subalternos que\u00a0hab\u00eda el ofrecimiento de 150 millones de pesos por el crimen de Cepeda Vargas.<\/p>\n<p>Gette es se\u00f1alada de ser la presunta responsable\u00a0del pago de\u00a0 250 millones de pesos a Edgar Ignacio Fierro Flores, alias Don Antonio, por cambiar su versi\u00f3n en el proceso penal\u00a0 que se lleva en su contra, por la muerte del ganadero\u00a0 Fernando Cepeda, seg\u00fan hechos ocurridos en\u00a0 agosto de 2003.<\/p>\n<p>La\u00a0imputada fue privada de la libertad el\u00a012 de febrero del 2013\u00a0en inmediaciones del Centro Judicial de Paloquemao, en Bogot\u00e1, luego de\u00a0 que investigadores del CTI de la Fiscal\u00eda le notificaran la orden de captura \u00a0emitida por un juez de la Rep\u00fablica.<\/p>\n<p>En relaci\u00f3n con el abogado Mart\u00ednez Pumarejo, el 11 de febrero del 2013\u00a0una juez con funci\u00f3n de control de garant\u00edas lo\u00a0envi\u00f3 a la c\u00e1rcel, luego de ser sorprendido\u00a0cuando entregaba\u00a0 250 millones de pesos al emisario de alias Don Antonio, en un c\u00e9ntrico sector de Barranquilla (Atl\u00e1ntico).<\/p>\n<p>En la actualidad el abogado goza de libertad, mientras que Gette Ponce, quien no acudi\u00f3 a la audiencia, se encuentra privada de la libertad en la c\u00e1rcel del Buen Pastor de la capital del pa\u00eds.<\/p>\n<p>ANM\/DLBM<\/p>\n<p>&nbsp;<\/p>\n\n<div class=\"twitter-share\"><a href=\"https:\/\/twitter.com\/intent\/tweet?via=fiscaliacol\" class=\"twitter-share-button\">Tweet<\/a><\/div>\n","protected":false},"excerpt":{"rendered":"<p>Ante una juez penal del circuito de Bogot\u00e1, actuando como testigo, Edgar Ignacio Fierro Flores, alias Don Antonio, ratific\u00f3 que el abogado Arcadio Tob\u00edas \u00a0Mart\u00ednez Pumarejo le hizo el ofrecimiento de\u00a0 500 millones de pesos, con el prop\u00f3sito de crear una duda al interior del proceso que se adelanta contra la exrectora de la Uniaut\u00f3noma [&hellip;]<\/p>\n","protected":false},"author":143,"featured_media":0,"comment_status":"closed","ping_status":"open","sticky":false,"template":"","format":"standard","meta":{"_price":"","_stock":"","_tribe_ticket_header":"","_tribe_default_ticket_provider":"","_tribe_ticket_capacity":"0","_ticket_start_date":"","_ticket_end_date":"","_tribe_ticket_show_description":"","_tribe_ticket_show_not_going":false,"_tribe_ticket_use_global_stock":"","_tribe_ticket_global_stock_level":"","_global_stock_mode":"","_global_stock_cap":"","_tribe_rsvp_for_event":"","_tribe_ticket_going_count":"","_tribe_ticket_not_going_count":"","_tribe_tickets_list":"[]","_tribe_ticket_has_attendee_info_fields":false,"tdm_status":"","tdm_grid_status":"","footnotes":""},"categories":[1],"tags":[3899],"class_list":{"0":"post-64397","1":"post","2":"type-post","3":"status-publish","4":"format-standard","6":"category-noticias","7":"tag-uniautonoma"},"yoast_head":"<!-- This site is optimized with the Yoast SEO plugin v24.3 - https:\/\/yoast.com\/wordpress\/plugins\/seo\/ -->\n<title>Fiscal\u00eda General de la Naci\u00f3n<\/title>\n<meta name=\"description\" content=\"P\u00e1gina oficial de la Fiscal\u00eda General de la Naci\u00f3n \u2013 Colombia. Garantizamos el acceso efectivo a la justicia, la verdad y la reparaci\u00f3n de las v\u00edctimas de los delitos.\" \/>\n<meta name=\"robots\" content=\"noindex, follow\" \/>\n<meta property=\"og:locale\" content=\"es_ES\" \/>\n<meta property=\"og:type\" content=\"article\" \/>\n<meta property=\"og:title\" content=\"Fiscal\u00eda General de la Naci\u00f3n\" \/>\n<meta property=\"og:description\" content=\"P\u00e1gina oficial de la Fiscal\u00eda General de la Naci\u00f3n \u2013 Colombia. Garantizamos el acceso efectivo a la justicia, la verdad y la reparaci\u00f3n de las v\u00edctimas de los delitos.\" \/>\n<meta property=\"og:url\" content=\"https:\/\/www.fiscalia.gov.co\/colombia\/noticias\/en-juicio-contra-exrectora-de-la-uniautonoma-y-su-abogado-alias-don-antonio-confirmo-su-denuncia\/\" \/>\n<meta property=\"og:site_name\" content=\"Fiscal\u00eda General de la Naci\u00f3n\" \/>\n<meta property=\"article:publisher\" content=\"https:\/\/www.facebook.com\/FiscaliaCol\" \/>\n<meta property=\"article:published_time\" content=\"2015-03-19T09:53:13+00:00\" \/>\n<meta name=\"author\" content=\"dfgordillo\" \/>\n<meta name=\"twitter:card\" content=\"summary_large_image\" \/>\n<meta name=\"twitter:creator\" content=\"@FiscaliaCol\" \/>\n<meta name=\"twitter:site\" content=\"@FiscaliaCol\" \/>\n<meta name=\"twitter:label1\" content=\"Escrito por\" \/>\n\t<meta name=\"twitter:data1\" content=\"dfgordillo\" \/>\n\t<meta name=\"twitter:label2\" content=\"Tiempo de lectura\" \/>\n\t<meta name=\"twitter:data2\" content=\"2 minutos\" \/>\n<script type=\"application\/ld+json\" class=\"yoast-schema-graph\">{\"@context\":\"https:\/\/schema.org\",\"@graph\":[{\"@type\":\"Article\",\"@id\":\"https:\/\/www.fiscalia.gov.co\/colombia\/noticias\/en-juicio-contra-exrectora-de-la-uniautonoma-y-su-abogado-alias-don-antonio-confirmo-su-denuncia\/#article\",\"isPartOf\":{\"@id\":\"https:\/\/www.fiscalia.gov.co\/colombia\/noticias\/en-juicio-contra-exrectora-de-la-uniautonoma-y-su-abogado-alias-don-antonio-confirmo-su-denuncia\/\"},\"author\":{\"name\":\"dfgordillo\",\"@id\":\"https:\/\/www.fiscalia.gov.co\/colombia\/#\/schema\/person\/3903856a3ce2d54b094c69eb29247895\"},\"headline\":\"En juicio contra exrectora de la Uniaut\u00f3noma y su abogado, alias Don Antonio confirm\u00f3 su denuncia\",\"datePublished\":\"2015-03-19T09:53:13+00:00\",\"dateModified\":\"2015-03-19T09:53:13+00:00\",\"mainEntityOfPage\":{\"@id\":\"https:\/\/www.fiscalia.gov.co\/colombia\/noticias\/en-juicio-contra-exrectora-de-la-uniautonoma-y-su-abogado-alias-don-antonio-confirmo-su-denuncia\/\"},\"wordCount\":403,\"publisher\":{\"@id\":\"https:\/\/www.fiscalia.gov.co\/colombia\/#organization\"},\"keywords\":[\"Uniaut\u00f3noma\"],\"articleSection\":[\"Noticias\"],\"inLanguage\":\"es-CO\"},{\"@type\":\"WebPage\",\"@id\":\"https:\/\/www.fiscalia.gov.co\/colombia\/noticias\/en-juicio-contra-exrectora-de-la-uniautonoma-y-su-abogado-alias-don-antonio-confirmo-su-denuncia\/\",\"url\":\"https:\/\/www.fiscalia.gov.co\/colombia\/noticias\/en-juicio-contra-exrectora-de-la-uniautonoma-y-su-abogado-alias-don-antonio-confirmo-su-denuncia\/\",\"name\":\"Fiscal\u00eda General de la Naci\u00f3n\",\"isPartOf\":{\"@id\":\"https:\/\/www.fiscalia.gov.co\/colombia\/#website\"},\"datePublished\":\"2015-03-19T09:53:13+00:00\",\"dateModified\":\"2015-03-19T09:53:13+00:00\",\"description\":\"P\u00e1gina oficial de la Fiscal\u00eda General de la Naci\u00f3n \u2013 Colombia. Garantizamos el acceso efectivo a la justicia, la verdad y la reparaci\u00f3n de las v\u00edctimas de los delitos.\",\"breadcrumb\":{\"@id\":\"https:\/\/www.fiscalia.gov.co\/colombia\/noticias\/en-juicio-contra-exrectora-de-la-uniautonoma-y-su-abogado-alias-don-antonio-confirmo-su-denuncia\/#breadcrumb\"},\"inLanguage\":\"es-CO\",\"potentialAction\":[{\"@type\":\"ReadAction\",\"target\":[\"https:\/\/www.fiscalia.gov.co\/colombia\/noticias\/en-juicio-contra-exrectora-de-la-uniautonoma-y-su-abogado-alias-don-antonio-confirmo-su-denuncia\/\"]}]},{\"@type\":\"BreadcrumbList\",\"@id\":\"https:\/\/www.fiscalia.gov.co\/colombia\/noticias\/en-juicio-contra-exrectora-de-la-uniautonoma-y-su-abogado-alias-don-antonio-confirmo-su-denuncia\/#breadcrumb\",\"itemListElement\":[{\"@type\":\"ListItem\",\"position\":1,\"name\":\"Home\",\"item\":\"https:\/\/www.fiscalia.gov.co\/colombia\/\"},{\"@type\":\"ListItem\",\"position\":2,\"name\":\"En juicio contra exrectora de la Uniaut\u00f3noma y su abogado, alias Don Antonio confirm\u00f3 su denuncia\"}]},{\"@type\":\"WebSite\",\"@id\":\"https:\/\/www.fiscalia.gov.co\/colombia\/#website\",\"url\":\"https:\/\/www.fiscalia.gov.co\/colombia\/\",\"name\":\"Fiscal\u00eda General de la Naci\u00f3n\",\"description\":\"P\u00e1gina oficial de la Fiscal\u00eda General de la Naci\u00f3n \u2013 Colombia. Garantizamos el acceso efectivo a la justicia, la verdad y la reparaci\u00f3n de las v\u00edctimas de los delitos.\",\"publisher\":{\"@id\":\"https:\/\/www.fiscalia.gov.co\/colombia\/#organization\"},\"potentialAction\":[{\"@type\":\"SearchAction\",\"target\":{\"@type\":\"EntryPoint\",\"urlTemplate\":\"https:\/\/www.fiscalia.gov.co\/colombia\/?s={search_term_string}\"},\"query-input\":{\"@type\":\"PropertyValueSpecification\",\"valueRequired\":true,\"valueName\":\"search_term_string\"}}],\"inLanguage\":\"es-CO\"},{\"@type\":\"Organization\",\"@id\":\"https:\/\/www.fiscalia.gov.co\/colombia\/#organization\",\"name\":\"Fiscal\u00eda General de la Naci\u00f3n\",\"url\":\"https:\/\/www.fiscalia.gov.co\/colombia\/\",\"logo\":{\"@type\":\"ImageObject\",\"inLanguage\":\"es-CO\",\"@id\":\"https:\/\/www.fiscalia.gov.co\/colombia\/#\/schema\/logo\/image\/\",\"url\":\"https:\/\/www.fiscalia.gov.co\/colombia\/wp-content\/uploads\/LogoHorizontal_1.jpg\",\"contentUrl\":\"https:\/\/www.fiscalia.gov.co\/colombia\/wp-content\/uploads\/LogoHorizontal_1.jpg\",\"width\":300,\"height\":90,\"caption\":\"Fiscal\u00eda General de la Naci\u00f3n\"},\"image\":{\"@id\":\"https:\/\/www.fiscalia.gov.co\/colombia\/#\/schema\/logo\/image\/\"},\"sameAs\":[\"https:\/\/www.facebook.com\/FiscaliaCol\",\"https:\/\/x.com\/FiscaliaCol\",\"https:\/\/www.instagram.com\/fiscaliacol\",\"https:\/\/www.linkedin.com\/company\/fiscalia-general-de-la-naci-n\/\",\"https:\/\/youtube.com\/@fiscaliageneraldelanacion-4668?si=6nN79nyQICPU5iTh\"]},{\"@type\":\"Person\",\"@id\":\"https:\/\/www.fiscalia.gov.co\/colombia\/#\/schema\/person\/3903856a3ce2d54b094c69eb29247895\",\"name\":\"dfgordillo\",\"image\":{\"@type\":\"ImageObject\",\"inLanguage\":\"es-CO\",\"@id\":\"https:\/\/www.fiscalia.gov.co\/colombia\/#\/schema\/person\/image\/\",\"url\":\"https:\/\/secure.gravatar.com\/avatar\/b6356e21c5657c60757fe6fb9493e947?s=96&d=mm&r=g\",\"contentUrl\":\"https:\/\/secure.gravatar.com\/avatar\/b6356e21c5657c60757fe6fb9493e947?s=96&d=mm&r=g\",\"caption\":\"dfgordillo\"},\"sameAs\":[\"dfgordillo\"],\"url\":\"https:\/\/www.fiscalia.gov.co\/colombia\/author\/dfgordillo\/\"}]}<\/script>\n<!-- \/ Yoast SEO plugin. -->","yoast_head_json":{"title":"Fiscal\u00eda General de la Naci\u00f3n","description":"P\u00e1gina oficial de la Fiscal\u00eda General de la Naci\u00f3n \u2013 Colombia. Garantizamos el acceso efectivo a la justicia, la verdad y la reparaci\u00f3n de las v\u00edctimas de los delitos.","robots":{"index":"noindex","follow":"follow"},"og_locale":"es_ES","og_type":"article","og_title":"Fiscal\u00eda General de la Naci\u00f3n","og_description":"P\u00e1gina oficial de la Fiscal\u00eda General de la Naci\u00f3n \u2013 Colombia. Garantizamos el acceso efectivo a la justicia, la verdad y la reparaci\u00f3n de las v\u00edctimas de los delitos.","og_url":"https:\/\/www.fiscalia.gov.co\/colombia\/noticias\/en-juicio-contra-exrectora-de-la-uniautonoma-y-su-abogado-alias-don-antonio-confirmo-su-denuncia\/","og_site_name":"Fiscal\u00eda General de la Naci\u00f3n","article_publisher":"https:\/\/www.facebook.com\/FiscaliaCol","article_published_time":"2015-03-19T09:53:13+00:00","author":"dfgordillo","twitter_card":"summary_large_image","twitter_creator":"@FiscaliaCol","twitter_site":"@FiscaliaCol","twitter_misc":{"Escrito por":"dfgordillo","Tiempo de lectura":"2 minutos"},"schema":{"@context":"https:\/\/schema.org","@graph":[{"@type":"Article","@id":"https:\/\/www.fiscalia.gov.co\/colombia\/noticias\/en-juicio-contra-exrectora-de-la-uniautonoma-y-su-abogado-alias-don-antonio-confirmo-su-denuncia\/#article","isPartOf":{"@id":"https:\/\/www.fiscalia.gov.co\/colombia\/noticias\/en-juicio-contra-exrectora-de-la-uniautonoma-y-su-abogado-alias-don-antonio-confirmo-su-denuncia\/"},"author":{"name":"dfgordillo","@id":"https:\/\/www.fiscalia.gov.co\/colombia\/#\/schema\/person\/3903856a3ce2d54b094c69eb29247895"},"headline":"En juicio contra exrectora de la Uniaut\u00f3noma y su abogado, alias Don Antonio confirm\u00f3 su denuncia","datePublished":"2015-03-19T09:53:13+00:00","dateModified":"2015-03-19T09:53:13+00:00","mainEntityOfPage":{"@id":"https:\/\/www.fiscalia.gov.co\/colombia\/noticias\/en-juicio-contra-exrectora-de-la-uniautonoma-y-su-abogado-alias-don-antonio-confirmo-su-denuncia\/"},"wordCount":403,"publisher":{"@id":"https:\/\/www.fiscalia.gov.co\/colombia\/#organization"},"keywords":["Uniaut\u00f3noma"],"articleSection":["Noticias"],"inLanguage":"es-CO"},{"@type":"WebPage","@id":"https:\/\/www.fiscalia.gov.co\/colombia\/noticias\/en-juicio-contra-exrectora-de-la-uniautonoma-y-su-abogado-alias-don-antonio-confirmo-su-denuncia\/","url":"https:\/\/www.fiscalia.gov.co\/colombia\/noticias\/en-juicio-contra-exrectora-de-la-uniautonoma-y-su-abogado-alias-don-antonio-confirmo-su-denuncia\/","name":"Fiscal\u00eda General de la Naci\u00f3n","isPartOf":{"@id":"https:\/\/www.fiscalia.gov.co\/colombia\/#website"},"datePublished":"2015-03-19T09:53:13+00:00","dateModified":"2015-03-19T09:53:13+00:00","description":"P\u00e1gina oficial de la Fiscal\u00eda General de la Naci\u00f3n \u2013 Colombia. Garantizamos el acceso efectivo a la justicia, la verdad y la reparaci\u00f3n de las v\u00edctimas de los delitos.","breadcrumb":{"@id":"https:\/\/www.fiscalia.gov.co\/colombia\/noticias\/en-juicio-contra-exrectora-de-la-uniautonoma-y-su-abogado-alias-don-antonio-confirmo-su-denuncia\/#breadcrumb"},"inLanguage":"es-CO","potentialAction":[{"@type":"ReadAction","target":["https:\/\/www.fiscalia.gov.co\/colombia\/noticias\/en-juicio-contra-exrectora-de-la-uniautonoma-y-su-abogado-alias-don-antonio-confirmo-su-denuncia\/"]}]},{"@type":"BreadcrumbList","@id":"https:\/\/www.fiscalia.gov.co\/colombia\/noticias\/en-juicio-contra-exrectora-de-la-uniautonoma-y-su-abogado-alias-don-antonio-confirmo-su-denuncia\/#breadcrumb","itemListElement":[{"@type":"ListItem","position":1,"name":"Home","item":"https:\/\/www.fiscalia.gov.co\/colombia\/"},{"@type":"ListItem","position":2,"name":"En juicio contra exrectora de la Uniaut\u00f3noma y su abogado, alias Don Antonio confirm\u00f3 su denuncia"}]},{"@type":"WebSite","@id":"https:\/\/www.fiscalia.gov.co\/colombia\/#website","url":"https:\/\/www.fiscalia.gov.co\/colombia\/","name":"Fiscal\u00eda General de la Naci\u00f3n","description":"P\u00e1gina oficial de la Fiscal\u00eda General de la Naci\u00f3n \u2013 Colombia. Garantizamos el acceso efectivo a la justicia, la verdad y la reparaci\u00f3n de las v\u00edctimas de los delitos.","publisher":{"@id":"https:\/\/www.fiscalia.gov.co\/colombia\/#organization"},"potentialAction":[{"@type":"SearchAction","target":{"@type":"EntryPoint","urlTemplate":"https:\/\/www.fiscalia.gov.co\/colombia\/?s={search_term_string}"},"query-input":{"@type":"PropertyValueSpecification","valueRequired":true,"valueName":"search_term_string"}}],"inLanguage":"es-CO"},{"@type":"Organization","@id":"https:\/\/www.fiscalia.gov.co\/colombia\/#organization","name":"Fiscal\u00eda General de la Naci\u00f3n","url":"https:\/\/www.fiscalia.gov.co\/colombia\/","logo":{"@type":"ImageObject","inLanguage":"es-CO","@id":"https:\/\/www.fiscalia.gov.co\/colombia\/#\/schema\/logo\/image\/","url":"https:\/\/www.fiscalia.gov.co\/colombia\/wp-content\/uploads\/LogoHorizontal_1.jpg","contentUrl":"https:\/\/www.fiscalia.gov.co\/colombia\/wp-content\/uploads\/LogoHorizontal_1.jpg","width":300,"height":90,"caption":"Fiscal\u00eda General de la Naci\u00f3n"},"image":{"@id":"https:\/\/www.fiscalia.gov.co\/colombia\/#\/schema\/logo\/image\/"},"sameAs":["https:\/\/www.facebook.com\/FiscaliaCol","https:\/\/x.com\/FiscaliaCol","https:\/\/www.instagram.com\/fiscaliacol","https:\/\/www.linkedin.com\/company\/fiscalia-general-de-la-naci-n\/","https:\/\/youtube.com\/@fiscaliageneraldelanacion-4668?si=6nN79nyQICPU5iTh"]},{"@type":"Person","@id":"https:\/\/www.fiscalia.gov.co\/colombia\/#\/schema\/person\/3903856a3ce2d54b094c69eb29247895","name":"dfgordillo","image":{"@type":"ImageObject","inLanguage":"es-CO","@id":"https:\/\/www.fiscalia.gov.co\/colombia\/#\/schema\/person\/image\/","url":"https:\/\/secure.gravatar.com\/avatar\/b6356e21c5657c60757fe6fb9493e947?s=96&d=mm&r=g","contentUrl":"https:\/\/secure.gravatar.com\/avatar\/b6356e21c5657c60757fe6fb9493e947?s=96&d=mm&r=g","caption":"dfgordillo"},"sameAs":["dfgordillo"],"url":"https:\/\/www.fiscalia.gov.co\/colombia\/author\/dfgordillo\/"}]}},"_links":{"self":[{"href":"https:\/\/www.fiscalia.gov.co\/colombia\/wp-json\/wp\/v2\/posts\/64397","targetHints":{"allow":["GET"]}}],"collection":[{"href":"https:\/\/www.fiscalia.gov.co\/colombia\/wp-json\/wp\/v2\/posts"}],"about":[{"href":"https:\/\/www.fiscalia.gov.co\/colombia\/wp-json\/wp\/v2\/types\/post"}],"author":[{"embeddable":true,"href":"https:\/\/www.fiscalia.gov.co\/colombia\/wp-json\/wp\/v2\/users\/143"}],"replies":[{"embeddable":true,"href":"https:\/\/www.fiscalia.gov.co\/colombia\/wp-json\/wp\/v2\/comments?post=64397"}],"version-history":[{"count":2,"href":"https:\/\/www.fiscalia.gov.co\/colombia\/wp-json\/wp\/v2\/posts\/64397\/revisions"}],"predecessor-version":[{"id":64399,"href":"https:\/\/www.fiscalia.gov.co\/colombia\/wp-json\/wp\/v2\/posts\/64397\/revisions\/64399"}],"wp:attachment":[{"href":"https:\/\/www.fiscalia.gov.co\/colombia\/wp-json\/wp\/v2\/media?parent=64397"}],"wp:term":[{"taxonomy":"category","embeddable":true,"href":"https:\/\/www.fiscalia.gov.co\/colombia\/wp-json\/wp\/v2\/categories?post=64397"},{"taxonomy":"post_tag","embeddable":true,"href":"https:\/\/www.fiscalia.gov.co\/colombia\/wp-json\/wp\/v2\/tags?post=64397"}],"curies":[{"name":"wp","href":"https:\/\/api.w.org\/{rel}","templated":true}]}}