{"id":64255,"date":"2015-03-17T18:03:54","date_gmt":"2015-03-17T23:03:54","guid":{"rendered":"http:\/\/www.fiscalia.gov.co\/colombia\/?p=64255"},"modified":"2015-03-17T18:13:42","modified_gmt":"2015-03-17T23:13:42","slug":"aparecio-sin-vida-nino-de-10-anos-secuestrado-el-mes-pasado-en-tibu-norte-de-santander","status":"publish","type":"post","link":"https:\/\/www.fiscalia.gov.co\/colombia\/noticias\/aparecio-sin-vida-nino-de-10-anos-secuestrado-el-mes-pasado-en-tibu-norte-de-santander\/","title":{"rendered":"Apareci\u00f3 sin vida ni\u00f1o de 10 a\u00f1os secuestrado el mes pasado en Tib\u00fa (Norte de Santander)"},"content":{"rendered":"<p>Un informe de Polic\u00eda Judicial entregado al fiscal especializado del Gaula de C\u00facuta (Norte de Santander), dio a conocer que Luis Fernando Lambert\u00ednez Calvo, el ni\u00f1o de 10 a\u00f1os que desapareci\u00f3 el mes pasado en Tib\u00fa, en el mismo departamento, fue encontrado en el vecino pa\u00eds de Venezuela.<\/p>\n<p>Seg\u00fan el informe el menor apareci\u00f3 sin vida, sepultado en el cementerio del municipio Encontrados, estado del Zulia (Venezuela) en avanzado estado de descomposici\u00f3n, desmembrado y sin los \u00f3rganos internos.<\/p>\n<p>El ni\u00f1o habr\u00eda desaparecido el pasado martes 10 de febrero, luego de salir de la escuela La Esperanza en el municipio petrolero de Norte de Santander.<\/p>\n<p>Seg\u00fan los testigos el menor, que cursaba quinto de primaria, habr\u00eda subido a un veh\u00edculo con placas venezolanas que estaba rondando el plantel educativo, y desde entonces se desconoce su paradero.<\/p>\n<p>Las indagaciones adelantadas por la Fiscal\u00eda Especializada Delegada ante el GAULA, muestran serios indicios de que la autora material del plagio ser\u00eda la se\u00f1ora Dariana Portilla Urdaneta, de nacionalidad venezolana.<\/p>\n<p>En atenci\u00f3n a que la madre de la v\u00edctima, Beatriz Calvo Molina, present\u00f3 tambi\u00e9n denuncia en Venezuela por el secuestro de su hijo en la poblaci\u00f3n de Santa B\u00e1rbara, estado de Zulia, las unidades del GAES (Grupo anti Extorsi\u00f3n y Secuestro de Venezuela) captur\u00f3 y judicializ\u00f3 en territorio de venezolano a la se\u00f1ora Portilla Urdaneta, quien ser\u00e1 judicializada, por el delito de homicidio en ese pa\u00eds.<\/p>\n<p>Con respecto a estos hechos, el Vicefiscal General de la Naci\u00f3n Jorge Fernando Perdomo invit\u00f3 a la ciudadan\u00eda a denunciar cualquier hecho que ponga en riesgo a los menores en el pa\u00eds.<\/p>\n<p>\u201cEl llamado que hemos hecho hoy es no solo a denunciar los delitos que se comenten en contra de menores, sino los delitos que pueden ser cometidos en el \u00e1mbito familiar, en el \u00e1mbito escolar, en las vecindades y poner en conocimiento de las autoridades cuando en la familia haya actos de violencia que perjudiquen a los menores de edad; se tiene que seguir avanzando en la denuncia y en el fortalecimiento de la denuncia pues en materia de delitos sexuales uno de los mayores problemas es que no se hace y que hay un sub registro porque las v\u00edctimas de estos delitos consideran que no deben denunciar por temor a ser revictimizados por sus agresores o por el mismo funcionamiento del aparato de justicia\u201d, puntualiz\u00f3 Perdomo.<\/p>\n<p>El Vicefiscal General de la Naci\u00f3n manifest\u00f3 la preocupaci\u00f3n de la entidad por el alto n\u00famero de delitos que se han cometido en los \u00faltimos a\u00f1os, y especialmente en los \u00faltimos meses, contra menores de edad.<\/p>\n<p>En 2015, la Fiscal\u00eda, por delitos orientados a infringir la libertad sexual de los menores imput\u00f3 a 3182 personas, \u201cesta es una cifra completamente preocupante porque demuestra que los menores de edad en Colombia est\u00e1n siendo v\u00edctimas de graves delitos y de la delincuencia del pa\u00eds\u201d, explic\u00f3 el alto funcionario.<\/p>\n<p>Asimismo revel\u00f3 que\u00a0 6500 ni\u00f1as menores de edad en 2014 habr\u00edan\u00a0 registrado haber tenido un hijo, esto significa que el acto sexual debi\u00f3 haberse registrado antes de los 14 a\u00f1os, lo que comporta la comisi\u00f3n de un delito.<\/p>\n<p>En su intervenci\u00f3n ante medios de comunicaci\u00f3n del departamento del Huila, el Vicefiscal Perdomo dio a conocer que en ente acusador tiene alrededor de 18.300 casos de delitos contra menores de edad, incluyendo aquellos relacionados con la sexualidad de los menores.<\/p>\n<p>\u201cHemos venido haciendo un balance para determinar qu\u00e9 es lo que est\u00e1 pasando y nos damos cuenta que los menores de edad son principalmente v\u00edctimas de delitos sexuales, de violencia intrafamiliar, de inasistencia alimentaria y de delitos asociados al conflicto como el reclutamiento il\u00edcito y el desplazamiento forzado\u201d.<\/p>\n<p>De acuerdo con lo manifestado por el Vicefiscal, en el Huila municipios como Colombia, Baraya, Algeciras y Tello, entre otros, son territorios en donde los menores de edad han sido tradicionalmente m\u00e1s vulnerables al reclutamiento il\u00edcito.<\/p>\n<p>&nbsp;<\/p>\n<p>MRB\/AMC\/DLBM<\/p>\n<p>_____________________________________________________________<\/p>\n<p><strong>Rueda de prensa Jorge Fernando Perdomo Torres, Vicefiscal General de la Naci\u00f3n\u00a0<\/strong><\/p>\n[audio:http:\/\/www.fiscalia.gov.co\/colombia\/wp-content\/uploads\/20150317.mp3|titles=Declaraciones]\n<p><a title=\"Descargar audio \" href=\"http:\/\/www.fiscalia.gov.co\/colombia\/wp-content\/uploads\/20150317.mp3\" target=\"_blank\">Descargar<\/a><\/p>\n<p>Tema:\u00a0Apareci\u00f3 sin vida ni\u00f1o de 10 a\u00f1os secuestrado el mes pasado en Tib\u00fa (Norte de Santander)<strong><br \/>\n<\/strong>Lugar:\u00a0\u00a0Nivel Central Fiscal\u00eda General de la Naci\u00f3n, Bogot\u00e1<br \/>\nFecha: 17 de marzo de 2015<\/p>\n\n<div class=\"twitter-share\"><a href=\"https:\/\/twitter.com\/intent\/tweet?via=fiscaliacol\" class=\"twitter-share-button\">Tweet<\/a><\/div>\n","protected":false},"excerpt":{"rendered":"<p>Un informe de Polic\u00eda Judicial entregado al fiscal especializado del Gaula de C\u00facuta (Norte de Santander), dio a conocer que Luis Fernando Lambert\u00ednez Calvo, el ni\u00f1o de 10 a\u00f1os que [&hellip;]<\/p>\n","protected":false},"author":143,"featured_media":0,"comment_status":"closed","ping_status":"open","sticky":false,"template":"","format":"standard","meta":{"tdm_status":"","tdm_grid_status":"","footnotes":""},"categories":[1],"tags":[11743,23963,23964,58],"class_list":["post-64255","post","type-post","status-publish","format-standard","category-noticias","tag-general-de-la-nacion","tag-jorge-fernando-perdomo-torres","tag-secuestro","tag-vicefiscal"],"yoast_head":"<!-- This site is optimized with the Yoast SEO plugin v24.3 - https:\/\/yoast.com\/wordpress\/plugins\/seo\/ -->\n<title>Fiscal\u00eda General de la Naci\u00f3n<\/title>\n<meta name=\"description\" content=\"P\u00e1gina oficial de la Fiscal\u00eda General de la Naci\u00f3n \u2013 Colombia. Garantizamos el acceso efectivo a la justicia, la verdad y la reparaci\u00f3n de las v\u00edctimas de los delitos.\" \/>\n<meta name=\"robots\" content=\"noindex, follow\" \/>\n<meta property=\"og:locale\" content=\"es_ES\" \/>\n<meta property=\"og:type\" content=\"article\" \/>\n<meta property=\"og:title\" content=\"Fiscal\u00eda General de la Naci\u00f3n\" \/>\n<meta property=\"og:description\" content=\"P\u00e1gina oficial de la Fiscal\u00eda General de la Naci\u00f3n \u2013 Colombia. Garantizamos el acceso efectivo a la justicia, la verdad y la reparaci\u00f3n de las v\u00edctimas de los delitos.\" \/>\n<meta property=\"og:url\" content=\"https:\/\/www.fiscalia.gov.co\/colombia\/noticias\/aparecio-sin-vida-nino-de-10-anos-secuestrado-el-mes-pasado-en-tibu-norte-de-santander\/\" \/>\n<meta property=\"og:site_name\" content=\"Fiscal\u00eda General de la Naci\u00f3n\" \/>\n<meta property=\"article:publisher\" content=\"https:\/\/www.facebook.com\/FiscaliaCol\" \/>\n<meta property=\"article:published_time\" content=\"2015-03-17T23:03:54+00:00\" \/>\n<meta property=\"article:modified_time\" content=\"2015-03-17T23:13:42+00:00\" \/>\n<meta name=\"author\" content=\"dfgordillo\" \/>\n<meta name=\"twitter:card\" content=\"summary_large_image\" \/>\n<meta name=\"twitter:creator\" content=\"@FiscaliaCol\" \/>\n<meta name=\"twitter:site\" content=\"@FiscaliaCol\" \/>\n<meta name=\"twitter:label1\" content=\"Escrito por\" \/>\n\t<meta name=\"twitter:data1\" content=\"dfgordillo\" \/>\n\t<meta name=\"twitter:label2\" content=\"Tiempo de lectura\" \/>\n\t<meta name=\"twitter:data2\" content=\"4 minutos\" \/>\n<script type=\"application\/ld+json\" class=\"yoast-schema-graph\">{\"@context\":\"https:\/\/schema.org\",\"@graph\":[{\"@type\":\"Article\",\"@id\":\"https:\/\/www.fiscalia.gov.co\/colombia\/noticias\/aparecio-sin-vida-nino-de-10-anos-secuestrado-el-mes-pasado-en-tibu-norte-de-santander\/#article\",\"isPartOf\":{\"@id\":\"https:\/\/www.fiscalia.gov.co\/colombia\/noticias\/aparecio-sin-vida-nino-de-10-anos-secuestrado-el-mes-pasado-en-tibu-norte-de-santander\/\"},\"author\":{\"name\":\"dfgordillo\",\"@id\":\"https:\/\/www.fiscalia.gov.co\/colombia\/#\/schema\/person\/3903856a3ce2d54b094c69eb29247895\"},\"headline\":\"Apareci\u00f3 sin vida ni\u00f1o de 10 a\u00f1os secuestrado el mes pasado en Tib\u00fa (Norte de Santander)\",\"datePublished\":\"2015-03-17T23:03:54+00:00\",\"dateModified\":\"2015-03-17T23:13:42+00:00\",\"mainEntityOfPage\":{\"@id\":\"https:\/\/www.fiscalia.gov.co\/colombia\/noticias\/aparecio-sin-vida-nino-de-10-anos-secuestrado-el-mes-pasado-en-tibu-norte-de-santander\/\"},\"wordCount\":757,\"publisher\":{\"@id\":\"https:\/\/www.fiscalia.gov.co\/colombia\/#organization\"},\"keywords\":[\"General de la Naci\u00f3n\",\"Jorge Fernando Perdomo Torres\",\"Secuestro\",\"Vicefiscal\"],\"articleSection\":[\"Noticias\"],\"inLanguage\":\"es-CO\"},{\"@type\":\"WebPage\",\"@id\":\"https:\/\/www.fiscalia.gov.co\/colombia\/noticias\/aparecio-sin-vida-nino-de-10-anos-secuestrado-el-mes-pasado-en-tibu-norte-de-santander\/\",\"url\":\"https:\/\/www.fiscalia.gov.co\/colombia\/noticias\/aparecio-sin-vida-nino-de-10-anos-secuestrado-el-mes-pasado-en-tibu-norte-de-santander\/\",\"name\":\"Fiscal\u00eda General de la Naci\u00f3n\",\"isPartOf\":{\"@id\":\"https:\/\/www.fiscalia.gov.co\/colombia\/#website\"},\"datePublished\":\"2015-03-17T23:03:54+00:00\",\"dateModified\":\"2015-03-17T23:13:42+00:00\",\"description\":\"P\u00e1gina oficial de la Fiscal\u00eda General de la Naci\u00f3n \u2013 Colombia. Garantizamos el acceso efectivo a la justicia, la verdad y la reparaci\u00f3n de las v\u00edctimas de los delitos.\",\"breadcrumb\":{\"@id\":\"https:\/\/www.fiscalia.gov.co\/colombia\/noticias\/aparecio-sin-vida-nino-de-10-anos-secuestrado-el-mes-pasado-en-tibu-norte-de-santander\/#breadcrumb\"},\"inLanguage\":\"es-CO\",\"potentialAction\":[{\"@type\":\"ReadAction\",\"target\":[\"https:\/\/www.fiscalia.gov.co\/colombia\/noticias\/aparecio-sin-vida-nino-de-10-anos-secuestrado-el-mes-pasado-en-tibu-norte-de-santander\/\"]}]},{\"@type\":\"BreadcrumbList\",\"@id\":\"https:\/\/www.fiscalia.gov.co\/colombia\/noticias\/aparecio-sin-vida-nino-de-10-anos-secuestrado-el-mes-pasado-en-tibu-norte-de-santander\/#breadcrumb\",\"itemListElement\":[{\"@type\":\"ListItem\",\"position\":1,\"name\":\"Home\",\"item\":\"https:\/\/www.fiscalia.gov.co\/colombia\/\"},{\"@type\":\"ListItem\",\"position\":2,\"name\":\"Apareci\u00f3 sin vida ni\u00f1o de 10 a\u00f1os secuestrado el mes pasado en Tib\u00fa (Norte de Santander)\"}]},{\"@type\":\"WebSite\",\"@id\":\"https:\/\/www.fiscalia.gov.co\/colombia\/#website\",\"url\":\"https:\/\/www.fiscalia.gov.co\/colombia\/\",\"name\":\"Fiscal\u00eda General de la Naci\u00f3n\",\"description\":\"P\u00e1gina oficial de la Fiscal\u00eda General de la Naci\u00f3n \u2013 Colombia. Garantizamos el acceso efectivo a la justicia, la verdad y la reparaci\u00f3n de las v\u00edctimas de los delitos.\",\"publisher\":{\"@id\":\"https:\/\/www.fiscalia.gov.co\/colombia\/#organization\"},\"potentialAction\":[{\"@type\":\"SearchAction\",\"target\":{\"@type\":\"EntryPoint\",\"urlTemplate\":\"https:\/\/www.fiscalia.gov.co\/colombia\/?s={search_term_string}\"},\"query-input\":{\"@type\":\"PropertyValueSpecification\",\"valueRequired\":true,\"valueName\":\"search_term_string\"}}],\"inLanguage\":\"es-CO\"},{\"@type\":\"Organization\",\"@id\":\"https:\/\/www.fiscalia.gov.co\/colombia\/#organization\",\"name\":\"Fiscal\u00eda General de la Naci\u00f3n\",\"url\":\"https:\/\/www.fiscalia.gov.co\/colombia\/\",\"logo\":{\"@type\":\"ImageObject\",\"inLanguage\":\"es-CO\",\"@id\":\"https:\/\/www.fiscalia.gov.co\/colombia\/#\/schema\/logo\/image\/\",\"url\":\"https:\/\/www.fiscalia.gov.co\/colombia\/wp-content\/uploads\/LogoHorizontal_1.jpg\",\"contentUrl\":\"https:\/\/www.fiscalia.gov.co\/colombia\/wp-content\/uploads\/LogoHorizontal_1.jpg\",\"width\":300,\"height\":90,\"caption\":\"Fiscal\u00eda General de la Naci\u00f3n\"},\"image\":{\"@id\":\"https:\/\/www.fiscalia.gov.co\/colombia\/#\/schema\/logo\/image\/\"},\"sameAs\":[\"https:\/\/www.facebook.com\/FiscaliaCol\",\"https:\/\/x.com\/FiscaliaCol\",\"https:\/\/www.instagram.com\/fiscaliacol\",\"https:\/\/www.linkedin.com\/company\/fiscalia-general-de-la-naci-n\/\",\"https:\/\/youtube.com\/@fiscaliageneraldelanacion-4668?si=6nN79nyQICPU5iTh\"]},{\"@type\":\"Person\",\"@id\":\"https:\/\/www.fiscalia.gov.co\/colombia\/#\/schema\/person\/3903856a3ce2d54b094c69eb29247895\",\"name\":\"dfgordillo\",\"image\":{\"@type\":\"ImageObject\",\"inLanguage\":\"es-CO\",\"@id\":\"https:\/\/www.fiscalia.gov.co\/colombia\/#\/schema\/person\/image\/\",\"url\":\"https:\/\/secure.gravatar.com\/avatar\/b6356e21c5657c60757fe6fb9493e947?s=96&d=mm&r=g\",\"contentUrl\":\"https:\/\/secure.gravatar.com\/avatar\/b6356e21c5657c60757fe6fb9493e947?s=96&d=mm&r=g\",\"caption\":\"dfgordillo\"},\"sameAs\":[\"dfgordillo\"],\"url\":\"https:\/\/www.fiscalia.gov.co\/colombia\/author\/dfgordillo\/\"}]}<\/script>\n<!-- \/ Yoast SEO plugin. -->","yoast_head_json":{"title":"Fiscal\u00eda General de la Naci\u00f3n","description":"P\u00e1gina oficial de la Fiscal\u00eda General de la Naci\u00f3n \u2013 Colombia. Garantizamos el acceso efectivo a la justicia, la verdad y la reparaci\u00f3n de las v\u00edctimas de los delitos.","robots":{"index":"noindex","follow":"follow"},"og_locale":"es_ES","og_type":"article","og_title":"Fiscal\u00eda General de la Naci\u00f3n","og_description":"P\u00e1gina oficial de la Fiscal\u00eda General de la Naci\u00f3n \u2013 Colombia. Garantizamos el acceso efectivo a la justicia, la verdad y la reparaci\u00f3n de las v\u00edctimas de los delitos.","og_url":"https:\/\/www.fiscalia.gov.co\/colombia\/noticias\/aparecio-sin-vida-nino-de-10-anos-secuestrado-el-mes-pasado-en-tibu-norte-de-santander\/","og_site_name":"Fiscal\u00eda General de la Naci\u00f3n","article_publisher":"https:\/\/www.facebook.com\/FiscaliaCol","article_published_time":"2015-03-17T23:03:54+00:00","article_modified_time":"2015-03-17T23:13:42+00:00","author":"dfgordillo","twitter_card":"summary_large_image","twitter_creator":"@FiscaliaCol","twitter_site":"@FiscaliaCol","twitter_misc":{"Escrito por":"dfgordillo","Tiempo de lectura":"4 minutos"},"schema":{"@context":"https:\/\/schema.org","@graph":[{"@type":"Article","@id":"https:\/\/www.fiscalia.gov.co\/colombia\/noticias\/aparecio-sin-vida-nino-de-10-anos-secuestrado-el-mes-pasado-en-tibu-norte-de-santander\/#article","isPartOf":{"@id":"https:\/\/www.fiscalia.gov.co\/colombia\/noticias\/aparecio-sin-vida-nino-de-10-anos-secuestrado-el-mes-pasado-en-tibu-norte-de-santander\/"},"author":{"name":"dfgordillo","@id":"https:\/\/www.fiscalia.gov.co\/colombia\/#\/schema\/person\/3903856a3ce2d54b094c69eb29247895"},"headline":"Apareci\u00f3 sin vida ni\u00f1o de 10 a\u00f1os secuestrado el mes pasado en Tib\u00fa (Norte de Santander)","datePublished":"2015-03-17T23:03:54+00:00","dateModified":"2015-03-17T23:13:42+00:00","mainEntityOfPage":{"@id":"https:\/\/www.fiscalia.gov.co\/colombia\/noticias\/aparecio-sin-vida-nino-de-10-anos-secuestrado-el-mes-pasado-en-tibu-norte-de-santander\/"},"wordCount":757,"publisher":{"@id":"https:\/\/www.fiscalia.gov.co\/colombia\/#organization"},"keywords":["General de la Naci\u00f3n","Jorge Fernando Perdomo Torres","Secuestro","Vicefiscal"],"articleSection":["Noticias"],"inLanguage":"es-CO"},{"@type":"WebPage","@id":"https:\/\/www.fiscalia.gov.co\/colombia\/noticias\/aparecio-sin-vida-nino-de-10-anos-secuestrado-el-mes-pasado-en-tibu-norte-de-santander\/","url":"https:\/\/www.fiscalia.gov.co\/colombia\/noticias\/aparecio-sin-vida-nino-de-10-anos-secuestrado-el-mes-pasado-en-tibu-norte-de-santander\/","name":"Fiscal\u00eda General de la Naci\u00f3n","isPartOf":{"@id":"https:\/\/www.fiscalia.gov.co\/colombia\/#website"},"datePublished":"2015-03-17T23:03:54+00:00","dateModified":"2015-03-17T23:13:42+00:00","description":"P\u00e1gina oficial de la Fiscal\u00eda General de la Naci\u00f3n \u2013 Colombia. Garantizamos el acceso efectivo a la justicia, la verdad y la reparaci\u00f3n de las v\u00edctimas de los delitos.","breadcrumb":{"@id":"https:\/\/www.fiscalia.gov.co\/colombia\/noticias\/aparecio-sin-vida-nino-de-10-anos-secuestrado-el-mes-pasado-en-tibu-norte-de-santander\/#breadcrumb"},"inLanguage":"es-CO","potentialAction":[{"@type":"ReadAction","target":["https:\/\/www.fiscalia.gov.co\/colombia\/noticias\/aparecio-sin-vida-nino-de-10-anos-secuestrado-el-mes-pasado-en-tibu-norte-de-santander\/"]}]},{"@type":"BreadcrumbList","@id":"https:\/\/www.fiscalia.gov.co\/colombia\/noticias\/aparecio-sin-vida-nino-de-10-anos-secuestrado-el-mes-pasado-en-tibu-norte-de-santander\/#breadcrumb","itemListElement":[{"@type":"ListItem","position":1,"name":"Home","item":"https:\/\/www.fiscalia.gov.co\/colombia\/"},{"@type":"ListItem","position":2,"name":"Apareci\u00f3 sin vida ni\u00f1o de 10 a\u00f1os secuestrado el mes pasado en Tib\u00fa (Norte de Santander)"}]},{"@type":"WebSite","@id":"https:\/\/www.fiscalia.gov.co\/colombia\/#website","url":"https:\/\/www.fiscalia.gov.co\/colombia\/","name":"Fiscal\u00eda General de la Naci\u00f3n","description":"P\u00e1gina oficial de la Fiscal\u00eda General de la Naci\u00f3n \u2013 Colombia. Garantizamos el acceso efectivo a la justicia, la verdad y la reparaci\u00f3n de las v\u00edctimas de los delitos.","publisher":{"@id":"https:\/\/www.fiscalia.gov.co\/colombia\/#organization"},"potentialAction":[{"@type":"SearchAction","target":{"@type":"EntryPoint","urlTemplate":"https:\/\/www.fiscalia.gov.co\/colombia\/?s={search_term_string}"},"query-input":{"@type":"PropertyValueSpecification","valueRequired":true,"valueName":"search_term_string"}}],"inLanguage":"es-CO"},{"@type":"Organization","@id":"https:\/\/www.fiscalia.gov.co\/colombia\/#organization","name":"Fiscal\u00eda General de la Naci\u00f3n","url":"https:\/\/www.fiscalia.gov.co\/colombia\/","logo":{"@type":"ImageObject","inLanguage":"es-CO","@id":"https:\/\/www.fiscalia.gov.co\/colombia\/#\/schema\/logo\/image\/","url":"https:\/\/www.fiscalia.gov.co\/colombia\/wp-content\/uploads\/LogoHorizontal_1.jpg","contentUrl":"https:\/\/www.fiscalia.gov.co\/colombia\/wp-content\/uploads\/LogoHorizontal_1.jpg","width":300,"height":90,"caption":"Fiscal\u00eda General de la Naci\u00f3n"},"image":{"@id":"https:\/\/www.fiscalia.gov.co\/colombia\/#\/schema\/logo\/image\/"},"sameAs":["https:\/\/www.facebook.com\/FiscaliaCol","https:\/\/x.com\/FiscaliaCol","https:\/\/www.instagram.com\/fiscaliacol","https:\/\/www.linkedin.com\/company\/fiscalia-general-de-la-naci-n\/","https:\/\/youtube.com\/@fiscaliageneraldelanacion-4668?si=6nN79nyQICPU5iTh"]},{"@type":"Person","@id":"https:\/\/www.fiscalia.gov.co\/colombia\/#\/schema\/person\/3903856a3ce2d54b094c69eb29247895","name":"dfgordillo","image":{"@type":"ImageObject","inLanguage":"es-CO","@id":"https:\/\/www.fiscalia.gov.co\/colombia\/#\/schema\/person\/image\/","url":"https:\/\/secure.gravatar.com\/avatar\/b6356e21c5657c60757fe6fb9493e947?s=96&d=mm&r=g","contentUrl":"https:\/\/secure.gravatar.com\/avatar\/b6356e21c5657c60757fe6fb9493e947?s=96&d=mm&r=g","caption":"dfgordillo"},"sameAs":["dfgordillo"],"url":"https:\/\/www.fiscalia.gov.co\/colombia\/author\/dfgordillo\/"}]}},"_links":{"self":[{"href":"https:\/\/www.fiscalia.gov.co\/colombia\/wp-json\/wp\/v2\/posts\/64255","targetHints":{"allow":["GET"]}}],"collection":[{"href":"https:\/\/www.fiscalia.gov.co\/colombia\/wp-json\/wp\/v2\/posts"}],"about":[{"href":"https:\/\/www.fiscalia.gov.co\/colombia\/wp-json\/wp\/v2\/types\/post"}],"author":[{"embeddable":true,"href":"https:\/\/www.fiscalia.gov.co\/colombia\/wp-json\/wp\/v2\/users\/143"}],"replies":[{"embeddable":true,"href":"https:\/\/www.fiscalia.gov.co\/colombia\/wp-json\/wp\/v2\/comments?post=64255"}],"version-history":[{"count":4,"href":"https:\/\/www.fiscalia.gov.co\/colombia\/wp-json\/wp\/v2\/posts\/64255\/revisions"}],"predecessor-version":[{"id":64261,"href":"https:\/\/www.fiscalia.gov.co\/colombia\/wp-json\/wp\/v2\/posts\/64255\/revisions\/64261"}],"wp:attachment":[{"href":"https:\/\/www.fiscalia.gov.co\/colombia\/wp-json\/wp\/v2\/media?parent=64255"}],"wp:term":[{"taxonomy":"category","embeddable":true,"href":"https:\/\/www.fiscalia.gov.co\/colombia\/wp-json\/wp\/v2\/categories?post=64255"},{"taxonomy":"post_tag","embeddable":true,"href":"https:\/\/www.fiscalia.gov.co\/colombia\/wp-json\/wp\/v2\/tags?post=64255"}],"curies":[{"name":"wp","href":"https:\/\/api.w.org\/{rel}","templated":true}]}}