{"id":64035,"date":"2015-03-14T10:51:04","date_gmt":"2015-03-14T15:51:04","guid":{"rendered":"http:\/\/www.fiscalia.gov.co\/colombia\/?p=64035"},"modified":"2015-03-14T11:15:27","modified_gmt":"2015-03-14T16:15:27","slug":"comunicado-de-prensa-084","status":"publish","type":"post","link":"https:\/\/www.fiscalia.gov.co\/colombia\/noticias\/destacada\/comunicado-de-prensa-084\/","title":{"rendered":"Comunicado de prensa 084"},"content":{"rendered":"<p>Con ocasi\u00f3n del paro camionero iniciado el 24 de febrero y ante el anuncio de cese de actividades de algunos representantes de agremiaciones de taxistas desde el lunes 16 de marzo, la Fiscal\u00eda General de la Naci\u00f3n, el Ministerio de Transporte y la Polic\u00eda Nacional adoptaron un plan de choque para garantizar la normalidad en el transporte a nivel nacional, el derecho a la libre locomoci\u00f3n de la ciudadan\u00eda y judicializar inmediatamente a quienes perturben el orden p\u00fablico, bloqueen v\u00edas e impidan la libre movilizaci\u00f3n.<\/p>\n<p>Entre las medidas extraordinarias figuran:<\/p>\n<p>La Fiscal\u00eda General, la Polic\u00eda Nacional, el Ministerio de Transporte, jueces de control de garant\u00edas, y el Instituto Colombiano de Bienestar Familiar trabajar\u00e1n coordinadamente.<\/p>\n<ol>\n<li>Se activar\u00e1n unidades de Polic\u00eda encubiertos que detectar\u00e1n e individualizar\u00e1n a quienes instiguen bloqueos y promuevan alteraciones en el orden p\u00fablico.<\/li>\n<li>Se instalar\u00e1n grupos de trabajo del Cuerpo T\u00e9cnico de Investigaci\u00f3n de la Fiscal\u00eda y la Polic\u00eda Nacional en todo el territorio nacional con capacidad de realizar capturas en flagrancia.<\/li>\n<li>La Fiscal\u00eda ha dispuesto 115 (ciento quince) fiscales que investigar\u00e1n y presentar\u00e1n ante los jueces a los determinadores de actos violentos y a todos aquellos que instiguen la comisi\u00f3n de actos que perturben la movilidad y se deriven en agresiones contra los mismos integrantes de los gremios transportadores que no participan en las protestas.<\/li>\n<li>La Polic\u00eda Nacional ha designado a 350 investigadores y el CTI a 300 servidores que aportar\u00e1n pruebas y acompa\u00f1ar\u00e1n a los fiscales que coordinar\u00e1n las investigaciones correspondientes.<\/li>\n<li>Disponer en los 35 departamentos de unidades de infancia y adolescencia para los sitios en los cuales se instrumentalicen menores de edad.<\/li>\n<li>Disponer de 50 (cincuenta) gr\u00faas que retirar\u00e1n e inmovilizar\u00e1n los veh\u00edculos que sean utilizados para obstruir v\u00edas y sobre los cuales la Fiscal\u00eda aplicar\u00e1 la figura del comiso con fines de extinci\u00f3n del dominio en los casos en que sirvan de instrumento\u00a0 para la comisi\u00f3n de delitos.<\/li>\n<li>Las conductas punibles que generalmente se cometen en este tipo de situaciones son:<br \/>\na. Art. 353.\u00a0 Perturbaci\u00f3n en servicio de transporte p\u00fablico, colectivo y oficial.\u00a0 Pena de 4 a 8 a\u00f1os<br \/>\nb. Art. 353 A. Obstrucci\u00f3n a v\u00edas p\u00fablicas que afecten el orden p\u00fablico.\u00a0 Pena de 24 a 48 meses<br \/>\nc. Art. 359.\u00a0 Empleo o lanzamiento de sustancias u objetos peligrosos. Pena de 16 a 90 meses si no constituye otro delito, y de 80 a 180 meses con fines terroristas o contra miembros de la fuerza p\u00fablica.<br \/>\nd. Art. 188 D. Uso de menores de edad en la comisi\u00f3n de delitos.\u00a0 Pena de 10 a 20 a\u00f1os. Si se tratare con menor de 14 a\u00f1os, se aumentar\u00e1 de una tercera parte a la mitad.<br \/>\ne. Art.\u00a0 265.\u00a0 Da\u00f1o en bien ajeno.\u00a0 Pena de 1 a 5 a\u00f1os<br \/>\nf. Art. 429.\u00a0 Violencia contra servidor p\u00fablico.\u00a0 Pena de 4 a 8 a\u00f1os<br \/>\ng. Art. 184. Constre\u00f1imiento para delinquir.\u00a0 Pena de 1 a 3 a\u00f1os<br \/>\nh. Art. 348.\u00a0 Instigaci\u00f3n a delinquir.\u00a0 Pena de<br \/>\ni. Art. 350.\u00a0 Incendio.\u00a0 Pena de 1 a 8 a\u00f1os<br \/>\nj. Art. 103. Homicidio.\u00a0 Pena de 208 a 450 meses (aprox. 17 a 37 a\u00f1os)<br \/>\nk. Art. 109. Homicidio culposo.\u00a0 Pena de 2 a 6 a\u00f1os<br \/>\nl. Art.\u00a0 111. Lesiones.\u00a0 Pena de 16 meses a 162 meses<br \/>\nm. Art. 343. Terrorismo. Pena de 160 a 270 meses (aprox. 13 a 22 a\u00f1os)<br \/>\nn. Art. 365.\u00a0 Fabricaci\u00f3n, tr\u00e1fico, porte o tenencia de armas de fuego, accesorios, partes o municiones. Pena de 9 a 12 a\u00f1os<\/li>\n<\/ol>\n<p>La Fiscal\u00eda General y el Gobierno Nacional garantizan el derecho leg\u00edtimo a la protesta social en la medida en que no se utilicen medios il\u00edcitos o violentos que impidan el pleno goce de los derechos de la ciudadan\u00eda en general.<\/p>\n<p>&nbsp;<\/p>\n<p>Direcci\u00f3n Nacional de Comunicaciones, Prensa y Protocolo<\/p>\n<p>____________________________________________<\/p>\n<p><strong>Rueda de prensa\u00a0Eduardo Montealegre Lynett, Fiscal General de la Naci\u00f3n, Natalia Abello, Ministra de Transporte y Rodolfo Palomino, Director General de la Polic\u00eda Nacional<\/strong><\/p>\n<p><strong><strong>\u00a0<\/strong><\/strong>[audio:http:\/\/www.fiscalia.gov.co\/colombia\/wp-content\/uploads\/rueda_prensa_14032015.mp3]\n<p><a title=\"Comunicado de prensa 084\" href=\"http:\/\/www.fiscalia.gov.co\/colombia\/wp-content\/uploads\/rueda_prensa_14032015.mp3\">Descargar<\/a><\/p>\n<p>Tema: Medidas extraordinarias con motivo del paro transportador<strong><br \/>\n<\/strong>Lugar:\u00a0\u00a0Nivel Central Fiscal\u00eda General de la Naci\u00f3n, Bogot\u00e1<br \/>\nFecha: 14 de marzo de 2015<\/p>\n\n<div class=\"twitter-share\"><a href=\"https:\/\/twitter.com\/intent\/tweet?via=fiscaliacol\" class=\"twitter-share-button\">Tweet<\/a><\/div>\n","protected":false},"excerpt":{"rendered":"<p>Con ocasi\u00f3n del paro camionero iniciado el 24 de febrero y ante el anuncio de cese de actividades de algunos representantes de agremiaciones de taxistas<\/p>\n","protected":false},"author":143,"featured_media":0,"comment_status":"closed","ping_status":"open","sticky":false,"template":"","format":"standard","meta":{"tdm_status":"","tdm_grid_status":"","footnotes":""},"categories":[3],"tags":[11688,11685,8478,11687,11686,558,11689,11690],"class_list":{"0":"post-64035","1":"post","2":"type-post","3":"status-publish","4":"format-standard","6":"category-destacada","7":"tag-bloqueo-de-vias","8":"tag-comunicado-numero-084","9":"tag-ministerio-de-transporte","10":"tag-orden-publico","11":"tag-paro-transportador","12":"tag-policia-nacional","13":"tag-taxistas","14":"tag-uber"},"yoast_head":"<!-- This site is optimized with the Yoast SEO plugin v24.3 - https:\/\/yoast.com\/wordpress\/plugins\/seo\/ -->\n<title>Fiscal\u00eda General de la Naci\u00f3n<\/title>\n<meta name=\"description\" content=\"P\u00e1gina oficial de la Fiscal\u00eda General de la Naci\u00f3n \u2013 Colombia. Garantizamos el acceso efectivo a la justicia, la verdad y la reparaci\u00f3n de las v\u00edctimas de los delitos.\" \/>\n<meta name=\"robots\" content=\"noindex, follow\" \/>\n<meta property=\"og:locale\" content=\"es_ES\" \/>\n<meta property=\"og:type\" content=\"article\" \/>\n<meta property=\"og:title\" content=\"Fiscal\u00eda General de la Naci\u00f3n\" \/>\n<meta property=\"og:description\" content=\"P\u00e1gina oficial de la Fiscal\u00eda General de la Naci\u00f3n \u2013 Colombia. Garantizamos el acceso efectivo a la justicia, la verdad y la reparaci\u00f3n de las v\u00edctimas de los delitos.\" \/>\n<meta property=\"og:url\" content=\"https:\/\/www.fiscalia.gov.co\/colombia\/noticias\/destacada\/comunicado-de-prensa-084\/\" \/>\n<meta property=\"og:site_name\" content=\"Fiscal\u00eda General de la Naci\u00f3n\" \/>\n<meta property=\"article:publisher\" content=\"https:\/\/www.facebook.com\/FiscaliaCol\" \/>\n<meta property=\"article:published_time\" content=\"2015-03-14T15:51:04+00:00\" \/>\n<meta property=\"article:modified_time\" content=\"2015-03-14T16:15:27+00:00\" \/>\n<meta name=\"author\" content=\"dfgordillo\" \/>\n<meta name=\"twitter:card\" content=\"summary_large_image\" \/>\n<meta name=\"twitter:creator\" content=\"@FiscaliaCol\" \/>\n<meta name=\"twitter:site\" content=\"@FiscaliaCol\" \/>\n<meta name=\"twitter:label1\" content=\"Escrito por\" \/>\n\t<meta name=\"twitter:data1\" content=\"dfgordillo\" \/>\n\t<meta name=\"twitter:label2\" content=\"Tiempo de lectura\" \/>\n\t<meta name=\"twitter:data2\" content=\"3 minutos\" \/>\n<script type=\"application\/ld+json\" class=\"yoast-schema-graph\">{\"@context\":\"https:\/\/schema.org\",\"@graph\":[{\"@type\":\"Article\",\"@id\":\"https:\/\/www.fiscalia.gov.co\/colombia\/noticias\/destacada\/comunicado-de-prensa-084\/#article\",\"isPartOf\":{\"@id\":\"https:\/\/www.fiscalia.gov.co\/colombia\/noticias\/destacada\/comunicado-de-prensa-084\/\"},\"author\":{\"name\":\"dfgordillo\",\"@id\":\"https:\/\/www.fiscalia.gov.co\/colombia\/#\/schema\/person\/3903856a3ce2d54b094c69eb29247895\"},\"headline\":\"Comunicado de prensa 084\",\"datePublished\":\"2015-03-14T15:51:04+00:00\",\"dateModified\":\"2015-03-14T16:15:27+00:00\",\"mainEntityOfPage\":{\"@id\":\"https:\/\/www.fiscalia.gov.co\/colombia\/noticias\/destacada\/comunicado-de-prensa-084\/\"},\"wordCount\":699,\"publisher\":{\"@id\":\"https:\/\/www.fiscalia.gov.co\/colombia\/#organization\"},\"keywords\":[\"bloqueo de vias\",\"Comunicado n\u00famero 084\",\"Ministerio de Transporte\",\"orden publico\",\"Paro transportador\",\"Polic\u00eda Nacional\",\"taxistas\",\"Uber\"],\"articleSection\":[\"Destacada\"],\"inLanguage\":\"es-CO\"},{\"@type\":\"WebPage\",\"@id\":\"https:\/\/www.fiscalia.gov.co\/colombia\/noticias\/destacada\/comunicado-de-prensa-084\/\",\"url\":\"https:\/\/www.fiscalia.gov.co\/colombia\/noticias\/destacada\/comunicado-de-prensa-084\/\",\"name\":\"Fiscal\u00eda General de la Naci\u00f3n\",\"isPartOf\":{\"@id\":\"https:\/\/www.fiscalia.gov.co\/colombia\/#website\"},\"datePublished\":\"2015-03-14T15:51:04+00:00\",\"dateModified\":\"2015-03-14T16:15:27+00:00\",\"description\":\"P\u00e1gina oficial de la Fiscal\u00eda General de la Naci\u00f3n \u2013 Colombia. Garantizamos el acceso efectivo a la justicia, la verdad y la reparaci\u00f3n de las v\u00edctimas de los delitos.\",\"breadcrumb\":{\"@id\":\"https:\/\/www.fiscalia.gov.co\/colombia\/noticias\/destacada\/comunicado-de-prensa-084\/#breadcrumb\"},\"inLanguage\":\"es-CO\",\"potentialAction\":[{\"@type\":\"ReadAction\",\"target\":[\"https:\/\/www.fiscalia.gov.co\/colombia\/noticias\/destacada\/comunicado-de-prensa-084\/\"]}]},{\"@type\":\"BreadcrumbList\",\"@id\":\"https:\/\/www.fiscalia.gov.co\/colombia\/noticias\/destacada\/comunicado-de-prensa-084\/#breadcrumb\",\"itemListElement\":[{\"@type\":\"ListItem\",\"position\":1,\"name\":\"Home\",\"item\":\"https:\/\/www.fiscalia.gov.co\/colombia\/\"},{\"@type\":\"ListItem\",\"position\":2,\"name\":\"Comunicado de prensa 084\"}]},{\"@type\":\"WebSite\",\"@id\":\"https:\/\/www.fiscalia.gov.co\/colombia\/#website\",\"url\":\"https:\/\/www.fiscalia.gov.co\/colombia\/\",\"name\":\"Fiscal\u00eda General de la Naci\u00f3n\",\"description\":\"P\u00e1gina oficial de la Fiscal\u00eda General de la Naci\u00f3n \u2013 Colombia. Garantizamos el acceso efectivo a la justicia, la verdad y la reparaci\u00f3n de las v\u00edctimas de los delitos.\",\"publisher\":{\"@id\":\"https:\/\/www.fiscalia.gov.co\/colombia\/#organization\"},\"potentialAction\":[{\"@type\":\"SearchAction\",\"target\":{\"@type\":\"EntryPoint\",\"urlTemplate\":\"https:\/\/www.fiscalia.gov.co\/colombia\/?s={search_term_string}\"},\"query-input\":{\"@type\":\"PropertyValueSpecification\",\"valueRequired\":true,\"valueName\":\"search_term_string\"}}],\"inLanguage\":\"es-CO\"},{\"@type\":\"Organization\",\"@id\":\"https:\/\/www.fiscalia.gov.co\/colombia\/#organization\",\"name\":\"Fiscal\u00eda General de la Naci\u00f3n\",\"url\":\"https:\/\/www.fiscalia.gov.co\/colombia\/\",\"logo\":{\"@type\":\"ImageObject\",\"inLanguage\":\"es-CO\",\"@id\":\"https:\/\/www.fiscalia.gov.co\/colombia\/#\/schema\/logo\/image\/\",\"url\":\"https:\/\/www.fiscalia.gov.co\/colombia\/wp-content\/uploads\/LogoHorizontal_1.jpg\",\"contentUrl\":\"https:\/\/www.fiscalia.gov.co\/colombia\/wp-content\/uploads\/LogoHorizontal_1.jpg\",\"width\":300,\"height\":90,\"caption\":\"Fiscal\u00eda General de la Naci\u00f3n\"},\"image\":{\"@id\":\"https:\/\/www.fiscalia.gov.co\/colombia\/#\/schema\/logo\/image\/\"},\"sameAs\":[\"https:\/\/www.facebook.com\/FiscaliaCol\",\"https:\/\/x.com\/FiscaliaCol\",\"https:\/\/www.instagram.com\/fiscaliacol\",\"https:\/\/www.linkedin.com\/company\/fiscalia-general-de-la-naci-n\/\",\"https:\/\/youtube.com\/@fiscaliageneraldelanacion-4668?si=6nN79nyQICPU5iTh\"]},{\"@type\":\"Person\",\"@id\":\"https:\/\/www.fiscalia.gov.co\/colombia\/#\/schema\/person\/3903856a3ce2d54b094c69eb29247895\",\"name\":\"dfgordillo\",\"image\":{\"@type\":\"ImageObject\",\"inLanguage\":\"es-CO\",\"@id\":\"https:\/\/www.fiscalia.gov.co\/colombia\/#\/schema\/person\/image\/\",\"url\":\"https:\/\/secure.gravatar.com\/avatar\/b6356e21c5657c60757fe6fb9493e947?s=96&d=mm&r=g\",\"contentUrl\":\"https:\/\/secure.gravatar.com\/avatar\/b6356e21c5657c60757fe6fb9493e947?s=96&d=mm&r=g\",\"caption\":\"dfgordillo\"},\"sameAs\":[\"dfgordillo\"],\"url\":\"https:\/\/www.fiscalia.gov.co\/colombia\/author\/dfgordillo\/\"}]}<\/script>\n<!-- \/ Yoast SEO plugin. -->","yoast_head_json":{"title":"Fiscal\u00eda General de la Naci\u00f3n","description":"P\u00e1gina oficial de la Fiscal\u00eda General de la Naci\u00f3n \u2013 Colombia. Garantizamos el acceso efectivo a la justicia, la verdad y la reparaci\u00f3n de las v\u00edctimas de los delitos.","robots":{"index":"noindex","follow":"follow"},"og_locale":"es_ES","og_type":"article","og_title":"Fiscal\u00eda General de la Naci\u00f3n","og_description":"P\u00e1gina oficial de la Fiscal\u00eda General de la Naci\u00f3n \u2013 Colombia. Garantizamos el acceso efectivo a la justicia, la verdad y la reparaci\u00f3n de las v\u00edctimas de los delitos.","og_url":"https:\/\/www.fiscalia.gov.co\/colombia\/noticias\/destacada\/comunicado-de-prensa-084\/","og_site_name":"Fiscal\u00eda General de la Naci\u00f3n","article_publisher":"https:\/\/www.facebook.com\/FiscaliaCol","article_published_time":"2015-03-14T15:51:04+00:00","article_modified_time":"2015-03-14T16:15:27+00:00","author":"dfgordillo","twitter_card":"summary_large_image","twitter_creator":"@FiscaliaCol","twitter_site":"@FiscaliaCol","twitter_misc":{"Escrito por":"dfgordillo","Tiempo de lectura":"3 minutos"},"schema":{"@context":"https:\/\/schema.org","@graph":[{"@type":"Article","@id":"https:\/\/www.fiscalia.gov.co\/colombia\/noticias\/destacada\/comunicado-de-prensa-084\/#article","isPartOf":{"@id":"https:\/\/www.fiscalia.gov.co\/colombia\/noticias\/destacada\/comunicado-de-prensa-084\/"},"author":{"name":"dfgordillo","@id":"https:\/\/www.fiscalia.gov.co\/colombia\/#\/schema\/person\/3903856a3ce2d54b094c69eb29247895"},"headline":"Comunicado de prensa 084","datePublished":"2015-03-14T15:51:04+00:00","dateModified":"2015-03-14T16:15:27+00:00","mainEntityOfPage":{"@id":"https:\/\/www.fiscalia.gov.co\/colombia\/noticias\/destacada\/comunicado-de-prensa-084\/"},"wordCount":699,"publisher":{"@id":"https:\/\/www.fiscalia.gov.co\/colombia\/#organization"},"keywords":["bloqueo de vias","Comunicado n\u00famero 084","Ministerio de Transporte","orden publico","Paro transportador","Polic\u00eda Nacional","taxistas","Uber"],"articleSection":["Destacada"],"inLanguage":"es-CO"},{"@type":"WebPage","@id":"https:\/\/www.fiscalia.gov.co\/colombia\/noticias\/destacada\/comunicado-de-prensa-084\/","url":"https:\/\/www.fiscalia.gov.co\/colombia\/noticias\/destacada\/comunicado-de-prensa-084\/","name":"Fiscal\u00eda General de la Naci\u00f3n","isPartOf":{"@id":"https:\/\/www.fiscalia.gov.co\/colombia\/#website"},"datePublished":"2015-03-14T15:51:04+00:00","dateModified":"2015-03-14T16:15:27+00:00","description":"P\u00e1gina oficial de la Fiscal\u00eda General de la Naci\u00f3n \u2013 Colombia. Garantizamos el acceso efectivo a la justicia, la verdad y la reparaci\u00f3n de las v\u00edctimas de los delitos.","breadcrumb":{"@id":"https:\/\/www.fiscalia.gov.co\/colombia\/noticias\/destacada\/comunicado-de-prensa-084\/#breadcrumb"},"inLanguage":"es-CO","potentialAction":[{"@type":"ReadAction","target":["https:\/\/www.fiscalia.gov.co\/colombia\/noticias\/destacada\/comunicado-de-prensa-084\/"]}]},{"@type":"BreadcrumbList","@id":"https:\/\/www.fiscalia.gov.co\/colombia\/noticias\/destacada\/comunicado-de-prensa-084\/#breadcrumb","itemListElement":[{"@type":"ListItem","position":1,"name":"Home","item":"https:\/\/www.fiscalia.gov.co\/colombia\/"},{"@type":"ListItem","position":2,"name":"Comunicado de prensa 084"}]},{"@type":"WebSite","@id":"https:\/\/www.fiscalia.gov.co\/colombia\/#website","url":"https:\/\/www.fiscalia.gov.co\/colombia\/","name":"Fiscal\u00eda General de la Naci\u00f3n","description":"P\u00e1gina oficial de la Fiscal\u00eda General de la Naci\u00f3n \u2013 Colombia. Garantizamos el acceso efectivo a la justicia, la verdad y la reparaci\u00f3n de las v\u00edctimas de los delitos.","publisher":{"@id":"https:\/\/www.fiscalia.gov.co\/colombia\/#organization"},"potentialAction":[{"@type":"SearchAction","target":{"@type":"EntryPoint","urlTemplate":"https:\/\/www.fiscalia.gov.co\/colombia\/?s={search_term_string}"},"query-input":{"@type":"PropertyValueSpecification","valueRequired":true,"valueName":"search_term_string"}}],"inLanguage":"es-CO"},{"@type":"Organization","@id":"https:\/\/www.fiscalia.gov.co\/colombia\/#organization","name":"Fiscal\u00eda General de la Naci\u00f3n","url":"https:\/\/www.fiscalia.gov.co\/colombia\/","logo":{"@type":"ImageObject","inLanguage":"es-CO","@id":"https:\/\/www.fiscalia.gov.co\/colombia\/#\/schema\/logo\/image\/","url":"https:\/\/www.fiscalia.gov.co\/colombia\/wp-content\/uploads\/LogoHorizontal_1.jpg","contentUrl":"https:\/\/www.fiscalia.gov.co\/colombia\/wp-content\/uploads\/LogoHorizontal_1.jpg","width":300,"height":90,"caption":"Fiscal\u00eda General de la Naci\u00f3n"},"image":{"@id":"https:\/\/www.fiscalia.gov.co\/colombia\/#\/schema\/logo\/image\/"},"sameAs":["https:\/\/www.facebook.com\/FiscaliaCol","https:\/\/x.com\/FiscaliaCol","https:\/\/www.instagram.com\/fiscaliacol","https:\/\/www.linkedin.com\/company\/fiscalia-general-de-la-naci-n\/","https:\/\/youtube.com\/@fiscaliageneraldelanacion-4668?si=6nN79nyQICPU5iTh"]},{"@type":"Person","@id":"https:\/\/www.fiscalia.gov.co\/colombia\/#\/schema\/person\/3903856a3ce2d54b094c69eb29247895","name":"dfgordillo","image":{"@type":"ImageObject","inLanguage":"es-CO","@id":"https:\/\/www.fiscalia.gov.co\/colombia\/#\/schema\/person\/image\/","url":"https:\/\/secure.gravatar.com\/avatar\/b6356e21c5657c60757fe6fb9493e947?s=96&d=mm&r=g","contentUrl":"https:\/\/secure.gravatar.com\/avatar\/b6356e21c5657c60757fe6fb9493e947?s=96&d=mm&r=g","caption":"dfgordillo"},"sameAs":["dfgordillo"],"url":"https:\/\/www.fiscalia.gov.co\/colombia\/author\/dfgordillo\/"}]}},"_links":{"self":[{"href":"https:\/\/www.fiscalia.gov.co\/colombia\/wp-json\/wp\/v2\/posts\/64035","targetHints":{"allow":["GET"]}}],"collection":[{"href":"https:\/\/www.fiscalia.gov.co\/colombia\/wp-json\/wp\/v2\/posts"}],"about":[{"href":"https:\/\/www.fiscalia.gov.co\/colombia\/wp-json\/wp\/v2\/types\/post"}],"author":[{"embeddable":true,"href":"https:\/\/www.fiscalia.gov.co\/colombia\/wp-json\/wp\/v2\/users\/143"}],"replies":[{"embeddable":true,"href":"https:\/\/www.fiscalia.gov.co\/colombia\/wp-json\/wp\/v2\/comments?post=64035"}],"version-history":[{"count":8,"href":"https:\/\/www.fiscalia.gov.co\/colombia\/wp-json\/wp\/v2\/posts\/64035\/revisions"}],"predecessor-version":[{"id":64040,"href":"https:\/\/www.fiscalia.gov.co\/colombia\/wp-json\/wp\/v2\/posts\/64035\/revisions\/64040"}],"wp:attachment":[{"href":"https:\/\/www.fiscalia.gov.co\/colombia\/wp-json\/wp\/v2\/media?parent=64035"}],"wp:term":[{"taxonomy":"category","embeddable":true,"href":"https:\/\/www.fiscalia.gov.co\/colombia\/wp-json\/wp\/v2\/categories?post=64035"},{"taxonomy":"post_tag","embeddable":true,"href":"https:\/\/www.fiscalia.gov.co\/colombia\/wp-json\/wp\/v2\/tags?post=64035"}],"curies":[{"name":"wp","href":"https:\/\/api.w.org\/{rel}","templated":true}]}}