{"id":63914,"date":"2015-03-12T15:45:07","date_gmt":"2015-03-12T20:45:07","guid":{"rendered":"http:\/\/www.fiscalia.gov.co\/colombia\/?p=63914"},"modified":"2015-03-12T16:46:17","modified_gmt":"2015-03-12T21:46:17","slug":"capturados-14-presuntos-narcos-que-adosaban-coca-a-los-cascos-de-buques-mercantes-en-cartagena-bolivar","status":"publish","type":"post","link":"https:\/\/www.fiscalia.gov.co\/colombia\/noticias\/capturados-14-presuntos-narcos-que-adosaban-coca-a-los-cascos-de-buques-mercantes-en-cartagena-bolivar\/","title":{"rendered":"Capturados 14 presuntos narcos que adosaban coca a los cascos de buques mercantes en Cartagena (Bol\u00edvar)"},"content":{"rendered":"<p>Catorce personas fueron capturadas en diferentes diligencias de allanamiento y registro en las ciudades de Cartagena (Bol\u00edvar) y Barranquilla (Atl\u00e1ntico) por parte de la Fiscal\u00eda, con el apoyo de la Armada y el gobierno estadounidense implicados en delitos de narcotr\u00e1fico.<\/p>\n<p>Durante la captura de los procesados por los delitos de tr\u00e1fico, fabricaci\u00f3n o porte de estupefacientes, concierto para delinquir y lavado de activos, se logr\u00f3 la incautaci\u00f3n 62 millones 860 mil pesos, 13.100 bol\u00edvares, 1.482 d\u00f3lares, 790 pesos guatemaltecos, as\u00ed como 10 kilos de coca\u00edna y cilindros tipo torpedo para el env\u00edo de la droga, entre otros elementos.<\/p>\n<p>La investigaci\u00f3n, adelantada por un fiscal adscrito a la Direcci\u00f3n Nacional de Fiscal\u00edas Especializadas de Antinarc\u00f3ticos y Lavado de Activos con asiento en Cartagena, indica que que fabricaban y adecuaban tubos en fibra de vidrio que rellenaban con coca\u00edna.<\/p>\n<p>El paso siguiente era adherir a los cascos de los buques mercantes los cilindros herm\u00e9ticamente sellados los cuales eran fijados con prensas atornilladas a las aletas estabilizadoras de las naves.<\/p>\n<p>Esta labor la hac\u00edan buzos retirados de la Armada Nacional (uno de ellos fue capturado), que esperaban la llegada de los buques a los muelles de la Sociedad Portuaria Regional de Cartagena o de la Sociedad Terminal de Contenedores de Cartagena\u00a0(Contecar). Previamente y gracias a c\u00f3mplices entre algunos miembros de la seguridad privada de Contecar, se enteraban del itinerario, fecha de arribo y destino para saber en cu\u00e1les deb\u00edan fijarlos.<\/p>\n<p>Posteriormente, los mismo buzos viajaban hacia el lugar de destino para terminar su labor desenganchando los tubos. La capacidad de carga de cada uno es de 75 a 80 kilos y tienen una longitud de 2 metros de largo y un di\u00e1metro de 30 a 45 cent\u00edmetros, por lo que pod\u00edan contaminar los buques con hasta cuatro (4) unidades de este tipo.<\/p>\n<p>Este proceso naci\u00f3 de la investigaci\u00f3n adelantada contra Hermenegildo Salvador Ventura Casal, alias El T\u00edo o El Espa\u00f1ol, de quien se ten\u00eda informaci\u00f3n que pertenec\u00eda a una organizaci\u00f3n delincuencial dedicada al tr\u00e1fico de estupefacientes desde esta ciudad hasta Valencia, Tarragona, algunos de Holanda y de \u00a0Centroam\u00e9rica.<\/p>\n<p>Un trabajo coordinado con especialistas de la Guardia Civil Espa\u00f1ola permitieron que fueran decomisados 43.000 euros que iban a ser llevados desde la pen\u00ednsula Ib\u00e9rica hasta Colombia. Una persona fue detenida.<\/p>\n<p>Fue as\u00ed como se conoci\u00f3 que Ventura viv\u00eda en Colombia desde hac\u00eda 9 a\u00f1os huyendo de las autoridades espa\u00f1olas y que era el cabecilla de este grupo. Fue capturado con fines de extradici\u00f3n por narcotr\u00e1fico y delitos contra la salubridad p\u00fablica el 24 de abril de 2014.<\/p>\n<p>Las autoridades detectaron que el grupo segu\u00eda delinquiendo por su cuenta pese a haberse quedado sin cabecilla.<\/p>\n<p>Hasta ahora se ha frustrado en tres ocasiones el env\u00edo de clorhidrato de coca\u00edna, para un total de 617 kilos.<\/p>\n<p>&nbsp;<\/p>\n<p>PAAM \/ AAEA<\/p>\n<p>__________________________________________________<\/p>\n<p><strong>Rueda de prensa Alexandra Ladino, Directora Nacional de Articulaci\u00f3n de Polic\u00edas Judiciales Especializadas y Luz \u00c1ngela Baham\u00f3n, Directora de Fiscal\u00eda Nacional Especializada Antinarc\u00f3ticos y Lavado de Activos\u00a0<\/strong><\/p>\n[audio:http:\/\/www.fiscalia.gov.co\/colombia\/wp-content\/uploads\/20150312_a.mp3|titles=Declaraciones]\n<p><a title=\"Descargar audio \" href=\"http:\/\/www.fiscalia.gov.co\/colombia\/wp-content\/uploads\/20150312_a.mp3\" target=\"_blank\">Descargar\u00a0<\/a><\/p>\n<p>Tema:\u00a0Desmantelada organizaci\u00f3n dedicada al tr\u00e1fico de drogas mediante la contaminaci\u00f3n de buques<strong><br \/>\n<\/strong>Lugar:\u00a0Cartagena, Bol\u00edvar<br \/>\nFecha: 12 de marzo de 2015<\/p>\n<div><strong><br \/>\n<\/strong><\/div>\n\n<div class=\"twitter-share\"><a href=\"https:\/\/twitter.com\/intent\/tweet?via=fiscaliacol\" class=\"twitter-share-button\">Tweet<\/a><\/div>\n","protected":false},"excerpt":{"rendered":"<p>Catorce personas fueron capturadas en diferentes diligencias de allanamiento y registro en las ciudades de Cartagena (Bol\u00edvar) y Barranquilla (Atl\u00e1ntico) por parte de la Fiscal\u00eda, con el apoyo de la Armada y el gobierno estadounidense implicados en delitos de narcotr\u00e1fico. Durante la captura de los procesados por los delitos de tr\u00e1fico, fabricaci\u00f3n o porte de [&hellip;]<\/p>\n","protected":false},"author":143,"featured_media":0,"comment_status":"closed","ping_status":"open","sticky":false,"template":"","format":"standard","meta":{"tdm_status":"","tdm_grid_status":"","footnotes":""},"categories":[1],"tags":[148],"class_list":{"0":"post-63914","1":"post","2":"type-post","3":"status-publish","4":"format-standard","6":"category-noticias","7":"tag-narcotrafico"},"yoast_head":"<!-- This site is optimized with the Yoast SEO plugin v24.3 - https:\/\/yoast.com\/wordpress\/plugins\/seo\/ -->\n<title>Fiscal\u00eda General de la Naci\u00f3n<\/title>\n<meta name=\"description\" content=\"P\u00e1gina oficial de la Fiscal\u00eda General de la Naci\u00f3n \u2013 Colombia. Garantizamos el acceso efectivo a la justicia, la verdad y la reparaci\u00f3n de las v\u00edctimas de los delitos.\" \/>\n<meta name=\"robots\" content=\"noindex, follow\" \/>\n<meta property=\"og:locale\" content=\"es_ES\" \/>\n<meta property=\"og:type\" content=\"article\" \/>\n<meta property=\"og:title\" content=\"Fiscal\u00eda General de la Naci\u00f3n\" \/>\n<meta property=\"og:description\" content=\"P\u00e1gina oficial de la Fiscal\u00eda General de la Naci\u00f3n \u2013 Colombia. Garantizamos el acceso efectivo a la justicia, la verdad y la reparaci\u00f3n de las v\u00edctimas de los delitos.\" \/>\n<meta property=\"og:url\" content=\"https:\/\/www.fiscalia.gov.co\/colombia\/noticias\/capturados-14-presuntos-narcos-que-adosaban-coca-a-los-cascos-de-buques-mercantes-en-cartagena-bolivar\/\" \/>\n<meta property=\"og:site_name\" content=\"Fiscal\u00eda General de la Naci\u00f3n\" \/>\n<meta property=\"article:publisher\" content=\"https:\/\/www.facebook.com\/FiscaliaCol\" \/>\n<meta property=\"article:published_time\" content=\"2015-03-12T20:45:07+00:00\" \/>\n<meta property=\"article:modified_time\" content=\"2015-03-12T21:46:17+00:00\" \/>\n<meta name=\"author\" content=\"dfgordillo\" \/>\n<meta name=\"twitter:card\" content=\"summary_large_image\" \/>\n<meta name=\"twitter:creator\" content=\"@FiscaliaCol\" \/>\n<meta name=\"twitter:site\" content=\"@FiscaliaCol\" \/>\n<meta name=\"twitter:label1\" content=\"Escrito por\" \/>\n\t<meta name=\"twitter:data1\" content=\"dfgordillo\" \/>\n\t<meta name=\"twitter:label2\" content=\"Tiempo de lectura\" \/>\n\t<meta name=\"twitter:data2\" content=\"3 minutos\" \/>\n<script type=\"application\/ld+json\" class=\"yoast-schema-graph\">{\"@context\":\"https:\/\/schema.org\",\"@graph\":[{\"@type\":\"Article\",\"@id\":\"https:\/\/www.fiscalia.gov.co\/colombia\/noticias\/capturados-14-presuntos-narcos-que-adosaban-coca-a-los-cascos-de-buques-mercantes-en-cartagena-bolivar\/#article\",\"isPartOf\":{\"@id\":\"https:\/\/www.fiscalia.gov.co\/colombia\/noticias\/capturados-14-presuntos-narcos-que-adosaban-coca-a-los-cascos-de-buques-mercantes-en-cartagena-bolivar\/\"},\"author\":{\"name\":\"dfgordillo\",\"@id\":\"https:\/\/www.fiscalia.gov.co\/colombia\/#\/schema\/person\/3903856a3ce2d54b094c69eb29247895\"},\"headline\":\"Capturados 14 presuntos narcos que adosaban coca a los cascos de buques mercantes en Cartagena (Bol\u00edvar)\",\"datePublished\":\"2015-03-12T20:45:07+00:00\",\"dateModified\":\"2015-03-12T21:46:17+00:00\",\"mainEntityOfPage\":{\"@id\":\"https:\/\/www.fiscalia.gov.co\/colombia\/noticias\/capturados-14-presuntos-narcos-que-adosaban-coca-a-los-cascos-de-buques-mercantes-en-cartagena-bolivar\/\"},\"wordCount\":579,\"publisher\":{\"@id\":\"https:\/\/www.fiscalia.gov.co\/colombia\/#organization\"},\"keywords\":[\"Narcotr\u00e1fico\"],\"articleSection\":[\"Noticias\"],\"inLanguage\":\"es-CO\"},{\"@type\":\"WebPage\",\"@id\":\"https:\/\/www.fiscalia.gov.co\/colombia\/noticias\/capturados-14-presuntos-narcos-que-adosaban-coca-a-los-cascos-de-buques-mercantes-en-cartagena-bolivar\/\",\"url\":\"https:\/\/www.fiscalia.gov.co\/colombia\/noticias\/capturados-14-presuntos-narcos-que-adosaban-coca-a-los-cascos-de-buques-mercantes-en-cartagena-bolivar\/\",\"name\":\"Fiscal\u00eda General de la Naci\u00f3n\",\"isPartOf\":{\"@id\":\"https:\/\/www.fiscalia.gov.co\/colombia\/#website\"},\"datePublished\":\"2015-03-12T20:45:07+00:00\",\"dateModified\":\"2015-03-12T21:46:17+00:00\",\"description\":\"P\u00e1gina oficial de la Fiscal\u00eda General de la Naci\u00f3n \u2013 Colombia. Garantizamos el acceso efectivo a la justicia, la verdad y la reparaci\u00f3n de las v\u00edctimas de los delitos.\",\"breadcrumb\":{\"@id\":\"https:\/\/www.fiscalia.gov.co\/colombia\/noticias\/capturados-14-presuntos-narcos-que-adosaban-coca-a-los-cascos-de-buques-mercantes-en-cartagena-bolivar\/#breadcrumb\"},\"inLanguage\":\"es-CO\",\"potentialAction\":[{\"@type\":\"ReadAction\",\"target\":[\"https:\/\/www.fiscalia.gov.co\/colombia\/noticias\/capturados-14-presuntos-narcos-que-adosaban-coca-a-los-cascos-de-buques-mercantes-en-cartagena-bolivar\/\"]}]},{\"@type\":\"BreadcrumbList\",\"@id\":\"https:\/\/www.fiscalia.gov.co\/colombia\/noticias\/capturados-14-presuntos-narcos-que-adosaban-coca-a-los-cascos-de-buques-mercantes-en-cartagena-bolivar\/#breadcrumb\",\"itemListElement\":[{\"@type\":\"ListItem\",\"position\":1,\"name\":\"Home\",\"item\":\"https:\/\/www.fiscalia.gov.co\/colombia\/\"},{\"@type\":\"ListItem\",\"position\":2,\"name\":\"Capturados 14 presuntos narcos que adosaban coca a los cascos de buques mercantes en Cartagena (Bol\u00edvar)\"}]},{\"@type\":\"WebSite\",\"@id\":\"https:\/\/www.fiscalia.gov.co\/colombia\/#website\",\"url\":\"https:\/\/www.fiscalia.gov.co\/colombia\/\",\"name\":\"Fiscal\u00eda General de la Naci\u00f3n\",\"description\":\"P\u00e1gina oficial de la Fiscal\u00eda General de la Naci\u00f3n \u2013 Colombia. Garantizamos el acceso efectivo a la justicia, la verdad y la reparaci\u00f3n de las v\u00edctimas de los delitos.\",\"publisher\":{\"@id\":\"https:\/\/www.fiscalia.gov.co\/colombia\/#organization\"},\"potentialAction\":[{\"@type\":\"SearchAction\",\"target\":{\"@type\":\"EntryPoint\",\"urlTemplate\":\"https:\/\/www.fiscalia.gov.co\/colombia\/?s={search_term_string}\"},\"query-input\":{\"@type\":\"PropertyValueSpecification\",\"valueRequired\":true,\"valueName\":\"search_term_string\"}}],\"inLanguage\":\"es-CO\"},{\"@type\":\"Organization\",\"@id\":\"https:\/\/www.fiscalia.gov.co\/colombia\/#organization\",\"name\":\"Fiscal\u00eda General de la Naci\u00f3n\",\"url\":\"https:\/\/www.fiscalia.gov.co\/colombia\/\",\"logo\":{\"@type\":\"ImageObject\",\"inLanguage\":\"es-CO\",\"@id\":\"https:\/\/www.fiscalia.gov.co\/colombia\/#\/schema\/logo\/image\/\",\"url\":\"https:\/\/www.fiscalia.gov.co\/colombia\/wp-content\/uploads\/LogoHorizontal_1.jpg\",\"contentUrl\":\"https:\/\/www.fiscalia.gov.co\/colombia\/wp-content\/uploads\/LogoHorizontal_1.jpg\",\"width\":300,\"height\":90,\"caption\":\"Fiscal\u00eda General de la Naci\u00f3n\"},\"image\":{\"@id\":\"https:\/\/www.fiscalia.gov.co\/colombia\/#\/schema\/logo\/image\/\"},\"sameAs\":[\"https:\/\/www.facebook.com\/FiscaliaCol\",\"https:\/\/x.com\/FiscaliaCol\",\"https:\/\/www.instagram.com\/fiscaliacol\",\"https:\/\/www.linkedin.com\/company\/fiscalia-general-de-la-naci-n\/\",\"https:\/\/youtube.com\/@fiscaliageneraldelanacion-4668?si=6nN79nyQICPU5iTh\"]},{\"@type\":\"Person\",\"@id\":\"https:\/\/www.fiscalia.gov.co\/colombia\/#\/schema\/person\/3903856a3ce2d54b094c69eb29247895\",\"name\":\"dfgordillo\",\"image\":{\"@type\":\"ImageObject\",\"inLanguage\":\"es-CO\",\"@id\":\"https:\/\/www.fiscalia.gov.co\/colombia\/#\/schema\/person\/image\/\",\"url\":\"https:\/\/secure.gravatar.com\/avatar\/b6356e21c5657c60757fe6fb9493e947?s=96&d=mm&r=g\",\"contentUrl\":\"https:\/\/secure.gravatar.com\/avatar\/b6356e21c5657c60757fe6fb9493e947?s=96&d=mm&r=g\",\"caption\":\"dfgordillo\"},\"sameAs\":[\"dfgordillo\"],\"url\":\"https:\/\/www.fiscalia.gov.co\/colombia\/author\/dfgordillo\/\"}]}<\/script>\n<!-- \/ Yoast SEO plugin. -->","yoast_head_json":{"title":"Fiscal\u00eda General de la Naci\u00f3n","description":"P\u00e1gina oficial de la Fiscal\u00eda General de la Naci\u00f3n \u2013 Colombia. Garantizamos el acceso efectivo a la justicia, la verdad y la reparaci\u00f3n de las v\u00edctimas de los delitos.","robots":{"index":"noindex","follow":"follow"},"og_locale":"es_ES","og_type":"article","og_title":"Fiscal\u00eda General de la Naci\u00f3n","og_description":"P\u00e1gina oficial de la Fiscal\u00eda General de la Naci\u00f3n \u2013 Colombia. Garantizamos el acceso efectivo a la justicia, la verdad y la reparaci\u00f3n de las v\u00edctimas de los delitos.","og_url":"https:\/\/www.fiscalia.gov.co\/colombia\/noticias\/capturados-14-presuntos-narcos-que-adosaban-coca-a-los-cascos-de-buques-mercantes-en-cartagena-bolivar\/","og_site_name":"Fiscal\u00eda General de la Naci\u00f3n","article_publisher":"https:\/\/www.facebook.com\/FiscaliaCol","article_published_time":"2015-03-12T20:45:07+00:00","article_modified_time":"2015-03-12T21:46:17+00:00","author":"dfgordillo","twitter_card":"summary_large_image","twitter_creator":"@FiscaliaCol","twitter_site":"@FiscaliaCol","twitter_misc":{"Escrito por":"dfgordillo","Tiempo de lectura":"3 minutos"},"schema":{"@context":"https:\/\/schema.org","@graph":[{"@type":"Article","@id":"https:\/\/www.fiscalia.gov.co\/colombia\/noticias\/capturados-14-presuntos-narcos-que-adosaban-coca-a-los-cascos-de-buques-mercantes-en-cartagena-bolivar\/#article","isPartOf":{"@id":"https:\/\/www.fiscalia.gov.co\/colombia\/noticias\/capturados-14-presuntos-narcos-que-adosaban-coca-a-los-cascos-de-buques-mercantes-en-cartagena-bolivar\/"},"author":{"name":"dfgordillo","@id":"https:\/\/www.fiscalia.gov.co\/colombia\/#\/schema\/person\/3903856a3ce2d54b094c69eb29247895"},"headline":"Capturados 14 presuntos narcos que adosaban coca a los cascos de buques mercantes en Cartagena (Bol\u00edvar)","datePublished":"2015-03-12T20:45:07+00:00","dateModified":"2015-03-12T21:46:17+00:00","mainEntityOfPage":{"@id":"https:\/\/www.fiscalia.gov.co\/colombia\/noticias\/capturados-14-presuntos-narcos-que-adosaban-coca-a-los-cascos-de-buques-mercantes-en-cartagena-bolivar\/"},"wordCount":579,"publisher":{"@id":"https:\/\/www.fiscalia.gov.co\/colombia\/#organization"},"keywords":["Narcotr\u00e1fico"],"articleSection":["Noticias"],"inLanguage":"es-CO"},{"@type":"WebPage","@id":"https:\/\/www.fiscalia.gov.co\/colombia\/noticias\/capturados-14-presuntos-narcos-que-adosaban-coca-a-los-cascos-de-buques-mercantes-en-cartagena-bolivar\/","url":"https:\/\/www.fiscalia.gov.co\/colombia\/noticias\/capturados-14-presuntos-narcos-que-adosaban-coca-a-los-cascos-de-buques-mercantes-en-cartagena-bolivar\/","name":"Fiscal\u00eda General de la Naci\u00f3n","isPartOf":{"@id":"https:\/\/www.fiscalia.gov.co\/colombia\/#website"},"datePublished":"2015-03-12T20:45:07+00:00","dateModified":"2015-03-12T21:46:17+00:00","description":"P\u00e1gina oficial de la Fiscal\u00eda General de la Naci\u00f3n \u2013 Colombia. Garantizamos el acceso efectivo a la justicia, la verdad y la reparaci\u00f3n de las v\u00edctimas de los delitos.","breadcrumb":{"@id":"https:\/\/www.fiscalia.gov.co\/colombia\/noticias\/capturados-14-presuntos-narcos-que-adosaban-coca-a-los-cascos-de-buques-mercantes-en-cartagena-bolivar\/#breadcrumb"},"inLanguage":"es-CO","potentialAction":[{"@type":"ReadAction","target":["https:\/\/www.fiscalia.gov.co\/colombia\/noticias\/capturados-14-presuntos-narcos-que-adosaban-coca-a-los-cascos-de-buques-mercantes-en-cartagena-bolivar\/"]}]},{"@type":"BreadcrumbList","@id":"https:\/\/www.fiscalia.gov.co\/colombia\/noticias\/capturados-14-presuntos-narcos-que-adosaban-coca-a-los-cascos-de-buques-mercantes-en-cartagena-bolivar\/#breadcrumb","itemListElement":[{"@type":"ListItem","position":1,"name":"Home","item":"https:\/\/www.fiscalia.gov.co\/colombia\/"},{"@type":"ListItem","position":2,"name":"Capturados 14 presuntos narcos que adosaban coca a los cascos de buques mercantes en Cartagena (Bol\u00edvar)"}]},{"@type":"WebSite","@id":"https:\/\/www.fiscalia.gov.co\/colombia\/#website","url":"https:\/\/www.fiscalia.gov.co\/colombia\/","name":"Fiscal\u00eda General de la Naci\u00f3n","description":"P\u00e1gina oficial de la Fiscal\u00eda General de la Naci\u00f3n \u2013 Colombia. Garantizamos el acceso efectivo a la justicia, la verdad y la reparaci\u00f3n de las v\u00edctimas de los delitos.","publisher":{"@id":"https:\/\/www.fiscalia.gov.co\/colombia\/#organization"},"potentialAction":[{"@type":"SearchAction","target":{"@type":"EntryPoint","urlTemplate":"https:\/\/www.fiscalia.gov.co\/colombia\/?s={search_term_string}"},"query-input":{"@type":"PropertyValueSpecification","valueRequired":true,"valueName":"search_term_string"}}],"inLanguage":"es-CO"},{"@type":"Organization","@id":"https:\/\/www.fiscalia.gov.co\/colombia\/#organization","name":"Fiscal\u00eda General de la Naci\u00f3n","url":"https:\/\/www.fiscalia.gov.co\/colombia\/","logo":{"@type":"ImageObject","inLanguage":"es-CO","@id":"https:\/\/www.fiscalia.gov.co\/colombia\/#\/schema\/logo\/image\/","url":"https:\/\/www.fiscalia.gov.co\/colombia\/wp-content\/uploads\/LogoHorizontal_1.jpg","contentUrl":"https:\/\/www.fiscalia.gov.co\/colombia\/wp-content\/uploads\/LogoHorizontal_1.jpg","width":300,"height":90,"caption":"Fiscal\u00eda General de la Naci\u00f3n"},"image":{"@id":"https:\/\/www.fiscalia.gov.co\/colombia\/#\/schema\/logo\/image\/"},"sameAs":["https:\/\/www.facebook.com\/FiscaliaCol","https:\/\/x.com\/FiscaliaCol","https:\/\/www.instagram.com\/fiscaliacol","https:\/\/www.linkedin.com\/company\/fiscalia-general-de-la-naci-n\/","https:\/\/youtube.com\/@fiscaliageneraldelanacion-4668?si=6nN79nyQICPU5iTh"]},{"@type":"Person","@id":"https:\/\/www.fiscalia.gov.co\/colombia\/#\/schema\/person\/3903856a3ce2d54b094c69eb29247895","name":"dfgordillo","image":{"@type":"ImageObject","inLanguage":"es-CO","@id":"https:\/\/www.fiscalia.gov.co\/colombia\/#\/schema\/person\/image\/","url":"https:\/\/secure.gravatar.com\/avatar\/b6356e21c5657c60757fe6fb9493e947?s=96&d=mm&r=g","contentUrl":"https:\/\/secure.gravatar.com\/avatar\/b6356e21c5657c60757fe6fb9493e947?s=96&d=mm&r=g","caption":"dfgordillo"},"sameAs":["dfgordillo"],"url":"https:\/\/www.fiscalia.gov.co\/colombia\/author\/dfgordillo\/"}]}},"_links":{"self":[{"href":"https:\/\/www.fiscalia.gov.co\/colombia\/wp-json\/wp\/v2\/posts\/63914","targetHints":{"allow":["GET"]}}],"collection":[{"href":"https:\/\/www.fiscalia.gov.co\/colombia\/wp-json\/wp\/v2\/posts"}],"about":[{"href":"https:\/\/www.fiscalia.gov.co\/colombia\/wp-json\/wp\/v2\/types\/post"}],"author":[{"embeddable":true,"href":"https:\/\/www.fiscalia.gov.co\/colombia\/wp-json\/wp\/v2\/users\/143"}],"replies":[{"embeddable":true,"href":"https:\/\/www.fiscalia.gov.co\/colombia\/wp-json\/wp\/v2\/comments?post=63914"}],"version-history":[{"count":4,"href":"https:\/\/www.fiscalia.gov.co\/colombia\/wp-json\/wp\/v2\/posts\/63914\/revisions"}],"predecessor-version":[{"id":63927,"href":"https:\/\/www.fiscalia.gov.co\/colombia\/wp-json\/wp\/v2\/posts\/63914\/revisions\/63927"}],"wp:attachment":[{"href":"https:\/\/www.fiscalia.gov.co\/colombia\/wp-json\/wp\/v2\/media?parent=63914"}],"wp:term":[{"taxonomy":"category","embeddable":true,"href":"https:\/\/www.fiscalia.gov.co\/colombia\/wp-json\/wp\/v2\/categories?post=63914"},{"taxonomy":"post_tag","embeddable":true,"href":"https:\/\/www.fiscalia.gov.co\/colombia\/wp-json\/wp\/v2\/tags?post=63914"}],"curies":[{"name":"wp","href":"https:\/\/api.w.org\/{rel}","templated":true}]}}