{"id":63664,"date":"2015-03-09T19:10:16","date_gmt":"2015-03-10T00:10:16","guid":{"rendered":"http:\/\/www.fiscalia.gov.co\/colombia\/?p=63664"},"modified":"2015-03-09T20:30:33","modified_gmt":"2015-03-10T01:30:33","slug":"la-solucion-es-la-salida-negociada-al-conflicto-fiscal-general-en-conmemoracion-del-acuerdo-de-paz-con-el-m-19-hace-25-anos","status":"publish","type":"post","link":"https:\/\/www.fiscalia.gov.co\/colombia\/noticias\/la-solucion-es-la-salida-negociada-al-conflicto-fiscal-general-en-conmemoracion-del-acuerdo-de-paz-con-el-m-19-hace-25-anos\/","title":{"rendered":"La soluci\u00f3n es la salida negociada al conflicto: Fiscal General en conmemoraci\u00f3n del acuerdo de paz con el M-19 hace 25 a\u00f1os"},"content":{"rendered":"<p>En el marco de la conmemoraci\u00f3n de los 25 a\u00f1os de la firma del acuerdo de paz con el M-19, celebrada hoy en la Plaza de Bol\u00edvar de Bogot\u00e1, el Fiscal General de la Naci\u00f3n Eduardo Montealegre Lynett, manifest\u00f3 que este acuerdo \u201cle muestra a los colombianos que si hay futuro, que el camino es una soluci\u00f3n negociada al conflicto, que hace 25 a\u00f1os pudimos negociar una paz con el M19, una paz que ha sido sostenible, que termin\u00f3 en un gran redise\u00f1o de la vida colombiana a trav\u00e9s de la Asamblea Constituyente, una constituci\u00f3n que es producto de un proceso de paz\u201d.<\/p>\n<p>Recalc\u00f3 que la Constituci\u00f3n que se logr\u00f3 es la m\u00e1s importante que ha tenido al pa\u00eds en toda su historia republicana puesto que \u201cle permite a los colombianos tener m\u00e1s acceso en temas de salud, en temas de vivienda, en temas de profundizaci\u00f3n de la democracia, en temas de protecci\u00f3n de las minor\u00edas\u201d.<\/p>\n<p>El jefe del ente acusador se\u00f1al\u00f3 que la salida negociada muestra que \u201cpodemos sacar a Colombia de este conflicto que ha producido muchas v\u00edctimas durante 50 a\u00f1os de violencia\u201d. Agreg\u00f3 que con relaci\u00f3n al proceso de negociaci\u00f3n en La Habana, este tipo de acuerdos, \u201cindiscutiblemente es un gran mensaje para las FARC, el mensaje de que hace 25 a\u00f1os el M19 crey\u00f3 en la democracia y que producto de haber cre\u00eddo en la democracia lograron una de las reformas institucionales m\u00e1s grandes que ha tenido Colombia como lo fue la Constituci\u00f3n del 91\u201d.<\/p>\n<p>\u201cEn estos 25 a\u00f1os ellos han logrado m\u00e1s por la v\u00eda institucional \u00a0que a trav\u00e9s de los a\u00f1os de lucha armada cuando estuvieron alzados en armas los del M-19. Las Farc van a lograr muchas m\u00e1s cosas en los pr\u00f3ximos 25 a\u00f1os por la transformaci\u00f3n del pa\u00eds que en los 50 a\u00f1os de lucha armada que ha dejado tantas v\u00edctimas a este pueblo que est\u00e1 cansado de la guerra\u201d, enfatiz\u00f3 el Fiscal Montealegre.<\/p>\n<p>Por otra parte, a prop\u00f3sito de la posibilidad de que las FARC paguen o no su actuar delictivo con c\u00e1rcel, el Fiscal General se\u00f1al\u00f3 que \u201cEsta es una definici\u00f3n que tiene que darse de los acuerdos, que tiene que ser producto de un gran acuerdo democr\u00e1tico en el Congreso de la Rep\u00fablica y en la mesa de negociaciones. No solamente se hace justicia a trav\u00e9s de la c\u00e1rcel, hay muchas otras formas de realizaci\u00f3n de la justicia como las penas alternativas, no necesariamente privativas de la libertad. Hay formas como la justicia restaurativa\u201d.<\/p>\n<p>El m\u00e1ximo representante de la Fiscal\u00eda concluy\u00f3 resaltando que \u201clo de hoy es muy simb\u00f3lico para Colombia, es un mensaje de esperanza, un mensaje que viene del pasado, que se proyecta hacia el futuro, y ojal\u00e1 este escenario que vivimos hoy los colombianos llenos de emoci\u00f3n, lo podamos repetir este a\u00f1o con los acuerdos en La Habana, con las FARC y con los otros grupos insurgentes\u201d.<\/p>\n<p>&nbsp;<\/p>\n<p>DLBM<\/p>\n\n<div class=\"twitter-share\"><a href=\"https:\/\/twitter.com\/intent\/tweet?via=fiscaliacol\" class=\"twitter-share-button\">Tweet<\/a><\/div>\n","protected":false},"excerpt":{"rendered":"<p>En el marco de la conmemoraci\u00f3n de los 25 a\u00f1os de la firma del acuerdo de paz con el M-19, celebrada hoy en la Plaza de Bol\u00edvar de Bogot\u00e1<\/p>\n","protected":false},"author":143,"featured_media":0,"comment_status":"closed","ping_status":"open","sticky":false,"template":"","format":"standard","meta":{"tdm_status":"","tdm_grid_status":"","footnotes":""},"categories":[3,1],"tags":[400,78],"class_list":{"0":"post-63664","1":"post","2":"type-post","3":"status-publish","4":"format-standard","6":"category-destacada","7":"category-noticias","8":"tag-eduardo-montealegre-lynett","9":"tag-fiscal-general-de-la-nacion"},"yoast_head":"<!-- This site is optimized with the Yoast SEO plugin v24.3 - https:\/\/yoast.com\/wordpress\/plugins\/seo\/ -->\n<title>Fiscal\u00eda General de la Naci\u00f3n<\/title>\n<meta name=\"description\" content=\"P\u00e1gina oficial de la Fiscal\u00eda General de la Naci\u00f3n \u2013 Colombia. Garantizamos el acceso efectivo a la justicia, la verdad y la reparaci\u00f3n de las v\u00edctimas de los delitos.\" \/>\n<meta name=\"robots\" content=\"noindex, follow\" \/>\n<meta property=\"og:locale\" content=\"es_ES\" \/>\n<meta property=\"og:type\" content=\"article\" \/>\n<meta property=\"og:title\" content=\"Fiscal\u00eda General de la Naci\u00f3n\" \/>\n<meta property=\"og:description\" content=\"P\u00e1gina oficial de la Fiscal\u00eda General de la Naci\u00f3n \u2013 Colombia. Garantizamos el acceso efectivo a la justicia, la verdad y la reparaci\u00f3n de las v\u00edctimas de los delitos.\" \/>\n<meta property=\"og:url\" content=\"https:\/\/www.fiscalia.gov.co\/colombia\/noticias\/la-solucion-es-la-salida-negociada-al-conflicto-fiscal-general-en-conmemoracion-del-acuerdo-de-paz-con-el-m-19-hace-25-anos\/\" \/>\n<meta property=\"og:site_name\" content=\"Fiscal\u00eda General de la Naci\u00f3n\" \/>\n<meta property=\"article:publisher\" content=\"https:\/\/www.facebook.com\/FiscaliaCol\" \/>\n<meta property=\"article:published_time\" content=\"2015-03-10T00:10:16+00:00\" \/>\n<meta property=\"article:modified_time\" content=\"2015-03-10T01:30:33+00:00\" \/>\n<meta name=\"author\" content=\"dfgordillo\" \/>\n<meta name=\"twitter:card\" content=\"summary_large_image\" \/>\n<meta name=\"twitter:creator\" content=\"@FiscaliaCol\" \/>\n<meta name=\"twitter:site\" content=\"@FiscaliaCol\" \/>\n<meta name=\"twitter:label1\" content=\"Escrito por\" \/>\n\t<meta name=\"twitter:data1\" content=\"dfgordillo\" \/>\n\t<meta name=\"twitter:label2\" content=\"Tiempo de lectura\" \/>\n\t<meta name=\"twitter:data2\" content=\"3 minutos\" \/>\n<script type=\"application\/ld+json\" class=\"yoast-schema-graph\">{\"@context\":\"https:\/\/schema.org\",\"@graph\":[{\"@type\":\"Article\",\"@id\":\"https:\/\/www.fiscalia.gov.co\/colombia\/noticias\/la-solucion-es-la-salida-negociada-al-conflicto-fiscal-general-en-conmemoracion-del-acuerdo-de-paz-con-el-m-19-hace-25-anos\/#article\",\"isPartOf\":{\"@id\":\"https:\/\/www.fiscalia.gov.co\/colombia\/noticias\/la-solucion-es-la-salida-negociada-al-conflicto-fiscal-general-en-conmemoracion-del-acuerdo-de-paz-con-el-m-19-hace-25-anos\/\"},\"author\":{\"name\":\"dfgordillo\",\"@id\":\"https:\/\/www.fiscalia.gov.co\/colombia\/#\/schema\/person\/3903856a3ce2d54b094c69eb29247895\"},\"headline\":\"La soluci\u00f3n es la salida negociada al conflicto: Fiscal General en conmemoraci\u00f3n del acuerdo de paz con el M-19 hace 25 a\u00f1os\",\"datePublished\":\"2015-03-10T00:10:16+00:00\",\"dateModified\":\"2015-03-10T01:30:33+00:00\",\"mainEntityOfPage\":{\"@id\":\"https:\/\/www.fiscalia.gov.co\/colombia\/noticias\/la-solucion-es-la-salida-negociada-al-conflicto-fiscal-general-en-conmemoracion-del-acuerdo-de-paz-con-el-m-19-hace-25-anos\/\"},\"wordCount\":550,\"publisher\":{\"@id\":\"https:\/\/www.fiscalia.gov.co\/colombia\/#organization\"},\"keywords\":[\"Eduardo Montealegre Lynett\",\"Fiscal General de la Naci\u00f3n\"],\"articleSection\":[\"Destacada\",\"Noticias\"],\"inLanguage\":\"es-CO\"},{\"@type\":\"WebPage\",\"@id\":\"https:\/\/www.fiscalia.gov.co\/colombia\/noticias\/la-solucion-es-la-salida-negociada-al-conflicto-fiscal-general-en-conmemoracion-del-acuerdo-de-paz-con-el-m-19-hace-25-anos\/\",\"url\":\"https:\/\/www.fiscalia.gov.co\/colombia\/noticias\/la-solucion-es-la-salida-negociada-al-conflicto-fiscal-general-en-conmemoracion-del-acuerdo-de-paz-con-el-m-19-hace-25-anos\/\",\"name\":\"Fiscal\u00eda General de la Naci\u00f3n\",\"isPartOf\":{\"@id\":\"https:\/\/www.fiscalia.gov.co\/colombia\/#website\"},\"datePublished\":\"2015-03-10T00:10:16+00:00\",\"dateModified\":\"2015-03-10T01:30:33+00:00\",\"description\":\"P\u00e1gina oficial de la Fiscal\u00eda General de la Naci\u00f3n \u2013 Colombia. Garantizamos el acceso efectivo a la justicia, la verdad y la reparaci\u00f3n de las v\u00edctimas de los delitos.\",\"breadcrumb\":{\"@id\":\"https:\/\/www.fiscalia.gov.co\/colombia\/noticias\/la-solucion-es-la-salida-negociada-al-conflicto-fiscal-general-en-conmemoracion-del-acuerdo-de-paz-con-el-m-19-hace-25-anos\/#breadcrumb\"},\"inLanguage\":\"es-CO\",\"potentialAction\":[{\"@type\":\"ReadAction\",\"target\":[\"https:\/\/www.fiscalia.gov.co\/colombia\/noticias\/la-solucion-es-la-salida-negociada-al-conflicto-fiscal-general-en-conmemoracion-del-acuerdo-de-paz-con-el-m-19-hace-25-anos\/\"]}]},{\"@type\":\"BreadcrumbList\",\"@id\":\"https:\/\/www.fiscalia.gov.co\/colombia\/noticias\/la-solucion-es-la-salida-negociada-al-conflicto-fiscal-general-en-conmemoracion-del-acuerdo-de-paz-con-el-m-19-hace-25-anos\/#breadcrumb\",\"itemListElement\":[{\"@type\":\"ListItem\",\"position\":1,\"name\":\"Home\",\"item\":\"https:\/\/www.fiscalia.gov.co\/colombia\/\"},{\"@type\":\"ListItem\",\"position\":2,\"name\":\"La soluci\u00f3n es la salida negociada al conflicto: Fiscal General en conmemoraci\u00f3n del acuerdo de paz con el M-19 hace 25 a\u00f1os\"}]},{\"@type\":\"WebSite\",\"@id\":\"https:\/\/www.fiscalia.gov.co\/colombia\/#website\",\"url\":\"https:\/\/www.fiscalia.gov.co\/colombia\/\",\"name\":\"Fiscal\u00eda General de la Naci\u00f3n\",\"description\":\"P\u00e1gina oficial de la Fiscal\u00eda General de la Naci\u00f3n \u2013 Colombia. Garantizamos el acceso efectivo a la justicia, la verdad y la reparaci\u00f3n de las v\u00edctimas de los delitos.\",\"publisher\":{\"@id\":\"https:\/\/www.fiscalia.gov.co\/colombia\/#organization\"},\"potentialAction\":[{\"@type\":\"SearchAction\",\"target\":{\"@type\":\"EntryPoint\",\"urlTemplate\":\"https:\/\/www.fiscalia.gov.co\/colombia\/?s={search_term_string}\"},\"query-input\":{\"@type\":\"PropertyValueSpecification\",\"valueRequired\":true,\"valueName\":\"search_term_string\"}}],\"inLanguage\":\"es-CO\"},{\"@type\":\"Organization\",\"@id\":\"https:\/\/www.fiscalia.gov.co\/colombia\/#organization\",\"name\":\"Fiscal\u00eda General de la Naci\u00f3n\",\"url\":\"https:\/\/www.fiscalia.gov.co\/colombia\/\",\"logo\":{\"@type\":\"ImageObject\",\"inLanguage\":\"es-CO\",\"@id\":\"https:\/\/www.fiscalia.gov.co\/colombia\/#\/schema\/logo\/image\/\",\"url\":\"https:\/\/www.fiscalia.gov.co\/colombia\/wp-content\/uploads\/LogoHorizontal_1.jpg\",\"contentUrl\":\"https:\/\/www.fiscalia.gov.co\/colombia\/wp-content\/uploads\/LogoHorizontal_1.jpg\",\"width\":300,\"height\":90,\"caption\":\"Fiscal\u00eda General de la Naci\u00f3n\"},\"image\":{\"@id\":\"https:\/\/www.fiscalia.gov.co\/colombia\/#\/schema\/logo\/image\/\"},\"sameAs\":[\"https:\/\/www.facebook.com\/FiscaliaCol\",\"https:\/\/x.com\/FiscaliaCol\",\"https:\/\/www.instagram.com\/fiscaliacol\",\"https:\/\/www.linkedin.com\/company\/fiscalia-general-de-la-naci-n\/\",\"https:\/\/youtube.com\/@fiscaliageneraldelanacion-4668?si=6nN79nyQICPU5iTh\"]},{\"@type\":\"Person\",\"@id\":\"https:\/\/www.fiscalia.gov.co\/colombia\/#\/schema\/person\/3903856a3ce2d54b094c69eb29247895\",\"name\":\"dfgordillo\",\"image\":{\"@type\":\"ImageObject\",\"inLanguage\":\"es-CO\",\"@id\":\"https:\/\/www.fiscalia.gov.co\/colombia\/#\/schema\/person\/image\/\",\"url\":\"https:\/\/secure.gravatar.com\/avatar\/b6356e21c5657c60757fe6fb9493e947?s=96&d=mm&r=g\",\"contentUrl\":\"https:\/\/secure.gravatar.com\/avatar\/b6356e21c5657c60757fe6fb9493e947?s=96&d=mm&r=g\",\"caption\":\"dfgordillo\"},\"sameAs\":[\"dfgordillo\"],\"url\":\"https:\/\/www.fiscalia.gov.co\/colombia\/author\/dfgordillo\/\"}]}<\/script>\n<!-- \/ Yoast SEO plugin. -->","yoast_head_json":{"title":"Fiscal\u00eda General de la Naci\u00f3n","description":"P\u00e1gina oficial de la Fiscal\u00eda General de la Naci\u00f3n \u2013 Colombia. Garantizamos el acceso efectivo a la justicia, la verdad y la reparaci\u00f3n de las v\u00edctimas de los delitos.","robots":{"index":"noindex","follow":"follow"},"og_locale":"es_ES","og_type":"article","og_title":"Fiscal\u00eda General de la Naci\u00f3n","og_description":"P\u00e1gina oficial de la Fiscal\u00eda General de la Naci\u00f3n \u2013 Colombia. Garantizamos el acceso efectivo a la justicia, la verdad y la reparaci\u00f3n de las v\u00edctimas de los delitos.","og_url":"https:\/\/www.fiscalia.gov.co\/colombia\/noticias\/la-solucion-es-la-salida-negociada-al-conflicto-fiscal-general-en-conmemoracion-del-acuerdo-de-paz-con-el-m-19-hace-25-anos\/","og_site_name":"Fiscal\u00eda General de la Naci\u00f3n","article_publisher":"https:\/\/www.facebook.com\/FiscaliaCol","article_published_time":"2015-03-10T00:10:16+00:00","article_modified_time":"2015-03-10T01:30:33+00:00","author":"dfgordillo","twitter_card":"summary_large_image","twitter_creator":"@FiscaliaCol","twitter_site":"@FiscaliaCol","twitter_misc":{"Escrito por":"dfgordillo","Tiempo de lectura":"3 minutos"},"schema":{"@context":"https:\/\/schema.org","@graph":[{"@type":"Article","@id":"https:\/\/www.fiscalia.gov.co\/colombia\/noticias\/la-solucion-es-la-salida-negociada-al-conflicto-fiscal-general-en-conmemoracion-del-acuerdo-de-paz-con-el-m-19-hace-25-anos\/#article","isPartOf":{"@id":"https:\/\/www.fiscalia.gov.co\/colombia\/noticias\/la-solucion-es-la-salida-negociada-al-conflicto-fiscal-general-en-conmemoracion-del-acuerdo-de-paz-con-el-m-19-hace-25-anos\/"},"author":{"name":"dfgordillo","@id":"https:\/\/www.fiscalia.gov.co\/colombia\/#\/schema\/person\/3903856a3ce2d54b094c69eb29247895"},"headline":"La soluci\u00f3n es la salida negociada al conflicto: Fiscal General en conmemoraci\u00f3n del acuerdo de paz con el M-19 hace 25 a\u00f1os","datePublished":"2015-03-10T00:10:16+00:00","dateModified":"2015-03-10T01:30:33+00:00","mainEntityOfPage":{"@id":"https:\/\/www.fiscalia.gov.co\/colombia\/noticias\/la-solucion-es-la-salida-negociada-al-conflicto-fiscal-general-en-conmemoracion-del-acuerdo-de-paz-con-el-m-19-hace-25-anos\/"},"wordCount":550,"publisher":{"@id":"https:\/\/www.fiscalia.gov.co\/colombia\/#organization"},"keywords":["Eduardo Montealegre Lynett","Fiscal General de la Naci\u00f3n"],"articleSection":["Destacada","Noticias"],"inLanguage":"es-CO"},{"@type":"WebPage","@id":"https:\/\/www.fiscalia.gov.co\/colombia\/noticias\/la-solucion-es-la-salida-negociada-al-conflicto-fiscal-general-en-conmemoracion-del-acuerdo-de-paz-con-el-m-19-hace-25-anos\/","url":"https:\/\/www.fiscalia.gov.co\/colombia\/noticias\/la-solucion-es-la-salida-negociada-al-conflicto-fiscal-general-en-conmemoracion-del-acuerdo-de-paz-con-el-m-19-hace-25-anos\/","name":"Fiscal\u00eda General de la Naci\u00f3n","isPartOf":{"@id":"https:\/\/www.fiscalia.gov.co\/colombia\/#website"},"datePublished":"2015-03-10T00:10:16+00:00","dateModified":"2015-03-10T01:30:33+00:00","description":"P\u00e1gina oficial de la Fiscal\u00eda General de la Naci\u00f3n \u2013 Colombia. Garantizamos el acceso efectivo a la justicia, la verdad y la reparaci\u00f3n de las v\u00edctimas de los delitos.","breadcrumb":{"@id":"https:\/\/www.fiscalia.gov.co\/colombia\/noticias\/la-solucion-es-la-salida-negociada-al-conflicto-fiscal-general-en-conmemoracion-del-acuerdo-de-paz-con-el-m-19-hace-25-anos\/#breadcrumb"},"inLanguage":"es-CO","potentialAction":[{"@type":"ReadAction","target":["https:\/\/www.fiscalia.gov.co\/colombia\/noticias\/la-solucion-es-la-salida-negociada-al-conflicto-fiscal-general-en-conmemoracion-del-acuerdo-de-paz-con-el-m-19-hace-25-anos\/"]}]},{"@type":"BreadcrumbList","@id":"https:\/\/www.fiscalia.gov.co\/colombia\/noticias\/la-solucion-es-la-salida-negociada-al-conflicto-fiscal-general-en-conmemoracion-del-acuerdo-de-paz-con-el-m-19-hace-25-anos\/#breadcrumb","itemListElement":[{"@type":"ListItem","position":1,"name":"Home","item":"https:\/\/www.fiscalia.gov.co\/colombia\/"},{"@type":"ListItem","position":2,"name":"La soluci\u00f3n es la salida negociada al conflicto: Fiscal General en conmemoraci\u00f3n del acuerdo de paz con el M-19 hace 25 a\u00f1os"}]},{"@type":"WebSite","@id":"https:\/\/www.fiscalia.gov.co\/colombia\/#website","url":"https:\/\/www.fiscalia.gov.co\/colombia\/","name":"Fiscal\u00eda General de la Naci\u00f3n","description":"P\u00e1gina oficial de la Fiscal\u00eda General de la Naci\u00f3n \u2013 Colombia. Garantizamos el acceso efectivo a la justicia, la verdad y la reparaci\u00f3n de las v\u00edctimas de los delitos.","publisher":{"@id":"https:\/\/www.fiscalia.gov.co\/colombia\/#organization"},"potentialAction":[{"@type":"SearchAction","target":{"@type":"EntryPoint","urlTemplate":"https:\/\/www.fiscalia.gov.co\/colombia\/?s={search_term_string}"},"query-input":{"@type":"PropertyValueSpecification","valueRequired":true,"valueName":"search_term_string"}}],"inLanguage":"es-CO"},{"@type":"Organization","@id":"https:\/\/www.fiscalia.gov.co\/colombia\/#organization","name":"Fiscal\u00eda General de la Naci\u00f3n","url":"https:\/\/www.fiscalia.gov.co\/colombia\/","logo":{"@type":"ImageObject","inLanguage":"es-CO","@id":"https:\/\/www.fiscalia.gov.co\/colombia\/#\/schema\/logo\/image\/","url":"https:\/\/www.fiscalia.gov.co\/colombia\/wp-content\/uploads\/LogoHorizontal_1.jpg","contentUrl":"https:\/\/www.fiscalia.gov.co\/colombia\/wp-content\/uploads\/LogoHorizontal_1.jpg","width":300,"height":90,"caption":"Fiscal\u00eda General de la Naci\u00f3n"},"image":{"@id":"https:\/\/www.fiscalia.gov.co\/colombia\/#\/schema\/logo\/image\/"},"sameAs":["https:\/\/www.facebook.com\/FiscaliaCol","https:\/\/x.com\/FiscaliaCol","https:\/\/www.instagram.com\/fiscaliacol","https:\/\/www.linkedin.com\/company\/fiscalia-general-de-la-naci-n\/","https:\/\/youtube.com\/@fiscaliageneraldelanacion-4668?si=6nN79nyQICPU5iTh"]},{"@type":"Person","@id":"https:\/\/www.fiscalia.gov.co\/colombia\/#\/schema\/person\/3903856a3ce2d54b094c69eb29247895","name":"dfgordillo","image":{"@type":"ImageObject","inLanguage":"es-CO","@id":"https:\/\/www.fiscalia.gov.co\/colombia\/#\/schema\/person\/image\/","url":"https:\/\/secure.gravatar.com\/avatar\/b6356e21c5657c60757fe6fb9493e947?s=96&d=mm&r=g","contentUrl":"https:\/\/secure.gravatar.com\/avatar\/b6356e21c5657c60757fe6fb9493e947?s=96&d=mm&r=g","caption":"dfgordillo"},"sameAs":["dfgordillo"],"url":"https:\/\/www.fiscalia.gov.co\/colombia\/author\/dfgordillo\/"}]}},"_links":{"self":[{"href":"https:\/\/www.fiscalia.gov.co\/colombia\/wp-json\/wp\/v2\/posts\/63664","targetHints":{"allow":["GET"]}}],"collection":[{"href":"https:\/\/www.fiscalia.gov.co\/colombia\/wp-json\/wp\/v2\/posts"}],"about":[{"href":"https:\/\/www.fiscalia.gov.co\/colombia\/wp-json\/wp\/v2\/types\/post"}],"author":[{"embeddable":true,"href":"https:\/\/www.fiscalia.gov.co\/colombia\/wp-json\/wp\/v2\/users\/143"}],"replies":[{"embeddable":true,"href":"https:\/\/www.fiscalia.gov.co\/colombia\/wp-json\/wp\/v2\/comments?post=63664"}],"version-history":[{"count":3,"href":"https:\/\/www.fiscalia.gov.co\/colombia\/wp-json\/wp\/v2\/posts\/63664\/revisions"}],"predecessor-version":[{"id":63668,"href":"https:\/\/www.fiscalia.gov.co\/colombia\/wp-json\/wp\/v2\/posts\/63664\/revisions\/63668"}],"wp:attachment":[{"href":"https:\/\/www.fiscalia.gov.co\/colombia\/wp-json\/wp\/v2\/media?parent=63664"}],"wp:term":[{"taxonomy":"category","embeddable":true,"href":"https:\/\/www.fiscalia.gov.co\/colombia\/wp-json\/wp\/v2\/categories?post=63664"},{"taxonomy":"post_tag","embeddable":true,"href":"https:\/\/www.fiscalia.gov.co\/colombia\/wp-json\/wp\/v2\/tags?post=63664"}],"curies":[{"name":"wp","href":"https:\/\/api.w.org\/{rel}","templated":true}]}}