{"id":63645,"date":"2015-03-09T11:31:43","date_gmt":"2015-03-09T16:31:43","guid":{"rendered":"http:\/\/www.fiscalia.gov.co\/colombia\/?p=63645"},"modified":"2015-03-09T11:31:43","modified_gmt":"2015-03-09T16:31:43","slug":"asegurado-presunto-homicida-de-profesora-que-sufrio-el-paseo-millonario","status":"publish","type":"post","link":"https:\/\/www.fiscalia.gov.co\/colombia\/noticias\/asegurado-presunto-homicida-de-profesora-que-sufrio-el-paseo-millonario\/","title":{"rendered":"Asegurado presunto homicida de profesora que sufri\u00f3 el paseo millonario"},"content":{"rendered":"<p>Johandrey Rafael Jassi Amar\u00eds fue asegurado en establecimiento carcelario por orden de una juez de Bogot\u00e1 con funci\u00f3n de control de garant\u00edas, al considerar que podr\u00eda ser responsable de los hechos donde fue muerta una profesora de matem\u00e1ticas.<\/p>\n<p>La juez en su\u00a0\u00a0decisi\u00f3n apoy\u00f3 la petici\u00f3n de una fiscal de la Unidad de Vida, quien manifest\u00f3 que el imputado es un peligro para la sociedad y por la naturaleza del delito y la crueldad con que se actu\u00f3, era necesario dejarlo tras las rejas.<\/p>\n<p>En una audiencia p\u00fablica, la fiscal del caso narr\u00f3 que la profesora de 29 a\u00f1os, M\u00f3nica Andrea Bravo Rueda, quien dictaba clases de matem\u00e1ticas a ni\u00f1os y j\u00f3venes de primaria, en un colegio del norte de Bogot\u00e1, el 11 de diciembre de 2014, en la 82 con 11 al norte de la capital del pa\u00eds, abord\u00f3 un taxi con destino a su casa.<\/p>\n<p>Hacia las 7 y 40 minutos de la noche, en el sector del centro andino, la recogi\u00f3 el taxi de placas\u00a0\u00a0VDP 282 y casi una hora despu\u00e9s, el mismo veh\u00edculo lleg\u00f3 a inmediaciones de la carrera 62 con calle 26.<\/p>\n<p>Un testigo de ese momento cont\u00f3 que pudo observar un taxi de placa\u00a0\u00a0VDP 282 que se deten\u00eda, y desde la silla de atr\u00e1s fue lanzada la v\u00edctima, quien qued\u00f3 tirada en la v\u00eda p\u00fablica.<\/p>\n<p>Expres\u00f3 que la v\u00edctima, posiblemente no quiso dar el n\u00famero de su clave y en retaliaci\u00f3n para someterla, quien le amenazaba en la parte de atr\u00e1s le caus\u00f3 la herida en su pierna y otra en el pecho, las cuales le produjeron la muerte, pues muri\u00f3 desangrada.<\/p>\n<p>La narraci\u00f3n de la Fiscal\u00eda permiti\u00f3 conocer que\u00a0\u00a0Jassi Amar\u00eds, al siguiente d\u00eda de los hechos no se present\u00f3 a laborar en su horario habitual, pues el taxi lo recib\u00eda a las 4 de la tarde y lo entregaba hacia las 6 de la ma\u00f1ana.<\/p>\n<p>La investigaci\u00f3n tambi\u00e9n permiti\u00f3 establecer que el imputado, tras los hechos, llam\u00f3 a la administradora del veh\u00edculo que manejaba para informarle que deb\u00eda viajar y la deuda que manten\u00eda con su patr\u00f3n, la cubrir\u00eda mediante\u00a0\u00a0pagos por correo.<\/p>\n<p>Luego del homicidio de\u00a0\u00a0la profesora de matem\u00e1ticas, el imputado, quit\u00f3 los\u00a0tapetes y lav\u00f3 la silla trasera, acci\u00f3n que fue confirmada por otro conductor que recibi\u00f3 el turno de las 6 de\u00a0\u00a0ma\u00f1ana y por la administradora del carro quien le\u00a0\u00a0reclamo por la p\u00e9rdida de los tapetes.<\/p>\n<p>Pese a que Jassi Amar\u00eds lav\u00f3 la\u00a0\u00a0silla, los peritos de Medicina Legal pudieron establecer que en el automotor hab\u00edan a\u00fan part\u00edculas de sangre.<\/p>\n<p>Como complemento al resultado de la inspecci\u00f3n al automotor, el conductor que recibi\u00f3 el carro en la ma\u00f1ana, se\u00f1al\u00f3 que la silla de atr\u00e1s del carro estaba mojada y dentro del taxi se percib\u00eda un olor caracter\u00edstico que no pudo establecer, enfatiz\u00f3 la fiscal.<\/p>\n<p>En el\u00a0\u00a0homicidio de M\u00f3nica Andrea Bravo Rueda el imputado actu\u00f3 apoyado por m\u00e1s personas, dijo la fiscal, pues\u00a0\u00a0en la parte de atr\u00e1s del automotor deb\u00eda haber otro, quien fue el que\u00a0\u00a0abri\u00f3 la puerta de atr\u00e1s y lanz\u00f3 el cuerpo a la v\u00eda p\u00fablica y por los videos recogidos se pudo determinar que otros dos sujetos que se movilizaban en motocicleta siempre siguieron el taxi en el que se perpetr\u00f3 el crimen.<\/p>\n<p>En la audiencia, el procesado no acept\u00f3 los delitos de homicidio\u00a0\u00a0agravado en concurso heterog\u00e9neo con hurto calificado y agravado, en concurso con secuestro.<\/p>\n<p>Al final\u00a0\u00a0el imputado fue enviado a la c\u00e1rcel nacional Modelo de la capital del pa\u00eds.<\/p>\n<p>ANM\/DLBM<\/p>\n\n<div class=\"twitter-share\"><a href=\"https:\/\/twitter.com\/intent\/tweet?via=fiscaliacol\" class=\"twitter-share-button\">Tweet<\/a><\/div>\n","protected":false},"excerpt":{"rendered":"<p>Johandrey Rafael Jassi Amar\u00eds fue asegurado en establecimiento carcelario por orden de una juez de Bogot\u00e1 con funci\u00f3n de control de garant\u00edas, al considerar que podr\u00eda ser responsable de los hechos donde fue muerta una profesora de matem\u00e1ticas. La juez en su\u00a0\u00a0decisi\u00f3n apoy\u00f3 la petici\u00f3n de una fiscal de la Unidad de Vida, quien manifest\u00f3 [&hellip;]<\/p>\n","protected":false},"author":143,"featured_media":0,"comment_status":"closed","ping_status":"open","sticky":false,"template":"","format":"standard","meta":{"tdm_status":"","tdm_grid_status":"","footnotes":""},"categories":[1],"tags":[409,236],"class_list":{"0":"post-63645","1":"post","2":"type-post","3":"status-publish","4":"format-standard","6":"category-noticias","7":"tag-homicidio","8":"tag-paseo-millonario"},"yoast_head":"<!-- This site is optimized with the Yoast SEO plugin v24.3 - https:\/\/yoast.com\/wordpress\/plugins\/seo\/ -->\n<title>Fiscal\u00eda General de la Naci\u00f3n<\/title>\n<meta name=\"description\" content=\"P\u00e1gina oficial de la Fiscal\u00eda General de la Naci\u00f3n \u2013 Colombia. Garantizamos el acceso efectivo a la justicia, la verdad y la reparaci\u00f3n de las v\u00edctimas de los delitos.\" \/>\n<meta name=\"robots\" content=\"noindex, follow\" \/>\n<meta property=\"og:locale\" content=\"es_ES\" \/>\n<meta property=\"og:type\" content=\"article\" \/>\n<meta property=\"og:title\" content=\"Fiscal\u00eda General de la Naci\u00f3n\" \/>\n<meta property=\"og:description\" content=\"P\u00e1gina oficial de la Fiscal\u00eda General de la Naci\u00f3n \u2013 Colombia. Garantizamos el acceso efectivo a la justicia, la verdad y la reparaci\u00f3n de las v\u00edctimas de los delitos.\" \/>\n<meta property=\"og:url\" content=\"https:\/\/www.fiscalia.gov.co\/colombia\/noticias\/asegurado-presunto-homicida-de-profesora-que-sufrio-el-paseo-millonario\/\" \/>\n<meta property=\"og:site_name\" content=\"Fiscal\u00eda General de la Naci\u00f3n\" \/>\n<meta property=\"article:publisher\" content=\"https:\/\/www.facebook.com\/FiscaliaCol\" \/>\n<meta property=\"article:published_time\" content=\"2015-03-09T16:31:43+00:00\" \/>\n<meta name=\"author\" content=\"dfgordillo\" \/>\n<meta name=\"twitter:card\" content=\"summary_large_image\" \/>\n<meta name=\"twitter:creator\" content=\"@FiscaliaCol\" \/>\n<meta name=\"twitter:site\" content=\"@FiscaliaCol\" \/>\n<meta name=\"twitter:label1\" content=\"Escrito por\" \/>\n\t<meta name=\"twitter:data1\" content=\"dfgordillo\" \/>\n\t<meta name=\"twitter:label2\" content=\"Tiempo de lectura\" \/>\n\t<meta name=\"twitter:data2\" content=\"3 minutos\" \/>\n<script type=\"application\/ld+json\" class=\"yoast-schema-graph\">{\"@context\":\"https:\/\/schema.org\",\"@graph\":[{\"@type\":\"Article\",\"@id\":\"https:\/\/www.fiscalia.gov.co\/colombia\/noticias\/asegurado-presunto-homicida-de-profesora-que-sufrio-el-paseo-millonario\/#article\",\"isPartOf\":{\"@id\":\"https:\/\/www.fiscalia.gov.co\/colombia\/noticias\/asegurado-presunto-homicida-de-profesora-que-sufrio-el-paseo-millonario\/\"},\"author\":{\"name\":\"dfgordillo\",\"@id\":\"https:\/\/www.fiscalia.gov.co\/colombia\/#\/schema\/person\/3903856a3ce2d54b094c69eb29247895\"},\"headline\":\"Asegurado presunto homicida de profesora que sufri\u00f3 el paseo millonario\",\"datePublished\":\"2015-03-09T16:31:43+00:00\",\"dateModified\":\"2015-03-09T16:31:43+00:00\",\"mainEntityOfPage\":{\"@id\":\"https:\/\/www.fiscalia.gov.co\/colombia\/noticias\/asegurado-presunto-homicida-de-profesora-que-sufrio-el-paseo-millonario\/\"},\"wordCount\":644,\"publisher\":{\"@id\":\"https:\/\/www.fiscalia.gov.co\/colombia\/#organization\"},\"keywords\":[\"Homicidio\",\"Paseo millonario\"],\"articleSection\":[\"Noticias\"],\"inLanguage\":\"es-CO\"},{\"@type\":\"WebPage\",\"@id\":\"https:\/\/www.fiscalia.gov.co\/colombia\/noticias\/asegurado-presunto-homicida-de-profesora-que-sufrio-el-paseo-millonario\/\",\"url\":\"https:\/\/www.fiscalia.gov.co\/colombia\/noticias\/asegurado-presunto-homicida-de-profesora-que-sufrio-el-paseo-millonario\/\",\"name\":\"Fiscal\u00eda General de la Naci\u00f3n\",\"isPartOf\":{\"@id\":\"https:\/\/www.fiscalia.gov.co\/colombia\/#website\"},\"datePublished\":\"2015-03-09T16:31:43+00:00\",\"dateModified\":\"2015-03-09T16:31:43+00:00\",\"description\":\"P\u00e1gina oficial de la Fiscal\u00eda General de la Naci\u00f3n \u2013 Colombia. Garantizamos el acceso efectivo a la justicia, la verdad y la reparaci\u00f3n de las v\u00edctimas de los delitos.\",\"breadcrumb\":{\"@id\":\"https:\/\/www.fiscalia.gov.co\/colombia\/noticias\/asegurado-presunto-homicida-de-profesora-que-sufrio-el-paseo-millonario\/#breadcrumb\"},\"inLanguage\":\"es-CO\",\"potentialAction\":[{\"@type\":\"ReadAction\",\"target\":[\"https:\/\/www.fiscalia.gov.co\/colombia\/noticias\/asegurado-presunto-homicida-de-profesora-que-sufrio-el-paseo-millonario\/\"]}]},{\"@type\":\"BreadcrumbList\",\"@id\":\"https:\/\/www.fiscalia.gov.co\/colombia\/noticias\/asegurado-presunto-homicida-de-profesora-que-sufrio-el-paseo-millonario\/#breadcrumb\",\"itemListElement\":[{\"@type\":\"ListItem\",\"position\":1,\"name\":\"Home\",\"item\":\"https:\/\/www.fiscalia.gov.co\/colombia\/\"},{\"@type\":\"ListItem\",\"position\":2,\"name\":\"Asegurado presunto homicida de profesora que sufri\u00f3 el paseo millonario\"}]},{\"@type\":\"WebSite\",\"@id\":\"https:\/\/www.fiscalia.gov.co\/colombia\/#website\",\"url\":\"https:\/\/www.fiscalia.gov.co\/colombia\/\",\"name\":\"Fiscal\u00eda General de la Naci\u00f3n\",\"description\":\"P\u00e1gina oficial de la Fiscal\u00eda General de la Naci\u00f3n \u2013 Colombia. Garantizamos el acceso efectivo a la justicia, la verdad y la reparaci\u00f3n de las v\u00edctimas de los delitos.\",\"publisher\":{\"@id\":\"https:\/\/www.fiscalia.gov.co\/colombia\/#organization\"},\"potentialAction\":[{\"@type\":\"SearchAction\",\"target\":{\"@type\":\"EntryPoint\",\"urlTemplate\":\"https:\/\/www.fiscalia.gov.co\/colombia\/?s={search_term_string}\"},\"query-input\":{\"@type\":\"PropertyValueSpecification\",\"valueRequired\":true,\"valueName\":\"search_term_string\"}}],\"inLanguage\":\"es-CO\"},{\"@type\":\"Organization\",\"@id\":\"https:\/\/www.fiscalia.gov.co\/colombia\/#organization\",\"name\":\"Fiscal\u00eda General de la Naci\u00f3n\",\"url\":\"https:\/\/www.fiscalia.gov.co\/colombia\/\",\"logo\":{\"@type\":\"ImageObject\",\"inLanguage\":\"es-CO\",\"@id\":\"https:\/\/www.fiscalia.gov.co\/colombia\/#\/schema\/logo\/image\/\",\"url\":\"https:\/\/www.fiscalia.gov.co\/colombia\/wp-content\/uploads\/LogoHorizontal_1.jpg\",\"contentUrl\":\"https:\/\/www.fiscalia.gov.co\/colombia\/wp-content\/uploads\/LogoHorizontal_1.jpg\",\"width\":300,\"height\":90,\"caption\":\"Fiscal\u00eda General de la Naci\u00f3n\"},\"image\":{\"@id\":\"https:\/\/www.fiscalia.gov.co\/colombia\/#\/schema\/logo\/image\/\"},\"sameAs\":[\"https:\/\/www.facebook.com\/FiscaliaCol\",\"https:\/\/x.com\/FiscaliaCol\",\"https:\/\/www.instagram.com\/fiscaliacol\",\"https:\/\/www.linkedin.com\/company\/fiscalia-general-de-la-naci-n\/\",\"https:\/\/youtube.com\/@fiscaliageneraldelanacion-4668?si=6nN79nyQICPU5iTh\"]},{\"@type\":\"Person\",\"@id\":\"https:\/\/www.fiscalia.gov.co\/colombia\/#\/schema\/person\/3903856a3ce2d54b094c69eb29247895\",\"name\":\"dfgordillo\",\"image\":{\"@type\":\"ImageObject\",\"inLanguage\":\"es-CO\",\"@id\":\"https:\/\/www.fiscalia.gov.co\/colombia\/#\/schema\/person\/image\/\",\"url\":\"https:\/\/secure.gravatar.com\/avatar\/b6356e21c5657c60757fe6fb9493e947?s=96&d=mm&r=g\",\"contentUrl\":\"https:\/\/secure.gravatar.com\/avatar\/b6356e21c5657c60757fe6fb9493e947?s=96&d=mm&r=g\",\"caption\":\"dfgordillo\"},\"sameAs\":[\"dfgordillo\"],\"url\":\"https:\/\/www.fiscalia.gov.co\/colombia\/author\/dfgordillo\/\"}]}<\/script>\n<!-- \/ Yoast SEO plugin. -->","yoast_head_json":{"title":"Fiscal\u00eda General de la Naci\u00f3n","description":"P\u00e1gina oficial de la Fiscal\u00eda General de la Naci\u00f3n \u2013 Colombia. Garantizamos el acceso efectivo a la justicia, la verdad y la reparaci\u00f3n de las v\u00edctimas de los delitos.","robots":{"index":"noindex","follow":"follow"},"og_locale":"es_ES","og_type":"article","og_title":"Fiscal\u00eda General de la Naci\u00f3n","og_description":"P\u00e1gina oficial de la Fiscal\u00eda General de la Naci\u00f3n \u2013 Colombia. Garantizamos el acceso efectivo a la justicia, la verdad y la reparaci\u00f3n de las v\u00edctimas de los delitos.","og_url":"https:\/\/www.fiscalia.gov.co\/colombia\/noticias\/asegurado-presunto-homicida-de-profesora-que-sufrio-el-paseo-millonario\/","og_site_name":"Fiscal\u00eda General de la Naci\u00f3n","article_publisher":"https:\/\/www.facebook.com\/FiscaliaCol","article_published_time":"2015-03-09T16:31:43+00:00","author":"dfgordillo","twitter_card":"summary_large_image","twitter_creator":"@FiscaliaCol","twitter_site":"@FiscaliaCol","twitter_misc":{"Escrito por":"dfgordillo","Tiempo de lectura":"3 minutos"},"schema":{"@context":"https:\/\/schema.org","@graph":[{"@type":"Article","@id":"https:\/\/www.fiscalia.gov.co\/colombia\/noticias\/asegurado-presunto-homicida-de-profesora-que-sufrio-el-paseo-millonario\/#article","isPartOf":{"@id":"https:\/\/www.fiscalia.gov.co\/colombia\/noticias\/asegurado-presunto-homicida-de-profesora-que-sufrio-el-paseo-millonario\/"},"author":{"name":"dfgordillo","@id":"https:\/\/www.fiscalia.gov.co\/colombia\/#\/schema\/person\/3903856a3ce2d54b094c69eb29247895"},"headline":"Asegurado presunto homicida de profesora que sufri\u00f3 el paseo millonario","datePublished":"2015-03-09T16:31:43+00:00","dateModified":"2015-03-09T16:31:43+00:00","mainEntityOfPage":{"@id":"https:\/\/www.fiscalia.gov.co\/colombia\/noticias\/asegurado-presunto-homicida-de-profesora-que-sufrio-el-paseo-millonario\/"},"wordCount":644,"publisher":{"@id":"https:\/\/www.fiscalia.gov.co\/colombia\/#organization"},"keywords":["Homicidio","Paseo millonario"],"articleSection":["Noticias"],"inLanguage":"es-CO"},{"@type":"WebPage","@id":"https:\/\/www.fiscalia.gov.co\/colombia\/noticias\/asegurado-presunto-homicida-de-profesora-que-sufrio-el-paseo-millonario\/","url":"https:\/\/www.fiscalia.gov.co\/colombia\/noticias\/asegurado-presunto-homicida-de-profesora-que-sufrio-el-paseo-millonario\/","name":"Fiscal\u00eda General de la Naci\u00f3n","isPartOf":{"@id":"https:\/\/www.fiscalia.gov.co\/colombia\/#website"},"datePublished":"2015-03-09T16:31:43+00:00","dateModified":"2015-03-09T16:31:43+00:00","description":"P\u00e1gina oficial de la Fiscal\u00eda General de la Naci\u00f3n \u2013 Colombia. Garantizamos el acceso efectivo a la justicia, la verdad y la reparaci\u00f3n de las v\u00edctimas de los delitos.","breadcrumb":{"@id":"https:\/\/www.fiscalia.gov.co\/colombia\/noticias\/asegurado-presunto-homicida-de-profesora-que-sufrio-el-paseo-millonario\/#breadcrumb"},"inLanguage":"es-CO","potentialAction":[{"@type":"ReadAction","target":["https:\/\/www.fiscalia.gov.co\/colombia\/noticias\/asegurado-presunto-homicida-de-profesora-que-sufrio-el-paseo-millonario\/"]}]},{"@type":"BreadcrumbList","@id":"https:\/\/www.fiscalia.gov.co\/colombia\/noticias\/asegurado-presunto-homicida-de-profesora-que-sufrio-el-paseo-millonario\/#breadcrumb","itemListElement":[{"@type":"ListItem","position":1,"name":"Home","item":"https:\/\/www.fiscalia.gov.co\/colombia\/"},{"@type":"ListItem","position":2,"name":"Asegurado presunto homicida de profesora que sufri\u00f3 el paseo millonario"}]},{"@type":"WebSite","@id":"https:\/\/www.fiscalia.gov.co\/colombia\/#website","url":"https:\/\/www.fiscalia.gov.co\/colombia\/","name":"Fiscal\u00eda General de la Naci\u00f3n","description":"P\u00e1gina oficial de la Fiscal\u00eda General de la Naci\u00f3n \u2013 Colombia. Garantizamos el acceso efectivo a la justicia, la verdad y la reparaci\u00f3n de las v\u00edctimas de los delitos.","publisher":{"@id":"https:\/\/www.fiscalia.gov.co\/colombia\/#organization"},"potentialAction":[{"@type":"SearchAction","target":{"@type":"EntryPoint","urlTemplate":"https:\/\/www.fiscalia.gov.co\/colombia\/?s={search_term_string}"},"query-input":{"@type":"PropertyValueSpecification","valueRequired":true,"valueName":"search_term_string"}}],"inLanguage":"es-CO"},{"@type":"Organization","@id":"https:\/\/www.fiscalia.gov.co\/colombia\/#organization","name":"Fiscal\u00eda General de la Naci\u00f3n","url":"https:\/\/www.fiscalia.gov.co\/colombia\/","logo":{"@type":"ImageObject","inLanguage":"es-CO","@id":"https:\/\/www.fiscalia.gov.co\/colombia\/#\/schema\/logo\/image\/","url":"https:\/\/www.fiscalia.gov.co\/colombia\/wp-content\/uploads\/LogoHorizontal_1.jpg","contentUrl":"https:\/\/www.fiscalia.gov.co\/colombia\/wp-content\/uploads\/LogoHorizontal_1.jpg","width":300,"height":90,"caption":"Fiscal\u00eda General de la Naci\u00f3n"},"image":{"@id":"https:\/\/www.fiscalia.gov.co\/colombia\/#\/schema\/logo\/image\/"},"sameAs":["https:\/\/www.facebook.com\/FiscaliaCol","https:\/\/x.com\/FiscaliaCol","https:\/\/www.instagram.com\/fiscaliacol","https:\/\/www.linkedin.com\/company\/fiscalia-general-de-la-naci-n\/","https:\/\/youtube.com\/@fiscaliageneraldelanacion-4668?si=6nN79nyQICPU5iTh"]},{"@type":"Person","@id":"https:\/\/www.fiscalia.gov.co\/colombia\/#\/schema\/person\/3903856a3ce2d54b094c69eb29247895","name":"dfgordillo","image":{"@type":"ImageObject","inLanguage":"es-CO","@id":"https:\/\/www.fiscalia.gov.co\/colombia\/#\/schema\/person\/image\/","url":"https:\/\/secure.gravatar.com\/avatar\/b6356e21c5657c60757fe6fb9493e947?s=96&d=mm&r=g","contentUrl":"https:\/\/secure.gravatar.com\/avatar\/b6356e21c5657c60757fe6fb9493e947?s=96&d=mm&r=g","caption":"dfgordillo"},"sameAs":["dfgordillo"],"url":"https:\/\/www.fiscalia.gov.co\/colombia\/author\/dfgordillo\/"}]}},"_links":{"self":[{"href":"https:\/\/www.fiscalia.gov.co\/colombia\/wp-json\/wp\/v2\/posts\/63645","targetHints":{"allow":["GET"]}}],"collection":[{"href":"https:\/\/www.fiscalia.gov.co\/colombia\/wp-json\/wp\/v2\/posts"}],"about":[{"href":"https:\/\/www.fiscalia.gov.co\/colombia\/wp-json\/wp\/v2\/types\/post"}],"author":[{"embeddable":true,"href":"https:\/\/www.fiscalia.gov.co\/colombia\/wp-json\/wp\/v2\/users\/143"}],"replies":[{"embeddable":true,"href":"https:\/\/www.fiscalia.gov.co\/colombia\/wp-json\/wp\/v2\/comments?post=63645"}],"version-history":[{"count":2,"href":"https:\/\/www.fiscalia.gov.co\/colombia\/wp-json\/wp\/v2\/posts\/63645\/revisions"}],"predecessor-version":[{"id":63647,"href":"https:\/\/www.fiscalia.gov.co\/colombia\/wp-json\/wp\/v2\/posts\/63645\/revisions\/63647"}],"wp:attachment":[{"href":"https:\/\/www.fiscalia.gov.co\/colombia\/wp-json\/wp\/v2\/media?parent=63645"}],"wp:term":[{"taxonomy":"category","embeddable":true,"href":"https:\/\/www.fiscalia.gov.co\/colombia\/wp-json\/wp\/v2\/categories?post=63645"},{"taxonomy":"post_tag","embeddable":true,"href":"https:\/\/www.fiscalia.gov.co\/colombia\/wp-json\/wp\/v2\/tags?post=63645"}],"curies":[{"name":"wp","href":"https:\/\/api.w.org\/{rel}","templated":true}]}}