{"id":63509,"date":"2015-03-05T17:59:54","date_gmt":"2015-03-05T22:59:54","guid":{"rendered":"http:\/\/www.fiscalia.gov.co\/colombia\/?p=63509"},"modified":"2015-03-05T20:11:44","modified_gmt":"2015-03-06T01:11:44","slug":"desmantelan-organizacion-dedicada-al-trafico-de-estupefacientes-en-cartagena-y-medellin","status":"publish","type":"post","link":"https:\/\/www.fiscalia.gov.co\/colombia\/noticias\/desmantelan-organizacion-dedicada-al-trafico-de-estupefacientes-en-cartagena-y-medellin\/","title":{"rendered":"Desmantelan organizaci\u00f3n dedicada al tr\u00e1fico de estupefacientes en Cartagena y Medell\u00edn"},"content":{"rendered":"<p>Luego del trabajo investigativo conjunto entre la Fiscal\u00eda General de la Naci\u00f3n y la Polic\u00eda Nacional, se logr\u00f3 identificar\u00a0y desmantelar una organizaci\u00f3n dedicada al tr\u00e1fico de estupefacientes que ten\u00eda como centro de operaciones el departamento de Bol\u00edvar.<\/p>\n<p>Seg\u00fan lo determinado la red de narcotr\u00e1fico camuflaba los alucin\u00f3genos dentro de equipos electr\u00f3nicos industriales, para posteriormente enviarlos v\u00eda a\u00e9rea como equipaje delicado con destino a Europa, en donde los precios de los estupefacientes superan los 45.000 USD.<\/p>\n<p>La organizaci\u00f3n transportaba los estupefacientes por v\u00eda terrestre desde Cartagena hacia Venezuela, usando como puente La Guajira.<\/p>\n<p>De igual manera manejaban otra forma de env\u00edo en donde entregaban el estupefaciente\u00a0 a correos humanos que viajaban desde Rionegro (Antioquia) hacia Rotterdam (Holanda), utilizando como puente la Isla de Curazao.<\/p>\n<p>Se estableci\u00f3 que en Venezuela, la droga era entregada a otros correos humanos que viajan desde Caracas hacia Rotterdam para llevarlos como destino final al mercado europeo.<\/p>\n<p>Es as\u00ed como ayer un fiscal delegado de la Direcci\u00f3n Nacional Especializada Antinarc\u00f3ticos y Lavado de Activos de Cartagena (Bol\u00edvar), logr\u00f3 que un juez con funciones de control legalizara su captura y se espera la imputaci\u00f3n por el delito de tr\u00e1fico, fabricaci\u00f3n\u00a0o porte de estupefacientes agravado y concierto para delinquir.<\/p>\n<p>Este 3 de marzo fueron capturados los presuntos integrantes la organizaci\u00f3n, quienes fueron identificados como:<\/p>\n<p>\u00c1ngel David Caro Mor\u00e1n<strong>, <\/strong>capturado en Medell\u00edn, presunto jefe de la organizaci\u00f3n, encargado de la consecuci\u00f3n y env\u00edo de estupefacientes, utilizando como medios de transporte contenedores,\u00a0veh\u00edculos y diferentes objetos con caletas para mover peque\u00f1as cantidades hacia Europa.<\/p>\n<p>Igualmente, Andr\u00e9s Vila \u00c1lvarez, capturado en Bogot\u00e1,\u00a0quien tambi\u00e9n participa en la coordinaci\u00f3n de los viajes de los correos humanos; \u00a0\u00a0\u00a0Mar\u00eda Olga Cristancho de Barbosa<strong>, <\/strong>capturada en Bogot\u00e1, quien al parecer, realiza reuniones de coordinaci\u00f3n de los viajes en diferentes ciudades el pa\u00eds.<\/p>\n<p>Por otra parte, Carlos Andr\u00e9s Becerra V\u00e9lez<strong>,\u00a0<\/strong>capturado en Bogot\u00e1,<strong>\u00a0<\/strong>encargado de la compra y envi\u00f3 de la sustancia estupefaciente; Eduardo Ortega Issa<strong>,\u00a0<\/strong>(detenido por otro proceso)<strong>,\u00a0<\/strong>encargado<strong> <\/strong>de la consecuci\u00f3n de las personas que viajan con los estupefacientes. Cuenta con diversos contactos en puertos y aeropuertos con el fin de evadir controles de las autoridades.<\/p>\n<p>Tambi\u00e9n, Jos\u00e9 Yimmin P\u00e1ez Fonseca<strong>, <\/strong>capturado en Bogot\u00e1,\u00a0encargado de realizar la transformaci\u00f3n de la sustancia estupefaciente de s\u00f3lido a l\u00edquido, utilizada para introducirla en los objetos.<\/p>\n<p>Finalmente, Germ\u00e1n Franco Suco, capturado en Cartagena<strong>,\u00a0<\/strong>quien se encargaba de suministrar la sustancia estupefaciente a la organizaci\u00f3n,\u00a0fung\u00eda como uno de los inversionistas de la organizaci\u00f3n, y Luz Elena Franco Mora<strong>,\u00a0<\/strong>capturada en Bogot\u00e1,<strong>\u00a0<\/strong>encargada de coordinar y conseguir la persona que llevar\u00eda la caleta utilizada para transportar la sustancia estupefaciente.<\/p>\n<p>Estas personas son judicializadas por los delitos de concierto para delinquir agravado y tr\u00e1fico fabricaci\u00f3n o porte de estupefacientes agravado.<\/p>\n<p>&nbsp;<\/p>\n<p>PAAM\/DLBM<\/p>\n<p>__________________________________________________<\/p>\n<p><strong>Rueda de prensa Jorge Fernando Perdomo Torres, Vicefiscal General de la Naci\u00f3n<\/strong><\/p>\n[audio:http:\/\/www.fiscalia.gov.co\/colombia\/wp-content\/uploads\/20150305e.mp3|titles=Declaraciones]\n<p><a title=\"Descargar audio \" href=\"http:\/\/www.fiscalia.gov.co\/colombia\/wp-content\/uploads\/20150305e.mp3\" target=\"_blank\">Descargar<\/a><\/p>\n<p>Tema:\u00a0Desmantelan organizaci\u00f3n dedicada al tr\u00e1fico de estupefacientes en Cartagena y Medell\u00edn<strong><br \/>\n<\/strong>Lugar: Cartagena, bol\u00edvar<br \/>\nFecha: 5 de marzo de 2015<\/p>\n\n<div class=\"twitter-share\"><a href=\"https:\/\/twitter.com\/intent\/tweet?via=fiscaliacol\" class=\"twitter-share-button\">Tweet<\/a><\/div>\n","protected":false},"excerpt":{"rendered":"<p>Luego del trabajo investigativo conjunto entre la Fiscal\u00eda General de la Naci\u00f3n y la Polic\u00eda Nacional, se logr\u00f3 identificar\u00a0y desmantelar una organizaci\u00f3n dedicada al tr\u00e1fico de estupefacientes que ten\u00eda como centro de operaciones el departamento de Bol\u00edvar. Seg\u00fan lo determinado la red de narcotr\u00e1fico camuflaba los alucin\u00f3genos dentro de equipos electr\u00f3nicos industriales, para posteriormente enviarlos [&hellip;]<\/p>\n","protected":false},"author":143,"featured_media":0,"comment_status":"closed","ping_status":"open","sticky":false,"template":"","format":"standard","meta":{"tdm_status":"","tdm_grid_status":"","footnotes":""},"categories":[1],"tags":[155],"class_list":{"0":"post-63509","1":"post","2":"type-post","3":"status-publish","4":"format-standard","6":"category-noticias","7":"tag-trafico-de-estupefacientes"},"yoast_head":"<!-- This site is optimized with the Yoast SEO plugin v24.3 - https:\/\/yoast.com\/wordpress\/plugins\/seo\/ -->\n<title>Fiscal\u00eda General de la Naci\u00f3n<\/title>\n<meta name=\"description\" content=\"P\u00e1gina oficial de la Fiscal\u00eda General de la Naci\u00f3n \u2013 Colombia. Garantizamos el acceso efectivo a la justicia, la verdad y la reparaci\u00f3n de las v\u00edctimas de los delitos.\" \/>\n<meta name=\"robots\" content=\"noindex, follow\" \/>\n<meta property=\"og:locale\" content=\"es_ES\" \/>\n<meta property=\"og:type\" content=\"article\" \/>\n<meta property=\"og:title\" content=\"Fiscal\u00eda General de la Naci\u00f3n\" \/>\n<meta property=\"og:description\" content=\"P\u00e1gina oficial de la Fiscal\u00eda General de la Naci\u00f3n \u2013 Colombia. Garantizamos el acceso efectivo a la justicia, la verdad y la reparaci\u00f3n de las v\u00edctimas de los delitos.\" \/>\n<meta property=\"og:url\" content=\"https:\/\/www.fiscalia.gov.co\/colombia\/noticias\/desmantelan-organizacion-dedicada-al-trafico-de-estupefacientes-en-cartagena-y-medellin\/\" \/>\n<meta property=\"og:site_name\" content=\"Fiscal\u00eda General de la Naci\u00f3n\" \/>\n<meta property=\"article:publisher\" content=\"https:\/\/www.facebook.com\/FiscaliaCol\" \/>\n<meta property=\"article:published_time\" content=\"2015-03-05T22:59:54+00:00\" \/>\n<meta property=\"article:modified_time\" content=\"2015-03-06T01:11:44+00:00\" \/>\n<meta name=\"author\" content=\"dfgordillo\" \/>\n<meta name=\"twitter:card\" content=\"summary_large_image\" \/>\n<meta name=\"twitter:creator\" content=\"@FiscaliaCol\" \/>\n<meta name=\"twitter:site\" content=\"@FiscaliaCol\" \/>\n<meta name=\"twitter:label1\" content=\"Escrito por\" \/>\n\t<meta name=\"twitter:data1\" content=\"dfgordillo\" \/>\n\t<meta name=\"twitter:label2\" content=\"Tiempo de lectura\" \/>\n\t<meta name=\"twitter:data2\" content=\"3 minutos\" \/>\n<script type=\"application\/ld+json\" class=\"yoast-schema-graph\">{\"@context\":\"https:\/\/schema.org\",\"@graph\":[{\"@type\":\"Article\",\"@id\":\"https:\/\/www.fiscalia.gov.co\/colombia\/noticias\/desmantelan-organizacion-dedicada-al-trafico-de-estupefacientes-en-cartagena-y-medellin\/#article\",\"isPartOf\":{\"@id\":\"https:\/\/www.fiscalia.gov.co\/colombia\/noticias\/desmantelan-organizacion-dedicada-al-trafico-de-estupefacientes-en-cartagena-y-medellin\/\"},\"author\":{\"name\":\"dfgordillo\",\"@id\":\"https:\/\/www.fiscalia.gov.co\/colombia\/#\/schema\/person\/3903856a3ce2d54b094c69eb29247895\"},\"headline\":\"Desmantelan organizaci\u00f3n dedicada al tr\u00e1fico de estupefacientes en Cartagena y Medell\u00edn\",\"datePublished\":\"2015-03-05T22:59:54+00:00\",\"dateModified\":\"2015-03-06T01:11:44+00:00\",\"mainEntityOfPage\":{\"@id\":\"https:\/\/www.fiscalia.gov.co\/colombia\/noticias\/desmantelan-organizacion-dedicada-al-trafico-de-estupefacientes-en-cartagena-y-medellin\/\"},\"wordCount\":569,\"publisher\":{\"@id\":\"https:\/\/www.fiscalia.gov.co\/colombia\/#organization\"},\"keywords\":[\"Tr\u00e1fico de estupefacientes\"],\"articleSection\":[\"Noticias\"],\"inLanguage\":\"es-CO\"},{\"@type\":\"WebPage\",\"@id\":\"https:\/\/www.fiscalia.gov.co\/colombia\/noticias\/desmantelan-organizacion-dedicada-al-trafico-de-estupefacientes-en-cartagena-y-medellin\/\",\"url\":\"https:\/\/www.fiscalia.gov.co\/colombia\/noticias\/desmantelan-organizacion-dedicada-al-trafico-de-estupefacientes-en-cartagena-y-medellin\/\",\"name\":\"Fiscal\u00eda General de la Naci\u00f3n\",\"isPartOf\":{\"@id\":\"https:\/\/www.fiscalia.gov.co\/colombia\/#website\"},\"datePublished\":\"2015-03-05T22:59:54+00:00\",\"dateModified\":\"2015-03-06T01:11:44+00:00\",\"description\":\"P\u00e1gina oficial de la Fiscal\u00eda General de la Naci\u00f3n \u2013 Colombia. Garantizamos el acceso efectivo a la justicia, la verdad y la reparaci\u00f3n de las v\u00edctimas de los delitos.\",\"breadcrumb\":{\"@id\":\"https:\/\/www.fiscalia.gov.co\/colombia\/noticias\/desmantelan-organizacion-dedicada-al-trafico-de-estupefacientes-en-cartagena-y-medellin\/#breadcrumb\"},\"inLanguage\":\"es-CO\",\"potentialAction\":[{\"@type\":\"ReadAction\",\"target\":[\"https:\/\/www.fiscalia.gov.co\/colombia\/noticias\/desmantelan-organizacion-dedicada-al-trafico-de-estupefacientes-en-cartagena-y-medellin\/\"]}]},{\"@type\":\"BreadcrumbList\",\"@id\":\"https:\/\/www.fiscalia.gov.co\/colombia\/noticias\/desmantelan-organizacion-dedicada-al-trafico-de-estupefacientes-en-cartagena-y-medellin\/#breadcrumb\",\"itemListElement\":[{\"@type\":\"ListItem\",\"position\":1,\"name\":\"Home\",\"item\":\"https:\/\/www.fiscalia.gov.co\/colombia\/\"},{\"@type\":\"ListItem\",\"position\":2,\"name\":\"Desmantelan organizaci\u00f3n dedicada al tr\u00e1fico de estupefacientes en Cartagena y Medell\u00edn\"}]},{\"@type\":\"WebSite\",\"@id\":\"https:\/\/www.fiscalia.gov.co\/colombia\/#website\",\"url\":\"https:\/\/www.fiscalia.gov.co\/colombia\/\",\"name\":\"Fiscal\u00eda General de la Naci\u00f3n\",\"description\":\"P\u00e1gina oficial de la Fiscal\u00eda General de la Naci\u00f3n \u2013 Colombia. Garantizamos el acceso efectivo a la justicia, la verdad y la reparaci\u00f3n de las v\u00edctimas de los delitos.\",\"publisher\":{\"@id\":\"https:\/\/www.fiscalia.gov.co\/colombia\/#organization\"},\"potentialAction\":[{\"@type\":\"SearchAction\",\"target\":{\"@type\":\"EntryPoint\",\"urlTemplate\":\"https:\/\/www.fiscalia.gov.co\/colombia\/?s={search_term_string}\"},\"query-input\":{\"@type\":\"PropertyValueSpecification\",\"valueRequired\":true,\"valueName\":\"search_term_string\"}}],\"inLanguage\":\"es-CO\"},{\"@type\":\"Organization\",\"@id\":\"https:\/\/www.fiscalia.gov.co\/colombia\/#organization\",\"name\":\"Fiscal\u00eda General de la Naci\u00f3n\",\"url\":\"https:\/\/www.fiscalia.gov.co\/colombia\/\",\"logo\":{\"@type\":\"ImageObject\",\"inLanguage\":\"es-CO\",\"@id\":\"https:\/\/www.fiscalia.gov.co\/colombia\/#\/schema\/logo\/image\/\",\"url\":\"https:\/\/www.fiscalia.gov.co\/colombia\/wp-content\/uploads\/LogoHorizontal_1.jpg\",\"contentUrl\":\"https:\/\/www.fiscalia.gov.co\/colombia\/wp-content\/uploads\/LogoHorizontal_1.jpg\",\"width\":300,\"height\":90,\"caption\":\"Fiscal\u00eda General de la Naci\u00f3n\"},\"image\":{\"@id\":\"https:\/\/www.fiscalia.gov.co\/colombia\/#\/schema\/logo\/image\/\"},\"sameAs\":[\"https:\/\/www.facebook.com\/FiscaliaCol\",\"https:\/\/x.com\/FiscaliaCol\",\"https:\/\/www.instagram.com\/fiscaliacol\",\"https:\/\/www.linkedin.com\/company\/fiscalia-general-de-la-naci-n\/\",\"https:\/\/youtube.com\/@fiscaliageneraldelanacion-4668?si=6nN79nyQICPU5iTh\"]},{\"@type\":\"Person\",\"@id\":\"https:\/\/www.fiscalia.gov.co\/colombia\/#\/schema\/person\/3903856a3ce2d54b094c69eb29247895\",\"name\":\"dfgordillo\",\"image\":{\"@type\":\"ImageObject\",\"inLanguage\":\"es-CO\",\"@id\":\"https:\/\/www.fiscalia.gov.co\/colombia\/#\/schema\/person\/image\/\",\"url\":\"https:\/\/secure.gravatar.com\/avatar\/b6356e21c5657c60757fe6fb9493e947?s=96&d=mm&r=g\",\"contentUrl\":\"https:\/\/secure.gravatar.com\/avatar\/b6356e21c5657c60757fe6fb9493e947?s=96&d=mm&r=g\",\"caption\":\"dfgordillo\"},\"sameAs\":[\"dfgordillo\"],\"url\":\"https:\/\/www.fiscalia.gov.co\/colombia\/author\/dfgordillo\/\"}]}<\/script>\n<!-- \/ Yoast SEO plugin. -->","yoast_head_json":{"title":"Fiscal\u00eda General de la Naci\u00f3n","description":"P\u00e1gina oficial de la Fiscal\u00eda General de la Naci\u00f3n \u2013 Colombia. Garantizamos el acceso efectivo a la justicia, la verdad y la reparaci\u00f3n de las v\u00edctimas de los delitos.","robots":{"index":"noindex","follow":"follow"},"og_locale":"es_ES","og_type":"article","og_title":"Fiscal\u00eda General de la Naci\u00f3n","og_description":"P\u00e1gina oficial de la Fiscal\u00eda General de la Naci\u00f3n \u2013 Colombia. Garantizamos el acceso efectivo a la justicia, la verdad y la reparaci\u00f3n de las v\u00edctimas de los delitos.","og_url":"https:\/\/www.fiscalia.gov.co\/colombia\/noticias\/desmantelan-organizacion-dedicada-al-trafico-de-estupefacientes-en-cartagena-y-medellin\/","og_site_name":"Fiscal\u00eda General de la Naci\u00f3n","article_publisher":"https:\/\/www.facebook.com\/FiscaliaCol","article_published_time":"2015-03-05T22:59:54+00:00","article_modified_time":"2015-03-06T01:11:44+00:00","author":"dfgordillo","twitter_card":"summary_large_image","twitter_creator":"@FiscaliaCol","twitter_site":"@FiscaliaCol","twitter_misc":{"Escrito por":"dfgordillo","Tiempo de lectura":"3 minutos"},"schema":{"@context":"https:\/\/schema.org","@graph":[{"@type":"Article","@id":"https:\/\/www.fiscalia.gov.co\/colombia\/noticias\/desmantelan-organizacion-dedicada-al-trafico-de-estupefacientes-en-cartagena-y-medellin\/#article","isPartOf":{"@id":"https:\/\/www.fiscalia.gov.co\/colombia\/noticias\/desmantelan-organizacion-dedicada-al-trafico-de-estupefacientes-en-cartagena-y-medellin\/"},"author":{"name":"dfgordillo","@id":"https:\/\/www.fiscalia.gov.co\/colombia\/#\/schema\/person\/3903856a3ce2d54b094c69eb29247895"},"headline":"Desmantelan organizaci\u00f3n dedicada al tr\u00e1fico de estupefacientes en Cartagena y Medell\u00edn","datePublished":"2015-03-05T22:59:54+00:00","dateModified":"2015-03-06T01:11:44+00:00","mainEntityOfPage":{"@id":"https:\/\/www.fiscalia.gov.co\/colombia\/noticias\/desmantelan-organizacion-dedicada-al-trafico-de-estupefacientes-en-cartagena-y-medellin\/"},"wordCount":569,"publisher":{"@id":"https:\/\/www.fiscalia.gov.co\/colombia\/#organization"},"keywords":["Tr\u00e1fico de estupefacientes"],"articleSection":["Noticias"],"inLanguage":"es-CO"},{"@type":"WebPage","@id":"https:\/\/www.fiscalia.gov.co\/colombia\/noticias\/desmantelan-organizacion-dedicada-al-trafico-de-estupefacientes-en-cartagena-y-medellin\/","url":"https:\/\/www.fiscalia.gov.co\/colombia\/noticias\/desmantelan-organizacion-dedicada-al-trafico-de-estupefacientes-en-cartagena-y-medellin\/","name":"Fiscal\u00eda General de la Naci\u00f3n","isPartOf":{"@id":"https:\/\/www.fiscalia.gov.co\/colombia\/#website"},"datePublished":"2015-03-05T22:59:54+00:00","dateModified":"2015-03-06T01:11:44+00:00","description":"P\u00e1gina oficial de la Fiscal\u00eda General de la Naci\u00f3n \u2013 Colombia. Garantizamos el acceso efectivo a la justicia, la verdad y la reparaci\u00f3n de las v\u00edctimas de los delitos.","breadcrumb":{"@id":"https:\/\/www.fiscalia.gov.co\/colombia\/noticias\/desmantelan-organizacion-dedicada-al-trafico-de-estupefacientes-en-cartagena-y-medellin\/#breadcrumb"},"inLanguage":"es-CO","potentialAction":[{"@type":"ReadAction","target":["https:\/\/www.fiscalia.gov.co\/colombia\/noticias\/desmantelan-organizacion-dedicada-al-trafico-de-estupefacientes-en-cartagena-y-medellin\/"]}]},{"@type":"BreadcrumbList","@id":"https:\/\/www.fiscalia.gov.co\/colombia\/noticias\/desmantelan-organizacion-dedicada-al-trafico-de-estupefacientes-en-cartagena-y-medellin\/#breadcrumb","itemListElement":[{"@type":"ListItem","position":1,"name":"Home","item":"https:\/\/www.fiscalia.gov.co\/colombia\/"},{"@type":"ListItem","position":2,"name":"Desmantelan organizaci\u00f3n dedicada al tr\u00e1fico de estupefacientes en Cartagena y Medell\u00edn"}]},{"@type":"WebSite","@id":"https:\/\/www.fiscalia.gov.co\/colombia\/#website","url":"https:\/\/www.fiscalia.gov.co\/colombia\/","name":"Fiscal\u00eda General de la Naci\u00f3n","description":"P\u00e1gina oficial de la Fiscal\u00eda General de la Naci\u00f3n \u2013 Colombia. Garantizamos el acceso efectivo a la justicia, la verdad y la reparaci\u00f3n de las v\u00edctimas de los delitos.","publisher":{"@id":"https:\/\/www.fiscalia.gov.co\/colombia\/#organization"},"potentialAction":[{"@type":"SearchAction","target":{"@type":"EntryPoint","urlTemplate":"https:\/\/www.fiscalia.gov.co\/colombia\/?s={search_term_string}"},"query-input":{"@type":"PropertyValueSpecification","valueRequired":true,"valueName":"search_term_string"}}],"inLanguage":"es-CO"},{"@type":"Organization","@id":"https:\/\/www.fiscalia.gov.co\/colombia\/#organization","name":"Fiscal\u00eda General de la Naci\u00f3n","url":"https:\/\/www.fiscalia.gov.co\/colombia\/","logo":{"@type":"ImageObject","inLanguage":"es-CO","@id":"https:\/\/www.fiscalia.gov.co\/colombia\/#\/schema\/logo\/image\/","url":"https:\/\/www.fiscalia.gov.co\/colombia\/wp-content\/uploads\/LogoHorizontal_1.jpg","contentUrl":"https:\/\/www.fiscalia.gov.co\/colombia\/wp-content\/uploads\/LogoHorizontal_1.jpg","width":300,"height":90,"caption":"Fiscal\u00eda General de la Naci\u00f3n"},"image":{"@id":"https:\/\/www.fiscalia.gov.co\/colombia\/#\/schema\/logo\/image\/"},"sameAs":["https:\/\/www.facebook.com\/FiscaliaCol","https:\/\/x.com\/FiscaliaCol","https:\/\/www.instagram.com\/fiscaliacol","https:\/\/www.linkedin.com\/company\/fiscalia-general-de-la-naci-n\/","https:\/\/youtube.com\/@fiscaliageneraldelanacion-4668?si=6nN79nyQICPU5iTh"]},{"@type":"Person","@id":"https:\/\/www.fiscalia.gov.co\/colombia\/#\/schema\/person\/3903856a3ce2d54b094c69eb29247895","name":"dfgordillo","image":{"@type":"ImageObject","inLanguage":"es-CO","@id":"https:\/\/www.fiscalia.gov.co\/colombia\/#\/schema\/person\/image\/","url":"https:\/\/secure.gravatar.com\/avatar\/b6356e21c5657c60757fe6fb9493e947?s=96&d=mm&r=g","contentUrl":"https:\/\/secure.gravatar.com\/avatar\/b6356e21c5657c60757fe6fb9493e947?s=96&d=mm&r=g","caption":"dfgordillo"},"sameAs":["dfgordillo"],"url":"https:\/\/www.fiscalia.gov.co\/colombia\/author\/dfgordillo\/"}]}},"_links":{"self":[{"href":"https:\/\/www.fiscalia.gov.co\/colombia\/wp-json\/wp\/v2\/posts\/63509","targetHints":{"allow":["GET"]}}],"collection":[{"href":"https:\/\/www.fiscalia.gov.co\/colombia\/wp-json\/wp\/v2\/posts"}],"about":[{"href":"https:\/\/www.fiscalia.gov.co\/colombia\/wp-json\/wp\/v2\/types\/post"}],"author":[{"embeddable":true,"href":"https:\/\/www.fiscalia.gov.co\/colombia\/wp-json\/wp\/v2\/users\/143"}],"replies":[{"embeddable":true,"href":"https:\/\/www.fiscalia.gov.co\/colombia\/wp-json\/wp\/v2\/comments?post=63509"}],"version-history":[{"count":3,"href":"https:\/\/www.fiscalia.gov.co\/colombia\/wp-json\/wp\/v2\/posts\/63509\/revisions"}],"predecessor-version":[{"id":63511,"href":"https:\/\/www.fiscalia.gov.co\/colombia\/wp-json\/wp\/v2\/posts\/63509\/revisions\/63511"}],"wp:attachment":[{"href":"https:\/\/www.fiscalia.gov.co\/colombia\/wp-json\/wp\/v2\/media?parent=63509"}],"wp:term":[{"taxonomy":"category","embeddable":true,"href":"https:\/\/www.fiscalia.gov.co\/colombia\/wp-json\/wp\/v2\/categories?post=63509"},{"taxonomy":"post_tag","embeddable":true,"href":"https:\/\/www.fiscalia.gov.co\/colombia\/wp-json\/wp\/v2\/tags?post=63509"}],"curies":[{"name":"wp","href":"https:\/\/api.w.org\/{rel}","templated":true}]}}