{"id":63125,"date":"2015-02-28T06:58:44","date_gmt":"2015-02-28T11:58:44","guid":{"rendered":"http:\/\/www.fiscalia.gov.co\/colombia\/?p=63125"},"modified":"2015-02-28T06:58:44","modified_gmt":"2015-02-28T11:58:44","slug":"maria-del-pilar-hurtado-y-bernardo-moreno-responsables-por-interceptaciones-ilegales-corte-suprema-de-justicia","status":"publish","type":"post","link":"https:\/\/www.fiscalia.gov.co\/colombia\/noticias\/maria-del-pilar-hurtado-y-bernardo-moreno-responsables-por-interceptaciones-ilegales-corte-suprema-de-justicia\/","title":{"rendered":"Mar\u00eda del Pilar Hurtado y Bernardo Moreno responsables por interceptaciones ilegales: Corte Suprema de Justicia"},"content":{"rendered":"<p dir=\"ltr\">De manera un\u00e1nime por parte de la Sala Penal de la Corte Suprema de Justicia, la exdirectora del entonces Departamento Administrativo de Seguridad (DAS), Mar\u00eda del Pilar Hurtado y el ex secretario general de la Presidencia de la Rep\u00fablica, Bernardo Moreno, fueron hallados responsables por las interceptaciones ilegales del DAS contra magistrados, periodistas y pol\u00edticos.<\/p>\n<p>Para la\u00a0 Corte Suprema de Justicia\u00a0\u00a0 Hurtado Afanador, de\u00a0 cuerdo con las pruebas presentadas por la Fiscal\u00eda,\u00a0 incurri\u00f3 en los delitos de concierto para delinquir agravado, coautor\u00eda en la violaci\u00f3n il\u00edcita de comunicaciones, abuso de autoridad por acto arbitrario y abusivo, peculado por apropiaci\u00f3n y falsedad ideol\u00f3gica en documento p\u00fablico.<\/p>\n<p>Por su parte, el exsecretario de Presidencia, Bernardo Moreno, fue hallado responsable por los delitos de concierto para delinquir, determinador del delito de interceptaci\u00f3n il\u00edcita de comunicaciones y autor de abuso de autoridad por acto arbitrario y abusivo.<\/p>\n<p>&#8220;Si bien era la agenda de requerimientos\u00a0 de la Presidencia la que fijaba los par\u00e1metros de inteligencia, esta propende por la seguridad del Estado respetando los derechos y las garant\u00edas constitucionales y en general desarrollarse en el marco de la legalidad. Nada ten\u00eda que ver la obtenci\u00f3n de expedientes, datos sobre procesos y de parapol\u00edtica o los temas que se trataba en las Salas Plenas con la protecci\u00f3n de la seguridad nacional o la institucionalidad del estado de derecho, tampoco por establecer si algunos magistrados eran cercanos a Giorgio Sale, que fue la justificaci\u00f3n que fallidamente suministr\u00f3 la Presidencia de la Rep\u00fablica para revestir de legalidad el procedimiento desplegado por el DAS a efectos de obtener la informaci\u00f3n que se le hab\u00eda requerido&#8221;, precis\u00f3 Fernando Castro Caballero, magistrado ponente.<\/p>\n<p>En la decisi\u00f3n tambi\u00e9n se determin\u00f3 que Mar\u00eda del Pilar Hurtado deber\u00e1 permanecer privada de la libertad, mientras que Bernardo Moreno continuar\u00e1 en libertad.<\/p>\n<p>La sentencia por este caso se conocer\u00e1\u00a0<a href=\"x-apple-data-detectors:\/\/1\">el pr\u00f3ximo jueves<\/a>\u00a05 de marzo.<\/p>\n<p dir=\"ltr\">MRB\/DLBM<\/p>\n\n<div class=\"twitter-share\"><a href=\"https:\/\/twitter.com\/intent\/tweet?via=fiscaliacol\" class=\"twitter-share-button\">Tweet<\/a><\/div>\n","protected":false},"excerpt":{"rendered":"<p>De manera un\u00e1nime por parte de la Sala Penal de la Corte Suprema de Justicia, la exdirectora del entonces Departamento Administrativo de Seguridad (DAS), Mar\u00eda del Pilar Hurtado y el ex secretario general de la Presidencia de la Rep\u00fablica, Bernardo Moreno, fueron hallados responsables por las interceptaciones ilegales del DAS contra magistrados, periodistas y pol\u00edticos. [&hellip;]<\/p>\n","protected":false},"author":143,"featured_media":0,"comment_status":"closed","ping_status":"open","sticky":false,"template":"","format":"standard","meta":{"tdm_status":"","tdm_grid_status":"","footnotes":""},"categories":[1],"tags":[9748,6998,8892],"class_list":{"0":"post-63125","1":"post","2":"type-post","3":"status-publish","4":"format-standard","6":"category-noticias","7":"tag-bernardo-moreno","8":"tag-interceptaciones-ilegales","9":"tag-maria-del-pilar-hurtado"},"yoast_head":"<!-- This site is optimized with the Yoast SEO plugin v24.3 - https:\/\/yoast.com\/wordpress\/plugins\/seo\/ -->\n<title>Fiscal\u00eda General de la Naci\u00f3n<\/title>\n<meta name=\"description\" content=\"P\u00e1gina oficial de la Fiscal\u00eda General de la Naci\u00f3n \u2013 Colombia. Garantizamos el acceso efectivo a la justicia, la verdad y la reparaci\u00f3n de las v\u00edctimas de los delitos.\" \/>\n<meta name=\"robots\" content=\"noindex, follow\" \/>\n<meta property=\"og:locale\" content=\"es_ES\" \/>\n<meta property=\"og:type\" content=\"article\" \/>\n<meta property=\"og:title\" content=\"Fiscal\u00eda General de la Naci\u00f3n\" \/>\n<meta property=\"og:description\" content=\"P\u00e1gina oficial de la Fiscal\u00eda General de la Naci\u00f3n \u2013 Colombia. Garantizamos el acceso efectivo a la justicia, la verdad y la reparaci\u00f3n de las v\u00edctimas de los delitos.\" \/>\n<meta property=\"og:url\" content=\"https:\/\/www.fiscalia.gov.co\/colombia\/noticias\/maria-del-pilar-hurtado-y-bernardo-moreno-responsables-por-interceptaciones-ilegales-corte-suprema-de-justicia\/\" \/>\n<meta property=\"og:site_name\" content=\"Fiscal\u00eda General de la Naci\u00f3n\" \/>\n<meta property=\"article:publisher\" content=\"https:\/\/www.facebook.com\/FiscaliaCol\" \/>\n<meta property=\"article:published_time\" content=\"2015-02-28T11:58:44+00:00\" \/>\n<meta name=\"author\" content=\"dfgordillo\" \/>\n<meta name=\"twitter:card\" content=\"summary_large_image\" \/>\n<meta name=\"twitter:creator\" content=\"@FiscaliaCol\" \/>\n<meta name=\"twitter:site\" content=\"@FiscaliaCol\" \/>\n<meta name=\"twitter:label1\" content=\"Escrito por\" \/>\n\t<meta name=\"twitter:data1\" content=\"dfgordillo\" \/>\n\t<meta name=\"twitter:label2\" content=\"Tiempo de lectura\" \/>\n\t<meta name=\"twitter:data2\" content=\"2 minutos\" \/>\n<script type=\"application\/ld+json\" class=\"yoast-schema-graph\">{\"@context\":\"https:\/\/schema.org\",\"@graph\":[{\"@type\":\"Article\",\"@id\":\"https:\/\/www.fiscalia.gov.co\/colombia\/noticias\/maria-del-pilar-hurtado-y-bernardo-moreno-responsables-por-interceptaciones-ilegales-corte-suprema-de-justicia\/#article\",\"isPartOf\":{\"@id\":\"https:\/\/www.fiscalia.gov.co\/colombia\/noticias\/maria-del-pilar-hurtado-y-bernardo-moreno-responsables-por-interceptaciones-ilegales-corte-suprema-de-justicia\/\"},\"author\":{\"name\":\"dfgordillo\",\"@id\":\"https:\/\/www.fiscalia.gov.co\/colombia\/#\/schema\/person\/3903856a3ce2d54b094c69eb29247895\"},\"headline\":\"Mar\u00eda del Pilar Hurtado y Bernardo Moreno responsables por interceptaciones ilegales: Corte Suprema de Justicia\",\"datePublished\":\"2015-02-28T11:58:44+00:00\",\"dateModified\":\"2015-02-28T11:58:44+00:00\",\"mainEntityOfPage\":{\"@id\":\"https:\/\/www.fiscalia.gov.co\/colombia\/noticias\/maria-del-pilar-hurtado-y-bernardo-moreno-responsables-por-interceptaciones-ilegales-corte-suprema-de-justicia\/\"},\"wordCount\":353,\"publisher\":{\"@id\":\"https:\/\/www.fiscalia.gov.co\/colombia\/#organization\"},\"keywords\":[\"Bernardo Moreno\",\"Interceptaciones ilegales\",\"Mar\u00eda del Pilar Hurtado\"],\"articleSection\":[\"Noticias\"],\"inLanguage\":\"es-CO\"},{\"@type\":\"WebPage\",\"@id\":\"https:\/\/www.fiscalia.gov.co\/colombia\/noticias\/maria-del-pilar-hurtado-y-bernardo-moreno-responsables-por-interceptaciones-ilegales-corte-suprema-de-justicia\/\",\"url\":\"https:\/\/www.fiscalia.gov.co\/colombia\/noticias\/maria-del-pilar-hurtado-y-bernardo-moreno-responsables-por-interceptaciones-ilegales-corte-suprema-de-justicia\/\",\"name\":\"Fiscal\u00eda General de la Naci\u00f3n\",\"isPartOf\":{\"@id\":\"https:\/\/www.fiscalia.gov.co\/colombia\/#website\"},\"datePublished\":\"2015-02-28T11:58:44+00:00\",\"dateModified\":\"2015-02-28T11:58:44+00:00\",\"description\":\"P\u00e1gina oficial de la Fiscal\u00eda General de la Naci\u00f3n \u2013 Colombia. Garantizamos el acceso efectivo a la justicia, la verdad y la reparaci\u00f3n de las v\u00edctimas de los delitos.\",\"breadcrumb\":{\"@id\":\"https:\/\/www.fiscalia.gov.co\/colombia\/noticias\/maria-del-pilar-hurtado-y-bernardo-moreno-responsables-por-interceptaciones-ilegales-corte-suprema-de-justicia\/#breadcrumb\"},\"inLanguage\":\"es-CO\",\"potentialAction\":[{\"@type\":\"ReadAction\",\"target\":[\"https:\/\/www.fiscalia.gov.co\/colombia\/noticias\/maria-del-pilar-hurtado-y-bernardo-moreno-responsables-por-interceptaciones-ilegales-corte-suprema-de-justicia\/\"]}]},{\"@type\":\"BreadcrumbList\",\"@id\":\"https:\/\/www.fiscalia.gov.co\/colombia\/noticias\/maria-del-pilar-hurtado-y-bernardo-moreno-responsables-por-interceptaciones-ilegales-corte-suprema-de-justicia\/#breadcrumb\",\"itemListElement\":[{\"@type\":\"ListItem\",\"position\":1,\"name\":\"Home\",\"item\":\"https:\/\/www.fiscalia.gov.co\/colombia\/\"},{\"@type\":\"ListItem\",\"position\":2,\"name\":\"Mar\u00eda del Pilar Hurtado y Bernardo Moreno responsables por interceptaciones ilegales: Corte Suprema de Justicia\"}]},{\"@type\":\"WebSite\",\"@id\":\"https:\/\/www.fiscalia.gov.co\/colombia\/#website\",\"url\":\"https:\/\/www.fiscalia.gov.co\/colombia\/\",\"name\":\"Fiscal\u00eda General de la Naci\u00f3n\",\"description\":\"P\u00e1gina oficial de la Fiscal\u00eda General de la Naci\u00f3n \u2013 Colombia. Garantizamos el acceso efectivo a la justicia, la verdad y la reparaci\u00f3n de las v\u00edctimas de los delitos.\",\"publisher\":{\"@id\":\"https:\/\/www.fiscalia.gov.co\/colombia\/#organization\"},\"potentialAction\":[{\"@type\":\"SearchAction\",\"target\":{\"@type\":\"EntryPoint\",\"urlTemplate\":\"https:\/\/www.fiscalia.gov.co\/colombia\/?s={search_term_string}\"},\"query-input\":{\"@type\":\"PropertyValueSpecification\",\"valueRequired\":true,\"valueName\":\"search_term_string\"}}],\"inLanguage\":\"es-CO\"},{\"@type\":\"Organization\",\"@id\":\"https:\/\/www.fiscalia.gov.co\/colombia\/#organization\",\"name\":\"Fiscal\u00eda General de la Naci\u00f3n\",\"url\":\"https:\/\/www.fiscalia.gov.co\/colombia\/\",\"logo\":{\"@type\":\"ImageObject\",\"inLanguage\":\"es-CO\",\"@id\":\"https:\/\/www.fiscalia.gov.co\/colombia\/#\/schema\/logo\/image\/\",\"url\":\"https:\/\/www.fiscalia.gov.co\/colombia\/wp-content\/uploads\/LogoHorizontal_1.jpg\",\"contentUrl\":\"https:\/\/www.fiscalia.gov.co\/colombia\/wp-content\/uploads\/LogoHorizontal_1.jpg\",\"width\":300,\"height\":90,\"caption\":\"Fiscal\u00eda General de la Naci\u00f3n\"},\"image\":{\"@id\":\"https:\/\/www.fiscalia.gov.co\/colombia\/#\/schema\/logo\/image\/\"},\"sameAs\":[\"https:\/\/www.facebook.com\/FiscaliaCol\",\"https:\/\/x.com\/FiscaliaCol\",\"https:\/\/www.instagram.com\/fiscaliacol\",\"https:\/\/www.linkedin.com\/company\/fiscalia-general-de-la-naci-n\/\",\"https:\/\/youtube.com\/@fiscaliageneraldelanacion-4668?si=6nN79nyQICPU5iTh\"]},{\"@type\":\"Person\",\"@id\":\"https:\/\/www.fiscalia.gov.co\/colombia\/#\/schema\/person\/3903856a3ce2d54b094c69eb29247895\",\"name\":\"dfgordillo\",\"image\":{\"@type\":\"ImageObject\",\"inLanguage\":\"es-CO\",\"@id\":\"https:\/\/www.fiscalia.gov.co\/colombia\/#\/schema\/person\/image\/\",\"url\":\"https:\/\/secure.gravatar.com\/avatar\/b6356e21c5657c60757fe6fb9493e947?s=96&d=mm&r=g\",\"contentUrl\":\"https:\/\/secure.gravatar.com\/avatar\/b6356e21c5657c60757fe6fb9493e947?s=96&d=mm&r=g\",\"caption\":\"dfgordillo\"},\"sameAs\":[\"dfgordillo\"],\"url\":\"https:\/\/www.fiscalia.gov.co\/colombia\/author\/dfgordillo\/\"}]}<\/script>\n<!-- \/ Yoast SEO plugin. -->","yoast_head_json":{"title":"Fiscal\u00eda General de la Naci\u00f3n","description":"P\u00e1gina oficial de la Fiscal\u00eda General de la Naci\u00f3n \u2013 Colombia. Garantizamos el acceso efectivo a la justicia, la verdad y la reparaci\u00f3n de las v\u00edctimas de los delitos.","robots":{"index":"noindex","follow":"follow"},"og_locale":"es_ES","og_type":"article","og_title":"Fiscal\u00eda General de la Naci\u00f3n","og_description":"P\u00e1gina oficial de la Fiscal\u00eda General de la Naci\u00f3n \u2013 Colombia. Garantizamos el acceso efectivo a la justicia, la verdad y la reparaci\u00f3n de las v\u00edctimas de los delitos.","og_url":"https:\/\/www.fiscalia.gov.co\/colombia\/noticias\/maria-del-pilar-hurtado-y-bernardo-moreno-responsables-por-interceptaciones-ilegales-corte-suprema-de-justicia\/","og_site_name":"Fiscal\u00eda General de la Naci\u00f3n","article_publisher":"https:\/\/www.facebook.com\/FiscaliaCol","article_published_time":"2015-02-28T11:58:44+00:00","author":"dfgordillo","twitter_card":"summary_large_image","twitter_creator":"@FiscaliaCol","twitter_site":"@FiscaliaCol","twitter_misc":{"Escrito por":"dfgordillo","Tiempo de lectura":"2 minutos"},"schema":{"@context":"https:\/\/schema.org","@graph":[{"@type":"Article","@id":"https:\/\/www.fiscalia.gov.co\/colombia\/noticias\/maria-del-pilar-hurtado-y-bernardo-moreno-responsables-por-interceptaciones-ilegales-corte-suprema-de-justicia\/#article","isPartOf":{"@id":"https:\/\/www.fiscalia.gov.co\/colombia\/noticias\/maria-del-pilar-hurtado-y-bernardo-moreno-responsables-por-interceptaciones-ilegales-corte-suprema-de-justicia\/"},"author":{"name":"dfgordillo","@id":"https:\/\/www.fiscalia.gov.co\/colombia\/#\/schema\/person\/3903856a3ce2d54b094c69eb29247895"},"headline":"Mar\u00eda del Pilar Hurtado y Bernardo Moreno responsables por interceptaciones ilegales: Corte Suprema de Justicia","datePublished":"2015-02-28T11:58:44+00:00","dateModified":"2015-02-28T11:58:44+00:00","mainEntityOfPage":{"@id":"https:\/\/www.fiscalia.gov.co\/colombia\/noticias\/maria-del-pilar-hurtado-y-bernardo-moreno-responsables-por-interceptaciones-ilegales-corte-suprema-de-justicia\/"},"wordCount":353,"publisher":{"@id":"https:\/\/www.fiscalia.gov.co\/colombia\/#organization"},"keywords":["Bernardo Moreno","Interceptaciones ilegales","Mar\u00eda del Pilar Hurtado"],"articleSection":["Noticias"],"inLanguage":"es-CO"},{"@type":"WebPage","@id":"https:\/\/www.fiscalia.gov.co\/colombia\/noticias\/maria-del-pilar-hurtado-y-bernardo-moreno-responsables-por-interceptaciones-ilegales-corte-suprema-de-justicia\/","url":"https:\/\/www.fiscalia.gov.co\/colombia\/noticias\/maria-del-pilar-hurtado-y-bernardo-moreno-responsables-por-interceptaciones-ilegales-corte-suprema-de-justicia\/","name":"Fiscal\u00eda General de la Naci\u00f3n","isPartOf":{"@id":"https:\/\/www.fiscalia.gov.co\/colombia\/#website"},"datePublished":"2015-02-28T11:58:44+00:00","dateModified":"2015-02-28T11:58:44+00:00","description":"P\u00e1gina oficial de la Fiscal\u00eda General de la Naci\u00f3n \u2013 Colombia. Garantizamos el acceso efectivo a la justicia, la verdad y la reparaci\u00f3n de las v\u00edctimas de los delitos.","breadcrumb":{"@id":"https:\/\/www.fiscalia.gov.co\/colombia\/noticias\/maria-del-pilar-hurtado-y-bernardo-moreno-responsables-por-interceptaciones-ilegales-corte-suprema-de-justicia\/#breadcrumb"},"inLanguage":"es-CO","potentialAction":[{"@type":"ReadAction","target":["https:\/\/www.fiscalia.gov.co\/colombia\/noticias\/maria-del-pilar-hurtado-y-bernardo-moreno-responsables-por-interceptaciones-ilegales-corte-suprema-de-justicia\/"]}]},{"@type":"BreadcrumbList","@id":"https:\/\/www.fiscalia.gov.co\/colombia\/noticias\/maria-del-pilar-hurtado-y-bernardo-moreno-responsables-por-interceptaciones-ilegales-corte-suprema-de-justicia\/#breadcrumb","itemListElement":[{"@type":"ListItem","position":1,"name":"Home","item":"https:\/\/www.fiscalia.gov.co\/colombia\/"},{"@type":"ListItem","position":2,"name":"Mar\u00eda del Pilar Hurtado y Bernardo Moreno responsables por interceptaciones ilegales: Corte Suprema de Justicia"}]},{"@type":"WebSite","@id":"https:\/\/www.fiscalia.gov.co\/colombia\/#website","url":"https:\/\/www.fiscalia.gov.co\/colombia\/","name":"Fiscal\u00eda General de la Naci\u00f3n","description":"P\u00e1gina oficial de la Fiscal\u00eda General de la Naci\u00f3n \u2013 Colombia. Garantizamos el acceso efectivo a la justicia, la verdad y la reparaci\u00f3n de las v\u00edctimas de los delitos.","publisher":{"@id":"https:\/\/www.fiscalia.gov.co\/colombia\/#organization"},"potentialAction":[{"@type":"SearchAction","target":{"@type":"EntryPoint","urlTemplate":"https:\/\/www.fiscalia.gov.co\/colombia\/?s={search_term_string}"},"query-input":{"@type":"PropertyValueSpecification","valueRequired":true,"valueName":"search_term_string"}}],"inLanguage":"es-CO"},{"@type":"Organization","@id":"https:\/\/www.fiscalia.gov.co\/colombia\/#organization","name":"Fiscal\u00eda General de la Naci\u00f3n","url":"https:\/\/www.fiscalia.gov.co\/colombia\/","logo":{"@type":"ImageObject","inLanguage":"es-CO","@id":"https:\/\/www.fiscalia.gov.co\/colombia\/#\/schema\/logo\/image\/","url":"https:\/\/www.fiscalia.gov.co\/colombia\/wp-content\/uploads\/LogoHorizontal_1.jpg","contentUrl":"https:\/\/www.fiscalia.gov.co\/colombia\/wp-content\/uploads\/LogoHorizontal_1.jpg","width":300,"height":90,"caption":"Fiscal\u00eda General de la Naci\u00f3n"},"image":{"@id":"https:\/\/www.fiscalia.gov.co\/colombia\/#\/schema\/logo\/image\/"},"sameAs":["https:\/\/www.facebook.com\/FiscaliaCol","https:\/\/x.com\/FiscaliaCol","https:\/\/www.instagram.com\/fiscaliacol","https:\/\/www.linkedin.com\/company\/fiscalia-general-de-la-naci-n\/","https:\/\/youtube.com\/@fiscaliageneraldelanacion-4668?si=6nN79nyQICPU5iTh"]},{"@type":"Person","@id":"https:\/\/www.fiscalia.gov.co\/colombia\/#\/schema\/person\/3903856a3ce2d54b094c69eb29247895","name":"dfgordillo","image":{"@type":"ImageObject","inLanguage":"es-CO","@id":"https:\/\/www.fiscalia.gov.co\/colombia\/#\/schema\/person\/image\/","url":"https:\/\/secure.gravatar.com\/avatar\/b6356e21c5657c60757fe6fb9493e947?s=96&d=mm&r=g","contentUrl":"https:\/\/secure.gravatar.com\/avatar\/b6356e21c5657c60757fe6fb9493e947?s=96&d=mm&r=g","caption":"dfgordillo"},"sameAs":["dfgordillo"],"url":"https:\/\/www.fiscalia.gov.co\/colombia\/author\/dfgordillo\/"}]}},"_links":{"self":[{"href":"https:\/\/www.fiscalia.gov.co\/colombia\/wp-json\/wp\/v2\/posts\/63125","targetHints":{"allow":["GET"]}}],"collection":[{"href":"https:\/\/www.fiscalia.gov.co\/colombia\/wp-json\/wp\/v2\/posts"}],"about":[{"href":"https:\/\/www.fiscalia.gov.co\/colombia\/wp-json\/wp\/v2\/types\/post"}],"author":[{"embeddable":true,"href":"https:\/\/www.fiscalia.gov.co\/colombia\/wp-json\/wp\/v2\/users\/143"}],"replies":[{"embeddable":true,"href":"https:\/\/www.fiscalia.gov.co\/colombia\/wp-json\/wp\/v2\/comments?post=63125"}],"version-history":[{"count":1,"href":"https:\/\/www.fiscalia.gov.co\/colombia\/wp-json\/wp\/v2\/posts\/63125\/revisions"}],"predecessor-version":[{"id":63130,"href":"https:\/\/www.fiscalia.gov.co\/colombia\/wp-json\/wp\/v2\/posts\/63125\/revisions\/63130"}],"wp:attachment":[{"href":"https:\/\/www.fiscalia.gov.co\/colombia\/wp-json\/wp\/v2\/media?parent=63125"}],"wp:term":[{"taxonomy":"category","embeddable":true,"href":"https:\/\/www.fiscalia.gov.co\/colombia\/wp-json\/wp\/v2\/categories?post=63125"},{"taxonomy":"post_tag","embeddable":true,"href":"https:\/\/www.fiscalia.gov.co\/colombia\/wp-json\/wp\/v2\/tags?post=63125"}],"curies":[{"name":"wp","href":"https:\/\/api.w.org\/{rel}","templated":true}]}}