{"id":63012,"date":"2015-02-27T10:44:28","date_gmt":"2015-02-27T15:44:28","guid":{"rendered":"http:\/\/www.fiscalia.gov.co\/colombia\/?p=63012"},"modified":"2015-02-27T11:14:53","modified_gmt":"2015-02-27T16:14:53","slug":"capturados-dos-agentes-de-la-policia-por-acceso-carnal-violento-con-persona-puesta-en-incapacidad-de-resistir-agravada","status":"publish","type":"post","link":"https:\/\/www.fiscalia.gov.co\/colombia\/noticias\/capturados-dos-agentes-de-la-policia-por-acceso-carnal-violento-con-persona-puesta-en-incapacidad-de-resistir-agravada\/","title":{"rendered":"Capturados dos agentes de la Polic\u00eda por acceso carnal violento con persona puesta en incapacidad de resistir agravada"},"content":{"rendered":"<p>Servidores adscritos a la Unidad Local de Fusagasug\u00e1 (Cundinamarca), de la Subdirecci\u00f3n Seccional de Polic\u00eda Judicial CTI,\u00a0capturaron a Javier Alexander Le\u00f3n Prieto y C\u00e9sar Humberto Ch\u00e1vez Brice\u00f1o, quienes eran solicitados por el delito de acceso carnal violento con persona puesta en incapacidad de resistir, agravada.<\/p>\n<p>Los capturados fueron condenados a 10 a\u00f1os y 8 meses de prisi\u00f3n en centro carcelario. Es importante resaltar que Le\u00f3n Prieto se desempe\u00f1a como Intendente de la Polic\u00eda Nacional adscrito a la Direcci\u00f3n Nacional, y Ch\u00e1vez Brice\u00f1o se desempe\u00f1a como Subintendente de la Polic\u00eda en la subestaci\u00f3n de Polic\u00eda de Tibacuy (Cundinamarca).<\/p>\n<p>Seg\u00fan los hechos narrados por la Sala Penal de la Corte Suprema de Justicia, el 2 de abril de 2004, en Fusagasug\u00e1 (Cundinamarca), Sandra R\u00edos, de 20 a\u00f1os de edad, vio un partido de f\u00fatbol en compa\u00f1\u00eda de C\u00e9sar Humberto Ch\u00e1vez Brice\u00f1o, a quien hab\u00eda tratado poco y no le ten\u00eda mucha confianza. Lo hizo en un lugar p\u00fablico y bebi\u00f3 tres cervezas. Finalizado el juego se encontraron en el sitio con Javier Alexander Le\u00f3n Prieto, amigo de Ch\u00e1vez Brice\u00f1o, quien les propuso llevarla en su veh\u00edculo. En el automotor los hombres, tras aprovisionarse de licor, hicieron tomar a la joven mientras se desplazaban por el pueblo y finalmente, en un lugar solitario y ya puesta en incapacidad de resistir, abusaron sexualmente de ella. El instituto de Medicina Legal la examin\u00f3 el 5 de abril siguiente, estableciendo lesiones en gl\u00fateos, genitales, costado izquierdo y regi\u00f3n cervical posterior.<\/p>\n<p>La Fiscal\u00eda los acus\u00f3 el primero de junio de 2010, por el cargo de acceso carnal con persona puesta en incapacidad de resistir agravado. En la misma determinaci\u00f3n se les impuso detenci\u00f3n preventiva, medida esta que el instructor revoc\u00f3 a petici\u00f3n del defensor el 4 de agosto de 2010, por considerar que no era necesaria. La acusaci\u00f3n qued\u00f3 en firme el 2 de noviembre siguiente.<\/p>\n<p>Tramitado el juicio, el 14 de septiembre de 2012 el Juzgado Primero Penal del Circuito de Fusagasug\u00e1 los conden\u00f3 a 128 meses de prisi\u00f3n, inhabilitaci\u00f3n para el ejercicio de derechos y funciones p\u00fablicas por el mismo t\u00e9rmino y a pagarle a la v\u00edctima, por concepto de perjuicios morales, el equivalente a 60 salarios m\u00ednimos legales mensuales vigentes y no les concedi\u00f3 la condena de ejecuci\u00f3n condicional ni la prisi\u00f3n domiciliaria.<\/p>\n<p>Al resolver la casaci\u00f3n el 26 de noviembre del a\u00f1o\u00a0 pasado, la Sala Penal de la Corte Suprema de Justicia dej\u00f3 en firme el fallo y posteriormente el Juzgado de Ejecuci\u00f3n de Penas y Medidas de Seguridad orden\u00f3 sus capturas, para el cumplimiento de la sentencia.<\/p>\n<p>&nbsp;<\/p>\n<p>AMC\/DLBM<\/p>\n\n<div class=\"twitter-share\"><a href=\"https:\/\/twitter.com\/intent\/tweet?via=fiscaliacol\" class=\"twitter-share-button\">Tweet<\/a><\/div>\n","protected":false},"excerpt":{"rendered":"<p>Servidores adscritos a la Unidad Local de Fusagasug\u00e1 (Cundinamarca), de la Subdirecci\u00f3n Seccional de Polic\u00eda Judicial CTI,\u00a0capturaron a Javier Alexander Le\u00f3n Prieto y C\u00e9sar Humberto Ch\u00e1vez Brice\u00f1o, quienes eran solicitados por el delito de acceso carnal violento con persona puesta en incapacidad de resistir, agravada. Los capturados fueron condenados a 10 a\u00f1os y 8 meses [&hellip;]<\/p>\n","protected":false},"author":143,"featured_media":0,"comment_status":"closed","ping_status":"open","sticky":false,"template":"","format":"standard","meta":{"tdm_status":"","tdm_grid_status":"","footnotes":""},"categories":[1],"tags":[23812],"class_list":{"0":"post-63012","1":"post","2":"type-post","3":"status-publish","4":"format-standard","6":"category-noticias","7":"tag-delitos-sexuales"},"yoast_head":"<!-- This site is optimized with the Yoast SEO plugin v24.3 - https:\/\/yoast.com\/wordpress\/plugins\/seo\/ -->\n<title>Fiscal\u00eda General de la Naci\u00f3n<\/title>\n<meta name=\"description\" content=\"P\u00e1gina oficial de la Fiscal\u00eda General de la Naci\u00f3n \u2013 Colombia. Garantizamos el acceso efectivo a la justicia, la verdad y la reparaci\u00f3n de las v\u00edctimas de los delitos.\" \/>\n<meta name=\"robots\" content=\"noindex, follow\" \/>\n<meta property=\"og:locale\" content=\"es_ES\" \/>\n<meta property=\"og:type\" content=\"article\" \/>\n<meta property=\"og:title\" content=\"Fiscal\u00eda General de la Naci\u00f3n\" \/>\n<meta property=\"og:description\" content=\"P\u00e1gina oficial de la Fiscal\u00eda General de la Naci\u00f3n \u2013 Colombia. Garantizamos el acceso efectivo a la justicia, la verdad y la reparaci\u00f3n de las v\u00edctimas de los delitos.\" \/>\n<meta property=\"og:url\" content=\"https:\/\/www.fiscalia.gov.co\/colombia\/noticias\/capturados-dos-agentes-de-la-policia-por-acceso-carnal-violento-con-persona-puesta-en-incapacidad-de-resistir-agravada\/\" \/>\n<meta property=\"og:site_name\" content=\"Fiscal\u00eda General de la Naci\u00f3n\" \/>\n<meta property=\"article:publisher\" content=\"https:\/\/www.facebook.com\/FiscaliaCol\" \/>\n<meta property=\"article:published_time\" content=\"2015-02-27T15:44:28+00:00\" \/>\n<meta property=\"article:modified_time\" content=\"2015-02-27T16:14:53+00:00\" \/>\n<meta name=\"author\" content=\"dfgordillo\" \/>\n<meta name=\"twitter:card\" content=\"summary_large_image\" \/>\n<meta name=\"twitter:creator\" content=\"@FiscaliaCol\" \/>\n<meta name=\"twitter:site\" content=\"@FiscaliaCol\" \/>\n<meta name=\"twitter:label1\" content=\"Escrito por\" \/>\n\t<meta name=\"twitter:data1\" content=\"dfgordillo\" \/>\n\t<meta name=\"twitter:label2\" content=\"Tiempo de lectura\" \/>\n\t<meta name=\"twitter:data2\" content=\"2 minutos\" \/>\n<script type=\"application\/ld+json\" class=\"yoast-schema-graph\">{\"@context\":\"https:\/\/schema.org\",\"@graph\":[{\"@type\":\"Article\",\"@id\":\"https:\/\/www.fiscalia.gov.co\/colombia\/noticias\/capturados-dos-agentes-de-la-policia-por-acceso-carnal-violento-con-persona-puesta-en-incapacidad-de-resistir-agravada\/#article\",\"isPartOf\":{\"@id\":\"https:\/\/www.fiscalia.gov.co\/colombia\/noticias\/capturados-dos-agentes-de-la-policia-por-acceso-carnal-violento-con-persona-puesta-en-incapacidad-de-resistir-agravada\/\"},\"author\":{\"name\":\"dfgordillo\",\"@id\":\"https:\/\/www.fiscalia.gov.co\/colombia\/#\/schema\/person\/3903856a3ce2d54b094c69eb29247895\"},\"headline\":\"Capturados dos agentes de la Polic\u00eda por acceso carnal violento con persona puesta en incapacidad de resistir agravada\",\"datePublished\":\"2015-02-27T15:44:28+00:00\",\"dateModified\":\"2015-02-27T16:14:53+00:00\",\"mainEntityOfPage\":{\"@id\":\"https:\/\/www.fiscalia.gov.co\/colombia\/noticias\/capturados-dos-agentes-de-la-policia-por-acceso-carnal-violento-con-persona-puesta-en-incapacidad-de-resistir-agravada\/\"},\"wordCount\":484,\"publisher\":{\"@id\":\"https:\/\/www.fiscalia.gov.co\/colombia\/#organization\"},\"keywords\":[\"Delitos sexuales\"],\"articleSection\":[\"Noticias\"],\"inLanguage\":\"es-CO\"},{\"@type\":\"WebPage\",\"@id\":\"https:\/\/www.fiscalia.gov.co\/colombia\/noticias\/capturados-dos-agentes-de-la-policia-por-acceso-carnal-violento-con-persona-puesta-en-incapacidad-de-resistir-agravada\/\",\"url\":\"https:\/\/www.fiscalia.gov.co\/colombia\/noticias\/capturados-dos-agentes-de-la-policia-por-acceso-carnal-violento-con-persona-puesta-en-incapacidad-de-resistir-agravada\/\",\"name\":\"Fiscal\u00eda General de la Naci\u00f3n\",\"isPartOf\":{\"@id\":\"https:\/\/www.fiscalia.gov.co\/colombia\/#website\"},\"datePublished\":\"2015-02-27T15:44:28+00:00\",\"dateModified\":\"2015-02-27T16:14:53+00:00\",\"description\":\"P\u00e1gina oficial de la Fiscal\u00eda General de la Naci\u00f3n \u2013 Colombia. Garantizamos el acceso efectivo a la justicia, la verdad y la reparaci\u00f3n de las v\u00edctimas de los delitos.\",\"breadcrumb\":{\"@id\":\"https:\/\/www.fiscalia.gov.co\/colombia\/noticias\/capturados-dos-agentes-de-la-policia-por-acceso-carnal-violento-con-persona-puesta-en-incapacidad-de-resistir-agravada\/#breadcrumb\"},\"inLanguage\":\"es-CO\",\"potentialAction\":[{\"@type\":\"ReadAction\",\"target\":[\"https:\/\/www.fiscalia.gov.co\/colombia\/noticias\/capturados-dos-agentes-de-la-policia-por-acceso-carnal-violento-con-persona-puesta-en-incapacidad-de-resistir-agravada\/\"]}]},{\"@type\":\"BreadcrumbList\",\"@id\":\"https:\/\/www.fiscalia.gov.co\/colombia\/noticias\/capturados-dos-agentes-de-la-policia-por-acceso-carnal-violento-con-persona-puesta-en-incapacidad-de-resistir-agravada\/#breadcrumb\",\"itemListElement\":[{\"@type\":\"ListItem\",\"position\":1,\"name\":\"Home\",\"item\":\"https:\/\/www.fiscalia.gov.co\/colombia\/\"},{\"@type\":\"ListItem\",\"position\":2,\"name\":\"Capturados dos agentes de la Polic\u00eda por acceso carnal violento con persona puesta en incapacidad de resistir agravada\"}]},{\"@type\":\"WebSite\",\"@id\":\"https:\/\/www.fiscalia.gov.co\/colombia\/#website\",\"url\":\"https:\/\/www.fiscalia.gov.co\/colombia\/\",\"name\":\"Fiscal\u00eda General de la Naci\u00f3n\",\"description\":\"P\u00e1gina oficial de la Fiscal\u00eda General de la Naci\u00f3n \u2013 Colombia. Garantizamos el acceso efectivo a la justicia, la verdad y la reparaci\u00f3n de las v\u00edctimas de los delitos.\",\"publisher\":{\"@id\":\"https:\/\/www.fiscalia.gov.co\/colombia\/#organization\"},\"potentialAction\":[{\"@type\":\"SearchAction\",\"target\":{\"@type\":\"EntryPoint\",\"urlTemplate\":\"https:\/\/www.fiscalia.gov.co\/colombia\/?s={search_term_string}\"},\"query-input\":{\"@type\":\"PropertyValueSpecification\",\"valueRequired\":true,\"valueName\":\"search_term_string\"}}],\"inLanguage\":\"es-CO\"},{\"@type\":\"Organization\",\"@id\":\"https:\/\/www.fiscalia.gov.co\/colombia\/#organization\",\"name\":\"Fiscal\u00eda General de la Naci\u00f3n\",\"url\":\"https:\/\/www.fiscalia.gov.co\/colombia\/\",\"logo\":{\"@type\":\"ImageObject\",\"inLanguage\":\"es-CO\",\"@id\":\"https:\/\/www.fiscalia.gov.co\/colombia\/#\/schema\/logo\/image\/\",\"url\":\"https:\/\/www.fiscalia.gov.co\/colombia\/wp-content\/uploads\/LogoHorizontal_1.jpg\",\"contentUrl\":\"https:\/\/www.fiscalia.gov.co\/colombia\/wp-content\/uploads\/LogoHorizontal_1.jpg\",\"width\":300,\"height\":90,\"caption\":\"Fiscal\u00eda General de la Naci\u00f3n\"},\"image\":{\"@id\":\"https:\/\/www.fiscalia.gov.co\/colombia\/#\/schema\/logo\/image\/\"},\"sameAs\":[\"https:\/\/www.facebook.com\/FiscaliaCol\",\"https:\/\/x.com\/FiscaliaCol\",\"https:\/\/www.instagram.com\/fiscaliacol\",\"https:\/\/www.linkedin.com\/company\/fiscalia-general-de-la-naci-n\/\",\"https:\/\/youtube.com\/@fiscaliageneraldelanacion-4668?si=6nN79nyQICPU5iTh\"]},{\"@type\":\"Person\",\"@id\":\"https:\/\/www.fiscalia.gov.co\/colombia\/#\/schema\/person\/3903856a3ce2d54b094c69eb29247895\",\"name\":\"dfgordillo\",\"image\":{\"@type\":\"ImageObject\",\"inLanguage\":\"es-CO\",\"@id\":\"https:\/\/www.fiscalia.gov.co\/colombia\/#\/schema\/person\/image\/\",\"url\":\"https:\/\/secure.gravatar.com\/avatar\/b6356e21c5657c60757fe6fb9493e947?s=96&d=mm&r=g\",\"contentUrl\":\"https:\/\/secure.gravatar.com\/avatar\/b6356e21c5657c60757fe6fb9493e947?s=96&d=mm&r=g\",\"caption\":\"dfgordillo\"},\"sameAs\":[\"dfgordillo\"],\"url\":\"https:\/\/www.fiscalia.gov.co\/colombia\/author\/dfgordillo\/\"}]}<\/script>\n<!-- \/ Yoast SEO plugin. -->","yoast_head_json":{"title":"Fiscal\u00eda General de la Naci\u00f3n","description":"P\u00e1gina oficial de la Fiscal\u00eda General de la Naci\u00f3n \u2013 Colombia. Garantizamos el acceso efectivo a la justicia, la verdad y la reparaci\u00f3n de las v\u00edctimas de los delitos.","robots":{"index":"noindex","follow":"follow"},"og_locale":"es_ES","og_type":"article","og_title":"Fiscal\u00eda General de la Naci\u00f3n","og_description":"P\u00e1gina oficial de la Fiscal\u00eda General de la Naci\u00f3n \u2013 Colombia. Garantizamos el acceso efectivo a la justicia, la verdad y la reparaci\u00f3n de las v\u00edctimas de los delitos.","og_url":"https:\/\/www.fiscalia.gov.co\/colombia\/noticias\/capturados-dos-agentes-de-la-policia-por-acceso-carnal-violento-con-persona-puesta-en-incapacidad-de-resistir-agravada\/","og_site_name":"Fiscal\u00eda General de la Naci\u00f3n","article_publisher":"https:\/\/www.facebook.com\/FiscaliaCol","article_published_time":"2015-02-27T15:44:28+00:00","article_modified_time":"2015-02-27T16:14:53+00:00","author":"dfgordillo","twitter_card":"summary_large_image","twitter_creator":"@FiscaliaCol","twitter_site":"@FiscaliaCol","twitter_misc":{"Escrito por":"dfgordillo","Tiempo de lectura":"2 minutos"},"schema":{"@context":"https:\/\/schema.org","@graph":[{"@type":"Article","@id":"https:\/\/www.fiscalia.gov.co\/colombia\/noticias\/capturados-dos-agentes-de-la-policia-por-acceso-carnal-violento-con-persona-puesta-en-incapacidad-de-resistir-agravada\/#article","isPartOf":{"@id":"https:\/\/www.fiscalia.gov.co\/colombia\/noticias\/capturados-dos-agentes-de-la-policia-por-acceso-carnal-violento-con-persona-puesta-en-incapacidad-de-resistir-agravada\/"},"author":{"name":"dfgordillo","@id":"https:\/\/www.fiscalia.gov.co\/colombia\/#\/schema\/person\/3903856a3ce2d54b094c69eb29247895"},"headline":"Capturados dos agentes de la Polic\u00eda por acceso carnal violento con persona puesta en incapacidad de resistir agravada","datePublished":"2015-02-27T15:44:28+00:00","dateModified":"2015-02-27T16:14:53+00:00","mainEntityOfPage":{"@id":"https:\/\/www.fiscalia.gov.co\/colombia\/noticias\/capturados-dos-agentes-de-la-policia-por-acceso-carnal-violento-con-persona-puesta-en-incapacidad-de-resistir-agravada\/"},"wordCount":484,"publisher":{"@id":"https:\/\/www.fiscalia.gov.co\/colombia\/#organization"},"keywords":["Delitos sexuales"],"articleSection":["Noticias"],"inLanguage":"es-CO"},{"@type":"WebPage","@id":"https:\/\/www.fiscalia.gov.co\/colombia\/noticias\/capturados-dos-agentes-de-la-policia-por-acceso-carnal-violento-con-persona-puesta-en-incapacidad-de-resistir-agravada\/","url":"https:\/\/www.fiscalia.gov.co\/colombia\/noticias\/capturados-dos-agentes-de-la-policia-por-acceso-carnal-violento-con-persona-puesta-en-incapacidad-de-resistir-agravada\/","name":"Fiscal\u00eda General de la Naci\u00f3n","isPartOf":{"@id":"https:\/\/www.fiscalia.gov.co\/colombia\/#website"},"datePublished":"2015-02-27T15:44:28+00:00","dateModified":"2015-02-27T16:14:53+00:00","description":"P\u00e1gina oficial de la Fiscal\u00eda General de la Naci\u00f3n \u2013 Colombia. Garantizamos el acceso efectivo a la justicia, la verdad y la reparaci\u00f3n de las v\u00edctimas de los delitos.","breadcrumb":{"@id":"https:\/\/www.fiscalia.gov.co\/colombia\/noticias\/capturados-dos-agentes-de-la-policia-por-acceso-carnal-violento-con-persona-puesta-en-incapacidad-de-resistir-agravada\/#breadcrumb"},"inLanguage":"es-CO","potentialAction":[{"@type":"ReadAction","target":["https:\/\/www.fiscalia.gov.co\/colombia\/noticias\/capturados-dos-agentes-de-la-policia-por-acceso-carnal-violento-con-persona-puesta-en-incapacidad-de-resistir-agravada\/"]}]},{"@type":"BreadcrumbList","@id":"https:\/\/www.fiscalia.gov.co\/colombia\/noticias\/capturados-dos-agentes-de-la-policia-por-acceso-carnal-violento-con-persona-puesta-en-incapacidad-de-resistir-agravada\/#breadcrumb","itemListElement":[{"@type":"ListItem","position":1,"name":"Home","item":"https:\/\/www.fiscalia.gov.co\/colombia\/"},{"@type":"ListItem","position":2,"name":"Capturados dos agentes de la Polic\u00eda por acceso carnal violento con persona puesta en incapacidad de resistir agravada"}]},{"@type":"WebSite","@id":"https:\/\/www.fiscalia.gov.co\/colombia\/#website","url":"https:\/\/www.fiscalia.gov.co\/colombia\/","name":"Fiscal\u00eda General de la Naci\u00f3n","description":"P\u00e1gina oficial de la Fiscal\u00eda General de la Naci\u00f3n \u2013 Colombia. Garantizamos el acceso efectivo a la justicia, la verdad y la reparaci\u00f3n de las v\u00edctimas de los delitos.","publisher":{"@id":"https:\/\/www.fiscalia.gov.co\/colombia\/#organization"},"potentialAction":[{"@type":"SearchAction","target":{"@type":"EntryPoint","urlTemplate":"https:\/\/www.fiscalia.gov.co\/colombia\/?s={search_term_string}"},"query-input":{"@type":"PropertyValueSpecification","valueRequired":true,"valueName":"search_term_string"}}],"inLanguage":"es-CO"},{"@type":"Organization","@id":"https:\/\/www.fiscalia.gov.co\/colombia\/#organization","name":"Fiscal\u00eda General de la Naci\u00f3n","url":"https:\/\/www.fiscalia.gov.co\/colombia\/","logo":{"@type":"ImageObject","inLanguage":"es-CO","@id":"https:\/\/www.fiscalia.gov.co\/colombia\/#\/schema\/logo\/image\/","url":"https:\/\/www.fiscalia.gov.co\/colombia\/wp-content\/uploads\/LogoHorizontal_1.jpg","contentUrl":"https:\/\/www.fiscalia.gov.co\/colombia\/wp-content\/uploads\/LogoHorizontal_1.jpg","width":300,"height":90,"caption":"Fiscal\u00eda General de la Naci\u00f3n"},"image":{"@id":"https:\/\/www.fiscalia.gov.co\/colombia\/#\/schema\/logo\/image\/"},"sameAs":["https:\/\/www.facebook.com\/FiscaliaCol","https:\/\/x.com\/FiscaliaCol","https:\/\/www.instagram.com\/fiscaliacol","https:\/\/www.linkedin.com\/company\/fiscalia-general-de-la-naci-n\/","https:\/\/youtube.com\/@fiscaliageneraldelanacion-4668?si=6nN79nyQICPU5iTh"]},{"@type":"Person","@id":"https:\/\/www.fiscalia.gov.co\/colombia\/#\/schema\/person\/3903856a3ce2d54b094c69eb29247895","name":"dfgordillo","image":{"@type":"ImageObject","inLanguage":"es-CO","@id":"https:\/\/www.fiscalia.gov.co\/colombia\/#\/schema\/person\/image\/","url":"https:\/\/secure.gravatar.com\/avatar\/b6356e21c5657c60757fe6fb9493e947?s=96&d=mm&r=g","contentUrl":"https:\/\/secure.gravatar.com\/avatar\/b6356e21c5657c60757fe6fb9493e947?s=96&d=mm&r=g","caption":"dfgordillo"},"sameAs":["dfgordillo"],"url":"https:\/\/www.fiscalia.gov.co\/colombia\/author\/dfgordillo\/"}]}},"_links":{"self":[{"href":"https:\/\/www.fiscalia.gov.co\/colombia\/wp-json\/wp\/v2\/posts\/63012","targetHints":{"allow":["GET"]}}],"collection":[{"href":"https:\/\/www.fiscalia.gov.co\/colombia\/wp-json\/wp\/v2\/posts"}],"about":[{"href":"https:\/\/www.fiscalia.gov.co\/colombia\/wp-json\/wp\/v2\/types\/post"}],"author":[{"embeddable":true,"href":"https:\/\/www.fiscalia.gov.co\/colombia\/wp-json\/wp\/v2\/users\/143"}],"replies":[{"embeddable":true,"href":"https:\/\/www.fiscalia.gov.co\/colombia\/wp-json\/wp\/v2\/comments?post=63012"}],"version-history":[{"count":4,"href":"https:\/\/www.fiscalia.gov.co\/colombia\/wp-json\/wp\/v2\/posts\/63012\/revisions"}],"predecessor-version":[{"id":63014,"href":"https:\/\/www.fiscalia.gov.co\/colombia\/wp-json\/wp\/v2\/posts\/63012\/revisions\/63014"}],"wp:attachment":[{"href":"https:\/\/www.fiscalia.gov.co\/colombia\/wp-json\/wp\/v2\/media?parent=63012"}],"wp:term":[{"taxonomy":"category","embeddable":true,"href":"https:\/\/www.fiscalia.gov.co\/colombia\/wp-json\/wp\/v2\/categories?post=63012"},{"taxonomy":"post_tag","embeddable":true,"href":"https:\/\/www.fiscalia.gov.co\/colombia\/wp-json\/wp\/v2\/tags?post=63012"}],"curies":[{"name":"wp","href":"https:\/\/api.w.org\/{rel}","templated":true}]}}