{"id":62931,"date":"2015-02-26T12:13:37","date_gmt":"2015-02-26T17:13:37","guid":{"rendered":"http:\/\/www.fiscalia.gov.co\/colombia\/?p=62931"},"modified":"2015-02-26T12:13:37","modified_gmt":"2015-02-26T17:13:37","slug":"aceptan-cargos-por-manipulacion-fraudulenta-de-especies-y-estafa-integrantes-del-fondo-premium-de-interbolsa","status":"publish","type":"post","link":"https:\/\/www.fiscalia.gov.co\/colombia\/noticias\/aceptan-cargos-por-manipulacion-fraudulenta-de-especies-y-estafa-integrantes-del-fondo-premium-de-interbolsa\/","title":{"rendered":"Aceptan cargos por manipulaci\u00f3n fraudulenta de especies y estafa integrantes del Fondo Premium de Interbolsa"},"content":{"rendered":"<p>Ante el Juzgado 78 Penal de Bogot\u00e1, con funci\u00f3n de control de garant\u00edas, los socios gestores del Premium Capital Juan Carlos Ort\u00edz y su fundador Tom\u00e1s Jaramillo\u00a0 aceptaron los delitos de estafa, concierto para delinquir y manipulaci\u00f3n fraudulenta de especies durante la audiencia de imputaci\u00f3n de cargos por el desfalco a la corredora de bolsa Interbolsa.<\/p>\n<p>Durante la misma diligencia judicial el primer gerente de la firma Rentafolio Burs\u00e1til Financiero Ricardo Emilio Mart\u00ednez\u00a0 se allan\u00f3 a los delitos de captaci\u00f3n masiva de dinero y no reintegro de los recursos, mientras que no aceptaron cargos Natalia Z\u00fa\u00f1iga y Claudia Patricia Aristiz\u00e1bal, directora administrativa de la Sociedad Valores Incorporados y gerente de Andian Capital Markets.<\/p>\n<p>La delegada fiscal Alexandra Ladino afirm\u00f3 que el 80 por ciento del mercado de valores a cargo de Interbolsa se tramit\u00f3 de forma irregular al punto que hoy se han hecho cerca de 1.027 reclamaciones que ascienden a $191 893 000 000, un poco menos de 64.4 millones de d\u00f3lares.<\/p>\n<p>\u201cUna verdadera empresa criminal de cuello blanco en la que resultaron damnificadas cientos de personas naturales y jur\u00eddicas quienes hacen sus reclamaciones para recuperar su dinero el cual\u00a0 iban a parar a m\u00e1s de 8 empresas de Colombia,\u00a0 Islas V\u00edrgenes o Curazao sin autorizaci\u00f3n de la Superintendencia Financiera\u201d, sostuvo Ladino.<\/p>\n<p>La delegada del ente acusador les atribuy\u00f3, los delitos de manipulaci\u00f3n fraudulenta de especies inscritas en el Registro Nacional de Valores, administraci\u00f3n desleal, concierto para delinquir, estafa y captaci\u00f3n masiva y habitual de dinero y no reintegro.<\/p>\n<p>Agreg\u00f3 que se negociaba el dinero en mercados secundarios o se realizaba la compra venta de acciones entre los mismos accionistas sin autorizaci\u00f3n de la Superintendencia\u00a0 Financiera, lo que constituye el delito de captaci\u00f3n masiva de dinero, expresamente contemplado en el c\u00f3digo penal.<\/p>\n<p>Frente al procesado V\u00edctor Benjam\u00edn Maldonado Rodr\u00edguez, deudor de empresas relacionadas con el Fondo Premium quien no se ha hecho presente en las audiencias preliminares, su defensa afirm\u00f3 que est\u00e1 dispuesto a colaborar con la Fiscal\u00eda y que asistir\u00e1 a las audiencias de imputaci\u00f3n de cargos mediante comunicaci\u00f3n virtual o satelital,\u00a0 para lo cual tramitar\u00e1n los permisos ante las autoridades competentes.<\/p>\n<p>\u201cEstamos verificando alguna informaci\u00f3n que nos ha suministrado la defensa\u00a0 y posteriormente tomaremos alguna decisi\u00f3n importante frente a esta persona, todo esto con un juez de control de garant\u00edas para adoptar una posici\u00f3n a seguir como instituci\u00f3n\u201d, concluy\u00f3 el fiscal delegado en este proceso Carlos Alfredo Rodr\u00edguez Daza.<\/p>\n<p>&nbsp;<\/p>\n<p>CMR\/DLBM<\/p>\n\n<div class=\"twitter-share\"><a href=\"https:\/\/twitter.com\/intent\/tweet?via=fiscaliacol\" class=\"twitter-share-button\">Tweet<\/a><\/div>\n","protected":false},"excerpt":{"rendered":"<p>Ante el Juzgado 78 Penal de Bogot\u00e1, con funci\u00f3n de control de garant\u00edas, los socios gestores del Premium Capital Juan Carlos Ort\u00edz y su fundador Tom\u00e1s Jaramillo\u00a0 aceptaron los delitos de estafa, concierto para delinquir y manipulaci\u00f3n fraudulenta de especies durante la audiencia de imputaci\u00f3n de cargos por el desfalco a la corredora de bolsa [&hellip;]<\/p>\n","protected":false},"author":143,"featured_media":0,"comment_status":"closed","ping_status":"open","sticky":false,"template":"","format":"standard","meta":{"tdm_status":"","tdm_grid_status":"","footnotes":""},"categories":[1],"tags":[7433,2310],"class_list":{"0":"post-62931","1":"post","2":"type-post","3":"status-publish","4":"format-standard","6":"category-noticias","7":"tag-fondo-premium","8":"tag-interbolsa"},"yoast_head":"<!-- This site is optimized with the Yoast SEO plugin v24.3 - https:\/\/yoast.com\/wordpress\/plugins\/seo\/ -->\n<title>Fiscal\u00eda General de la Naci\u00f3n<\/title>\n<meta name=\"description\" content=\"P\u00e1gina oficial de la Fiscal\u00eda General de la Naci\u00f3n \u2013 Colombia. Garantizamos el acceso efectivo a la justicia, la verdad y la reparaci\u00f3n de las v\u00edctimas de los delitos.\" \/>\n<meta name=\"robots\" content=\"noindex, follow\" \/>\n<meta property=\"og:locale\" content=\"es_ES\" \/>\n<meta property=\"og:type\" content=\"article\" \/>\n<meta property=\"og:title\" content=\"Fiscal\u00eda General de la Naci\u00f3n\" \/>\n<meta property=\"og:description\" content=\"P\u00e1gina oficial de la Fiscal\u00eda General de la Naci\u00f3n \u2013 Colombia. Garantizamos el acceso efectivo a la justicia, la verdad y la reparaci\u00f3n de las v\u00edctimas de los delitos.\" \/>\n<meta property=\"og:url\" content=\"https:\/\/www.fiscalia.gov.co\/colombia\/noticias\/aceptan-cargos-por-manipulacion-fraudulenta-de-especies-y-estafa-integrantes-del-fondo-premium-de-interbolsa\/\" \/>\n<meta property=\"og:site_name\" content=\"Fiscal\u00eda General de la Naci\u00f3n\" \/>\n<meta property=\"article:publisher\" content=\"https:\/\/www.facebook.com\/FiscaliaCol\" \/>\n<meta property=\"article:published_time\" content=\"2015-02-26T17:13:37+00:00\" \/>\n<meta name=\"author\" content=\"dfgordillo\" \/>\n<meta name=\"twitter:card\" content=\"summary_large_image\" \/>\n<meta name=\"twitter:creator\" content=\"@FiscaliaCol\" \/>\n<meta name=\"twitter:site\" content=\"@FiscaliaCol\" \/>\n<meta name=\"twitter:label1\" content=\"Escrito por\" \/>\n\t<meta name=\"twitter:data1\" content=\"dfgordillo\" \/>\n\t<meta name=\"twitter:label2\" content=\"Tiempo de lectura\" \/>\n\t<meta name=\"twitter:data2\" content=\"2 minutos\" \/>\n<script type=\"application\/ld+json\" class=\"yoast-schema-graph\">{\"@context\":\"https:\/\/schema.org\",\"@graph\":[{\"@type\":\"Article\",\"@id\":\"https:\/\/www.fiscalia.gov.co\/colombia\/noticias\/aceptan-cargos-por-manipulacion-fraudulenta-de-especies-y-estafa-integrantes-del-fondo-premium-de-interbolsa\/#article\",\"isPartOf\":{\"@id\":\"https:\/\/www.fiscalia.gov.co\/colombia\/noticias\/aceptan-cargos-por-manipulacion-fraudulenta-de-especies-y-estafa-integrantes-del-fondo-premium-de-interbolsa\/\"},\"author\":{\"name\":\"dfgordillo\",\"@id\":\"https:\/\/www.fiscalia.gov.co\/colombia\/#\/schema\/person\/3903856a3ce2d54b094c69eb29247895\"},\"headline\":\"Aceptan cargos por manipulaci\u00f3n fraudulenta de especies y estafa integrantes del Fondo Premium de Interbolsa\",\"datePublished\":\"2015-02-26T17:13:37+00:00\",\"dateModified\":\"2015-02-26T17:13:37+00:00\",\"mainEntityOfPage\":{\"@id\":\"https:\/\/www.fiscalia.gov.co\/colombia\/noticias\/aceptan-cargos-por-manipulacion-fraudulenta-de-especies-y-estafa-integrantes-del-fondo-premium-de-interbolsa\/\"},\"wordCount\":447,\"publisher\":{\"@id\":\"https:\/\/www.fiscalia.gov.co\/colombia\/#organization\"},\"keywords\":[\"Fondo Premium\",\"Interbolsa\"],\"articleSection\":[\"Noticias\"],\"inLanguage\":\"es-CO\"},{\"@type\":\"WebPage\",\"@id\":\"https:\/\/www.fiscalia.gov.co\/colombia\/noticias\/aceptan-cargos-por-manipulacion-fraudulenta-de-especies-y-estafa-integrantes-del-fondo-premium-de-interbolsa\/\",\"url\":\"https:\/\/www.fiscalia.gov.co\/colombia\/noticias\/aceptan-cargos-por-manipulacion-fraudulenta-de-especies-y-estafa-integrantes-del-fondo-premium-de-interbolsa\/\",\"name\":\"Fiscal\u00eda General de la Naci\u00f3n\",\"isPartOf\":{\"@id\":\"https:\/\/www.fiscalia.gov.co\/colombia\/#website\"},\"datePublished\":\"2015-02-26T17:13:37+00:00\",\"dateModified\":\"2015-02-26T17:13:37+00:00\",\"description\":\"P\u00e1gina oficial de la Fiscal\u00eda General de la Naci\u00f3n \u2013 Colombia. Garantizamos el acceso efectivo a la justicia, la verdad y la reparaci\u00f3n de las v\u00edctimas de los delitos.\",\"breadcrumb\":{\"@id\":\"https:\/\/www.fiscalia.gov.co\/colombia\/noticias\/aceptan-cargos-por-manipulacion-fraudulenta-de-especies-y-estafa-integrantes-del-fondo-premium-de-interbolsa\/#breadcrumb\"},\"inLanguage\":\"es-CO\",\"potentialAction\":[{\"@type\":\"ReadAction\",\"target\":[\"https:\/\/www.fiscalia.gov.co\/colombia\/noticias\/aceptan-cargos-por-manipulacion-fraudulenta-de-especies-y-estafa-integrantes-del-fondo-premium-de-interbolsa\/\"]}]},{\"@type\":\"BreadcrumbList\",\"@id\":\"https:\/\/www.fiscalia.gov.co\/colombia\/noticias\/aceptan-cargos-por-manipulacion-fraudulenta-de-especies-y-estafa-integrantes-del-fondo-premium-de-interbolsa\/#breadcrumb\",\"itemListElement\":[{\"@type\":\"ListItem\",\"position\":1,\"name\":\"Home\",\"item\":\"https:\/\/www.fiscalia.gov.co\/colombia\/\"},{\"@type\":\"ListItem\",\"position\":2,\"name\":\"Aceptan cargos por manipulaci\u00f3n fraudulenta de especies y estafa integrantes del Fondo Premium de Interbolsa\"}]},{\"@type\":\"WebSite\",\"@id\":\"https:\/\/www.fiscalia.gov.co\/colombia\/#website\",\"url\":\"https:\/\/www.fiscalia.gov.co\/colombia\/\",\"name\":\"Fiscal\u00eda General de la Naci\u00f3n\",\"description\":\"P\u00e1gina oficial de la Fiscal\u00eda General de la Naci\u00f3n \u2013 Colombia. Garantizamos el acceso efectivo a la justicia, la verdad y la reparaci\u00f3n de las v\u00edctimas de los delitos.\",\"publisher\":{\"@id\":\"https:\/\/www.fiscalia.gov.co\/colombia\/#organization\"},\"potentialAction\":[{\"@type\":\"SearchAction\",\"target\":{\"@type\":\"EntryPoint\",\"urlTemplate\":\"https:\/\/www.fiscalia.gov.co\/colombia\/?s={search_term_string}\"},\"query-input\":{\"@type\":\"PropertyValueSpecification\",\"valueRequired\":true,\"valueName\":\"search_term_string\"}}],\"inLanguage\":\"es-CO\"},{\"@type\":\"Organization\",\"@id\":\"https:\/\/www.fiscalia.gov.co\/colombia\/#organization\",\"name\":\"Fiscal\u00eda General de la Naci\u00f3n\",\"url\":\"https:\/\/www.fiscalia.gov.co\/colombia\/\",\"logo\":{\"@type\":\"ImageObject\",\"inLanguage\":\"es-CO\",\"@id\":\"https:\/\/www.fiscalia.gov.co\/colombia\/#\/schema\/logo\/image\/\",\"url\":\"https:\/\/www.fiscalia.gov.co\/colombia\/wp-content\/uploads\/LogoHorizontal_1.jpg\",\"contentUrl\":\"https:\/\/www.fiscalia.gov.co\/colombia\/wp-content\/uploads\/LogoHorizontal_1.jpg\",\"width\":300,\"height\":90,\"caption\":\"Fiscal\u00eda General de la Naci\u00f3n\"},\"image\":{\"@id\":\"https:\/\/www.fiscalia.gov.co\/colombia\/#\/schema\/logo\/image\/\"},\"sameAs\":[\"https:\/\/www.facebook.com\/FiscaliaCol\",\"https:\/\/x.com\/FiscaliaCol\",\"https:\/\/www.instagram.com\/fiscaliacol\",\"https:\/\/www.linkedin.com\/company\/fiscalia-general-de-la-naci-n\/\",\"https:\/\/youtube.com\/@fiscaliageneraldelanacion-4668?si=6nN79nyQICPU5iTh\"]},{\"@type\":\"Person\",\"@id\":\"https:\/\/www.fiscalia.gov.co\/colombia\/#\/schema\/person\/3903856a3ce2d54b094c69eb29247895\",\"name\":\"dfgordillo\",\"image\":{\"@type\":\"ImageObject\",\"inLanguage\":\"es-CO\",\"@id\":\"https:\/\/www.fiscalia.gov.co\/colombia\/#\/schema\/person\/image\/\",\"url\":\"https:\/\/secure.gravatar.com\/avatar\/b6356e21c5657c60757fe6fb9493e947?s=96&d=mm&r=g\",\"contentUrl\":\"https:\/\/secure.gravatar.com\/avatar\/b6356e21c5657c60757fe6fb9493e947?s=96&d=mm&r=g\",\"caption\":\"dfgordillo\"},\"sameAs\":[\"dfgordillo\"],\"url\":\"https:\/\/www.fiscalia.gov.co\/colombia\/author\/dfgordillo\/\"}]}<\/script>\n<!-- \/ Yoast SEO plugin. -->","yoast_head_json":{"title":"Fiscal\u00eda General de la Naci\u00f3n","description":"P\u00e1gina oficial de la Fiscal\u00eda General de la Naci\u00f3n \u2013 Colombia. Garantizamos el acceso efectivo a la justicia, la verdad y la reparaci\u00f3n de las v\u00edctimas de los delitos.","robots":{"index":"noindex","follow":"follow"},"og_locale":"es_ES","og_type":"article","og_title":"Fiscal\u00eda General de la Naci\u00f3n","og_description":"P\u00e1gina oficial de la Fiscal\u00eda General de la Naci\u00f3n \u2013 Colombia. Garantizamos el acceso efectivo a la justicia, la verdad y la reparaci\u00f3n de las v\u00edctimas de los delitos.","og_url":"https:\/\/www.fiscalia.gov.co\/colombia\/noticias\/aceptan-cargos-por-manipulacion-fraudulenta-de-especies-y-estafa-integrantes-del-fondo-premium-de-interbolsa\/","og_site_name":"Fiscal\u00eda General de la Naci\u00f3n","article_publisher":"https:\/\/www.facebook.com\/FiscaliaCol","article_published_time":"2015-02-26T17:13:37+00:00","author":"dfgordillo","twitter_card":"summary_large_image","twitter_creator":"@FiscaliaCol","twitter_site":"@FiscaliaCol","twitter_misc":{"Escrito por":"dfgordillo","Tiempo de lectura":"2 minutos"},"schema":{"@context":"https:\/\/schema.org","@graph":[{"@type":"Article","@id":"https:\/\/www.fiscalia.gov.co\/colombia\/noticias\/aceptan-cargos-por-manipulacion-fraudulenta-de-especies-y-estafa-integrantes-del-fondo-premium-de-interbolsa\/#article","isPartOf":{"@id":"https:\/\/www.fiscalia.gov.co\/colombia\/noticias\/aceptan-cargos-por-manipulacion-fraudulenta-de-especies-y-estafa-integrantes-del-fondo-premium-de-interbolsa\/"},"author":{"name":"dfgordillo","@id":"https:\/\/www.fiscalia.gov.co\/colombia\/#\/schema\/person\/3903856a3ce2d54b094c69eb29247895"},"headline":"Aceptan cargos por manipulaci\u00f3n fraudulenta de especies y estafa integrantes del Fondo Premium de Interbolsa","datePublished":"2015-02-26T17:13:37+00:00","dateModified":"2015-02-26T17:13:37+00:00","mainEntityOfPage":{"@id":"https:\/\/www.fiscalia.gov.co\/colombia\/noticias\/aceptan-cargos-por-manipulacion-fraudulenta-de-especies-y-estafa-integrantes-del-fondo-premium-de-interbolsa\/"},"wordCount":447,"publisher":{"@id":"https:\/\/www.fiscalia.gov.co\/colombia\/#organization"},"keywords":["Fondo Premium","Interbolsa"],"articleSection":["Noticias"],"inLanguage":"es-CO"},{"@type":"WebPage","@id":"https:\/\/www.fiscalia.gov.co\/colombia\/noticias\/aceptan-cargos-por-manipulacion-fraudulenta-de-especies-y-estafa-integrantes-del-fondo-premium-de-interbolsa\/","url":"https:\/\/www.fiscalia.gov.co\/colombia\/noticias\/aceptan-cargos-por-manipulacion-fraudulenta-de-especies-y-estafa-integrantes-del-fondo-premium-de-interbolsa\/","name":"Fiscal\u00eda General de la Naci\u00f3n","isPartOf":{"@id":"https:\/\/www.fiscalia.gov.co\/colombia\/#website"},"datePublished":"2015-02-26T17:13:37+00:00","dateModified":"2015-02-26T17:13:37+00:00","description":"P\u00e1gina oficial de la Fiscal\u00eda General de la Naci\u00f3n \u2013 Colombia. Garantizamos el acceso efectivo a la justicia, la verdad y la reparaci\u00f3n de las v\u00edctimas de los delitos.","breadcrumb":{"@id":"https:\/\/www.fiscalia.gov.co\/colombia\/noticias\/aceptan-cargos-por-manipulacion-fraudulenta-de-especies-y-estafa-integrantes-del-fondo-premium-de-interbolsa\/#breadcrumb"},"inLanguage":"es-CO","potentialAction":[{"@type":"ReadAction","target":["https:\/\/www.fiscalia.gov.co\/colombia\/noticias\/aceptan-cargos-por-manipulacion-fraudulenta-de-especies-y-estafa-integrantes-del-fondo-premium-de-interbolsa\/"]}]},{"@type":"BreadcrumbList","@id":"https:\/\/www.fiscalia.gov.co\/colombia\/noticias\/aceptan-cargos-por-manipulacion-fraudulenta-de-especies-y-estafa-integrantes-del-fondo-premium-de-interbolsa\/#breadcrumb","itemListElement":[{"@type":"ListItem","position":1,"name":"Home","item":"https:\/\/www.fiscalia.gov.co\/colombia\/"},{"@type":"ListItem","position":2,"name":"Aceptan cargos por manipulaci\u00f3n fraudulenta de especies y estafa integrantes del Fondo Premium de Interbolsa"}]},{"@type":"WebSite","@id":"https:\/\/www.fiscalia.gov.co\/colombia\/#website","url":"https:\/\/www.fiscalia.gov.co\/colombia\/","name":"Fiscal\u00eda General de la Naci\u00f3n","description":"P\u00e1gina oficial de la Fiscal\u00eda General de la Naci\u00f3n \u2013 Colombia. Garantizamos el acceso efectivo a la justicia, la verdad y la reparaci\u00f3n de las v\u00edctimas de los delitos.","publisher":{"@id":"https:\/\/www.fiscalia.gov.co\/colombia\/#organization"},"potentialAction":[{"@type":"SearchAction","target":{"@type":"EntryPoint","urlTemplate":"https:\/\/www.fiscalia.gov.co\/colombia\/?s={search_term_string}"},"query-input":{"@type":"PropertyValueSpecification","valueRequired":true,"valueName":"search_term_string"}}],"inLanguage":"es-CO"},{"@type":"Organization","@id":"https:\/\/www.fiscalia.gov.co\/colombia\/#organization","name":"Fiscal\u00eda General de la Naci\u00f3n","url":"https:\/\/www.fiscalia.gov.co\/colombia\/","logo":{"@type":"ImageObject","inLanguage":"es-CO","@id":"https:\/\/www.fiscalia.gov.co\/colombia\/#\/schema\/logo\/image\/","url":"https:\/\/www.fiscalia.gov.co\/colombia\/wp-content\/uploads\/LogoHorizontal_1.jpg","contentUrl":"https:\/\/www.fiscalia.gov.co\/colombia\/wp-content\/uploads\/LogoHorizontal_1.jpg","width":300,"height":90,"caption":"Fiscal\u00eda General de la Naci\u00f3n"},"image":{"@id":"https:\/\/www.fiscalia.gov.co\/colombia\/#\/schema\/logo\/image\/"},"sameAs":["https:\/\/www.facebook.com\/FiscaliaCol","https:\/\/x.com\/FiscaliaCol","https:\/\/www.instagram.com\/fiscaliacol","https:\/\/www.linkedin.com\/company\/fiscalia-general-de-la-naci-n\/","https:\/\/youtube.com\/@fiscaliageneraldelanacion-4668?si=6nN79nyQICPU5iTh"]},{"@type":"Person","@id":"https:\/\/www.fiscalia.gov.co\/colombia\/#\/schema\/person\/3903856a3ce2d54b094c69eb29247895","name":"dfgordillo","image":{"@type":"ImageObject","inLanguage":"es-CO","@id":"https:\/\/www.fiscalia.gov.co\/colombia\/#\/schema\/person\/image\/","url":"https:\/\/secure.gravatar.com\/avatar\/b6356e21c5657c60757fe6fb9493e947?s=96&d=mm&r=g","contentUrl":"https:\/\/secure.gravatar.com\/avatar\/b6356e21c5657c60757fe6fb9493e947?s=96&d=mm&r=g","caption":"dfgordillo"},"sameAs":["dfgordillo"],"url":"https:\/\/www.fiscalia.gov.co\/colombia\/author\/dfgordillo\/"}]}},"_links":{"self":[{"href":"https:\/\/www.fiscalia.gov.co\/colombia\/wp-json\/wp\/v2\/posts\/62931","targetHints":{"allow":["GET"]}}],"collection":[{"href":"https:\/\/www.fiscalia.gov.co\/colombia\/wp-json\/wp\/v2\/posts"}],"about":[{"href":"https:\/\/www.fiscalia.gov.co\/colombia\/wp-json\/wp\/v2\/types\/post"}],"author":[{"embeddable":true,"href":"https:\/\/www.fiscalia.gov.co\/colombia\/wp-json\/wp\/v2\/users\/143"}],"replies":[{"embeddable":true,"href":"https:\/\/www.fiscalia.gov.co\/colombia\/wp-json\/wp\/v2\/comments?post=62931"}],"version-history":[{"count":2,"href":"https:\/\/www.fiscalia.gov.co\/colombia\/wp-json\/wp\/v2\/posts\/62931\/revisions"}],"predecessor-version":[{"id":62935,"href":"https:\/\/www.fiscalia.gov.co\/colombia\/wp-json\/wp\/v2\/posts\/62931\/revisions\/62935"}],"wp:attachment":[{"href":"https:\/\/www.fiscalia.gov.co\/colombia\/wp-json\/wp\/v2\/media?parent=62931"}],"wp:term":[{"taxonomy":"category","embeddable":true,"href":"https:\/\/www.fiscalia.gov.co\/colombia\/wp-json\/wp\/v2\/categories?post=62931"},{"taxonomy":"post_tag","embeddable":true,"href":"https:\/\/www.fiscalia.gov.co\/colombia\/wp-json\/wp\/v2\/tags?post=62931"}],"curies":[{"name":"wp","href":"https:\/\/api.w.org\/{rel}","templated":true}]}}