{"id":62917,"date":"2015-02-26T11:59:44","date_gmt":"2015-02-26T16:59:44","guid":{"rendered":"http:\/\/www.fiscalia.gov.co\/colombia\/?p=62917"},"modified":"2015-02-26T12:24:20","modified_gmt":"2015-02-26T17:24:20","slug":"cibercrimen-cuesta-mas-de-usd113-billones-al-ano-a-los-usuarios","status":"publish","type":"post","link":"https:\/\/www.fiscalia.gov.co\/colombia\/noticias\/destacada\/cibercrimen-cuesta-mas-de-usd113-billones-al-ano-a-los-usuarios\/","title":{"rendered":"Cibercrimen cuesta m\u00e1s de USD$113 billones al a\u00f1o a los usuarios"},"content":{"rendered":"<p align=\"center\"><em>Cada segundo 12 personas son v\u00edctimas de esta modalidad delictiva y por lo menos el 60 por ciento de adultos conectados ha estado expuesto a alguna pr\u00e1ctica riesgosa en l\u00ednea.<\/em><\/p>\n<p>Frenar el cibercrimen es un asunto de todos: del sector p\u00fablico, de las empresas y de los usuarios que tienen un papel fundamental para contrarrestar este delito que deja billonarias p\u00e9rdidas en el mundo. Es por eso que la Fiscal\u00eda General de la Naci\u00f3n y Microsoft se han unido para contar sobre los principales resultados en la lucha contra esta modalidad delictiva en el pa\u00eds, as\u00ed como los riesgos y las amenazas que existen actualmente en l\u00ednea.<\/p>\n<p>De acuerdo con el <em>Norton Report <\/em>de 2013 m\u00e1s de 400 millones de personas son v\u00edctimas del cibercrimen en el mundo, lo que genera p\u00e9rdidas por 113 billones de d\u00f3lares, incluso un estudio del IDC de ese mismo a\u00f1o estim\u00f3 que los usuarios gastaron 22 billones de d\u00f3lares y por lo menos 1.5 billones de horas solucionando problemas de seguridad relacionados con software falsificado. En el \u00e1mbito empresarial, una de cada 5 pymes fue perjudicada por cibercriminales seg\u00fan el <em>National Cyber Security Alliance <\/em>y cerca del 53 por ciento de los intercambios realizados en la bolsa fue atacado durante 2012.<\/p>\n<p><strong>Estrategias de la Fiscal\u00eda contra el cibercrimen<\/strong><\/p>\n<p>La criminalidad inform\u00e1tica incluye una amplia variedad de pr\u00e1cticas que generalmente pueden dividirse en dos categor\u00edas: cr\u00edmenes que tienen como objetivo redes de computadoras \u2014instalaci\u00f3n de archivos maliciosos,\u00a0spam, ataques masivos a servidores de internet y generaci\u00f3n de virus\u2014; y aqu\u00e9llos que se cometen por medio de ordenadores e internet con fines de espionaje, fraude, robo, pornograf\u00eda infantil, etc.<\/p>\n<p>El grupo de delitos inform\u00e1ticos de la Fiscal\u00eda General de la Naci\u00f3n tiene como una de sus funciones principales el apoyo a las investigaciones tendientes al esclarecimiento no s\u00f3lo de las conductas delictivas referidas en la Ley 1273 de 2009<a title=\"\" href=\"file:\/\/\/C:\/Users\/kbonilla\/AppData\/Local\/Microsoft\/Windows\/Temporary%20Internet%20Files\/Content.Outlook\/2VN4FTAJ\/150225%20Comunicados%20-%20Microsoft%20-%20Evento%20cibercrimen.docx#_ftn1\">[1]<\/a>, a prop\u00f3sito de la protecci\u00f3n de la informaci\u00f3n y de los datos, sino de otros hechos tales como homicidios, delitos sexuales, punibles contra el patrimonio econ\u00f3mico, derechos de autor y dem\u00e1s.<\/p>\n<p>En 2014, la entidad llev\u00f3 a cabo 851 investigaciones en las que fueron utilizados medios inform\u00e1ticos para la comisi\u00f3n de delitos: 159 por violaci\u00f3n a la protecci\u00f3n de la informaci\u00f3n y los datos; 124 por punibles contra la administraci\u00f3n p\u00fablica; 101 por afectaciones a la libertad individual; 80 por patrimonio econ\u00f3mico; 73 por seguridad p\u00fablica; 70 por delitos contra el orden econ\u00f3mico y social; 25 por hechos que atentaron contra la vida y la integridad personal; 12 por conductas contra personas y bienes protegidos por el derecho internacional humanitario; 34 por afectaciones a la libertad, integridad y formaci\u00f3n sexual; 21 contra la integridad moral y 16 por atentados a los derechos de autor; las restantes se adelantan por delitos contra la fe p\u00fablica; los recursos naturales y el medio ambiente; la salud p\u00fablica; la participaci\u00f3n democr\u00e1tica; la eficaz y recta impartici\u00f3n de justicia; y el r\u00e9gimen constitucional y legal.<\/p>\n<p>Adem\u00e1s, la Fiscal\u00eda General de la Naci\u00f3n cuenta con dos grupos de tareas especiales, que en trabajo conjunto con la Dijin de la Polic\u00eda Nacional, se encargan de la investigaci\u00f3n de amenazas inform\u00e1ticas en contra de l\u00edderes sindicales, defensores de Derechos Humanos, periodistas y personas afines. Tambi\u00e9n efect\u00faan las investigaciones de todos los casos priorizados por la instituci\u00f3n en lo relacionado con atentados contra la confidencialidad, la integridad y la disponibilidad de los datos y de los sistemas inform\u00e1ticos.<\/p>\n<p>Actualmente, se adelanta un plan de modernizaci\u00f3n y mejora del laboratorio de inform\u00e1tica forense que busca posicionarse como el mejor en Latinoam\u00e9rica, con acreditaci\u00f3n internacional, y que permitir\u00e1 la recolecci\u00f3n y an\u00e1lisis de evidencias digitales aplicadas a delitos no s\u00f3lo de car\u00e1cter inform\u00e1tico, sino de todos aqu\u00e9llos en los que los se vean involucrados medios de almacenamiento de informaci\u00f3n.<\/p>\n<div><br clear=\"all\" \/><\/p>\n<hr align=\"left\" size=\"1\" width=\"33%\" \/>\n<div>\n<p><a title=\"\" href=\"file:\/\/\/C:\/Users\/kbonilla\/AppData\/Local\/Microsoft\/Windows\/Temporary%20Internet%20Files\/Content.Outlook\/2VN4FTAJ\/150225%20Comunicados%20-%20Microsoft%20-%20Evento%20cibercrimen.docx#_ftnref1\">[1]<\/a> La comisi\u00f3n de delitos contra la confidencialidad, la integridad y la disponibilidad de los datos y los sistemas inform\u00e1ticos, de acuerdo con la Ley 1273 de 2009, puede acarrear una pena m\u00ednima de 36 meses y una m\u00e1xima de 120 meses de prisi\u00f3n, sumadas a las circunstancias de agravaci\u00f3n punitiva que tengan lugar.<\/p>\n<\/div>\n<\/div>\n\n<div class=\"twitter-share\"><a href=\"https:\/\/twitter.com\/intent\/tweet?via=fiscaliacol\" class=\"twitter-share-button\">Tweet<\/a><\/div>\n","protected":false},"excerpt":{"rendered":"<p>Cada segundo 12 personas son v\u00edctimas de esta modalidad delictiva y por lo menos el 60 por ciento de adultos conectados ha estado expuesto a alguna pr\u00e1ctica riesgosa en l\u00ednea.<\/p>\n","protected":false},"author":143,"featured_media":0,"comment_status":"closed","ping_status":"open","sticky":false,"template":"","format":"standard","meta":{"tdm_status":"","tdm_grid_status":"","footnotes":""},"categories":[3],"tags":[11434],"class_list":{"0":"post-62917","1":"post","2":"type-post","3":"status-publish","4":"format-standard","6":"category-destacada","7":"tag-cibercrimen"},"yoast_head":"<!-- This site is optimized with the Yoast SEO plugin v24.3 - https:\/\/yoast.com\/wordpress\/plugins\/seo\/ -->\n<title>Fiscal\u00eda General de la Naci\u00f3n<\/title>\n<meta name=\"description\" content=\"P\u00e1gina oficial de la Fiscal\u00eda General de la Naci\u00f3n \u2013 Colombia. Garantizamos el acceso efectivo a la justicia, la verdad y la reparaci\u00f3n de las v\u00edctimas de los delitos.\" \/>\n<meta name=\"robots\" content=\"noindex, follow\" \/>\n<meta property=\"og:locale\" content=\"es_ES\" \/>\n<meta property=\"og:type\" content=\"article\" \/>\n<meta property=\"og:title\" content=\"Fiscal\u00eda General de la Naci\u00f3n\" \/>\n<meta property=\"og:description\" content=\"P\u00e1gina oficial de la Fiscal\u00eda General de la Naci\u00f3n \u2013 Colombia. Garantizamos el acceso efectivo a la justicia, la verdad y la reparaci\u00f3n de las v\u00edctimas de los delitos.\" \/>\n<meta property=\"og:url\" content=\"https:\/\/www.fiscalia.gov.co\/colombia\/noticias\/destacada\/cibercrimen-cuesta-mas-de-usd113-billones-al-ano-a-los-usuarios\/\" \/>\n<meta property=\"og:site_name\" content=\"Fiscal\u00eda General de la Naci\u00f3n\" \/>\n<meta property=\"article:publisher\" content=\"https:\/\/www.facebook.com\/FiscaliaCol\" \/>\n<meta property=\"article:published_time\" content=\"2015-02-26T16:59:44+00:00\" \/>\n<meta property=\"article:modified_time\" content=\"2015-02-26T17:24:20+00:00\" \/>\n<meta name=\"author\" content=\"dfgordillo\" \/>\n<meta name=\"twitter:card\" content=\"summary_large_image\" \/>\n<meta name=\"twitter:creator\" content=\"@FiscaliaCol\" \/>\n<meta name=\"twitter:site\" content=\"@FiscaliaCol\" \/>\n<meta name=\"twitter:label1\" content=\"Escrito por\" \/>\n\t<meta name=\"twitter:data1\" content=\"dfgordillo\" \/>\n\t<meta name=\"twitter:label2\" content=\"Tiempo de lectura\" \/>\n\t<meta name=\"twitter:data2\" content=\"4 minutos\" \/>\n<script type=\"application\/ld+json\" class=\"yoast-schema-graph\">{\"@context\":\"https:\/\/schema.org\",\"@graph\":[{\"@type\":\"Article\",\"@id\":\"https:\/\/www.fiscalia.gov.co\/colombia\/noticias\/destacada\/cibercrimen-cuesta-mas-de-usd113-billones-al-ano-a-los-usuarios\/#article\",\"isPartOf\":{\"@id\":\"https:\/\/www.fiscalia.gov.co\/colombia\/noticias\/destacada\/cibercrimen-cuesta-mas-de-usd113-billones-al-ano-a-los-usuarios\/\"},\"author\":{\"name\":\"dfgordillo\",\"@id\":\"https:\/\/www.fiscalia.gov.co\/colombia\/#\/schema\/person\/3903856a3ce2d54b094c69eb29247895\"},\"headline\":\"Cibercrimen cuesta m\u00e1s de USD$113 billones al a\u00f1o a los usuarios\",\"datePublished\":\"2015-02-26T16:59:44+00:00\",\"dateModified\":\"2015-02-26T17:24:20+00:00\",\"mainEntityOfPage\":{\"@id\":\"https:\/\/www.fiscalia.gov.co\/colombia\/noticias\/destacada\/cibercrimen-cuesta-mas-de-usd113-billones-al-ano-a-los-usuarios\/\"},\"wordCount\":747,\"publisher\":{\"@id\":\"https:\/\/www.fiscalia.gov.co\/colombia\/#organization\"},\"keywords\":[\"Cibercrimen\"],\"articleSection\":[\"Destacada\"],\"inLanguage\":\"es-CO\"},{\"@type\":\"WebPage\",\"@id\":\"https:\/\/www.fiscalia.gov.co\/colombia\/noticias\/destacada\/cibercrimen-cuesta-mas-de-usd113-billones-al-ano-a-los-usuarios\/\",\"url\":\"https:\/\/www.fiscalia.gov.co\/colombia\/noticias\/destacada\/cibercrimen-cuesta-mas-de-usd113-billones-al-ano-a-los-usuarios\/\",\"name\":\"Fiscal\u00eda General de la Naci\u00f3n\",\"isPartOf\":{\"@id\":\"https:\/\/www.fiscalia.gov.co\/colombia\/#website\"},\"datePublished\":\"2015-02-26T16:59:44+00:00\",\"dateModified\":\"2015-02-26T17:24:20+00:00\",\"description\":\"P\u00e1gina oficial de la Fiscal\u00eda General de la Naci\u00f3n \u2013 Colombia. Garantizamos el acceso efectivo a la justicia, la verdad y la reparaci\u00f3n de las v\u00edctimas de los delitos.\",\"breadcrumb\":{\"@id\":\"https:\/\/www.fiscalia.gov.co\/colombia\/noticias\/destacada\/cibercrimen-cuesta-mas-de-usd113-billones-al-ano-a-los-usuarios\/#breadcrumb\"},\"inLanguage\":\"es-CO\",\"potentialAction\":[{\"@type\":\"ReadAction\",\"target\":[\"https:\/\/www.fiscalia.gov.co\/colombia\/noticias\/destacada\/cibercrimen-cuesta-mas-de-usd113-billones-al-ano-a-los-usuarios\/\"]}]},{\"@type\":\"BreadcrumbList\",\"@id\":\"https:\/\/www.fiscalia.gov.co\/colombia\/noticias\/destacada\/cibercrimen-cuesta-mas-de-usd113-billones-al-ano-a-los-usuarios\/#breadcrumb\",\"itemListElement\":[{\"@type\":\"ListItem\",\"position\":1,\"name\":\"Home\",\"item\":\"https:\/\/www.fiscalia.gov.co\/colombia\/\"},{\"@type\":\"ListItem\",\"position\":2,\"name\":\"Cibercrimen cuesta m\u00e1s de USD$113 billones al a\u00f1o a los usuarios\"}]},{\"@type\":\"WebSite\",\"@id\":\"https:\/\/www.fiscalia.gov.co\/colombia\/#website\",\"url\":\"https:\/\/www.fiscalia.gov.co\/colombia\/\",\"name\":\"Fiscal\u00eda General de la Naci\u00f3n\",\"description\":\"P\u00e1gina oficial de la Fiscal\u00eda General de la Naci\u00f3n \u2013 Colombia. Garantizamos el acceso efectivo a la justicia, la verdad y la reparaci\u00f3n de las v\u00edctimas de los delitos.\",\"publisher\":{\"@id\":\"https:\/\/www.fiscalia.gov.co\/colombia\/#organization\"},\"potentialAction\":[{\"@type\":\"SearchAction\",\"target\":{\"@type\":\"EntryPoint\",\"urlTemplate\":\"https:\/\/www.fiscalia.gov.co\/colombia\/?s={search_term_string}\"},\"query-input\":{\"@type\":\"PropertyValueSpecification\",\"valueRequired\":true,\"valueName\":\"search_term_string\"}}],\"inLanguage\":\"es-CO\"},{\"@type\":\"Organization\",\"@id\":\"https:\/\/www.fiscalia.gov.co\/colombia\/#organization\",\"name\":\"Fiscal\u00eda General de la Naci\u00f3n\",\"url\":\"https:\/\/www.fiscalia.gov.co\/colombia\/\",\"logo\":{\"@type\":\"ImageObject\",\"inLanguage\":\"es-CO\",\"@id\":\"https:\/\/www.fiscalia.gov.co\/colombia\/#\/schema\/logo\/image\/\",\"url\":\"https:\/\/www.fiscalia.gov.co\/colombia\/wp-content\/uploads\/LogoHorizontal_1.jpg\",\"contentUrl\":\"https:\/\/www.fiscalia.gov.co\/colombia\/wp-content\/uploads\/LogoHorizontal_1.jpg\",\"width\":300,\"height\":90,\"caption\":\"Fiscal\u00eda General de la Naci\u00f3n\"},\"image\":{\"@id\":\"https:\/\/www.fiscalia.gov.co\/colombia\/#\/schema\/logo\/image\/\"},\"sameAs\":[\"https:\/\/www.facebook.com\/FiscaliaCol\",\"https:\/\/x.com\/FiscaliaCol\",\"https:\/\/www.instagram.com\/fiscaliacol\",\"https:\/\/www.linkedin.com\/company\/fiscalia-general-de-la-naci-n\/\",\"https:\/\/youtube.com\/@fiscaliageneraldelanacion-4668?si=6nN79nyQICPU5iTh\"]},{\"@type\":\"Person\",\"@id\":\"https:\/\/www.fiscalia.gov.co\/colombia\/#\/schema\/person\/3903856a3ce2d54b094c69eb29247895\",\"name\":\"dfgordillo\",\"image\":{\"@type\":\"ImageObject\",\"inLanguage\":\"es-CO\",\"@id\":\"https:\/\/www.fiscalia.gov.co\/colombia\/#\/schema\/person\/image\/\",\"url\":\"https:\/\/secure.gravatar.com\/avatar\/b6356e21c5657c60757fe6fb9493e947?s=96&d=mm&r=g\",\"contentUrl\":\"https:\/\/secure.gravatar.com\/avatar\/b6356e21c5657c60757fe6fb9493e947?s=96&d=mm&r=g\",\"caption\":\"dfgordillo\"},\"sameAs\":[\"dfgordillo\"],\"url\":\"https:\/\/www.fiscalia.gov.co\/colombia\/author\/dfgordillo\/\"}]}<\/script>\n<!-- \/ Yoast SEO plugin. -->","yoast_head_json":{"title":"Fiscal\u00eda General de la Naci\u00f3n","description":"P\u00e1gina oficial de la Fiscal\u00eda General de la Naci\u00f3n \u2013 Colombia. Garantizamos el acceso efectivo a la justicia, la verdad y la reparaci\u00f3n de las v\u00edctimas de los delitos.","robots":{"index":"noindex","follow":"follow"},"og_locale":"es_ES","og_type":"article","og_title":"Fiscal\u00eda General de la Naci\u00f3n","og_description":"P\u00e1gina oficial de la Fiscal\u00eda General de la Naci\u00f3n \u2013 Colombia. Garantizamos el acceso efectivo a la justicia, la verdad y la reparaci\u00f3n de las v\u00edctimas de los delitos.","og_url":"https:\/\/www.fiscalia.gov.co\/colombia\/noticias\/destacada\/cibercrimen-cuesta-mas-de-usd113-billones-al-ano-a-los-usuarios\/","og_site_name":"Fiscal\u00eda General de la Naci\u00f3n","article_publisher":"https:\/\/www.facebook.com\/FiscaliaCol","article_published_time":"2015-02-26T16:59:44+00:00","article_modified_time":"2015-02-26T17:24:20+00:00","author":"dfgordillo","twitter_card":"summary_large_image","twitter_creator":"@FiscaliaCol","twitter_site":"@FiscaliaCol","twitter_misc":{"Escrito por":"dfgordillo","Tiempo de lectura":"4 minutos"},"schema":{"@context":"https:\/\/schema.org","@graph":[{"@type":"Article","@id":"https:\/\/www.fiscalia.gov.co\/colombia\/noticias\/destacada\/cibercrimen-cuesta-mas-de-usd113-billones-al-ano-a-los-usuarios\/#article","isPartOf":{"@id":"https:\/\/www.fiscalia.gov.co\/colombia\/noticias\/destacada\/cibercrimen-cuesta-mas-de-usd113-billones-al-ano-a-los-usuarios\/"},"author":{"name":"dfgordillo","@id":"https:\/\/www.fiscalia.gov.co\/colombia\/#\/schema\/person\/3903856a3ce2d54b094c69eb29247895"},"headline":"Cibercrimen cuesta m\u00e1s de USD$113 billones al a\u00f1o a los usuarios","datePublished":"2015-02-26T16:59:44+00:00","dateModified":"2015-02-26T17:24:20+00:00","mainEntityOfPage":{"@id":"https:\/\/www.fiscalia.gov.co\/colombia\/noticias\/destacada\/cibercrimen-cuesta-mas-de-usd113-billones-al-ano-a-los-usuarios\/"},"wordCount":747,"publisher":{"@id":"https:\/\/www.fiscalia.gov.co\/colombia\/#organization"},"keywords":["Cibercrimen"],"articleSection":["Destacada"],"inLanguage":"es-CO"},{"@type":"WebPage","@id":"https:\/\/www.fiscalia.gov.co\/colombia\/noticias\/destacada\/cibercrimen-cuesta-mas-de-usd113-billones-al-ano-a-los-usuarios\/","url":"https:\/\/www.fiscalia.gov.co\/colombia\/noticias\/destacada\/cibercrimen-cuesta-mas-de-usd113-billones-al-ano-a-los-usuarios\/","name":"Fiscal\u00eda General de la Naci\u00f3n","isPartOf":{"@id":"https:\/\/www.fiscalia.gov.co\/colombia\/#website"},"datePublished":"2015-02-26T16:59:44+00:00","dateModified":"2015-02-26T17:24:20+00:00","description":"P\u00e1gina oficial de la Fiscal\u00eda General de la Naci\u00f3n \u2013 Colombia. Garantizamos el acceso efectivo a la justicia, la verdad y la reparaci\u00f3n de las v\u00edctimas de los delitos.","breadcrumb":{"@id":"https:\/\/www.fiscalia.gov.co\/colombia\/noticias\/destacada\/cibercrimen-cuesta-mas-de-usd113-billones-al-ano-a-los-usuarios\/#breadcrumb"},"inLanguage":"es-CO","potentialAction":[{"@type":"ReadAction","target":["https:\/\/www.fiscalia.gov.co\/colombia\/noticias\/destacada\/cibercrimen-cuesta-mas-de-usd113-billones-al-ano-a-los-usuarios\/"]}]},{"@type":"BreadcrumbList","@id":"https:\/\/www.fiscalia.gov.co\/colombia\/noticias\/destacada\/cibercrimen-cuesta-mas-de-usd113-billones-al-ano-a-los-usuarios\/#breadcrumb","itemListElement":[{"@type":"ListItem","position":1,"name":"Home","item":"https:\/\/www.fiscalia.gov.co\/colombia\/"},{"@type":"ListItem","position":2,"name":"Cibercrimen cuesta m\u00e1s de USD$113 billones al a\u00f1o a los usuarios"}]},{"@type":"WebSite","@id":"https:\/\/www.fiscalia.gov.co\/colombia\/#website","url":"https:\/\/www.fiscalia.gov.co\/colombia\/","name":"Fiscal\u00eda General de la Naci\u00f3n","description":"P\u00e1gina oficial de la Fiscal\u00eda General de la Naci\u00f3n \u2013 Colombia. Garantizamos el acceso efectivo a la justicia, la verdad y la reparaci\u00f3n de las v\u00edctimas de los delitos.","publisher":{"@id":"https:\/\/www.fiscalia.gov.co\/colombia\/#organization"},"potentialAction":[{"@type":"SearchAction","target":{"@type":"EntryPoint","urlTemplate":"https:\/\/www.fiscalia.gov.co\/colombia\/?s={search_term_string}"},"query-input":{"@type":"PropertyValueSpecification","valueRequired":true,"valueName":"search_term_string"}}],"inLanguage":"es-CO"},{"@type":"Organization","@id":"https:\/\/www.fiscalia.gov.co\/colombia\/#organization","name":"Fiscal\u00eda General de la Naci\u00f3n","url":"https:\/\/www.fiscalia.gov.co\/colombia\/","logo":{"@type":"ImageObject","inLanguage":"es-CO","@id":"https:\/\/www.fiscalia.gov.co\/colombia\/#\/schema\/logo\/image\/","url":"https:\/\/www.fiscalia.gov.co\/colombia\/wp-content\/uploads\/LogoHorizontal_1.jpg","contentUrl":"https:\/\/www.fiscalia.gov.co\/colombia\/wp-content\/uploads\/LogoHorizontal_1.jpg","width":300,"height":90,"caption":"Fiscal\u00eda General de la Naci\u00f3n"},"image":{"@id":"https:\/\/www.fiscalia.gov.co\/colombia\/#\/schema\/logo\/image\/"},"sameAs":["https:\/\/www.facebook.com\/FiscaliaCol","https:\/\/x.com\/FiscaliaCol","https:\/\/www.instagram.com\/fiscaliacol","https:\/\/www.linkedin.com\/company\/fiscalia-general-de-la-naci-n\/","https:\/\/youtube.com\/@fiscaliageneraldelanacion-4668?si=6nN79nyQICPU5iTh"]},{"@type":"Person","@id":"https:\/\/www.fiscalia.gov.co\/colombia\/#\/schema\/person\/3903856a3ce2d54b094c69eb29247895","name":"dfgordillo","image":{"@type":"ImageObject","inLanguage":"es-CO","@id":"https:\/\/www.fiscalia.gov.co\/colombia\/#\/schema\/person\/image\/","url":"https:\/\/secure.gravatar.com\/avatar\/b6356e21c5657c60757fe6fb9493e947?s=96&d=mm&r=g","contentUrl":"https:\/\/secure.gravatar.com\/avatar\/b6356e21c5657c60757fe6fb9493e947?s=96&d=mm&r=g","caption":"dfgordillo"},"sameAs":["dfgordillo"],"url":"https:\/\/www.fiscalia.gov.co\/colombia\/author\/dfgordillo\/"}]}},"_links":{"self":[{"href":"https:\/\/www.fiscalia.gov.co\/colombia\/wp-json\/wp\/v2\/posts\/62917","targetHints":{"allow":["GET"]}}],"collection":[{"href":"https:\/\/www.fiscalia.gov.co\/colombia\/wp-json\/wp\/v2\/posts"}],"about":[{"href":"https:\/\/www.fiscalia.gov.co\/colombia\/wp-json\/wp\/v2\/types\/post"}],"author":[{"embeddable":true,"href":"https:\/\/www.fiscalia.gov.co\/colombia\/wp-json\/wp\/v2\/users\/143"}],"replies":[{"embeddable":true,"href":"https:\/\/www.fiscalia.gov.co\/colombia\/wp-json\/wp\/v2\/comments?post=62917"}],"version-history":[{"count":4,"href":"https:\/\/www.fiscalia.gov.co\/colombia\/wp-json\/wp\/v2\/posts\/62917\/revisions"}],"predecessor-version":[{"id":64847,"href":"https:\/\/www.fiscalia.gov.co\/colombia\/wp-json\/wp\/v2\/posts\/62917\/revisions\/64847"}],"wp:attachment":[{"href":"https:\/\/www.fiscalia.gov.co\/colombia\/wp-json\/wp\/v2\/media?parent=62917"}],"wp:term":[{"taxonomy":"category","embeddable":true,"href":"https:\/\/www.fiscalia.gov.co\/colombia\/wp-json\/wp\/v2\/categories?post=62917"},{"taxonomy":"post_tag","embeddable":true,"href":"https:\/\/www.fiscalia.gov.co\/colombia\/wp-json\/wp\/v2\/tags?post=62917"}],"curies":[{"name":"wp","href":"https:\/\/api.w.org\/{rel}","templated":true}]}}