{"id":62741,"date":"2015-02-24T09:42:38","date_gmt":"2015-02-24T14:42:38","guid":{"rendered":"http:\/\/www.fiscalia.gov.co\/colombia\/?p=62741"},"modified":"2015-02-24T09:42:38","modified_gmt":"2015-02-24T14:42:38","slug":"32-anos-de-prision-para-alias-el-negro-antonio-por-desaparicion-forzada","status":"publish","type":"post","link":"https:\/\/www.fiscalia.gov.co\/colombia\/noticias\/32-anos-de-prision-para-alias-el-negro-antonio-por-desaparicion-forzada\/","title":{"rendered":"32 a\u00f1os de prisi\u00f3n para alias el Negro Antonio por desaparici\u00f3n forzada"},"content":{"rendered":"<p>Una nueva condena de 32 a\u00f1os de c\u00e1rcel por el delito de desaparici\u00f3n forzada deber\u00e1 cumplir Bernardo Mosquera Machado, alias el Negro Antonio, excomandante del Frente 42 de las Farc, seg\u00fan la decisi\u00f3n del Juzgado Segundo Especializado de Bogot\u00e1.<\/p>\n<p>La condena se dio luego que el procesado aceptara su responsabilidad en la muerte y desaparici\u00f3n forzada de Jonat\u00e1n Ortiz Quintero, Dick Alonso Barrera y Alexander Herrera Figueroa, desaparecidos el 30 de noviembre de 1998 en el municipio de El Colegio (Cundinamarca).<\/p>\n<p><strong>Otras condenas <\/strong><\/p>\n<p>En junio de 2014, Bernardo Mosquera Machado\u00a0 fue condenado por desaparici\u00f3n y homicidio de un enfermero a quien dos guerrilleros del citado frente sacaron a la fuerza de un establecimiento comercial el 13 de marzo de 1999, y tras su tortura, lo asesinaron.<\/p>\n<p>Ante el caudal probatorio recopilado por la Fiscal\u00eda, alias el Negro Antonio acept\u00f3 su participaci\u00f3n en la desaparici\u00f3n forzada y el homicidio del trabajador de la salud Hernando Casta\u00f1o Casta\u00f1o, por lo que el Juzgado Primero Penal de Girardot (Cundinamarca) le impuso una pena de prisi\u00f3n de 20 a\u00f1os y multa de 1.690 salarios m\u00ednimos legales mensuales vigentes.<\/p>\n<p>De acuerdo con las declaraciones de un desmovilizado que pertenec\u00eda al Frente 42 de las Farc, la v\u00edctima era el enfermero de alias el Negro Antonio y habr\u00eda sido asesinado por proporcionar presuntamente informaci\u00f3n de esa guerrilla al Gobierno Nacional.<\/p>\n<p>Tambi\u00e9n, en enero de 2013 el mismo juzgado dict\u00f3 otra condena en contra del guerrillero por los delitos de desaparici\u00f3n forzada agravada en calidad de coautor material y homicidio en persona protegida.<\/p>\n<p>Esa decisi\u00f3n, que le dio una pena de 22 a\u00f1os de prisi\u00f3n y el pago de 1.859 salarios m\u00ednimos mensuales legales vigentes (SMMLV), se basa en hechos ocurridos el 21de marzo de 1999, cuando varios hombres al mando de alias el Negro Antonio retuvieron a la fuerza a Javier y Alfonso Gonz\u00e1lez Uribe, a quienes posteriormente asesinaron y desaparecieron.<\/p>\n<p>Seg\u00fan lo establecido por un fiscal del Eje Tem\u00e1tico de Desaparici\u00f3n y Desplazamiento Forzado, Mosquera Machado habr\u00eda ordenado asesinar y desaparecer a los hermanos Gonz\u00e1lez Uribe, quienes laboraban en Viot\u00e1 (Cundinamarca) como conductores de una empresa de gaseosa. Los acusaron de colaborarle al Ej\u00e9rcito, hecho que habr\u00eda ocasionado la muerte en combate de varios guerrilleros.<\/p>\n<p>Otra de las condenas la profiri\u00f3 en diciembre de 2012 el Juzgado Segundo Penal del Circuito de Girardot, que sentenci\u00f3 de manera anticipada a\u00a021 a\u00f1os y 11meses de prisi\u00f3n y multa de 2.250 salarios m\u00ednimos mensuales legales vigentes a alias el Negro Antonio, luego de que aceptara haber incurrido en los delitos de desaparici\u00f3n forzada agravada y homicidio en persona protegida en\u00a0 hechos ocurridos en abril de 2002.<\/p>\n<p>En esa fecha, integrantes del Frente 42 se desplazaban por la v\u00eda que de San Gabriel conduce al Salto de San Antonio del municipio de Viot\u00e1 (Cundinamarca) y en cumplimiento de \u00f3rdenes impartidas por su comandante alias el Negro Antonio, retuvieron, ejecutaron y desaparecieron a Oswaldo Rodr\u00edguez Moreno.<\/p>\n<p>Por otra parte, en noviembre de 2011, el Juez Segundo Especializado de Cundinamarca conden\u00f3, por solicitud de la Fiscal\u00eda, a 20 a\u00f1os y 10 meses de prisi\u00f3n a Mosquera Machado, al hallarlo responsable del secuestro de un comerciante de 68 a\u00f1os de edad y de su nieta de 22 a\u00f1os.<\/p>\n<p>Igualmente, el guerrillero fue sentenciado a 46 a\u00f1os de prisi\u00f3n por ordenar, dirigir y ejecutar el ataque en contra del corregimiento de Cumaca, municipio de Tibacuy (Cundinamarca).<\/p>\n<p>MRB\/DLBM<\/p>\n\n<div class=\"twitter-share\"><a href=\"https:\/\/twitter.com\/intent\/tweet?via=fiscaliacol\" class=\"twitter-share-button\">Tweet<\/a><\/div>\n","protected":false},"excerpt":{"rendered":"<p>Una nueva condena de 32 a\u00f1os de c\u00e1rcel por el delito de desaparici\u00f3n forzada deber\u00e1 cumplir Bernardo Mosquera Machado, alias el Negro Antonio, excomandante del Frente 42 de las Farc, [&hellip;]<\/p>\n","protected":false},"author":143,"featured_media":0,"comment_status":"closed","ping_status":"open","sticky":false,"template":"","format":"standard","meta":{"tdm_status":"","tdm_grid_status":"","footnotes":""},"categories":[1],"tags":[363],"class_list":["post-62741","post","type-post","status-publish","format-standard","category-noticias","tag-desaparicion-forzada"],"yoast_head":"<!-- This site is optimized with the Yoast SEO plugin v24.3 - https:\/\/yoast.com\/wordpress\/plugins\/seo\/ -->\n<title>Fiscal\u00eda General de la Naci\u00f3n<\/title>\n<meta name=\"description\" content=\"P\u00e1gina oficial de la Fiscal\u00eda General de la Naci\u00f3n \u2013 Colombia. Garantizamos el acceso efectivo a la justicia, la verdad y la reparaci\u00f3n de las v\u00edctimas de los delitos.\" \/>\n<meta name=\"robots\" content=\"noindex, follow\" \/>\n<meta property=\"og:locale\" content=\"es_ES\" \/>\n<meta property=\"og:type\" content=\"article\" \/>\n<meta property=\"og:title\" content=\"Fiscal\u00eda General de la Naci\u00f3n\" \/>\n<meta property=\"og:description\" content=\"P\u00e1gina oficial de la Fiscal\u00eda General de la Naci\u00f3n \u2013 Colombia. Garantizamos el acceso efectivo a la justicia, la verdad y la reparaci\u00f3n de las v\u00edctimas de los delitos.\" \/>\n<meta property=\"og:url\" content=\"https:\/\/www.fiscalia.gov.co\/colombia\/noticias\/32-anos-de-prision-para-alias-el-negro-antonio-por-desaparicion-forzada\/\" \/>\n<meta property=\"og:site_name\" content=\"Fiscal\u00eda General de la Naci\u00f3n\" \/>\n<meta property=\"article:publisher\" content=\"https:\/\/www.facebook.com\/FiscaliaCol\" \/>\n<meta property=\"article:published_time\" content=\"2015-02-24T14:42:38+00:00\" \/>\n<meta name=\"author\" content=\"dfgordillo\" \/>\n<meta name=\"twitter:card\" content=\"summary_large_image\" \/>\n<meta name=\"twitter:creator\" content=\"@FiscaliaCol\" \/>\n<meta name=\"twitter:site\" content=\"@FiscaliaCol\" \/>\n<meta name=\"twitter:label1\" content=\"Escrito por\" \/>\n\t<meta name=\"twitter:data1\" content=\"dfgordillo\" \/>\n\t<meta name=\"twitter:label2\" content=\"Tiempo de lectura\" \/>\n\t<meta name=\"twitter:data2\" content=\"3 minutos\" \/>\n<script type=\"application\/ld+json\" class=\"yoast-schema-graph\">{\"@context\":\"https:\/\/schema.org\",\"@graph\":[{\"@type\":\"Article\",\"@id\":\"https:\/\/www.fiscalia.gov.co\/colombia\/noticias\/32-anos-de-prision-para-alias-el-negro-antonio-por-desaparicion-forzada\/#article\",\"isPartOf\":{\"@id\":\"https:\/\/www.fiscalia.gov.co\/colombia\/noticias\/32-anos-de-prision-para-alias-el-negro-antonio-por-desaparicion-forzada\/\"},\"author\":{\"name\":\"dfgordillo\",\"@id\":\"https:\/\/www.fiscalia.gov.co\/colombia\/#\/schema\/person\/3903856a3ce2d54b094c69eb29247895\"},\"headline\":\"32 a\u00f1os de prisi\u00f3n para alias el Negro Antonio por desaparici\u00f3n forzada\",\"datePublished\":\"2015-02-24T14:42:38+00:00\",\"dateModified\":\"2015-02-24T14:42:38+00:00\",\"mainEntityOfPage\":{\"@id\":\"https:\/\/www.fiscalia.gov.co\/colombia\/noticias\/32-anos-de-prision-para-alias-el-negro-antonio-por-desaparicion-forzada\/\"},\"wordCount\":602,\"publisher\":{\"@id\":\"https:\/\/www.fiscalia.gov.co\/colombia\/#organization\"},\"keywords\":[\"Desaparici\u00f3n forzada\"],\"articleSection\":[\"Noticias\"],\"inLanguage\":\"es-CO\"},{\"@type\":\"WebPage\",\"@id\":\"https:\/\/www.fiscalia.gov.co\/colombia\/noticias\/32-anos-de-prision-para-alias-el-negro-antonio-por-desaparicion-forzada\/\",\"url\":\"https:\/\/www.fiscalia.gov.co\/colombia\/noticias\/32-anos-de-prision-para-alias-el-negro-antonio-por-desaparicion-forzada\/\",\"name\":\"Fiscal\u00eda General de la Naci\u00f3n\",\"isPartOf\":{\"@id\":\"https:\/\/www.fiscalia.gov.co\/colombia\/#website\"},\"datePublished\":\"2015-02-24T14:42:38+00:00\",\"dateModified\":\"2015-02-24T14:42:38+00:00\",\"description\":\"P\u00e1gina oficial de la Fiscal\u00eda General de la Naci\u00f3n \u2013 Colombia. Garantizamos el acceso efectivo a la justicia, la verdad y la reparaci\u00f3n de las v\u00edctimas de los delitos.\",\"breadcrumb\":{\"@id\":\"https:\/\/www.fiscalia.gov.co\/colombia\/noticias\/32-anos-de-prision-para-alias-el-negro-antonio-por-desaparicion-forzada\/#breadcrumb\"},\"inLanguage\":\"es-CO\",\"potentialAction\":[{\"@type\":\"ReadAction\",\"target\":[\"https:\/\/www.fiscalia.gov.co\/colombia\/noticias\/32-anos-de-prision-para-alias-el-negro-antonio-por-desaparicion-forzada\/\"]}]},{\"@type\":\"BreadcrumbList\",\"@id\":\"https:\/\/www.fiscalia.gov.co\/colombia\/noticias\/32-anos-de-prision-para-alias-el-negro-antonio-por-desaparicion-forzada\/#breadcrumb\",\"itemListElement\":[{\"@type\":\"ListItem\",\"position\":1,\"name\":\"Home\",\"item\":\"https:\/\/www.fiscalia.gov.co\/colombia\/\"},{\"@type\":\"ListItem\",\"position\":2,\"name\":\"32 a\u00f1os de prisi\u00f3n para alias el Negro Antonio por desaparici\u00f3n forzada\"}]},{\"@type\":\"WebSite\",\"@id\":\"https:\/\/www.fiscalia.gov.co\/colombia\/#website\",\"url\":\"https:\/\/www.fiscalia.gov.co\/colombia\/\",\"name\":\"Fiscal\u00eda General de la Naci\u00f3n\",\"description\":\"P\u00e1gina oficial de la Fiscal\u00eda General de la Naci\u00f3n \u2013 Colombia. Garantizamos el acceso efectivo a la justicia, la verdad y la reparaci\u00f3n de las v\u00edctimas de los delitos.\",\"publisher\":{\"@id\":\"https:\/\/www.fiscalia.gov.co\/colombia\/#organization\"},\"potentialAction\":[{\"@type\":\"SearchAction\",\"target\":{\"@type\":\"EntryPoint\",\"urlTemplate\":\"https:\/\/www.fiscalia.gov.co\/colombia\/?s={search_term_string}\"},\"query-input\":{\"@type\":\"PropertyValueSpecification\",\"valueRequired\":true,\"valueName\":\"search_term_string\"}}],\"inLanguage\":\"es-CO\"},{\"@type\":\"Organization\",\"@id\":\"https:\/\/www.fiscalia.gov.co\/colombia\/#organization\",\"name\":\"Fiscal\u00eda General de la Naci\u00f3n\",\"url\":\"https:\/\/www.fiscalia.gov.co\/colombia\/\",\"logo\":{\"@type\":\"ImageObject\",\"inLanguage\":\"es-CO\",\"@id\":\"https:\/\/www.fiscalia.gov.co\/colombia\/#\/schema\/logo\/image\/\",\"url\":\"https:\/\/www.fiscalia.gov.co\/colombia\/wp-content\/uploads\/LogoHorizontal_1.jpg\",\"contentUrl\":\"https:\/\/www.fiscalia.gov.co\/colombia\/wp-content\/uploads\/LogoHorizontal_1.jpg\",\"width\":300,\"height\":90,\"caption\":\"Fiscal\u00eda General de la Naci\u00f3n\"},\"image\":{\"@id\":\"https:\/\/www.fiscalia.gov.co\/colombia\/#\/schema\/logo\/image\/\"},\"sameAs\":[\"https:\/\/www.facebook.com\/FiscaliaCol\",\"https:\/\/x.com\/FiscaliaCol\",\"https:\/\/www.instagram.com\/fiscaliacol\",\"https:\/\/www.linkedin.com\/company\/fiscalia-general-de-la-naci-n\/\",\"https:\/\/youtube.com\/@fiscaliageneraldelanacion-4668?si=6nN79nyQICPU5iTh\"]},{\"@type\":\"Person\",\"@id\":\"https:\/\/www.fiscalia.gov.co\/colombia\/#\/schema\/person\/3903856a3ce2d54b094c69eb29247895\",\"name\":\"dfgordillo\",\"image\":{\"@type\":\"ImageObject\",\"inLanguage\":\"es-CO\",\"@id\":\"https:\/\/www.fiscalia.gov.co\/colombia\/#\/schema\/person\/image\/\",\"url\":\"https:\/\/secure.gravatar.com\/avatar\/b6356e21c5657c60757fe6fb9493e947?s=96&d=mm&r=g\",\"contentUrl\":\"https:\/\/secure.gravatar.com\/avatar\/b6356e21c5657c60757fe6fb9493e947?s=96&d=mm&r=g\",\"caption\":\"dfgordillo\"},\"sameAs\":[\"dfgordillo\"],\"url\":\"https:\/\/www.fiscalia.gov.co\/colombia\/author\/dfgordillo\/\"}]}<\/script>\n<!-- \/ Yoast SEO plugin. -->","yoast_head_json":{"title":"Fiscal\u00eda General de la Naci\u00f3n","description":"P\u00e1gina oficial de la Fiscal\u00eda General de la Naci\u00f3n \u2013 Colombia. Garantizamos el acceso efectivo a la justicia, la verdad y la reparaci\u00f3n de las v\u00edctimas de los delitos.","robots":{"index":"noindex","follow":"follow"},"og_locale":"es_ES","og_type":"article","og_title":"Fiscal\u00eda General de la Naci\u00f3n","og_description":"P\u00e1gina oficial de la Fiscal\u00eda General de la Naci\u00f3n \u2013 Colombia. Garantizamos el acceso efectivo a la justicia, la verdad y la reparaci\u00f3n de las v\u00edctimas de los delitos.","og_url":"https:\/\/www.fiscalia.gov.co\/colombia\/noticias\/32-anos-de-prision-para-alias-el-negro-antonio-por-desaparicion-forzada\/","og_site_name":"Fiscal\u00eda General de la Naci\u00f3n","article_publisher":"https:\/\/www.facebook.com\/FiscaliaCol","article_published_time":"2015-02-24T14:42:38+00:00","author":"dfgordillo","twitter_card":"summary_large_image","twitter_creator":"@FiscaliaCol","twitter_site":"@FiscaliaCol","twitter_misc":{"Escrito por":"dfgordillo","Tiempo de lectura":"3 minutos"},"schema":{"@context":"https:\/\/schema.org","@graph":[{"@type":"Article","@id":"https:\/\/www.fiscalia.gov.co\/colombia\/noticias\/32-anos-de-prision-para-alias-el-negro-antonio-por-desaparicion-forzada\/#article","isPartOf":{"@id":"https:\/\/www.fiscalia.gov.co\/colombia\/noticias\/32-anos-de-prision-para-alias-el-negro-antonio-por-desaparicion-forzada\/"},"author":{"name":"dfgordillo","@id":"https:\/\/www.fiscalia.gov.co\/colombia\/#\/schema\/person\/3903856a3ce2d54b094c69eb29247895"},"headline":"32 a\u00f1os de prisi\u00f3n para alias el Negro Antonio por desaparici\u00f3n forzada","datePublished":"2015-02-24T14:42:38+00:00","dateModified":"2015-02-24T14:42:38+00:00","mainEntityOfPage":{"@id":"https:\/\/www.fiscalia.gov.co\/colombia\/noticias\/32-anos-de-prision-para-alias-el-negro-antonio-por-desaparicion-forzada\/"},"wordCount":602,"publisher":{"@id":"https:\/\/www.fiscalia.gov.co\/colombia\/#organization"},"keywords":["Desaparici\u00f3n forzada"],"articleSection":["Noticias"],"inLanguage":"es-CO"},{"@type":"WebPage","@id":"https:\/\/www.fiscalia.gov.co\/colombia\/noticias\/32-anos-de-prision-para-alias-el-negro-antonio-por-desaparicion-forzada\/","url":"https:\/\/www.fiscalia.gov.co\/colombia\/noticias\/32-anos-de-prision-para-alias-el-negro-antonio-por-desaparicion-forzada\/","name":"Fiscal\u00eda General de la Naci\u00f3n","isPartOf":{"@id":"https:\/\/www.fiscalia.gov.co\/colombia\/#website"},"datePublished":"2015-02-24T14:42:38+00:00","dateModified":"2015-02-24T14:42:38+00:00","description":"P\u00e1gina oficial de la Fiscal\u00eda General de la Naci\u00f3n \u2013 Colombia. Garantizamos el acceso efectivo a la justicia, la verdad y la reparaci\u00f3n de las v\u00edctimas de los delitos.","breadcrumb":{"@id":"https:\/\/www.fiscalia.gov.co\/colombia\/noticias\/32-anos-de-prision-para-alias-el-negro-antonio-por-desaparicion-forzada\/#breadcrumb"},"inLanguage":"es-CO","potentialAction":[{"@type":"ReadAction","target":["https:\/\/www.fiscalia.gov.co\/colombia\/noticias\/32-anos-de-prision-para-alias-el-negro-antonio-por-desaparicion-forzada\/"]}]},{"@type":"BreadcrumbList","@id":"https:\/\/www.fiscalia.gov.co\/colombia\/noticias\/32-anos-de-prision-para-alias-el-negro-antonio-por-desaparicion-forzada\/#breadcrumb","itemListElement":[{"@type":"ListItem","position":1,"name":"Home","item":"https:\/\/www.fiscalia.gov.co\/colombia\/"},{"@type":"ListItem","position":2,"name":"32 a\u00f1os de prisi\u00f3n para alias el Negro Antonio por desaparici\u00f3n forzada"}]},{"@type":"WebSite","@id":"https:\/\/www.fiscalia.gov.co\/colombia\/#website","url":"https:\/\/www.fiscalia.gov.co\/colombia\/","name":"Fiscal\u00eda General de la Naci\u00f3n","description":"P\u00e1gina oficial de la Fiscal\u00eda General de la Naci\u00f3n \u2013 Colombia. Garantizamos el acceso efectivo a la justicia, la verdad y la reparaci\u00f3n de las v\u00edctimas de los delitos.","publisher":{"@id":"https:\/\/www.fiscalia.gov.co\/colombia\/#organization"},"potentialAction":[{"@type":"SearchAction","target":{"@type":"EntryPoint","urlTemplate":"https:\/\/www.fiscalia.gov.co\/colombia\/?s={search_term_string}"},"query-input":{"@type":"PropertyValueSpecification","valueRequired":true,"valueName":"search_term_string"}}],"inLanguage":"es-CO"},{"@type":"Organization","@id":"https:\/\/www.fiscalia.gov.co\/colombia\/#organization","name":"Fiscal\u00eda General de la Naci\u00f3n","url":"https:\/\/www.fiscalia.gov.co\/colombia\/","logo":{"@type":"ImageObject","inLanguage":"es-CO","@id":"https:\/\/www.fiscalia.gov.co\/colombia\/#\/schema\/logo\/image\/","url":"https:\/\/www.fiscalia.gov.co\/colombia\/wp-content\/uploads\/LogoHorizontal_1.jpg","contentUrl":"https:\/\/www.fiscalia.gov.co\/colombia\/wp-content\/uploads\/LogoHorizontal_1.jpg","width":300,"height":90,"caption":"Fiscal\u00eda General de la Naci\u00f3n"},"image":{"@id":"https:\/\/www.fiscalia.gov.co\/colombia\/#\/schema\/logo\/image\/"},"sameAs":["https:\/\/www.facebook.com\/FiscaliaCol","https:\/\/x.com\/FiscaliaCol","https:\/\/www.instagram.com\/fiscaliacol","https:\/\/www.linkedin.com\/company\/fiscalia-general-de-la-naci-n\/","https:\/\/youtube.com\/@fiscaliageneraldelanacion-4668?si=6nN79nyQICPU5iTh"]},{"@type":"Person","@id":"https:\/\/www.fiscalia.gov.co\/colombia\/#\/schema\/person\/3903856a3ce2d54b094c69eb29247895","name":"dfgordillo","image":{"@type":"ImageObject","inLanguage":"es-CO","@id":"https:\/\/www.fiscalia.gov.co\/colombia\/#\/schema\/person\/image\/","url":"https:\/\/secure.gravatar.com\/avatar\/b6356e21c5657c60757fe6fb9493e947?s=96&d=mm&r=g","contentUrl":"https:\/\/secure.gravatar.com\/avatar\/b6356e21c5657c60757fe6fb9493e947?s=96&d=mm&r=g","caption":"dfgordillo"},"sameAs":["dfgordillo"],"url":"https:\/\/www.fiscalia.gov.co\/colombia\/author\/dfgordillo\/"}]}},"_links":{"self":[{"href":"https:\/\/www.fiscalia.gov.co\/colombia\/wp-json\/wp\/v2\/posts\/62741","targetHints":{"allow":["GET"]}}],"collection":[{"href":"https:\/\/www.fiscalia.gov.co\/colombia\/wp-json\/wp\/v2\/posts"}],"about":[{"href":"https:\/\/www.fiscalia.gov.co\/colombia\/wp-json\/wp\/v2\/types\/post"}],"author":[{"embeddable":true,"href":"https:\/\/www.fiscalia.gov.co\/colombia\/wp-json\/wp\/v2\/users\/143"}],"replies":[{"embeddable":true,"href":"https:\/\/www.fiscalia.gov.co\/colombia\/wp-json\/wp\/v2\/comments?post=62741"}],"version-history":[{"count":1,"href":"https:\/\/www.fiscalia.gov.co\/colombia\/wp-json\/wp\/v2\/posts\/62741\/revisions"}],"predecessor-version":[{"id":62742,"href":"https:\/\/www.fiscalia.gov.co\/colombia\/wp-json\/wp\/v2\/posts\/62741\/revisions\/62742"}],"wp:attachment":[{"href":"https:\/\/www.fiscalia.gov.co\/colombia\/wp-json\/wp\/v2\/media?parent=62741"}],"wp:term":[{"taxonomy":"category","embeddable":true,"href":"https:\/\/www.fiscalia.gov.co\/colombia\/wp-json\/wp\/v2\/categories?post=62741"},{"taxonomy":"post_tag","embeddable":true,"href":"https:\/\/www.fiscalia.gov.co\/colombia\/wp-json\/wp\/v2\/tags?post=62741"}],"curies":[{"name":"wp","href":"https:\/\/api.w.org\/{rel}","templated":true}]}}