{"id":62680,"date":"2015-02-23T11:44:59","date_gmt":"2015-02-23T16:44:59","guid":{"rendered":"http:\/\/www.fiscalia.gov.co\/colombia\/?p=62680"},"modified":"2015-02-23T11:44:59","modified_gmt":"2015-02-23T16:44:59","slug":"por-acto-sexual-abusivo-con-menor-de-14-anos-agravado-asegurado-abuelo-de-ninos-presuntamente-asesinados-por-su-madre","status":"publish","type":"post","link":"https:\/\/www.fiscalia.gov.co\/colombia\/noticias\/por-acto-sexual-abusivo-con-menor-de-14-anos-agravado-asegurado-abuelo-de-ninos-presuntamente-asesinados-por-su-madre\/","title":{"rendered":"Por acto sexual abusivo con menor de 14 a\u00f1os agravado, asegurado abuelo de ni\u00f1os presuntamente asesinados por su madre"},"content":{"rendered":"<p>Con fundamento en las pruebas aportadas por la Fiscal\u00eda 27 Caivas, un juez con funci\u00f3n de control de garant\u00edas de Barranquilla (Atl\u00e1ntico) profiri\u00f3 medida de aseguramiento consistente en detenci\u00f3n preventiva en centro de reclusi\u00f3n a Cipriano Jos\u00e9 Montoya, como presunto responsable del delito de acto sexual abusivo con menor de 14 a\u00f1os agravado.<\/p>\n<p>El imputado al parecer se aprovechaba de una de sus nietas, quien viv\u00eda junto a \u00e9l, \u00a0con su madre, hermanos y otros familiares en la misma vivienda. Tras percatarse de la situaci\u00f3n, que ven\u00eda ocurriendo \u00a0la mam\u00e1 de la ni\u00f1a lo denunci\u00f3 ante el Centro de Atenci\u00f3n Integral a V\u00edctimas de Abuso Sexual.<\/p>\n<p>Unidades de la Polic\u00eda Metropolitana de Barranquilla capturaron en horas de la ma\u00f1ana de este 21 de febrero a Montoya, de 51 a\u00f1os de edad, padre de Johana Montoya, la mujer que al parecer asesin\u00f3 a sus tres hijos y luego intent\u00f3 quitarse la vida, en hechos ocurridos en el municipio de Palmar de Varela (Atl\u00e1ntico).<\/p>\n<p>Al referirse al caso el\u00a0 Director Seccional Atl\u00e1ntico, Wilder Guerra, manifest\u00f3 que efectivamente el 6 de diciembre de 2014 Johana Montoya, denunci\u00f3 ante la Fiscal\u00eda a su padre Cipriano Montoya, porque al parecer ven\u00eda realizando tocamientos y caricias inadecuadas a su hija de 6 a\u00f1os, manifestando adem\u00e1s que a ella le toc\u00f3 durante muchos a\u00f1os sufrir esta situaci\u00f3n puesto que su pap\u00e1 habr\u00eda empezado a abusarla desde que ella ten\u00eda 9 a\u00f1os, llegando incluso a accederla en varias ocasiones.<\/p>\n<p>Por estos hechos, manifest\u00f3 el funcionario, se abri\u00f3 una investigaci\u00f3n por el delito de acto sexual abusivo con menor de 14 a\u00f1os agravado, en la cual la Fiscal\u00eda de manera inmediata remiti\u00f3 a la menor al Instituto Nacional de Medicina Legal para que se hiciera el dictamen m\u00e9dico.<\/p>\n<p>En su momento, la menor fue valorada por la psic\u00f3loga del\u00a0Cuerpo T\u00e9cnico de Investigaci\u00f3n de la Fiscal\u00eda, a trav\u00e9s\u00a0 de entrevista forense en presencia de los defensores de familia, en la cual se concluy\u00f3 que la menor era coherente en su relato con respecto a los tocamientos de que ven\u00eda siendo objeto por parte de su abuelo.<\/p>\n<p>Asimismo, luego de advertir que la mujer convive con su pareja y sus tres hijos en una residencia donde adem\u00e1s viven sus hermanos y padres, se toma la decisi\u00f3n por parte de la Fiscal\u00eda de solicitar al Instituto Colombiano de Bienestar Familiar se tomen\u00a0 las medidas urgentes para conseguir la protecci\u00f3n y apoyo psicosocial\u00a0 para restablecer los derechos tanto de la ni\u00f1a como de los dem\u00e1s menores que viven en el lugar, donde ven\u00edan sucediendo los hechos relatados por la madre.<\/p>\n<p>Se conoci\u00f3 que por recomendaciones de funcionarios del ICBF, Johana Montoya se traslad\u00f3 al municipio de Palmar de Varela como una medida de protecci\u00f3n o seguridad de los menores.<\/p>\n<p>El funcionario indic\u00f3 que la Fiscal\u00eda recibi\u00f3 el 23 de diciembre de 2014 el primer informe de la psic\u00f3loga forense, el cual junto con otros elementos materiales probatorios allegados a la investigaci\u00f3n son valorados por la Fiscal\u00eda, y el\u00a0 7 de enero \u00faltimo, se emitieron las \u00f3rdenes a la polic\u00eda judicial adscrita al Caivas, para realizar otras actuaciones con un plazo de 60 d\u00edas para desarrollarlos, los cuales se cumplir\u00edan el pr\u00f3ximo 7 de marzo.<\/p>\n<p>El Director Seccional indic\u00f3 que en las entrevistas realizadas no se evidenci\u00f3 alguna actitud con relaci\u00f3n a la madre con la que se pudiera inferir que pod\u00eda atentar contra su vida ni la de sus hijos.<\/p>\n<p>Puntualiz\u00f3 que la Fiscal\u00eda atendiendo estos materiales probatorios que se recolectaron en desarrollo de la investigaci\u00f3n y que se ordenaron con posterioridad a la denuncia y al trabajo investigativo realizado por la polic\u00eda judicial adscrita a Caivas, se solicit\u00f3 la orden de captura correspondiente\u00a0 ante el juez de control de garant\u00edas.<\/p>\n<p>El representante del ente acusador manifest\u00f3\u00a0 que se est\u00e1n adelantando las investigaciones correspondientes para establecer si en la Fiscal\u00eda de Magangu\u00e9 (Bol\u00edvar) existe evidencia de que Johana Montoya haya denunciado a su padre por abuso sexual a su hija.<\/p>\n<p>Al culminar las audiencias preliminares, el procesado no acept\u00f3 los cargos que por el delito de actos sexuales abusivos con menor de 14 a\u00f1os le endilg\u00f3 la Fiscal\u00eda, y fue enviado a la c\u00e1rcel El Bosque, donde deber\u00e1 cumplir con la medida impuesta.<\/p>\n<p>Por otra parte, con relaci\u00f3n a Johana Montoya, madre de los tres menores asesinados, le fue legalizada la captura y se espera el d\u00eda de hoy realizar la imputaci\u00f3n, no obstante hasta ayer no se hab\u00eda escuchado en interrogatorio por falta de un concepto m\u00e9dico para conocer su estado de salud y saber si pod\u00eda atender la diligencia.<\/p>\n<p>NGC\/DLBM<\/p>\n\n<div class=\"twitter-share\"><a href=\"https:\/\/twitter.com\/intent\/tweet?via=fiscaliacol\" class=\"twitter-share-button\">Tweet<\/a><\/div>\n","protected":false},"excerpt":{"rendered":"<p>Con fundamento en las pruebas aportadas por la Fiscal\u00eda 27 Caivas, un juez con funci\u00f3n de control de garant\u00edas de Barranquilla (Atl\u00e1ntico) profiri\u00f3 medida de aseguramiento consistente en detenci\u00f3n preventiva [&hellip;]<\/p>\n","protected":false},"author":143,"featured_media":0,"comment_status":"closed","ping_status":"open","sticky":false,"template":"","format":"standard","meta":{"tdm_status":"","tdm_grid_status":"","footnotes":""},"categories":[1],"tags":[23812],"class_list":["post-62680","post","type-post","status-publish","format-standard","category-noticias","tag-delitos-sexuales"],"yoast_head":"<!-- This site is optimized with the Yoast SEO plugin v24.3 - https:\/\/yoast.com\/wordpress\/plugins\/seo\/ -->\n<title>Fiscal\u00eda General de la Naci\u00f3n<\/title>\n<meta name=\"description\" content=\"P\u00e1gina oficial de la Fiscal\u00eda General de la Naci\u00f3n \u2013 Colombia. Garantizamos el acceso efectivo a la justicia, la verdad y la reparaci\u00f3n de las v\u00edctimas de los delitos.\" \/>\n<meta name=\"robots\" content=\"noindex, follow\" \/>\n<meta property=\"og:locale\" content=\"es_ES\" \/>\n<meta property=\"og:type\" content=\"article\" \/>\n<meta property=\"og:title\" content=\"Fiscal\u00eda General de la Naci\u00f3n\" \/>\n<meta property=\"og:description\" content=\"P\u00e1gina oficial de la Fiscal\u00eda General de la Naci\u00f3n \u2013 Colombia. Garantizamos el acceso efectivo a la justicia, la verdad y la reparaci\u00f3n de las v\u00edctimas de los delitos.\" \/>\n<meta property=\"og:url\" content=\"https:\/\/www.fiscalia.gov.co\/colombia\/noticias\/por-acto-sexual-abusivo-con-menor-de-14-anos-agravado-asegurado-abuelo-de-ninos-presuntamente-asesinados-por-su-madre\/\" \/>\n<meta property=\"og:site_name\" content=\"Fiscal\u00eda General de la Naci\u00f3n\" \/>\n<meta property=\"article:publisher\" content=\"https:\/\/www.facebook.com\/FiscaliaCol\" \/>\n<meta property=\"article:published_time\" content=\"2015-02-23T16:44:59+00:00\" \/>\n<meta name=\"author\" content=\"dfgordillo\" \/>\n<meta name=\"twitter:card\" content=\"summary_large_image\" \/>\n<meta name=\"twitter:creator\" content=\"@FiscaliaCol\" \/>\n<meta name=\"twitter:site\" content=\"@FiscaliaCol\" \/>\n<meta name=\"twitter:label1\" content=\"Escrito por\" \/>\n\t<meta name=\"twitter:data1\" content=\"dfgordillo\" \/>\n\t<meta name=\"twitter:label2\" content=\"Tiempo de lectura\" \/>\n\t<meta name=\"twitter:data2\" content=\"4 minutos\" \/>\n<script type=\"application\/ld+json\" class=\"yoast-schema-graph\">{\"@context\":\"https:\/\/schema.org\",\"@graph\":[{\"@type\":\"Article\",\"@id\":\"https:\/\/www.fiscalia.gov.co\/colombia\/noticias\/por-acto-sexual-abusivo-con-menor-de-14-anos-agravado-asegurado-abuelo-de-ninos-presuntamente-asesinados-por-su-madre\/#article\",\"isPartOf\":{\"@id\":\"https:\/\/www.fiscalia.gov.co\/colombia\/noticias\/por-acto-sexual-abusivo-con-menor-de-14-anos-agravado-asegurado-abuelo-de-ninos-presuntamente-asesinados-por-su-madre\/\"},\"author\":{\"name\":\"dfgordillo\",\"@id\":\"https:\/\/www.fiscalia.gov.co\/colombia\/#\/schema\/person\/3903856a3ce2d54b094c69eb29247895\"},\"headline\":\"Por acto sexual abusivo con menor de 14 a\u00f1os agravado, asegurado abuelo de ni\u00f1os presuntamente asesinados por su madre\",\"datePublished\":\"2015-02-23T16:44:59+00:00\",\"dateModified\":\"2015-02-23T16:44:59+00:00\",\"mainEntityOfPage\":{\"@id\":\"https:\/\/www.fiscalia.gov.co\/colombia\/noticias\/por-acto-sexual-abusivo-con-menor-de-14-anos-agravado-asegurado-abuelo-de-ninos-presuntamente-asesinados-por-su-madre\/\"},\"wordCount\":837,\"publisher\":{\"@id\":\"https:\/\/www.fiscalia.gov.co\/colombia\/#organization\"},\"keywords\":[\"Delitos sexuales\"],\"articleSection\":[\"Noticias\"],\"inLanguage\":\"es-CO\"},{\"@type\":\"WebPage\",\"@id\":\"https:\/\/www.fiscalia.gov.co\/colombia\/noticias\/por-acto-sexual-abusivo-con-menor-de-14-anos-agravado-asegurado-abuelo-de-ninos-presuntamente-asesinados-por-su-madre\/\",\"url\":\"https:\/\/www.fiscalia.gov.co\/colombia\/noticias\/por-acto-sexual-abusivo-con-menor-de-14-anos-agravado-asegurado-abuelo-de-ninos-presuntamente-asesinados-por-su-madre\/\",\"name\":\"Fiscal\u00eda General de la Naci\u00f3n\",\"isPartOf\":{\"@id\":\"https:\/\/www.fiscalia.gov.co\/colombia\/#website\"},\"datePublished\":\"2015-02-23T16:44:59+00:00\",\"dateModified\":\"2015-02-23T16:44:59+00:00\",\"description\":\"P\u00e1gina oficial de la Fiscal\u00eda General de la Naci\u00f3n \u2013 Colombia. Garantizamos el acceso efectivo a la justicia, la verdad y la reparaci\u00f3n de las v\u00edctimas de los delitos.\",\"breadcrumb\":{\"@id\":\"https:\/\/www.fiscalia.gov.co\/colombia\/noticias\/por-acto-sexual-abusivo-con-menor-de-14-anos-agravado-asegurado-abuelo-de-ninos-presuntamente-asesinados-por-su-madre\/#breadcrumb\"},\"inLanguage\":\"es-CO\",\"potentialAction\":[{\"@type\":\"ReadAction\",\"target\":[\"https:\/\/www.fiscalia.gov.co\/colombia\/noticias\/por-acto-sexual-abusivo-con-menor-de-14-anos-agravado-asegurado-abuelo-de-ninos-presuntamente-asesinados-por-su-madre\/\"]}]},{\"@type\":\"BreadcrumbList\",\"@id\":\"https:\/\/www.fiscalia.gov.co\/colombia\/noticias\/por-acto-sexual-abusivo-con-menor-de-14-anos-agravado-asegurado-abuelo-de-ninos-presuntamente-asesinados-por-su-madre\/#breadcrumb\",\"itemListElement\":[{\"@type\":\"ListItem\",\"position\":1,\"name\":\"Home\",\"item\":\"https:\/\/www.fiscalia.gov.co\/colombia\/\"},{\"@type\":\"ListItem\",\"position\":2,\"name\":\"Por acto sexual abusivo con menor de 14 a\u00f1os agravado, asegurado abuelo de ni\u00f1os presuntamente asesinados por su madre\"}]},{\"@type\":\"WebSite\",\"@id\":\"https:\/\/www.fiscalia.gov.co\/colombia\/#website\",\"url\":\"https:\/\/www.fiscalia.gov.co\/colombia\/\",\"name\":\"Fiscal\u00eda General de la Naci\u00f3n\",\"description\":\"P\u00e1gina oficial de la Fiscal\u00eda General de la Naci\u00f3n \u2013 Colombia. Garantizamos el acceso efectivo a la justicia, la verdad y la reparaci\u00f3n de las v\u00edctimas de los delitos.\",\"publisher\":{\"@id\":\"https:\/\/www.fiscalia.gov.co\/colombia\/#organization\"},\"potentialAction\":[{\"@type\":\"SearchAction\",\"target\":{\"@type\":\"EntryPoint\",\"urlTemplate\":\"https:\/\/www.fiscalia.gov.co\/colombia\/?s={search_term_string}\"},\"query-input\":{\"@type\":\"PropertyValueSpecification\",\"valueRequired\":true,\"valueName\":\"search_term_string\"}}],\"inLanguage\":\"es-CO\"},{\"@type\":\"Organization\",\"@id\":\"https:\/\/www.fiscalia.gov.co\/colombia\/#organization\",\"name\":\"Fiscal\u00eda General de la Naci\u00f3n\",\"url\":\"https:\/\/www.fiscalia.gov.co\/colombia\/\",\"logo\":{\"@type\":\"ImageObject\",\"inLanguage\":\"es-CO\",\"@id\":\"https:\/\/www.fiscalia.gov.co\/colombia\/#\/schema\/logo\/image\/\",\"url\":\"https:\/\/www.fiscalia.gov.co\/colombia\/wp-content\/uploads\/LogoHorizontal_1.jpg\",\"contentUrl\":\"https:\/\/www.fiscalia.gov.co\/colombia\/wp-content\/uploads\/LogoHorizontal_1.jpg\",\"width\":300,\"height\":90,\"caption\":\"Fiscal\u00eda General de la Naci\u00f3n\"},\"image\":{\"@id\":\"https:\/\/www.fiscalia.gov.co\/colombia\/#\/schema\/logo\/image\/\"},\"sameAs\":[\"https:\/\/www.facebook.com\/FiscaliaCol\",\"https:\/\/x.com\/FiscaliaCol\",\"https:\/\/www.instagram.com\/fiscaliacol\",\"https:\/\/www.linkedin.com\/company\/fiscalia-general-de-la-naci-n\/\",\"https:\/\/youtube.com\/@fiscaliageneraldelanacion-4668?si=6nN79nyQICPU5iTh\"]},{\"@type\":\"Person\",\"@id\":\"https:\/\/www.fiscalia.gov.co\/colombia\/#\/schema\/person\/3903856a3ce2d54b094c69eb29247895\",\"name\":\"dfgordillo\",\"image\":{\"@type\":\"ImageObject\",\"inLanguage\":\"es-CO\",\"@id\":\"https:\/\/www.fiscalia.gov.co\/colombia\/#\/schema\/person\/image\/\",\"url\":\"https:\/\/secure.gravatar.com\/avatar\/b6356e21c5657c60757fe6fb9493e947?s=96&d=mm&r=g\",\"contentUrl\":\"https:\/\/secure.gravatar.com\/avatar\/b6356e21c5657c60757fe6fb9493e947?s=96&d=mm&r=g\",\"caption\":\"dfgordillo\"},\"sameAs\":[\"dfgordillo\"],\"url\":\"https:\/\/www.fiscalia.gov.co\/colombia\/author\/dfgordillo\/\"}]}<\/script>\n<!-- \/ Yoast SEO plugin. -->","yoast_head_json":{"title":"Fiscal\u00eda General de la Naci\u00f3n","description":"P\u00e1gina oficial de la Fiscal\u00eda General de la Naci\u00f3n \u2013 Colombia. Garantizamos el acceso efectivo a la justicia, la verdad y la reparaci\u00f3n de las v\u00edctimas de los delitos.","robots":{"index":"noindex","follow":"follow"},"og_locale":"es_ES","og_type":"article","og_title":"Fiscal\u00eda General de la Naci\u00f3n","og_description":"P\u00e1gina oficial de la Fiscal\u00eda General de la Naci\u00f3n \u2013 Colombia. Garantizamos el acceso efectivo a la justicia, la verdad y la reparaci\u00f3n de las v\u00edctimas de los delitos.","og_url":"https:\/\/www.fiscalia.gov.co\/colombia\/noticias\/por-acto-sexual-abusivo-con-menor-de-14-anos-agravado-asegurado-abuelo-de-ninos-presuntamente-asesinados-por-su-madre\/","og_site_name":"Fiscal\u00eda General de la Naci\u00f3n","article_publisher":"https:\/\/www.facebook.com\/FiscaliaCol","article_published_time":"2015-02-23T16:44:59+00:00","author":"dfgordillo","twitter_card":"summary_large_image","twitter_creator":"@FiscaliaCol","twitter_site":"@FiscaliaCol","twitter_misc":{"Escrito por":"dfgordillo","Tiempo de lectura":"4 minutos"},"schema":{"@context":"https:\/\/schema.org","@graph":[{"@type":"Article","@id":"https:\/\/www.fiscalia.gov.co\/colombia\/noticias\/por-acto-sexual-abusivo-con-menor-de-14-anos-agravado-asegurado-abuelo-de-ninos-presuntamente-asesinados-por-su-madre\/#article","isPartOf":{"@id":"https:\/\/www.fiscalia.gov.co\/colombia\/noticias\/por-acto-sexual-abusivo-con-menor-de-14-anos-agravado-asegurado-abuelo-de-ninos-presuntamente-asesinados-por-su-madre\/"},"author":{"name":"dfgordillo","@id":"https:\/\/www.fiscalia.gov.co\/colombia\/#\/schema\/person\/3903856a3ce2d54b094c69eb29247895"},"headline":"Por acto sexual abusivo con menor de 14 a\u00f1os agravado, asegurado abuelo de ni\u00f1os presuntamente asesinados por su madre","datePublished":"2015-02-23T16:44:59+00:00","dateModified":"2015-02-23T16:44:59+00:00","mainEntityOfPage":{"@id":"https:\/\/www.fiscalia.gov.co\/colombia\/noticias\/por-acto-sexual-abusivo-con-menor-de-14-anos-agravado-asegurado-abuelo-de-ninos-presuntamente-asesinados-por-su-madre\/"},"wordCount":837,"publisher":{"@id":"https:\/\/www.fiscalia.gov.co\/colombia\/#organization"},"keywords":["Delitos sexuales"],"articleSection":["Noticias"],"inLanguage":"es-CO"},{"@type":"WebPage","@id":"https:\/\/www.fiscalia.gov.co\/colombia\/noticias\/por-acto-sexual-abusivo-con-menor-de-14-anos-agravado-asegurado-abuelo-de-ninos-presuntamente-asesinados-por-su-madre\/","url":"https:\/\/www.fiscalia.gov.co\/colombia\/noticias\/por-acto-sexual-abusivo-con-menor-de-14-anos-agravado-asegurado-abuelo-de-ninos-presuntamente-asesinados-por-su-madre\/","name":"Fiscal\u00eda General de la Naci\u00f3n","isPartOf":{"@id":"https:\/\/www.fiscalia.gov.co\/colombia\/#website"},"datePublished":"2015-02-23T16:44:59+00:00","dateModified":"2015-02-23T16:44:59+00:00","description":"P\u00e1gina oficial de la Fiscal\u00eda General de la Naci\u00f3n \u2013 Colombia. Garantizamos el acceso efectivo a la justicia, la verdad y la reparaci\u00f3n de las v\u00edctimas de los delitos.","breadcrumb":{"@id":"https:\/\/www.fiscalia.gov.co\/colombia\/noticias\/por-acto-sexual-abusivo-con-menor-de-14-anos-agravado-asegurado-abuelo-de-ninos-presuntamente-asesinados-por-su-madre\/#breadcrumb"},"inLanguage":"es-CO","potentialAction":[{"@type":"ReadAction","target":["https:\/\/www.fiscalia.gov.co\/colombia\/noticias\/por-acto-sexual-abusivo-con-menor-de-14-anos-agravado-asegurado-abuelo-de-ninos-presuntamente-asesinados-por-su-madre\/"]}]},{"@type":"BreadcrumbList","@id":"https:\/\/www.fiscalia.gov.co\/colombia\/noticias\/por-acto-sexual-abusivo-con-menor-de-14-anos-agravado-asegurado-abuelo-de-ninos-presuntamente-asesinados-por-su-madre\/#breadcrumb","itemListElement":[{"@type":"ListItem","position":1,"name":"Home","item":"https:\/\/www.fiscalia.gov.co\/colombia\/"},{"@type":"ListItem","position":2,"name":"Por acto sexual abusivo con menor de 14 a\u00f1os agravado, asegurado abuelo de ni\u00f1os presuntamente asesinados por su madre"}]},{"@type":"WebSite","@id":"https:\/\/www.fiscalia.gov.co\/colombia\/#website","url":"https:\/\/www.fiscalia.gov.co\/colombia\/","name":"Fiscal\u00eda General de la Naci\u00f3n","description":"P\u00e1gina oficial de la Fiscal\u00eda General de la Naci\u00f3n \u2013 Colombia. Garantizamos el acceso efectivo a la justicia, la verdad y la reparaci\u00f3n de las v\u00edctimas de los delitos.","publisher":{"@id":"https:\/\/www.fiscalia.gov.co\/colombia\/#organization"},"potentialAction":[{"@type":"SearchAction","target":{"@type":"EntryPoint","urlTemplate":"https:\/\/www.fiscalia.gov.co\/colombia\/?s={search_term_string}"},"query-input":{"@type":"PropertyValueSpecification","valueRequired":true,"valueName":"search_term_string"}}],"inLanguage":"es-CO"},{"@type":"Organization","@id":"https:\/\/www.fiscalia.gov.co\/colombia\/#organization","name":"Fiscal\u00eda General de la Naci\u00f3n","url":"https:\/\/www.fiscalia.gov.co\/colombia\/","logo":{"@type":"ImageObject","inLanguage":"es-CO","@id":"https:\/\/www.fiscalia.gov.co\/colombia\/#\/schema\/logo\/image\/","url":"https:\/\/www.fiscalia.gov.co\/colombia\/wp-content\/uploads\/LogoHorizontal_1.jpg","contentUrl":"https:\/\/www.fiscalia.gov.co\/colombia\/wp-content\/uploads\/LogoHorizontal_1.jpg","width":300,"height":90,"caption":"Fiscal\u00eda General de la Naci\u00f3n"},"image":{"@id":"https:\/\/www.fiscalia.gov.co\/colombia\/#\/schema\/logo\/image\/"},"sameAs":["https:\/\/www.facebook.com\/FiscaliaCol","https:\/\/x.com\/FiscaliaCol","https:\/\/www.instagram.com\/fiscaliacol","https:\/\/www.linkedin.com\/company\/fiscalia-general-de-la-naci-n\/","https:\/\/youtube.com\/@fiscaliageneraldelanacion-4668?si=6nN79nyQICPU5iTh"]},{"@type":"Person","@id":"https:\/\/www.fiscalia.gov.co\/colombia\/#\/schema\/person\/3903856a3ce2d54b094c69eb29247895","name":"dfgordillo","image":{"@type":"ImageObject","inLanguage":"es-CO","@id":"https:\/\/www.fiscalia.gov.co\/colombia\/#\/schema\/person\/image\/","url":"https:\/\/secure.gravatar.com\/avatar\/b6356e21c5657c60757fe6fb9493e947?s=96&d=mm&r=g","contentUrl":"https:\/\/secure.gravatar.com\/avatar\/b6356e21c5657c60757fe6fb9493e947?s=96&d=mm&r=g","caption":"dfgordillo"},"sameAs":["dfgordillo"],"url":"https:\/\/www.fiscalia.gov.co\/colombia\/author\/dfgordillo\/"}]}},"_links":{"self":[{"href":"https:\/\/www.fiscalia.gov.co\/colombia\/wp-json\/wp\/v2\/posts\/62680","targetHints":{"allow":["GET"]}}],"collection":[{"href":"https:\/\/www.fiscalia.gov.co\/colombia\/wp-json\/wp\/v2\/posts"}],"about":[{"href":"https:\/\/www.fiscalia.gov.co\/colombia\/wp-json\/wp\/v2\/types\/post"}],"author":[{"embeddable":true,"href":"https:\/\/www.fiscalia.gov.co\/colombia\/wp-json\/wp\/v2\/users\/143"}],"replies":[{"embeddable":true,"href":"https:\/\/www.fiscalia.gov.co\/colombia\/wp-json\/wp\/v2\/comments?post=62680"}],"version-history":[{"count":2,"href":"https:\/\/www.fiscalia.gov.co\/colombia\/wp-json\/wp\/v2\/posts\/62680\/revisions"}],"predecessor-version":[{"id":62682,"href":"https:\/\/www.fiscalia.gov.co\/colombia\/wp-json\/wp\/v2\/posts\/62680\/revisions\/62682"}],"wp:attachment":[{"href":"https:\/\/www.fiscalia.gov.co\/colombia\/wp-json\/wp\/v2\/media?parent=62680"}],"wp:term":[{"taxonomy":"category","embeddable":true,"href":"https:\/\/www.fiscalia.gov.co\/colombia\/wp-json\/wp\/v2\/categories?post=62680"},{"taxonomy":"post_tag","embeddable":true,"href":"https:\/\/www.fiscalia.gov.co\/colombia\/wp-json\/wp\/v2\/tags?post=62680"}],"curies":[{"name":"wp","href":"https:\/\/api.w.org\/{rel}","templated":true}]}}