{"id":62498,"date":"2015-02-19T14:22:36","date_gmt":"2015-02-19T19:22:36","guid":{"rendered":"http:\/\/www.fiscalia.gov.co\/colombia\/?p=62498"},"modified":"2015-02-19T16:22:37","modified_gmt":"2015-02-19T21:22:37","slug":"decision-de-la-corte-sobre-adopcion-de-parejas-del-mismo-sexo-discrimina-fiscal","status":"publish","type":"post","link":"https:\/\/www.fiscalia.gov.co\/colombia\/noticias\/decision-de-la-corte-sobre-adopcion-de-parejas-del-mismo-sexo-discrimina-fiscal\/","title":{"rendered":"Decisi\u00f3n de la Corte sobre adopci\u00f3n de parejas del mismo sexo discrimina: Fiscal"},"content":{"rendered":"<p>La decisi\u00f3n de la Corte Constitucional que restringe los derechos de homosexuales y parejas del mismo sexo a la adopci\u00f3n es una \u201cdiscriminaci\u00f3n\u201d, dijo el Fiscal General de la Naci\u00f3n.<\/p>\n<p>El jefe del ente acusador se\u00f1al\u00f3 que la Corte se qued\u00f3 corta porque no acept\u00f3 la adopci\u00f3n sin restricciones sino que la condicion\u00f3 a que se trate de un hijo biol\u00f3gico de alg\u00fan miembro de la pareja; sin embargo, consider\u00f3 que se trata de un paso importante en materia de acercarse a la igualdad de derechos de personas del mismo sexo.<\/p>\n<p>Para el jefe del ente investigador, el Congreso debe reparar, \u201clo que se constituye en una discriminaci\u00f3n\u201d, y hace un llamado para que los legisladores den un paso adelante en este tema y resuelvan esto.<\/p>\n<p>\u201cCreo que es un gran oportunidad para el Congreso de la Rep\u00fablica para que avancemos en la lucha contra\u00a0 la discriminaci\u00f3n, para avanzar en la lucha para lograr la igualdad material de todos los colombianos y en especial, de aquellos sectores hist\u00f3ricamente discriminados como los homosexuales.<\/p>\n<p>\u201cYo espero que se haga un debate sereno y tranquilo donde quede claro que debemos separar las concepciones religiosas del derecho, las concepciones religiosas no deben triunfar sobre los derechos fundamentales\u201d, puntualiz\u00f3 Montealegre Lynnet .<\/p>\n<p>Al mismo tiempo, se\u00f1al\u00f3 que convocar a los ciudadanos para que a trav\u00e9s de las urnas tomen una decisi\u00f3n definitiva sobre el tema. \u201cYo no estar\u00eda de acuerdo con que se propongan referendos para consagrar restricciones a\u00a0 la\u00a0 posibilidad\u00a0 de adopci\u00f3n\u00a0 por\u00a0 parte\u00a0 de\u00a0 parejas\u00a0 homosexuales\u00a0 porque ser\u00eda\u00a0 un\u00a0 retroceso frente a los derechos que hemos logrado desde la constituci\u00f3n de 1991\u201d, enfatiz\u00f3 Montealegre.<\/p>\n<p>Con respecto a la posibilidad que estas parejas\u00a0 recurran a\u00a0 la\u00a0 inseminaci\u00f3n o\u00a0 alquiler de vientres, el\u00a0 Fiscal General record\u00f3 que este mecanismo es permitido, valido en Colombia y que, a medida que se mantengan dentro de los par\u00e1metros de la legalidad y la Constituci\u00f3n, son conductas v\u00e1lidas para lograr la adopci\u00f3n de parejas del mismo sexo\u201d. En cuanto al alquiler de vientres, afirm\u00f3 que se requiere una regulaci\u00f3n especial.<\/p>\n<p>&nbsp;<\/p>\n<p>MRB \/ AAEA<\/p>\n<p>______________________________________________________<\/p>\n<p><strong>Rueda de prensa Eduardo Montealegre Lynett, Fiscal General de la Naci\u00f3n<\/strong><\/p>\n[audio:http:\/\/www.fiscalia.gov.co\/colombia\/wp-content\/uploads\/20150219C.mp3|titles=Declaraciones]\n<p><a title=\"Descargar audio \" href=\"http:\/\/www.fiscalia.gov.co\/colombia\/wp-content\/uploads\/20150219C.mp3\" target=\"_blank\">Descargar<\/a><\/p>\n<p>Tema:\u00a0Decisi\u00f3n de la Corte sobre adopci\u00f3n de parejas del mismo sexo discrimina: Fiscal\u00a0<strong><br \/>\n<\/strong>Lugar: Bogot\u00e1, D.C.<br \/>\nFecha: 19 de febrero de 2015<\/p>\n\n<div class=\"twitter-share\"><a href=\"https:\/\/twitter.com\/intent\/tweet?via=fiscaliacol\" class=\"twitter-share-button\">Tweet<\/a><\/div>\n","protected":false},"excerpt":{"rendered":"<p>La decisi\u00f3n de la Corte Constitucional que restringe los derechos de homosexuales y parejas del mismo sexo a la adopci\u00f3n es una \u201cdiscriminaci\u00f3n\u201d, dijo el Fiscal General de la Naci\u00f3n. [&hellip;]<\/p>\n","protected":false},"author":143,"featured_media":0,"comment_status":"closed","ping_status":"open","sticky":false,"template":"","format":"standard","meta":{"tdm_status":"","tdm_grid_status":"","footnotes":""},"categories":[1],"tags":[9201,3543,78],"class_list":["post-62498","post","type-post","status-publish","format-standard","category-noticias","tag-adopcion","tag-corte-constitucional","tag-fiscal-general-de-la-nacion"],"yoast_head":"<!-- This site is optimized with the Yoast SEO plugin v24.3 - https:\/\/yoast.com\/wordpress\/plugins\/seo\/ -->\n<title>Fiscal\u00eda General de la Naci\u00f3n<\/title>\n<meta name=\"description\" content=\"P\u00e1gina oficial de la Fiscal\u00eda General de la Naci\u00f3n \u2013 Colombia. Garantizamos el acceso efectivo a la justicia, la verdad y la reparaci\u00f3n de las v\u00edctimas de los delitos.\" \/>\n<meta name=\"robots\" content=\"noindex, follow\" \/>\n<meta property=\"og:locale\" content=\"es_ES\" \/>\n<meta property=\"og:type\" content=\"article\" \/>\n<meta property=\"og:title\" content=\"Fiscal\u00eda General de la Naci\u00f3n\" \/>\n<meta property=\"og:description\" content=\"P\u00e1gina oficial de la Fiscal\u00eda General de la Naci\u00f3n \u2013 Colombia. Garantizamos el acceso efectivo a la justicia, la verdad y la reparaci\u00f3n de las v\u00edctimas de los delitos.\" \/>\n<meta property=\"og:url\" content=\"https:\/\/www.fiscalia.gov.co\/colombia\/noticias\/decision-de-la-corte-sobre-adopcion-de-parejas-del-mismo-sexo-discrimina-fiscal\/\" \/>\n<meta property=\"og:site_name\" content=\"Fiscal\u00eda General de la Naci\u00f3n\" \/>\n<meta property=\"article:publisher\" content=\"https:\/\/www.facebook.com\/FiscaliaCol\" \/>\n<meta property=\"article:published_time\" content=\"2015-02-19T19:22:36+00:00\" \/>\n<meta property=\"article:modified_time\" content=\"2015-02-19T21:22:37+00:00\" \/>\n<meta name=\"author\" content=\"dfgordillo\" \/>\n<meta name=\"twitter:card\" content=\"summary_large_image\" \/>\n<meta name=\"twitter:creator\" content=\"@FiscaliaCol\" \/>\n<meta name=\"twitter:site\" content=\"@FiscaliaCol\" \/>\n<meta name=\"twitter:label1\" content=\"Escrito por\" \/>\n\t<meta name=\"twitter:data1\" content=\"dfgordillo\" \/>\n\t<meta name=\"twitter:label2\" content=\"Tiempo de lectura\" \/>\n\t<meta name=\"twitter:data2\" content=\"2 minutos\" \/>\n<script type=\"application\/ld+json\" class=\"yoast-schema-graph\">{\"@context\":\"https:\/\/schema.org\",\"@graph\":[{\"@type\":\"Article\",\"@id\":\"https:\/\/www.fiscalia.gov.co\/colombia\/noticias\/decision-de-la-corte-sobre-adopcion-de-parejas-del-mismo-sexo-discrimina-fiscal\/#article\",\"isPartOf\":{\"@id\":\"https:\/\/www.fiscalia.gov.co\/colombia\/noticias\/decision-de-la-corte-sobre-adopcion-de-parejas-del-mismo-sexo-discrimina-fiscal\/\"},\"author\":{\"name\":\"dfgordillo\",\"@id\":\"https:\/\/www.fiscalia.gov.co\/colombia\/#\/schema\/person\/3903856a3ce2d54b094c69eb29247895\"},\"headline\":\"Decisi\u00f3n de la Corte sobre adopci\u00f3n de parejas del mismo sexo discrimina: Fiscal\",\"datePublished\":\"2015-02-19T19:22:36+00:00\",\"dateModified\":\"2015-02-19T21:22:37+00:00\",\"mainEntityOfPage\":{\"@id\":\"https:\/\/www.fiscalia.gov.co\/colombia\/noticias\/decision-de-la-corte-sobre-adopcion-de-parejas-del-mismo-sexo-discrimina-fiscal\/\"},\"wordCount\":432,\"publisher\":{\"@id\":\"https:\/\/www.fiscalia.gov.co\/colombia\/#organization\"},\"keywords\":[\"Adopci\u00f3n\",\"Corte Constitucional\",\"Fiscal General de la Naci\u00f3n\"],\"articleSection\":[\"Noticias\"],\"inLanguage\":\"es-CO\"},{\"@type\":\"WebPage\",\"@id\":\"https:\/\/www.fiscalia.gov.co\/colombia\/noticias\/decision-de-la-corte-sobre-adopcion-de-parejas-del-mismo-sexo-discrimina-fiscal\/\",\"url\":\"https:\/\/www.fiscalia.gov.co\/colombia\/noticias\/decision-de-la-corte-sobre-adopcion-de-parejas-del-mismo-sexo-discrimina-fiscal\/\",\"name\":\"Fiscal\u00eda General de la Naci\u00f3n\",\"isPartOf\":{\"@id\":\"https:\/\/www.fiscalia.gov.co\/colombia\/#website\"},\"datePublished\":\"2015-02-19T19:22:36+00:00\",\"dateModified\":\"2015-02-19T21:22:37+00:00\",\"description\":\"P\u00e1gina oficial de la Fiscal\u00eda General de la Naci\u00f3n \u2013 Colombia. Garantizamos el acceso efectivo a la justicia, la verdad y la reparaci\u00f3n de las v\u00edctimas de los delitos.\",\"breadcrumb\":{\"@id\":\"https:\/\/www.fiscalia.gov.co\/colombia\/noticias\/decision-de-la-corte-sobre-adopcion-de-parejas-del-mismo-sexo-discrimina-fiscal\/#breadcrumb\"},\"inLanguage\":\"es-CO\",\"potentialAction\":[{\"@type\":\"ReadAction\",\"target\":[\"https:\/\/www.fiscalia.gov.co\/colombia\/noticias\/decision-de-la-corte-sobre-adopcion-de-parejas-del-mismo-sexo-discrimina-fiscal\/\"]}]},{\"@type\":\"BreadcrumbList\",\"@id\":\"https:\/\/www.fiscalia.gov.co\/colombia\/noticias\/decision-de-la-corte-sobre-adopcion-de-parejas-del-mismo-sexo-discrimina-fiscal\/#breadcrumb\",\"itemListElement\":[{\"@type\":\"ListItem\",\"position\":1,\"name\":\"Home\",\"item\":\"https:\/\/www.fiscalia.gov.co\/colombia\/\"},{\"@type\":\"ListItem\",\"position\":2,\"name\":\"Decisi\u00f3n de la Corte sobre adopci\u00f3n de parejas del mismo sexo discrimina: Fiscal\"}]},{\"@type\":\"WebSite\",\"@id\":\"https:\/\/www.fiscalia.gov.co\/colombia\/#website\",\"url\":\"https:\/\/www.fiscalia.gov.co\/colombia\/\",\"name\":\"Fiscal\u00eda General de la Naci\u00f3n\",\"description\":\"P\u00e1gina oficial de la Fiscal\u00eda General de la Naci\u00f3n \u2013 Colombia. Garantizamos el acceso efectivo a la justicia, la verdad y la reparaci\u00f3n de las v\u00edctimas de los delitos.\",\"publisher\":{\"@id\":\"https:\/\/www.fiscalia.gov.co\/colombia\/#organization\"},\"potentialAction\":[{\"@type\":\"SearchAction\",\"target\":{\"@type\":\"EntryPoint\",\"urlTemplate\":\"https:\/\/www.fiscalia.gov.co\/colombia\/?s={search_term_string}\"},\"query-input\":{\"@type\":\"PropertyValueSpecification\",\"valueRequired\":true,\"valueName\":\"search_term_string\"}}],\"inLanguage\":\"es-CO\"},{\"@type\":\"Organization\",\"@id\":\"https:\/\/www.fiscalia.gov.co\/colombia\/#organization\",\"name\":\"Fiscal\u00eda General de la Naci\u00f3n\",\"url\":\"https:\/\/www.fiscalia.gov.co\/colombia\/\",\"logo\":{\"@type\":\"ImageObject\",\"inLanguage\":\"es-CO\",\"@id\":\"https:\/\/www.fiscalia.gov.co\/colombia\/#\/schema\/logo\/image\/\",\"url\":\"https:\/\/www.fiscalia.gov.co\/colombia\/wp-content\/uploads\/LogoHorizontal_1.jpg\",\"contentUrl\":\"https:\/\/www.fiscalia.gov.co\/colombia\/wp-content\/uploads\/LogoHorizontal_1.jpg\",\"width\":300,\"height\":90,\"caption\":\"Fiscal\u00eda General de la Naci\u00f3n\"},\"image\":{\"@id\":\"https:\/\/www.fiscalia.gov.co\/colombia\/#\/schema\/logo\/image\/\"},\"sameAs\":[\"https:\/\/www.facebook.com\/FiscaliaCol\",\"https:\/\/x.com\/FiscaliaCol\",\"https:\/\/www.instagram.com\/fiscaliacol\",\"https:\/\/www.linkedin.com\/company\/fiscalia-general-de-la-naci-n\/\",\"https:\/\/youtube.com\/@fiscaliageneraldelanacion-4668?si=6nN79nyQICPU5iTh\"]},{\"@type\":\"Person\",\"@id\":\"https:\/\/www.fiscalia.gov.co\/colombia\/#\/schema\/person\/3903856a3ce2d54b094c69eb29247895\",\"name\":\"dfgordillo\",\"image\":{\"@type\":\"ImageObject\",\"inLanguage\":\"es-CO\",\"@id\":\"https:\/\/www.fiscalia.gov.co\/colombia\/#\/schema\/person\/image\/\",\"url\":\"https:\/\/secure.gravatar.com\/avatar\/b6356e21c5657c60757fe6fb9493e947?s=96&d=mm&r=g\",\"contentUrl\":\"https:\/\/secure.gravatar.com\/avatar\/b6356e21c5657c60757fe6fb9493e947?s=96&d=mm&r=g\",\"caption\":\"dfgordillo\"},\"sameAs\":[\"dfgordillo\"],\"url\":\"https:\/\/www.fiscalia.gov.co\/colombia\/author\/dfgordillo\/\"}]}<\/script>\n<!-- \/ Yoast SEO plugin. -->","yoast_head_json":{"title":"Fiscal\u00eda General de la Naci\u00f3n","description":"P\u00e1gina oficial de la Fiscal\u00eda General de la Naci\u00f3n \u2013 Colombia. Garantizamos el acceso efectivo a la justicia, la verdad y la reparaci\u00f3n de las v\u00edctimas de los delitos.","robots":{"index":"noindex","follow":"follow"},"og_locale":"es_ES","og_type":"article","og_title":"Fiscal\u00eda General de la Naci\u00f3n","og_description":"P\u00e1gina oficial de la Fiscal\u00eda General de la Naci\u00f3n \u2013 Colombia. Garantizamos el acceso efectivo a la justicia, la verdad y la reparaci\u00f3n de las v\u00edctimas de los delitos.","og_url":"https:\/\/www.fiscalia.gov.co\/colombia\/noticias\/decision-de-la-corte-sobre-adopcion-de-parejas-del-mismo-sexo-discrimina-fiscal\/","og_site_name":"Fiscal\u00eda General de la Naci\u00f3n","article_publisher":"https:\/\/www.facebook.com\/FiscaliaCol","article_published_time":"2015-02-19T19:22:36+00:00","article_modified_time":"2015-02-19T21:22:37+00:00","author":"dfgordillo","twitter_card":"summary_large_image","twitter_creator":"@FiscaliaCol","twitter_site":"@FiscaliaCol","twitter_misc":{"Escrito por":"dfgordillo","Tiempo de lectura":"2 minutos"},"schema":{"@context":"https:\/\/schema.org","@graph":[{"@type":"Article","@id":"https:\/\/www.fiscalia.gov.co\/colombia\/noticias\/decision-de-la-corte-sobre-adopcion-de-parejas-del-mismo-sexo-discrimina-fiscal\/#article","isPartOf":{"@id":"https:\/\/www.fiscalia.gov.co\/colombia\/noticias\/decision-de-la-corte-sobre-adopcion-de-parejas-del-mismo-sexo-discrimina-fiscal\/"},"author":{"name":"dfgordillo","@id":"https:\/\/www.fiscalia.gov.co\/colombia\/#\/schema\/person\/3903856a3ce2d54b094c69eb29247895"},"headline":"Decisi\u00f3n de la Corte sobre adopci\u00f3n de parejas del mismo sexo discrimina: Fiscal","datePublished":"2015-02-19T19:22:36+00:00","dateModified":"2015-02-19T21:22:37+00:00","mainEntityOfPage":{"@id":"https:\/\/www.fiscalia.gov.co\/colombia\/noticias\/decision-de-la-corte-sobre-adopcion-de-parejas-del-mismo-sexo-discrimina-fiscal\/"},"wordCount":432,"publisher":{"@id":"https:\/\/www.fiscalia.gov.co\/colombia\/#organization"},"keywords":["Adopci\u00f3n","Corte Constitucional","Fiscal General de la Naci\u00f3n"],"articleSection":["Noticias"],"inLanguage":"es-CO"},{"@type":"WebPage","@id":"https:\/\/www.fiscalia.gov.co\/colombia\/noticias\/decision-de-la-corte-sobre-adopcion-de-parejas-del-mismo-sexo-discrimina-fiscal\/","url":"https:\/\/www.fiscalia.gov.co\/colombia\/noticias\/decision-de-la-corte-sobre-adopcion-de-parejas-del-mismo-sexo-discrimina-fiscal\/","name":"Fiscal\u00eda General de la Naci\u00f3n","isPartOf":{"@id":"https:\/\/www.fiscalia.gov.co\/colombia\/#website"},"datePublished":"2015-02-19T19:22:36+00:00","dateModified":"2015-02-19T21:22:37+00:00","description":"P\u00e1gina oficial de la Fiscal\u00eda General de la Naci\u00f3n \u2013 Colombia. Garantizamos el acceso efectivo a la justicia, la verdad y la reparaci\u00f3n de las v\u00edctimas de los delitos.","breadcrumb":{"@id":"https:\/\/www.fiscalia.gov.co\/colombia\/noticias\/decision-de-la-corte-sobre-adopcion-de-parejas-del-mismo-sexo-discrimina-fiscal\/#breadcrumb"},"inLanguage":"es-CO","potentialAction":[{"@type":"ReadAction","target":["https:\/\/www.fiscalia.gov.co\/colombia\/noticias\/decision-de-la-corte-sobre-adopcion-de-parejas-del-mismo-sexo-discrimina-fiscal\/"]}]},{"@type":"BreadcrumbList","@id":"https:\/\/www.fiscalia.gov.co\/colombia\/noticias\/decision-de-la-corte-sobre-adopcion-de-parejas-del-mismo-sexo-discrimina-fiscal\/#breadcrumb","itemListElement":[{"@type":"ListItem","position":1,"name":"Home","item":"https:\/\/www.fiscalia.gov.co\/colombia\/"},{"@type":"ListItem","position":2,"name":"Decisi\u00f3n de la Corte sobre adopci\u00f3n de parejas del mismo sexo discrimina: Fiscal"}]},{"@type":"WebSite","@id":"https:\/\/www.fiscalia.gov.co\/colombia\/#website","url":"https:\/\/www.fiscalia.gov.co\/colombia\/","name":"Fiscal\u00eda General de la Naci\u00f3n","description":"P\u00e1gina oficial de la Fiscal\u00eda General de la Naci\u00f3n \u2013 Colombia. Garantizamos el acceso efectivo a la justicia, la verdad y la reparaci\u00f3n de las v\u00edctimas de los delitos.","publisher":{"@id":"https:\/\/www.fiscalia.gov.co\/colombia\/#organization"},"potentialAction":[{"@type":"SearchAction","target":{"@type":"EntryPoint","urlTemplate":"https:\/\/www.fiscalia.gov.co\/colombia\/?s={search_term_string}"},"query-input":{"@type":"PropertyValueSpecification","valueRequired":true,"valueName":"search_term_string"}}],"inLanguage":"es-CO"},{"@type":"Organization","@id":"https:\/\/www.fiscalia.gov.co\/colombia\/#organization","name":"Fiscal\u00eda General de la Naci\u00f3n","url":"https:\/\/www.fiscalia.gov.co\/colombia\/","logo":{"@type":"ImageObject","inLanguage":"es-CO","@id":"https:\/\/www.fiscalia.gov.co\/colombia\/#\/schema\/logo\/image\/","url":"https:\/\/www.fiscalia.gov.co\/colombia\/wp-content\/uploads\/LogoHorizontal_1.jpg","contentUrl":"https:\/\/www.fiscalia.gov.co\/colombia\/wp-content\/uploads\/LogoHorizontal_1.jpg","width":300,"height":90,"caption":"Fiscal\u00eda General de la Naci\u00f3n"},"image":{"@id":"https:\/\/www.fiscalia.gov.co\/colombia\/#\/schema\/logo\/image\/"},"sameAs":["https:\/\/www.facebook.com\/FiscaliaCol","https:\/\/x.com\/FiscaliaCol","https:\/\/www.instagram.com\/fiscaliacol","https:\/\/www.linkedin.com\/company\/fiscalia-general-de-la-naci-n\/","https:\/\/youtube.com\/@fiscaliageneraldelanacion-4668?si=6nN79nyQICPU5iTh"]},{"@type":"Person","@id":"https:\/\/www.fiscalia.gov.co\/colombia\/#\/schema\/person\/3903856a3ce2d54b094c69eb29247895","name":"dfgordillo","image":{"@type":"ImageObject","inLanguage":"es-CO","@id":"https:\/\/www.fiscalia.gov.co\/colombia\/#\/schema\/person\/image\/","url":"https:\/\/secure.gravatar.com\/avatar\/b6356e21c5657c60757fe6fb9493e947?s=96&d=mm&r=g","contentUrl":"https:\/\/secure.gravatar.com\/avatar\/b6356e21c5657c60757fe6fb9493e947?s=96&d=mm&r=g","caption":"dfgordillo"},"sameAs":["dfgordillo"],"url":"https:\/\/www.fiscalia.gov.co\/colombia\/author\/dfgordillo\/"}]}},"_links":{"self":[{"href":"https:\/\/www.fiscalia.gov.co\/colombia\/wp-json\/wp\/v2\/posts\/62498","targetHints":{"allow":["GET"]}}],"collection":[{"href":"https:\/\/www.fiscalia.gov.co\/colombia\/wp-json\/wp\/v2\/posts"}],"about":[{"href":"https:\/\/www.fiscalia.gov.co\/colombia\/wp-json\/wp\/v2\/types\/post"}],"author":[{"embeddable":true,"href":"https:\/\/www.fiscalia.gov.co\/colombia\/wp-json\/wp\/v2\/users\/143"}],"replies":[{"embeddable":true,"href":"https:\/\/www.fiscalia.gov.co\/colombia\/wp-json\/wp\/v2\/comments?post=62498"}],"version-history":[{"count":5,"href":"https:\/\/www.fiscalia.gov.co\/colombia\/wp-json\/wp\/v2\/posts\/62498\/revisions"}],"predecessor-version":[{"id":62532,"href":"https:\/\/www.fiscalia.gov.co\/colombia\/wp-json\/wp\/v2\/posts\/62498\/revisions\/62532"}],"wp:attachment":[{"href":"https:\/\/www.fiscalia.gov.co\/colombia\/wp-json\/wp\/v2\/media?parent=62498"}],"wp:term":[{"taxonomy":"category","embeddable":true,"href":"https:\/\/www.fiscalia.gov.co\/colombia\/wp-json\/wp\/v2\/categories?post=62498"},{"taxonomy":"post_tag","embeddable":true,"href":"https:\/\/www.fiscalia.gov.co\/colombia\/wp-json\/wp\/v2\/tags?post=62498"}],"curies":[{"name":"wp","href":"https:\/\/api.w.org\/{rel}","templated":true}]}}