{"id":62431,"date":"2015-02-18T13:40:00","date_gmt":"2015-02-18T18:40:00","guid":{"rendered":"http:\/\/www.fiscalia.gov.co\/colombia\/?p=62431"},"modified":"2015-02-18T13:43:14","modified_gmt":"2015-02-18T18:43:14","slug":"caso-de-abuso-a-cuatro-menores-en-bogota-da-un-giro-por-falsa-denuncia","status":"publish","type":"post","link":"https:\/\/www.fiscalia.gov.co\/colombia\/noticias\/caso-de-abuso-a-cuatro-menores-en-bogota-da-un-giro-por-falsa-denuncia\/","title":{"rendered":"Caso de abuso a cuatro menores en Bogot\u00e1 da un giro por falsa denuncia"},"content":{"rendered":"<p>La Fiscal\u00eda General de la Naci\u00f3n solicit\u00f3 la preclusi\u00f3n de la investigaci\u00f3n y la revocatoria de la medida de aseguramiento, en favor de una pareja de esposos que en diciembre pasado fue capturada por el delito de acto sexual abusivo en contra de su hija de 17 meses, en la localidad de Ciudad Bol\u00edvar al sur de Bogot\u00e1.<\/p>\n<p>Por el mismo inici\u00f3 una investigaci\u00f3n en contra del denunciante, por los delitos de falsa denuncia y lesiones personales contra tres menores, hermanos de la mujer capturada por el abuso de su hija.<\/p>\n<p>De acuerdo con la investigaci\u00f3n, en diciembre del a\u00f1o pasado, fueron capturados los esposos, de 19 a\u00f1os cada uno, quienes seg\u00fan el denunciante y los tres menores de 10, 12 y 13 a\u00f1os de edad y una menor de 17 meses de nacida, que viv\u00edan con la pareja, hab\u00edan sido v\u00edctimas de diferentes abusos sexuales y f\u00edsicos a trav\u00e9s de ritos sat\u00e1nicos.<\/p>\n<p>La Fiscal\u00eda, en apoyo con otras entidades, tom\u00f3 las medidas urgentes para conseguir la protecci\u00f3n de los cuatro menores que quedaron bajo el cuidado del Instituto Colombiano de Bienestar Familiar (ICBF).<\/p>\n<p>El Director Nacional del Sistema Penal Acusatorio y de la Articulaci\u00f3n Interinstitucional en Materia Penal, Camilo Burbano, dijo en rueda de prensa que \u201cla investigaci\u00f3n ha dado un giro muy importante, seg\u00fan la cual, al parecer, no existieron en ning\u00fan momento, seg\u00fan lo establecido en Medicina Legal, actos sexuales frente a estos menores, especialmente frente a la ni\u00f1a de 17 meses\u201d.<\/p>\n<p>Adem\u00e1s, Burbano, aclar\u00f3 que \u201chan existido ya retractaciones y, adem\u00e1s, testimonios que dan cuenta que en ning\u00fan momento los ni\u00f1os fueron llevados a ning\u00fan tipo de rito o secta de car\u00e1cter sat\u00e1nico\u201d. Al parecer la hip\u00f3tesis que est\u00e1 manejando la FGN es que los padres de la menor y los ni\u00f1os fueron sometidos a un adoctrinamiento religioso por parte del denunciante, quien dec\u00eda ser un enviado de Dios, que pod\u00eda ver lo que ellos hac\u00edan y que los oblig\u00f3 a decir que pertenec\u00edan a una secta sat\u00e1nica.<\/p>\n<p>&nbsp;<\/p>\n<p>LMFO\/DLBM<\/p>\n<p>___________________________________________________________<\/p>\n<p><strong>Rueda de prensa Camilo Burbano, Director\u00a0<a href=\"http:\/\/www.fiscalia.gov.co\/colombia\/la-entidad\/equipo-de-trabajo\/director-nacional-del-sistema-penal-acusatorio-y-de-la-articulacion-interinstitucional-en-materia-penal\/\">\u00a0<\/a>Nacional del Sistema Penal Acusatorio y de la Articulaci\u00f3n Interinstitucional en Materia Penal, y Carmen Torres, Directora Seccional Bogot\u00e1<\/strong><\/p>\n[audio:http:\/\/www.fiscalia.gov.co\/colombia\/wp-content\/uploads\/20150218a.mp3|titles=Declaraciones]\n<p><a title=\"Descargar audio \" href=\"http:\/\/www.fiscalia.gov.co\/colombia\/wp-content\/uploads\/20150218a.mp3\" target=\"_blank\">Descargar<\/a><\/p>\n<p>Tema:\u00a0Caso de abuso a cuatro menores en Bogot\u00e1 da un giro por falsa denuncia<br \/>\nLugar: Nivel Central Fiscal\u00eda General de la Naci\u00f3n, Bogot\u00e1<br \/>\nFecha: 18 de febrero de 2015<\/p>\n\n<div class=\"twitter-share\"><a href=\"https:\/\/twitter.com\/intent\/tweet?via=fiscaliacol\" class=\"twitter-share-button\">Tweet<\/a><\/div>\n","protected":false},"excerpt":{"rendered":"<p>La Fiscal\u00eda General de la Naci\u00f3n solicit\u00f3 la preclusi\u00f3n de la investigaci\u00f3n y la revocatoria de la medida de aseguramiento, en favor de una pareja de esposos que en diciembre [&hellip;]<\/p>\n","protected":false},"author":143,"featured_media":0,"comment_status":"closed","ping_status":"open","sticky":false,"template":"","format":"standard","meta":{"tdm_status":"","tdm_grid_status":"","footnotes":""},"categories":[1],"tags":[10092],"class_list":["post-62431","post","type-post","status-publish","format-standard","category-noticias","tag-falsa-denuncia"],"yoast_head":"<!-- This site is optimized with the Yoast SEO plugin v24.3 - https:\/\/yoast.com\/wordpress\/plugins\/seo\/ -->\n<title>Fiscal\u00eda General de la Naci\u00f3n<\/title>\n<meta name=\"description\" content=\"P\u00e1gina oficial de la Fiscal\u00eda General de la Naci\u00f3n \u2013 Colombia. Garantizamos el acceso efectivo a la justicia, la verdad y la reparaci\u00f3n de las v\u00edctimas de los delitos.\" \/>\n<meta name=\"robots\" content=\"noindex, follow\" \/>\n<meta property=\"og:locale\" content=\"es_ES\" \/>\n<meta property=\"og:type\" content=\"article\" \/>\n<meta property=\"og:title\" content=\"Fiscal\u00eda General de la Naci\u00f3n\" \/>\n<meta property=\"og:description\" content=\"P\u00e1gina oficial de la Fiscal\u00eda General de la Naci\u00f3n \u2013 Colombia. Garantizamos el acceso efectivo a la justicia, la verdad y la reparaci\u00f3n de las v\u00edctimas de los delitos.\" \/>\n<meta property=\"og:url\" content=\"https:\/\/www.fiscalia.gov.co\/colombia\/noticias\/caso-de-abuso-a-cuatro-menores-en-bogota-da-un-giro-por-falsa-denuncia\/\" \/>\n<meta property=\"og:site_name\" content=\"Fiscal\u00eda General de la Naci\u00f3n\" \/>\n<meta property=\"article:publisher\" content=\"https:\/\/www.facebook.com\/FiscaliaCol\" \/>\n<meta property=\"article:published_time\" content=\"2015-02-18T18:40:00+00:00\" \/>\n<meta property=\"article:modified_time\" content=\"2015-02-18T18:43:14+00:00\" \/>\n<meta name=\"author\" content=\"dfgordillo\" \/>\n<meta name=\"twitter:card\" content=\"summary_large_image\" \/>\n<meta name=\"twitter:creator\" content=\"@FiscaliaCol\" \/>\n<meta name=\"twitter:site\" content=\"@FiscaliaCol\" \/>\n<meta name=\"twitter:label1\" content=\"Escrito por\" \/>\n\t<meta name=\"twitter:data1\" content=\"dfgordillo\" \/>\n\t<meta name=\"twitter:label2\" content=\"Tiempo de lectura\" \/>\n\t<meta name=\"twitter:data2\" content=\"2 minutos\" \/>\n<script type=\"application\/ld+json\" class=\"yoast-schema-graph\">{\"@context\":\"https:\/\/schema.org\",\"@graph\":[{\"@type\":\"Article\",\"@id\":\"https:\/\/www.fiscalia.gov.co\/colombia\/noticias\/caso-de-abuso-a-cuatro-menores-en-bogota-da-un-giro-por-falsa-denuncia\/#article\",\"isPartOf\":{\"@id\":\"https:\/\/www.fiscalia.gov.co\/colombia\/noticias\/caso-de-abuso-a-cuatro-menores-en-bogota-da-un-giro-por-falsa-denuncia\/\"},\"author\":{\"name\":\"dfgordillo\",\"@id\":\"https:\/\/www.fiscalia.gov.co\/colombia\/#\/schema\/person\/3903856a3ce2d54b094c69eb29247895\"},\"headline\":\"Caso de abuso a cuatro menores en Bogot\u00e1 da un giro por falsa denuncia\",\"datePublished\":\"2015-02-18T18:40:00+00:00\",\"dateModified\":\"2015-02-18T18:43:14+00:00\",\"mainEntityOfPage\":{\"@id\":\"https:\/\/www.fiscalia.gov.co\/colombia\/noticias\/caso-de-abuso-a-cuatro-menores-en-bogota-da-un-giro-por-falsa-denuncia\/\"},\"wordCount\":451,\"publisher\":{\"@id\":\"https:\/\/www.fiscalia.gov.co\/colombia\/#organization\"},\"keywords\":[\"Falsa denuncia\"],\"articleSection\":[\"Noticias\"],\"inLanguage\":\"es-CO\"},{\"@type\":\"WebPage\",\"@id\":\"https:\/\/www.fiscalia.gov.co\/colombia\/noticias\/caso-de-abuso-a-cuatro-menores-en-bogota-da-un-giro-por-falsa-denuncia\/\",\"url\":\"https:\/\/www.fiscalia.gov.co\/colombia\/noticias\/caso-de-abuso-a-cuatro-menores-en-bogota-da-un-giro-por-falsa-denuncia\/\",\"name\":\"Fiscal\u00eda General de la Naci\u00f3n\",\"isPartOf\":{\"@id\":\"https:\/\/www.fiscalia.gov.co\/colombia\/#website\"},\"datePublished\":\"2015-02-18T18:40:00+00:00\",\"dateModified\":\"2015-02-18T18:43:14+00:00\",\"description\":\"P\u00e1gina oficial de la Fiscal\u00eda General de la Naci\u00f3n \u2013 Colombia. Garantizamos el acceso efectivo a la justicia, la verdad y la reparaci\u00f3n de las v\u00edctimas de los delitos.\",\"breadcrumb\":{\"@id\":\"https:\/\/www.fiscalia.gov.co\/colombia\/noticias\/caso-de-abuso-a-cuatro-menores-en-bogota-da-un-giro-por-falsa-denuncia\/#breadcrumb\"},\"inLanguage\":\"es-CO\",\"potentialAction\":[{\"@type\":\"ReadAction\",\"target\":[\"https:\/\/www.fiscalia.gov.co\/colombia\/noticias\/caso-de-abuso-a-cuatro-menores-en-bogota-da-un-giro-por-falsa-denuncia\/\"]}]},{\"@type\":\"BreadcrumbList\",\"@id\":\"https:\/\/www.fiscalia.gov.co\/colombia\/noticias\/caso-de-abuso-a-cuatro-menores-en-bogota-da-un-giro-por-falsa-denuncia\/#breadcrumb\",\"itemListElement\":[{\"@type\":\"ListItem\",\"position\":1,\"name\":\"Home\",\"item\":\"https:\/\/www.fiscalia.gov.co\/colombia\/\"},{\"@type\":\"ListItem\",\"position\":2,\"name\":\"Caso de abuso a cuatro menores en Bogot\u00e1 da un giro por falsa denuncia\"}]},{\"@type\":\"WebSite\",\"@id\":\"https:\/\/www.fiscalia.gov.co\/colombia\/#website\",\"url\":\"https:\/\/www.fiscalia.gov.co\/colombia\/\",\"name\":\"Fiscal\u00eda General de la Naci\u00f3n\",\"description\":\"P\u00e1gina oficial de la Fiscal\u00eda General de la Naci\u00f3n \u2013 Colombia. Garantizamos el acceso efectivo a la justicia, la verdad y la reparaci\u00f3n de las v\u00edctimas de los delitos.\",\"publisher\":{\"@id\":\"https:\/\/www.fiscalia.gov.co\/colombia\/#organization\"},\"potentialAction\":[{\"@type\":\"SearchAction\",\"target\":{\"@type\":\"EntryPoint\",\"urlTemplate\":\"https:\/\/www.fiscalia.gov.co\/colombia\/?s={search_term_string}\"},\"query-input\":{\"@type\":\"PropertyValueSpecification\",\"valueRequired\":true,\"valueName\":\"search_term_string\"}}],\"inLanguage\":\"es-CO\"},{\"@type\":\"Organization\",\"@id\":\"https:\/\/www.fiscalia.gov.co\/colombia\/#organization\",\"name\":\"Fiscal\u00eda General de la Naci\u00f3n\",\"url\":\"https:\/\/www.fiscalia.gov.co\/colombia\/\",\"logo\":{\"@type\":\"ImageObject\",\"inLanguage\":\"es-CO\",\"@id\":\"https:\/\/www.fiscalia.gov.co\/colombia\/#\/schema\/logo\/image\/\",\"url\":\"https:\/\/www.fiscalia.gov.co\/colombia\/wp-content\/uploads\/LogoHorizontal_1.jpg\",\"contentUrl\":\"https:\/\/www.fiscalia.gov.co\/colombia\/wp-content\/uploads\/LogoHorizontal_1.jpg\",\"width\":300,\"height\":90,\"caption\":\"Fiscal\u00eda General de la Naci\u00f3n\"},\"image\":{\"@id\":\"https:\/\/www.fiscalia.gov.co\/colombia\/#\/schema\/logo\/image\/\"},\"sameAs\":[\"https:\/\/www.facebook.com\/FiscaliaCol\",\"https:\/\/x.com\/FiscaliaCol\",\"https:\/\/www.instagram.com\/fiscaliacol\",\"https:\/\/www.linkedin.com\/company\/fiscalia-general-de-la-naci-n\/\",\"https:\/\/youtube.com\/@fiscaliageneraldelanacion-4668?si=6nN79nyQICPU5iTh\"]},{\"@type\":\"Person\",\"@id\":\"https:\/\/www.fiscalia.gov.co\/colombia\/#\/schema\/person\/3903856a3ce2d54b094c69eb29247895\",\"name\":\"dfgordillo\",\"image\":{\"@type\":\"ImageObject\",\"inLanguage\":\"es-CO\",\"@id\":\"https:\/\/www.fiscalia.gov.co\/colombia\/#\/schema\/person\/image\/\",\"url\":\"https:\/\/secure.gravatar.com\/avatar\/b6356e21c5657c60757fe6fb9493e947?s=96&d=mm&r=g\",\"contentUrl\":\"https:\/\/secure.gravatar.com\/avatar\/b6356e21c5657c60757fe6fb9493e947?s=96&d=mm&r=g\",\"caption\":\"dfgordillo\"},\"sameAs\":[\"dfgordillo\"],\"url\":\"https:\/\/www.fiscalia.gov.co\/colombia\/author\/dfgordillo\/\"}]}<\/script>\n<!-- \/ Yoast SEO plugin. -->","yoast_head_json":{"title":"Fiscal\u00eda General de la Naci\u00f3n","description":"P\u00e1gina oficial de la Fiscal\u00eda General de la Naci\u00f3n \u2013 Colombia. Garantizamos el acceso efectivo a la justicia, la verdad y la reparaci\u00f3n de las v\u00edctimas de los delitos.","robots":{"index":"noindex","follow":"follow"},"og_locale":"es_ES","og_type":"article","og_title":"Fiscal\u00eda General de la Naci\u00f3n","og_description":"P\u00e1gina oficial de la Fiscal\u00eda General de la Naci\u00f3n \u2013 Colombia. Garantizamos el acceso efectivo a la justicia, la verdad y la reparaci\u00f3n de las v\u00edctimas de los delitos.","og_url":"https:\/\/www.fiscalia.gov.co\/colombia\/noticias\/caso-de-abuso-a-cuatro-menores-en-bogota-da-un-giro-por-falsa-denuncia\/","og_site_name":"Fiscal\u00eda General de la Naci\u00f3n","article_publisher":"https:\/\/www.facebook.com\/FiscaliaCol","article_published_time":"2015-02-18T18:40:00+00:00","article_modified_time":"2015-02-18T18:43:14+00:00","author":"dfgordillo","twitter_card":"summary_large_image","twitter_creator":"@FiscaliaCol","twitter_site":"@FiscaliaCol","twitter_misc":{"Escrito por":"dfgordillo","Tiempo de lectura":"2 minutos"},"schema":{"@context":"https:\/\/schema.org","@graph":[{"@type":"Article","@id":"https:\/\/www.fiscalia.gov.co\/colombia\/noticias\/caso-de-abuso-a-cuatro-menores-en-bogota-da-un-giro-por-falsa-denuncia\/#article","isPartOf":{"@id":"https:\/\/www.fiscalia.gov.co\/colombia\/noticias\/caso-de-abuso-a-cuatro-menores-en-bogota-da-un-giro-por-falsa-denuncia\/"},"author":{"name":"dfgordillo","@id":"https:\/\/www.fiscalia.gov.co\/colombia\/#\/schema\/person\/3903856a3ce2d54b094c69eb29247895"},"headline":"Caso de abuso a cuatro menores en Bogot\u00e1 da un giro por falsa denuncia","datePublished":"2015-02-18T18:40:00+00:00","dateModified":"2015-02-18T18:43:14+00:00","mainEntityOfPage":{"@id":"https:\/\/www.fiscalia.gov.co\/colombia\/noticias\/caso-de-abuso-a-cuatro-menores-en-bogota-da-un-giro-por-falsa-denuncia\/"},"wordCount":451,"publisher":{"@id":"https:\/\/www.fiscalia.gov.co\/colombia\/#organization"},"keywords":["Falsa denuncia"],"articleSection":["Noticias"],"inLanguage":"es-CO"},{"@type":"WebPage","@id":"https:\/\/www.fiscalia.gov.co\/colombia\/noticias\/caso-de-abuso-a-cuatro-menores-en-bogota-da-un-giro-por-falsa-denuncia\/","url":"https:\/\/www.fiscalia.gov.co\/colombia\/noticias\/caso-de-abuso-a-cuatro-menores-en-bogota-da-un-giro-por-falsa-denuncia\/","name":"Fiscal\u00eda General de la Naci\u00f3n","isPartOf":{"@id":"https:\/\/www.fiscalia.gov.co\/colombia\/#website"},"datePublished":"2015-02-18T18:40:00+00:00","dateModified":"2015-02-18T18:43:14+00:00","description":"P\u00e1gina oficial de la Fiscal\u00eda General de la Naci\u00f3n \u2013 Colombia. Garantizamos el acceso efectivo a la justicia, la verdad y la reparaci\u00f3n de las v\u00edctimas de los delitos.","breadcrumb":{"@id":"https:\/\/www.fiscalia.gov.co\/colombia\/noticias\/caso-de-abuso-a-cuatro-menores-en-bogota-da-un-giro-por-falsa-denuncia\/#breadcrumb"},"inLanguage":"es-CO","potentialAction":[{"@type":"ReadAction","target":["https:\/\/www.fiscalia.gov.co\/colombia\/noticias\/caso-de-abuso-a-cuatro-menores-en-bogota-da-un-giro-por-falsa-denuncia\/"]}]},{"@type":"BreadcrumbList","@id":"https:\/\/www.fiscalia.gov.co\/colombia\/noticias\/caso-de-abuso-a-cuatro-menores-en-bogota-da-un-giro-por-falsa-denuncia\/#breadcrumb","itemListElement":[{"@type":"ListItem","position":1,"name":"Home","item":"https:\/\/www.fiscalia.gov.co\/colombia\/"},{"@type":"ListItem","position":2,"name":"Caso de abuso a cuatro menores en Bogot\u00e1 da un giro por falsa denuncia"}]},{"@type":"WebSite","@id":"https:\/\/www.fiscalia.gov.co\/colombia\/#website","url":"https:\/\/www.fiscalia.gov.co\/colombia\/","name":"Fiscal\u00eda General de la Naci\u00f3n","description":"P\u00e1gina oficial de la Fiscal\u00eda General de la Naci\u00f3n \u2013 Colombia. Garantizamos el acceso efectivo a la justicia, la verdad y la reparaci\u00f3n de las v\u00edctimas de los delitos.","publisher":{"@id":"https:\/\/www.fiscalia.gov.co\/colombia\/#organization"},"potentialAction":[{"@type":"SearchAction","target":{"@type":"EntryPoint","urlTemplate":"https:\/\/www.fiscalia.gov.co\/colombia\/?s={search_term_string}"},"query-input":{"@type":"PropertyValueSpecification","valueRequired":true,"valueName":"search_term_string"}}],"inLanguage":"es-CO"},{"@type":"Organization","@id":"https:\/\/www.fiscalia.gov.co\/colombia\/#organization","name":"Fiscal\u00eda General de la Naci\u00f3n","url":"https:\/\/www.fiscalia.gov.co\/colombia\/","logo":{"@type":"ImageObject","inLanguage":"es-CO","@id":"https:\/\/www.fiscalia.gov.co\/colombia\/#\/schema\/logo\/image\/","url":"https:\/\/www.fiscalia.gov.co\/colombia\/wp-content\/uploads\/LogoHorizontal_1.jpg","contentUrl":"https:\/\/www.fiscalia.gov.co\/colombia\/wp-content\/uploads\/LogoHorizontal_1.jpg","width":300,"height":90,"caption":"Fiscal\u00eda General de la Naci\u00f3n"},"image":{"@id":"https:\/\/www.fiscalia.gov.co\/colombia\/#\/schema\/logo\/image\/"},"sameAs":["https:\/\/www.facebook.com\/FiscaliaCol","https:\/\/x.com\/FiscaliaCol","https:\/\/www.instagram.com\/fiscaliacol","https:\/\/www.linkedin.com\/company\/fiscalia-general-de-la-naci-n\/","https:\/\/youtube.com\/@fiscaliageneraldelanacion-4668?si=6nN79nyQICPU5iTh"]},{"@type":"Person","@id":"https:\/\/www.fiscalia.gov.co\/colombia\/#\/schema\/person\/3903856a3ce2d54b094c69eb29247895","name":"dfgordillo","image":{"@type":"ImageObject","inLanguage":"es-CO","@id":"https:\/\/www.fiscalia.gov.co\/colombia\/#\/schema\/person\/image\/","url":"https:\/\/secure.gravatar.com\/avatar\/b6356e21c5657c60757fe6fb9493e947?s=96&d=mm&r=g","contentUrl":"https:\/\/secure.gravatar.com\/avatar\/b6356e21c5657c60757fe6fb9493e947?s=96&d=mm&r=g","caption":"dfgordillo"},"sameAs":["dfgordillo"],"url":"https:\/\/www.fiscalia.gov.co\/colombia\/author\/dfgordillo\/"}]}},"_links":{"self":[{"href":"https:\/\/www.fiscalia.gov.co\/colombia\/wp-json\/wp\/v2\/posts\/62431","targetHints":{"allow":["GET"]}}],"collection":[{"href":"https:\/\/www.fiscalia.gov.co\/colombia\/wp-json\/wp\/v2\/posts"}],"about":[{"href":"https:\/\/www.fiscalia.gov.co\/colombia\/wp-json\/wp\/v2\/types\/post"}],"author":[{"embeddable":true,"href":"https:\/\/www.fiscalia.gov.co\/colombia\/wp-json\/wp\/v2\/users\/143"}],"replies":[{"embeddable":true,"href":"https:\/\/www.fiscalia.gov.co\/colombia\/wp-json\/wp\/v2\/comments?post=62431"}],"version-history":[{"count":3,"href":"https:\/\/www.fiscalia.gov.co\/colombia\/wp-json\/wp\/v2\/posts\/62431\/revisions"}],"predecessor-version":[{"id":62433,"href":"https:\/\/www.fiscalia.gov.co\/colombia\/wp-json\/wp\/v2\/posts\/62431\/revisions\/62433"}],"wp:attachment":[{"href":"https:\/\/www.fiscalia.gov.co\/colombia\/wp-json\/wp\/v2\/media?parent=62431"}],"wp:term":[{"taxonomy":"category","embeddable":true,"href":"https:\/\/www.fiscalia.gov.co\/colombia\/wp-json\/wp\/v2\/categories?post=62431"},{"taxonomy":"post_tag","embeddable":true,"href":"https:\/\/www.fiscalia.gov.co\/colombia\/wp-json\/wp\/v2\/tags?post=62431"}],"curies":[{"name":"wp","href":"https:\/\/api.w.org\/{rel}","templated":true}]}}