{"id":62343,"date":"2015-02-17T13:44:30","date_gmt":"2015-02-17T18:44:30","guid":{"rendered":"http:\/\/www.fiscalia.gov.co\/colombia\/?p=62343"},"modified":"2015-02-17T16:35:26","modified_gmt":"2015-02-17T21:35:26","slug":"vamos-a-pedir-la-maxima-condena-posible-vicefiscal-general-sobre-caso-de-los-ninos-de-florencia","status":"publish","type":"post","link":"https:\/\/www.fiscalia.gov.co\/colombia\/noticias\/destacada\/vamos-a-pedir-la-maxima-condena-posible-vicefiscal-general-sobre-caso-de-los-ninos-de-florencia\/","title":{"rendered":"Vamos a pedir la m\u00e1xima condena posible: Vicefiscal General sobre caso de los ni\u00f1os de Florencia"},"content":{"rendered":"<p>Al referirse al caso de la masacre de los ni\u00f1os de Florencia (Caquet\u00e1), ocurrida el 4 de febrero \u00faltimo en zona rural de esa poblaci\u00f3n, el Vicefiscal General de la Naci\u00f3n, Jorge Fernando Perdomo, manifest\u00f3 que \u201ccomo Fiscal\u00eda en los diferentes procesos que adelantamos por estos hechos, vamos a pedir la m\u00e1xima condena posible, que en este caso incluso puede llegar hasta 60 a\u00f1os, teniendo en cuenta que al tratarse de delitos cometidos contra menores de edad, la Ley 1098 de 2006, la Ley de Infancia y Adolescencia, no permite ning\u00fan tipo de rebaja de penas o beneficios\u201d.<\/p>\n<p>Resumi\u00f3 el Vicefiscal que el intenso esfuerzo investigativo por parte de la Fiscal\u00eda y de la Polic\u00eda Nacional ha permitido la captura de los autores materiales, es decir quienes ejecutaron el hecho directamente, los sicarios Cr\u00edst\u00f3pher Ch\u00e1vez Cu\u00e9llar y G\u00e9nderson Carrillo Ord\u00f3\u00f1ez; as\u00ed como la captura de quien seg\u00fan la Fiscal\u00eda es la autora intelectual de estos hechos, la se\u00f1ora Luz Mila Artunduaga, y dos part\u00edcipes m\u00e1s, que ser\u00edan quienes contactaron a los sicarios para encomendar la comisi\u00f3n de estos delitos, estos son los hermanos Edison y Aleiser Vega.<\/p>\n<p>El alto funcionario tambi\u00e9n destac\u00f3 que \u201choy se emiti\u00f3 otra orden de captura que est\u00e1 por realizarse contra Jainer Urue\u00f1a, que tambi\u00e9n habr\u00eda participado contactando a los sicarios (\u2026) y se valora la posibilidad de solicitar otras dos \u00f3rdenes de captura contra otras dos personas que al parecer habr\u00edan participado financiando con los 500 mil pesos estos hechos, ellos habr\u00edan aportado el dinero, con los cuales fueron pagados los sicarios\u201d.<\/p>\n<p>\u201cEn este momento hay 6 personas, sobre las cuales se expidieron las \u00f3rdenes de captura, cinco de ellas ya se materializaron y se valora la posible participaci\u00f3n de otras dos personas; as\u00ed, entre autores materiales, intelectuales y copart\u00edcipes habr\u00edan participado 8 personas en estos hechos\u201d, agreg\u00f3 Perdomo.<\/p>\n<p>Sobre la familia v\u00edctima de esta masacre, el Vicefiscal indic\u00f3 que \u201cdesde el primer momento, por orden del se\u00f1or Fiscal General de la Naci\u00f3n se hizo una provisi\u00f3n de un esquema de seguridad y de protecci\u00f3n a la familia Vanegas Grimaldo, y consideramos que por ahora, al existir un alto riesgo, debe seguir en el programa de protecci\u00f3n\u201d.<\/p>\n<p>Finalmente, concluy\u00f3 que est\u00e1 investigaci\u00f3n tambi\u00e9n ha permitido contribuir con otros procesos, ya que \u201cla Fiscal\u00eda tambi\u00e9n pudo establecer en la regi\u00f3n unas modalidades de sicariato bastante extendidas en la zona, y est\u00e1mos avanzando incluso en otras hip\u00f3tesis delictivas de otros homicidios que se han cometido y que no se hab\u00edan podido esclarecer hasta el momento\u201d.<\/p>\n<p>&nbsp;<\/p>\n<p>DLBM<\/p>\n<p>________________________________________________<\/p>\n<p><strong>Rueda de prensa Jorge Fernando Perdomo Torres, Vicefiscal General de la Naci\u00f3n\u00a0<\/strong><\/p>\n[audio:http:\/\/www.fiscalia.gov.co\/colombia\/wp-content\/uploads\/20150217.mp3|titles=Declaraciones]\n<p><a title=\"Descargar audio \" href=\"http:\/\/www.fiscalia.gov.co\/colombia\/wp-content\/uploads\/20150217.mp3\" target=\"_blank\">Descargar<\/a><\/p>\n<p>Tema:\u00a0Avances en investigaci\u00f3n por homicidio de ni\u00f1os en Caquet\u00e1.<br \/>\nLugar: Nivel Central Fiscal\u00eda General de la Naci\u00f3n, Bogot\u00e1<br \/>\nFecha: 17 de febrero de 2015<\/p>\n<p>&nbsp;<\/p>\n\n<div class=\"twitter-share\"><a href=\"https:\/\/twitter.com\/intent\/tweet?via=fiscaliacol\" class=\"twitter-share-button\">Tweet<\/a><\/div>\n","protected":false},"excerpt":{"rendered":"<p>Al referirse al caso de la masacre de los ni\u00f1os de Florencia (Caquet\u00e1), ocurrida el 4 de febrero \u00faltimo en zona rural de esa poblaci\u00f3n, el Vicefiscal General de la Naci\u00f3n, Jorge Fernando Perdomo, <\/p>\n","protected":false},"author":143,"featured_media":0,"comment_status":"closed","ping_status":"open","sticky":false,"template":"","format":"standard","meta":{"tdm_status":"","tdm_grid_status":"","footnotes":""},"categories":[3],"tags":[23963,23912],"class_list":["post-62343","post","type-post","status-publish","format-standard","category-destacada","tag-jorge-fernando-perdomo-torres","tag-vicefiscal-general-de-la-nacion"],"yoast_head":"<!-- This site is optimized with the Yoast SEO plugin v24.3 - https:\/\/yoast.com\/wordpress\/plugins\/seo\/ -->\n<title>Fiscal\u00eda General de la Naci\u00f3n<\/title>\n<meta name=\"description\" content=\"P\u00e1gina oficial de la Fiscal\u00eda General de la Naci\u00f3n \u2013 Colombia. Garantizamos el acceso efectivo a la justicia, la verdad y la reparaci\u00f3n de las v\u00edctimas de los delitos.\" \/>\n<meta name=\"robots\" content=\"noindex, follow\" \/>\n<meta property=\"og:locale\" content=\"es_ES\" \/>\n<meta property=\"og:type\" content=\"article\" \/>\n<meta property=\"og:title\" content=\"Fiscal\u00eda General de la Naci\u00f3n\" \/>\n<meta property=\"og:description\" content=\"P\u00e1gina oficial de la Fiscal\u00eda General de la Naci\u00f3n \u2013 Colombia. Garantizamos el acceso efectivo a la justicia, la verdad y la reparaci\u00f3n de las v\u00edctimas de los delitos.\" \/>\n<meta property=\"og:url\" content=\"https:\/\/www.fiscalia.gov.co\/colombia\/noticias\/destacada\/vamos-a-pedir-la-maxima-condena-posible-vicefiscal-general-sobre-caso-de-los-ninos-de-florencia\/\" \/>\n<meta property=\"og:site_name\" content=\"Fiscal\u00eda General de la Naci\u00f3n\" \/>\n<meta property=\"article:publisher\" content=\"https:\/\/www.facebook.com\/FiscaliaCol\" \/>\n<meta property=\"article:published_time\" content=\"2015-02-17T18:44:30+00:00\" \/>\n<meta property=\"article:modified_time\" content=\"2015-02-17T21:35:26+00:00\" \/>\n<meta name=\"author\" content=\"dfgordillo\" \/>\n<meta name=\"twitter:card\" content=\"summary_large_image\" \/>\n<meta name=\"twitter:creator\" content=\"@FiscaliaCol\" \/>\n<meta name=\"twitter:site\" content=\"@FiscaliaCol\" \/>\n<meta name=\"twitter:label1\" content=\"Escrito por\" \/>\n\t<meta name=\"twitter:data1\" content=\"dfgordillo\" \/>\n\t<meta name=\"twitter:label2\" content=\"Tiempo de lectura\" \/>\n\t<meta name=\"twitter:data2\" content=\"3 minutos\" \/>\n<script type=\"application\/ld+json\" class=\"yoast-schema-graph\">{\"@context\":\"https:\/\/schema.org\",\"@graph\":[{\"@type\":\"Article\",\"@id\":\"https:\/\/www.fiscalia.gov.co\/colombia\/noticias\/destacada\/vamos-a-pedir-la-maxima-condena-posible-vicefiscal-general-sobre-caso-de-los-ninos-de-florencia\/#article\",\"isPartOf\":{\"@id\":\"https:\/\/www.fiscalia.gov.co\/colombia\/noticias\/destacada\/vamos-a-pedir-la-maxima-condena-posible-vicefiscal-general-sobre-caso-de-los-ninos-de-florencia\/\"},\"author\":{\"name\":\"dfgordillo\",\"@id\":\"https:\/\/www.fiscalia.gov.co\/colombia\/#\/schema\/person\/3903856a3ce2d54b094c69eb29247895\"},\"headline\":\"Vamos a pedir la m\u00e1xima condena posible: Vicefiscal General sobre caso de los ni\u00f1os de Florencia\",\"datePublished\":\"2015-02-17T18:44:30+00:00\",\"dateModified\":\"2015-02-17T21:35:26+00:00\",\"mainEntityOfPage\":{\"@id\":\"https:\/\/www.fiscalia.gov.co\/colombia\/noticias\/destacada\/vamos-a-pedir-la-maxima-condena-posible-vicefiscal-general-sobre-caso-de-los-ninos-de-florencia\/\"},\"wordCount\":529,\"publisher\":{\"@id\":\"https:\/\/www.fiscalia.gov.co\/colombia\/#organization\"},\"keywords\":[\"Jorge Fernando Perdomo Torres\",\"Vicefiscal General de la Naci\u00f3n\"],\"articleSection\":[\"Destacada\"],\"inLanguage\":\"es-CO\"},{\"@type\":\"WebPage\",\"@id\":\"https:\/\/www.fiscalia.gov.co\/colombia\/noticias\/destacada\/vamos-a-pedir-la-maxima-condena-posible-vicefiscal-general-sobre-caso-de-los-ninos-de-florencia\/\",\"url\":\"https:\/\/www.fiscalia.gov.co\/colombia\/noticias\/destacada\/vamos-a-pedir-la-maxima-condena-posible-vicefiscal-general-sobre-caso-de-los-ninos-de-florencia\/\",\"name\":\"Fiscal\u00eda General de la Naci\u00f3n\",\"isPartOf\":{\"@id\":\"https:\/\/www.fiscalia.gov.co\/colombia\/#website\"},\"datePublished\":\"2015-02-17T18:44:30+00:00\",\"dateModified\":\"2015-02-17T21:35:26+00:00\",\"description\":\"P\u00e1gina oficial de la Fiscal\u00eda General de la Naci\u00f3n \u2013 Colombia. Garantizamos el acceso efectivo a la justicia, la verdad y la reparaci\u00f3n de las v\u00edctimas de los delitos.\",\"breadcrumb\":{\"@id\":\"https:\/\/www.fiscalia.gov.co\/colombia\/noticias\/destacada\/vamos-a-pedir-la-maxima-condena-posible-vicefiscal-general-sobre-caso-de-los-ninos-de-florencia\/#breadcrumb\"},\"inLanguage\":\"es-CO\",\"potentialAction\":[{\"@type\":\"ReadAction\",\"target\":[\"https:\/\/www.fiscalia.gov.co\/colombia\/noticias\/destacada\/vamos-a-pedir-la-maxima-condena-posible-vicefiscal-general-sobre-caso-de-los-ninos-de-florencia\/\"]}]},{\"@type\":\"BreadcrumbList\",\"@id\":\"https:\/\/www.fiscalia.gov.co\/colombia\/noticias\/destacada\/vamos-a-pedir-la-maxima-condena-posible-vicefiscal-general-sobre-caso-de-los-ninos-de-florencia\/#breadcrumb\",\"itemListElement\":[{\"@type\":\"ListItem\",\"position\":1,\"name\":\"Home\",\"item\":\"https:\/\/www.fiscalia.gov.co\/colombia\/\"},{\"@type\":\"ListItem\",\"position\":2,\"name\":\"Vamos a pedir la m\u00e1xima condena posible: Vicefiscal General sobre caso de los ni\u00f1os de Florencia\"}]},{\"@type\":\"WebSite\",\"@id\":\"https:\/\/www.fiscalia.gov.co\/colombia\/#website\",\"url\":\"https:\/\/www.fiscalia.gov.co\/colombia\/\",\"name\":\"Fiscal\u00eda General de la Naci\u00f3n\",\"description\":\"P\u00e1gina oficial de la Fiscal\u00eda General de la Naci\u00f3n \u2013 Colombia. Garantizamos el acceso efectivo a la justicia, la verdad y la reparaci\u00f3n de las v\u00edctimas de los delitos.\",\"publisher\":{\"@id\":\"https:\/\/www.fiscalia.gov.co\/colombia\/#organization\"},\"potentialAction\":[{\"@type\":\"SearchAction\",\"target\":{\"@type\":\"EntryPoint\",\"urlTemplate\":\"https:\/\/www.fiscalia.gov.co\/colombia\/?s={search_term_string}\"},\"query-input\":{\"@type\":\"PropertyValueSpecification\",\"valueRequired\":true,\"valueName\":\"search_term_string\"}}],\"inLanguage\":\"es-CO\"},{\"@type\":\"Organization\",\"@id\":\"https:\/\/www.fiscalia.gov.co\/colombia\/#organization\",\"name\":\"Fiscal\u00eda General de la Naci\u00f3n\",\"url\":\"https:\/\/www.fiscalia.gov.co\/colombia\/\",\"logo\":{\"@type\":\"ImageObject\",\"inLanguage\":\"es-CO\",\"@id\":\"https:\/\/www.fiscalia.gov.co\/colombia\/#\/schema\/logo\/image\/\",\"url\":\"https:\/\/www.fiscalia.gov.co\/colombia\/wp-content\/uploads\/LogoHorizontal_1.jpg\",\"contentUrl\":\"https:\/\/www.fiscalia.gov.co\/colombia\/wp-content\/uploads\/LogoHorizontal_1.jpg\",\"width\":300,\"height\":90,\"caption\":\"Fiscal\u00eda General de la Naci\u00f3n\"},\"image\":{\"@id\":\"https:\/\/www.fiscalia.gov.co\/colombia\/#\/schema\/logo\/image\/\"},\"sameAs\":[\"https:\/\/www.facebook.com\/FiscaliaCol\",\"https:\/\/x.com\/FiscaliaCol\",\"https:\/\/www.instagram.com\/fiscaliacol\",\"https:\/\/www.linkedin.com\/company\/fiscalia-general-de-la-naci-n\/\",\"https:\/\/youtube.com\/@fiscaliageneraldelanacion-4668?si=6nN79nyQICPU5iTh\"]},{\"@type\":\"Person\",\"@id\":\"https:\/\/www.fiscalia.gov.co\/colombia\/#\/schema\/person\/3903856a3ce2d54b094c69eb29247895\",\"name\":\"dfgordillo\",\"image\":{\"@type\":\"ImageObject\",\"inLanguage\":\"es-CO\",\"@id\":\"https:\/\/www.fiscalia.gov.co\/colombia\/#\/schema\/person\/image\/\",\"url\":\"https:\/\/secure.gravatar.com\/avatar\/b6356e21c5657c60757fe6fb9493e947?s=96&d=mm&r=g\",\"contentUrl\":\"https:\/\/secure.gravatar.com\/avatar\/b6356e21c5657c60757fe6fb9493e947?s=96&d=mm&r=g\",\"caption\":\"dfgordillo\"},\"sameAs\":[\"dfgordillo\"],\"url\":\"https:\/\/www.fiscalia.gov.co\/colombia\/author\/dfgordillo\/\"}]}<\/script>\n<!-- \/ Yoast SEO plugin. -->","yoast_head_json":{"title":"Fiscal\u00eda General de la Naci\u00f3n","description":"P\u00e1gina oficial de la Fiscal\u00eda General de la Naci\u00f3n \u2013 Colombia. Garantizamos el acceso efectivo a la justicia, la verdad y la reparaci\u00f3n de las v\u00edctimas de los delitos.","robots":{"index":"noindex","follow":"follow"},"og_locale":"es_ES","og_type":"article","og_title":"Fiscal\u00eda General de la Naci\u00f3n","og_description":"P\u00e1gina oficial de la Fiscal\u00eda General de la Naci\u00f3n \u2013 Colombia. Garantizamos el acceso efectivo a la justicia, la verdad y la reparaci\u00f3n de las v\u00edctimas de los delitos.","og_url":"https:\/\/www.fiscalia.gov.co\/colombia\/noticias\/destacada\/vamos-a-pedir-la-maxima-condena-posible-vicefiscal-general-sobre-caso-de-los-ninos-de-florencia\/","og_site_name":"Fiscal\u00eda General de la Naci\u00f3n","article_publisher":"https:\/\/www.facebook.com\/FiscaliaCol","article_published_time":"2015-02-17T18:44:30+00:00","article_modified_time":"2015-02-17T21:35:26+00:00","author":"dfgordillo","twitter_card":"summary_large_image","twitter_creator":"@FiscaliaCol","twitter_site":"@FiscaliaCol","twitter_misc":{"Escrito por":"dfgordillo","Tiempo de lectura":"3 minutos"},"schema":{"@context":"https:\/\/schema.org","@graph":[{"@type":"Article","@id":"https:\/\/www.fiscalia.gov.co\/colombia\/noticias\/destacada\/vamos-a-pedir-la-maxima-condena-posible-vicefiscal-general-sobre-caso-de-los-ninos-de-florencia\/#article","isPartOf":{"@id":"https:\/\/www.fiscalia.gov.co\/colombia\/noticias\/destacada\/vamos-a-pedir-la-maxima-condena-posible-vicefiscal-general-sobre-caso-de-los-ninos-de-florencia\/"},"author":{"name":"dfgordillo","@id":"https:\/\/www.fiscalia.gov.co\/colombia\/#\/schema\/person\/3903856a3ce2d54b094c69eb29247895"},"headline":"Vamos a pedir la m\u00e1xima condena posible: Vicefiscal General sobre caso de los ni\u00f1os de Florencia","datePublished":"2015-02-17T18:44:30+00:00","dateModified":"2015-02-17T21:35:26+00:00","mainEntityOfPage":{"@id":"https:\/\/www.fiscalia.gov.co\/colombia\/noticias\/destacada\/vamos-a-pedir-la-maxima-condena-posible-vicefiscal-general-sobre-caso-de-los-ninos-de-florencia\/"},"wordCount":529,"publisher":{"@id":"https:\/\/www.fiscalia.gov.co\/colombia\/#organization"},"keywords":["Jorge Fernando Perdomo Torres","Vicefiscal General de la Naci\u00f3n"],"articleSection":["Destacada"],"inLanguage":"es-CO"},{"@type":"WebPage","@id":"https:\/\/www.fiscalia.gov.co\/colombia\/noticias\/destacada\/vamos-a-pedir-la-maxima-condena-posible-vicefiscal-general-sobre-caso-de-los-ninos-de-florencia\/","url":"https:\/\/www.fiscalia.gov.co\/colombia\/noticias\/destacada\/vamos-a-pedir-la-maxima-condena-posible-vicefiscal-general-sobre-caso-de-los-ninos-de-florencia\/","name":"Fiscal\u00eda General de la Naci\u00f3n","isPartOf":{"@id":"https:\/\/www.fiscalia.gov.co\/colombia\/#website"},"datePublished":"2015-02-17T18:44:30+00:00","dateModified":"2015-02-17T21:35:26+00:00","description":"P\u00e1gina oficial de la Fiscal\u00eda General de la Naci\u00f3n \u2013 Colombia. Garantizamos el acceso efectivo a la justicia, la verdad y la reparaci\u00f3n de las v\u00edctimas de los delitos.","breadcrumb":{"@id":"https:\/\/www.fiscalia.gov.co\/colombia\/noticias\/destacada\/vamos-a-pedir-la-maxima-condena-posible-vicefiscal-general-sobre-caso-de-los-ninos-de-florencia\/#breadcrumb"},"inLanguage":"es-CO","potentialAction":[{"@type":"ReadAction","target":["https:\/\/www.fiscalia.gov.co\/colombia\/noticias\/destacada\/vamos-a-pedir-la-maxima-condena-posible-vicefiscal-general-sobre-caso-de-los-ninos-de-florencia\/"]}]},{"@type":"BreadcrumbList","@id":"https:\/\/www.fiscalia.gov.co\/colombia\/noticias\/destacada\/vamos-a-pedir-la-maxima-condena-posible-vicefiscal-general-sobre-caso-de-los-ninos-de-florencia\/#breadcrumb","itemListElement":[{"@type":"ListItem","position":1,"name":"Home","item":"https:\/\/www.fiscalia.gov.co\/colombia\/"},{"@type":"ListItem","position":2,"name":"Vamos a pedir la m\u00e1xima condena posible: Vicefiscal General sobre caso de los ni\u00f1os de Florencia"}]},{"@type":"WebSite","@id":"https:\/\/www.fiscalia.gov.co\/colombia\/#website","url":"https:\/\/www.fiscalia.gov.co\/colombia\/","name":"Fiscal\u00eda General de la Naci\u00f3n","description":"P\u00e1gina oficial de la Fiscal\u00eda General de la Naci\u00f3n \u2013 Colombia. Garantizamos el acceso efectivo a la justicia, la verdad y la reparaci\u00f3n de las v\u00edctimas de los delitos.","publisher":{"@id":"https:\/\/www.fiscalia.gov.co\/colombia\/#organization"},"potentialAction":[{"@type":"SearchAction","target":{"@type":"EntryPoint","urlTemplate":"https:\/\/www.fiscalia.gov.co\/colombia\/?s={search_term_string}"},"query-input":{"@type":"PropertyValueSpecification","valueRequired":true,"valueName":"search_term_string"}}],"inLanguage":"es-CO"},{"@type":"Organization","@id":"https:\/\/www.fiscalia.gov.co\/colombia\/#organization","name":"Fiscal\u00eda General de la Naci\u00f3n","url":"https:\/\/www.fiscalia.gov.co\/colombia\/","logo":{"@type":"ImageObject","inLanguage":"es-CO","@id":"https:\/\/www.fiscalia.gov.co\/colombia\/#\/schema\/logo\/image\/","url":"https:\/\/www.fiscalia.gov.co\/colombia\/wp-content\/uploads\/LogoHorizontal_1.jpg","contentUrl":"https:\/\/www.fiscalia.gov.co\/colombia\/wp-content\/uploads\/LogoHorizontal_1.jpg","width":300,"height":90,"caption":"Fiscal\u00eda General de la Naci\u00f3n"},"image":{"@id":"https:\/\/www.fiscalia.gov.co\/colombia\/#\/schema\/logo\/image\/"},"sameAs":["https:\/\/www.facebook.com\/FiscaliaCol","https:\/\/x.com\/FiscaliaCol","https:\/\/www.instagram.com\/fiscaliacol","https:\/\/www.linkedin.com\/company\/fiscalia-general-de-la-naci-n\/","https:\/\/youtube.com\/@fiscaliageneraldelanacion-4668?si=6nN79nyQICPU5iTh"]},{"@type":"Person","@id":"https:\/\/www.fiscalia.gov.co\/colombia\/#\/schema\/person\/3903856a3ce2d54b094c69eb29247895","name":"dfgordillo","image":{"@type":"ImageObject","inLanguage":"es-CO","@id":"https:\/\/www.fiscalia.gov.co\/colombia\/#\/schema\/person\/image\/","url":"https:\/\/secure.gravatar.com\/avatar\/b6356e21c5657c60757fe6fb9493e947?s=96&d=mm&r=g","contentUrl":"https:\/\/secure.gravatar.com\/avatar\/b6356e21c5657c60757fe6fb9493e947?s=96&d=mm&r=g","caption":"dfgordillo"},"sameAs":["dfgordillo"],"url":"https:\/\/www.fiscalia.gov.co\/colombia\/author\/dfgordillo\/"}]}},"_links":{"self":[{"href":"https:\/\/www.fiscalia.gov.co\/colombia\/wp-json\/wp\/v2\/posts\/62343","targetHints":{"allow":["GET"]}}],"collection":[{"href":"https:\/\/www.fiscalia.gov.co\/colombia\/wp-json\/wp\/v2\/posts"}],"about":[{"href":"https:\/\/www.fiscalia.gov.co\/colombia\/wp-json\/wp\/v2\/types\/post"}],"author":[{"embeddable":true,"href":"https:\/\/www.fiscalia.gov.co\/colombia\/wp-json\/wp\/v2\/users\/143"}],"replies":[{"embeddable":true,"href":"https:\/\/www.fiscalia.gov.co\/colombia\/wp-json\/wp\/v2\/comments?post=62343"}],"version-history":[{"count":3,"href":"https:\/\/www.fiscalia.gov.co\/colombia\/wp-json\/wp\/v2\/posts\/62343\/revisions"}],"predecessor-version":[{"id":62679,"href":"https:\/\/www.fiscalia.gov.co\/colombia\/wp-json\/wp\/v2\/posts\/62343\/revisions\/62679"}],"wp:attachment":[{"href":"https:\/\/www.fiscalia.gov.co\/colombia\/wp-json\/wp\/v2\/media?parent=62343"}],"wp:term":[{"taxonomy":"category","embeddable":true,"href":"https:\/\/www.fiscalia.gov.co\/colombia\/wp-json\/wp\/v2\/categories?post=62343"},{"taxonomy":"post_tag","embeddable":true,"href":"https:\/\/www.fiscalia.gov.co\/colombia\/wp-json\/wp\/v2\/tags?post=62343"}],"curies":[{"name":"wp","href":"https:\/\/api.w.org\/{rel}","templated":true}]}}