{"id":61533,"date":"2015-01-31T17:54:28","date_gmt":"2015-01-31T22:54:28","guid":{"rendered":"http:\/\/www.fiscalia.gov.co\/colombia\/?p=61533"},"modified":"2015-01-31T19:46:47","modified_gmt":"2015-02-01T00:46:47","slug":"61533","status":"publish","type":"post","link":"https:\/\/www.fiscalia.gov.co\/colombia\/noticias\/61533\/","title":{"rendered":"Decretan legalidad en captura de ex directora del DAS"},"content":{"rendered":"<p>El Tribunal Superior de Bogot\u00e1\u00a0determin\u00f3 la\u00a0legalidad de la captura de la exdirectora del DAS\u00a0Mar\u00eda del Pilar Hurtado\u00a0Afanador,\u00a0quien se encuentra vinculada\u00a0a la\u00a0investigaci\u00f3n\u00a0que adelanta la Corte Suprema de Justicia\u00a0por las interceptaciones ilegales realizadas por\u00a0el desaparecido\u00a0Departamento Administrativo de Seguridad\u00a0(DAS).<\/p>\n<p>En la decisi\u00f3n tambi\u00e9n orden\u00f3 la reclusi\u00f3n Hurtado Afanador en las instalaciones del B\u00fanker de la Fiscal\u00eda para que cumpla la medida de aseguramiento de detenci\u00f3n preventiva intramural,\u00a0impuesta desde mayo de 2011 como posible autora de los delitos de concierto para delinquir agravado, peculado por apropiaci\u00f3n, violaci\u00f3n il\u00edcita de comunicaciones agravado, abuso de funci\u00f3n p\u00fablica y falsedad ideol\u00f3gica en documento p\u00fablico.<\/p>\n<p>Una vez conocida la legalizaci\u00f3n de la captura,\u00a0el Fiscal General de la Naci\u00f3n, Eduardo Montealegre Lynett,\u00a0afirm\u00f3 que se tienen pruebas contundentes contra la ex directora del D.A.S por las interceptaciones ilegales en contra magistrados de la Corte Suprema de Justicia, l\u00edderes de oposici\u00f3n en Colombia y defensores de\u00a0derechos\u00a0humanos.<\/p>\n<p>Montealegre explic\u00f3 que los delitos por los cuales se acus\u00f3 a Mar\u00eda del Pilar Hurtado ante la Corte Suprema de Justicia y por los cuales la Fiscal\u00eda\u00a0pidi\u00f3 la condena ante la Sala Penal son delitos\u00a0comunes.<\/p>\n<p>El representante del ente acusador record\u00f3 \u201cla posici\u00f3n de la Fiscal\u00eda General de la Naci\u00f3n en el sentido de que no se trata de ning\u00fan delito pol\u00edtico, que no se trata de ninguna persecuci\u00f3n pol\u00edtica, sino\u00a0de la imputaci\u00f3n de graves violaciones a los\u00a0derechos\u00a0humanos. Esto tambi\u00e9n fue aceptado\u00a0por la Corte Suprema de Justicia de Panam\u00e1, queneg\u00f3 el a\u00f1o pasado el estatus de asilada a Mar\u00eda del Pilar Hurtado y\u00a0lo hizo\u00a0porque consider\u00f3 que no se trata de ning\u00fan delito pol\u00edtico sino que se trata de delitos comunes\u201d<\/p>\n<p>Asimismo,\u00a0explic\u00f3 que una vez proferida la sentencia correspondiente\u00a0y, si llega a ser condenatoria,\u00a0todav\u00eda hay oportunidad desde el punto de vista procesal para iniciar mecanismos\u00a0de colaboraci\u00f3n con la justicia.<\/p>\n<p>Finalmente,\u00a0Montealegre Lynett exhort\u00f3 a la exfuncionaria para que colabore en la b\u00fasqueda de la verdad en este caso.\u201cReiteramos,\u00a0como lo hemos hecho en meses anteriores,\u00a0un llamado a Mar\u00eda del Pilar Hurtado para que colabore con la justicia, para que contribuya a recuperar la verdad hist\u00f3rica de estos graves hechos que afectaron al pa\u00eds, para que cuente qui\u00e9n dio la orden\u00a0de \u00e9stas interceptaciones ilegales, qui\u00e9nes fueron los destinatarios al interior del Estado de estas informaciones, de estas seguimientos, de estas graves \u00a0violaciones a los Derechos Humanos\u201d.<\/p>\n<p>&nbsp;<\/p>\n<p>MRB \/ AAEA<\/p>\n<p>____________________________________________________<\/p>\n<p><strong>Rueda de prensa Eduardo Montealegre Lynett, Fiscal General de la Naci\u00f3n, y\u00a0Mayor\u00a0General\u00a0<\/strong><strong>Jorge Enrique Rodr\u00edguez Peralta,\u00a0<\/strong><strong>Director Investigaci\u00f3n Criminal e Interpol<\/strong><\/p>\n[audio:http:\/\/www.fiscalia.gov.co\/colombia\/wp-content\/uploads\/20150131a.mp3|titles=Declaraciones]\n<p><a title=\"Descargar audio \" href=\"http:\/\/www.fiscalia.gov.co\/colombia\/wp-content\/uploads\/20150131a.mp3\" target=\"_blank\">Descargar<\/a><\/p>\n<p>Tema: Captura de exdirectora del DAS Mar\u00eda del Pilar Hurtado, en Panam\u00e1<strong><br \/>\n<\/strong>Lugar: Nivel Central Fiscal\u00eda General de la Naci\u00f3n, Bogot\u00e1<br \/>\nFecha: 31 de enero de 2015<\/p>\n\n<div class=\"twitter-share\"><a href=\"https:\/\/twitter.com\/intent\/tweet?via=fiscaliacol\" class=\"twitter-share-button\">Tweet<\/a><\/div>\n","protected":false},"excerpt":{"rendered":"<p>El Tribunal Superior de Bogot\u00e1 determin\u00f3 la legalidad de la captura de la exdirectora del DAS Mar\u00eda del Pilar Hurtado Afanador<\/p>\n","protected":false},"author":143,"featured_media":0,"comment_status":"closed","ping_status":"open","sticky":false,"template":"","format":"standard","meta":{"tdm_status":"","tdm_grid_status":"","footnotes":""},"categories":[3,1],"tags":[400,78,8892],"class_list":["post-61533","post","type-post","status-publish","format-standard","category-destacada","category-noticias","tag-eduardo-montealegre-lynett","tag-fiscal-general-de-la-nacion","tag-maria-del-pilar-hurtado"],"yoast_head":"<!-- This site is optimized with the Yoast SEO plugin v24.3 - https:\/\/yoast.com\/wordpress\/plugins\/seo\/ -->\n<title>Fiscal\u00eda General de la Naci\u00f3n<\/title>\n<meta name=\"description\" content=\"P\u00e1gina oficial de la Fiscal\u00eda General de la Naci\u00f3n \u2013 Colombia. Garantizamos el acceso efectivo a la justicia, la verdad y la reparaci\u00f3n de las v\u00edctimas de los delitos.\" \/>\n<meta name=\"robots\" content=\"noindex, follow\" \/>\n<meta property=\"og:locale\" content=\"es_ES\" \/>\n<meta property=\"og:type\" content=\"article\" \/>\n<meta property=\"og:title\" content=\"Fiscal\u00eda General de la Naci\u00f3n\" \/>\n<meta property=\"og:description\" content=\"P\u00e1gina oficial de la Fiscal\u00eda General de la Naci\u00f3n \u2013 Colombia. Garantizamos el acceso efectivo a la justicia, la verdad y la reparaci\u00f3n de las v\u00edctimas de los delitos.\" \/>\n<meta property=\"og:url\" content=\"https:\/\/www.fiscalia.gov.co\/colombia\/noticias\/61533\/\" \/>\n<meta property=\"og:site_name\" content=\"Fiscal\u00eda General de la Naci\u00f3n\" \/>\n<meta property=\"article:publisher\" content=\"https:\/\/www.facebook.com\/FiscaliaCol\" \/>\n<meta property=\"article:published_time\" content=\"2015-01-31T22:54:28+00:00\" \/>\n<meta property=\"article:modified_time\" content=\"2015-02-01T00:46:47+00:00\" \/>\n<meta name=\"author\" content=\"dfgordillo\" \/>\n<meta name=\"twitter:card\" content=\"summary_large_image\" \/>\n<meta name=\"twitter:creator\" content=\"@FiscaliaCol\" \/>\n<meta name=\"twitter:site\" content=\"@FiscaliaCol\" \/>\n<meta name=\"twitter:label1\" content=\"Escrito por\" \/>\n\t<meta name=\"twitter:data1\" content=\"dfgordillo\" \/>\n\t<meta name=\"twitter:label2\" content=\"Tiempo de lectura\" \/>\n\t<meta name=\"twitter:data2\" content=\"3 minutos\" \/>\n<script type=\"application\/ld+json\" class=\"yoast-schema-graph\">{\"@context\":\"https:\/\/schema.org\",\"@graph\":[{\"@type\":\"Article\",\"@id\":\"https:\/\/www.fiscalia.gov.co\/colombia\/noticias\/61533\/#article\",\"isPartOf\":{\"@id\":\"https:\/\/www.fiscalia.gov.co\/colombia\/noticias\/61533\/\"},\"author\":{\"name\":\"dfgordillo\",\"@id\":\"https:\/\/www.fiscalia.gov.co\/colombia\/#\/schema\/person\/3903856a3ce2d54b094c69eb29247895\"},\"headline\":\"Decretan legalidad en captura de ex directora del DAS\",\"datePublished\":\"2015-01-31T22:54:28+00:00\",\"dateModified\":\"2015-02-01T00:46:47+00:00\",\"mainEntityOfPage\":{\"@id\":\"https:\/\/www.fiscalia.gov.co\/colombia\/noticias\/61533\/\"},\"wordCount\":534,\"publisher\":{\"@id\":\"https:\/\/www.fiscalia.gov.co\/colombia\/#organization\"},\"keywords\":[\"Eduardo Montealegre Lynett\",\"Fiscal General de la Naci\u00f3n\",\"Mar\u00eda del Pilar Hurtado\"],\"articleSection\":[\"Destacada\",\"Noticias\"],\"inLanguage\":\"es-CO\"},{\"@type\":\"WebPage\",\"@id\":\"https:\/\/www.fiscalia.gov.co\/colombia\/noticias\/61533\/\",\"url\":\"https:\/\/www.fiscalia.gov.co\/colombia\/noticias\/61533\/\",\"name\":\"Fiscal\u00eda General de la Naci\u00f3n\",\"isPartOf\":{\"@id\":\"https:\/\/www.fiscalia.gov.co\/colombia\/#website\"},\"datePublished\":\"2015-01-31T22:54:28+00:00\",\"dateModified\":\"2015-02-01T00:46:47+00:00\",\"description\":\"P\u00e1gina oficial de la Fiscal\u00eda General de la Naci\u00f3n \u2013 Colombia. Garantizamos el acceso efectivo a la justicia, la verdad y la reparaci\u00f3n de las v\u00edctimas de los delitos.\",\"breadcrumb\":{\"@id\":\"https:\/\/www.fiscalia.gov.co\/colombia\/noticias\/61533\/#breadcrumb\"},\"inLanguage\":\"es-CO\",\"potentialAction\":[{\"@type\":\"ReadAction\",\"target\":[\"https:\/\/www.fiscalia.gov.co\/colombia\/noticias\/61533\/\"]}]},{\"@type\":\"BreadcrumbList\",\"@id\":\"https:\/\/www.fiscalia.gov.co\/colombia\/noticias\/61533\/#breadcrumb\",\"itemListElement\":[{\"@type\":\"ListItem\",\"position\":1,\"name\":\"Home\",\"item\":\"https:\/\/www.fiscalia.gov.co\/colombia\/\"},{\"@type\":\"ListItem\",\"position\":2,\"name\":\"Decretan legalidad en captura de ex directora del DAS\"}]},{\"@type\":\"WebSite\",\"@id\":\"https:\/\/www.fiscalia.gov.co\/colombia\/#website\",\"url\":\"https:\/\/www.fiscalia.gov.co\/colombia\/\",\"name\":\"Fiscal\u00eda General de la Naci\u00f3n\",\"description\":\"P\u00e1gina oficial de la Fiscal\u00eda General de la Naci\u00f3n \u2013 Colombia. Garantizamos el acceso efectivo a la justicia, la verdad y la reparaci\u00f3n de las v\u00edctimas de los delitos.\",\"publisher\":{\"@id\":\"https:\/\/www.fiscalia.gov.co\/colombia\/#organization\"},\"potentialAction\":[{\"@type\":\"SearchAction\",\"target\":{\"@type\":\"EntryPoint\",\"urlTemplate\":\"https:\/\/www.fiscalia.gov.co\/colombia\/?s={search_term_string}\"},\"query-input\":{\"@type\":\"PropertyValueSpecification\",\"valueRequired\":true,\"valueName\":\"search_term_string\"}}],\"inLanguage\":\"es-CO\"},{\"@type\":\"Organization\",\"@id\":\"https:\/\/www.fiscalia.gov.co\/colombia\/#organization\",\"name\":\"Fiscal\u00eda General de la Naci\u00f3n\",\"url\":\"https:\/\/www.fiscalia.gov.co\/colombia\/\",\"logo\":{\"@type\":\"ImageObject\",\"inLanguage\":\"es-CO\",\"@id\":\"https:\/\/www.fiscalia.gov.co\/colombia\/#\/schema\/logo\/image\/\",\"url\":\"https:\/\/www.fiscalia.gov.co\/colombia\/wp-content\/uploads\/LogoHorizontal_1.jpg\",\"contentUrl\":\"https:\/\/www.fiscalia.gov.co\/colombia\/wp-content\/uploads\/LogoHorizontal_1.jpg\",\"width\":300,\"height\":90,\"caption\":\"Fiscal\u00eda General de la Naci\u00f3n\"},\"image\":{\"@id\":\"https:\/\/www.fiscalia.gov.co\/colombia\/#\/schema\/logo\/image\/\"},\"sameAs\":[\"https:\/\/www.facebook.com\/FiscaliaCol\",\"https:\/\/x.com\/FiscaliaCol\",\"https:\/\/www.instagram.com\/fiscaliacol\",\"https:\/\/www.linkedin.com\/company\/fiscalia-general-de-la-naci-n\/\",\"https:\/\/youtube.com\/@fiscaliageneraldelanacion-4668?si=6nN79nyQICPU5iTh\"]},{\"@type\":\"Person\",\"@id\":\"https:\/\/www.fiscalia.gov.co\/colombia\/#\/schema\/person\/3903856a3ce2d54b094c69eb29247895\",\"name\":\"dfgordillo\",\"image\":{\"@type\":\"ImageObject\",\"inLanguage\":\"es-CO\",\"@id\":\"https:\/\/www.fiscalia.gov.co\/colombia\/#\/schema\/person\/image\/\",\"url\":\"https:\/\/secure.gravatar.com\/avatar\/b6356e21c5657c60757fe6fb9493e947?s=96&d=mm&r=g\",\"contentUrl\":\"https:\/\/secure.gravatar.com\/avatar\/b6356e21c5657c60757fe6fb9493e947?s=96&d=mm&r=g\",\"caption\":\"dfgordillo\"},\"sameAs\":[\"dfgordillo\"],\"url\":\"https:\/\/www.fiscalia.gov.co\/colombia\/author\/dfgordillo\/\"}]}<\/script>\n<!-- \/ Yoast SEO plugin. -->","yoast_head_json":{"title":"Fiscal\u00eda General de la Naci\u00f3n","description":"P\u00e1gina oficial de la Fiscal\u00eda General de la Naci\u00f3n \u2013 Colombia. Garantizamos el acceso efectivo a la justicia, la verdad y la reparaci\u00f3n de las v\u00edctimas de los delitos.","robots":{"index":"noindex","follow":"follow"},"og_locale":"es_ES","og_type":"article","og_title":"Fiscal\u00eda General de la Naci\u00f3n","og_description":"P\u00e1gina oficial de la Fiscal\u00eda General de la Naci\u00f3n \u2013 Colombia. Garantizamos el acceso efectivo a la justicia, la verdad y la reparaci\u00f3n de las v\u00edctimas de los delitos.","og_url":"https:\/\/www.fiscalia.gov.co\/colombia\/noticias\/61533\/","og_site_name":"Fiscal\u00eda General de la Naci\u00f3n","article_publisher":"https:\/\/www.facebook.com\/FiscaliaCol","article_published_time":"2015-01-31T22:54:28+00:00","article_modified_time":"2015-02-01T00:46:47+00:00","author":"dfgordillo","twitter_card":"summary_large_image","twitter_creator":"@FiscaliaCol","twitter_site":"@FiscaliaCol","twitter_misc":{"Escrito por":"dfgordillo","Tiempo de lectura":"3 minutos"},"schema":{"@context":"https:\/\/schema.org","@graph":[{"@type":"Article","@id":"https:\/\/www.fiscalia.gov.co\/colombia\/noticias\/61533\/#article","isPartOf":{"@id":"https:\/\/www.fiscalia.gov.co\/colombia\/noticias\/61533\/"},"author":{"name":"dfgordillo","@id":"https:\/\/www.fiscalia.gov.co\/colombia\/#\/schema\/person\/3903856a3ce2d54b094c69eb29247895"},"headline":"Decretan legalidad en captura de ex directora del DAS","datePublished":"2015-01-31T22:54:28+00:00","dateModified":"2015-02-01T00:46:47+00:00","mainEntityOfPage":{"@id":"https:\/\/www.fiscalia.gov.co\/colombia\/noticias\/61533\/"},"wordCount":534,"publisher":{"@id":"https:\/\/www.fiscalia.gov.co\/colombia\/#organization"},"keywords":["Eduardo Montealegre Lynett","Fiscal General de la Naci\u00f3n","Mar\u00eda del Pilar Hurtado"],"articleSection":["Destacada","Noticias"],"inLanguage":"es-CO"},{"@type":"WebPage","@id":"https:\/\/www.fiscalia.gov.co\/colombia\/noticias\/61533\/","url":"https:\/\/www.fiscalia.gov.co\/colombia\/noticias\/61533\/","name":"Fiscal\u00eda General de la Naci\u00f3n","isPartOf":{"@id":"https:\/\/www.fiscalia.gov.co\/colombia\/#website"},"datePublished":"2015-01-31T22:54:28+00:00","dateModified":"2015-02-01T00:46:47+00:00","description":"P\u00e1gina oficial de la Fiscal\u00eda General de la Naci\u00f3n \u2013 Colombia. Garantizamos el acceso efectivo a la justicia, la verdad y la reparaci\u00f3n de las v\u00edctimas de los delitos.","breadcrumb":{"@id":"https:\/\/www.fiscalia.gov.co\/colombia\/noticias\/61533\/#breadcrumb"},"inLanguage":"es-CO","potentialAction":[{"@type":"ReadAction","target":["https:\/\/www.fiscalia.gov.co\/colombia\/noticias\/61533\/"]}]},{"@type":"BreadcrumbList","@id":"https:\/\/www.fiscalia.gov.co\/colombia\/noticias\/61533\/#breadcrumb","itemListElement":[{"@type":"ListItem","position":1,"name":"Home","item":"https:\/\/www.fiscalia.gov.co\/colombia\/"},{"@type":"ListItem","position":2,"name":"Decretan legalidad en captura de ex directora del DAS"}]},{"@type":"WebSite","@id":"https:\/\/www.fiscalia.gov.co\/colombia\/#website","url":"https:\/\/www.fiscalia.gov.co\/colombia\/","name":"Fiscal\u00eda General de la Naci\u00f3n","description":"P\u00e1gina oficial de la Fiscal\u00eda General de la Naci\u00f3n \u2013 Colombia. Garantizamos el acceso efectivo a la justicia, la verdad y la reparaci\u00f3n de las v\u00edctimas de los delitos.","publisher":{"@id":"https:\/\/www.fiscalia.gov.co\/colombia\/#organization"},"potentialAction":[{"@type":"SearchAction","target":{"@type":"EntryPoint","urlTemplate":"https:\/\/www.fiscalia.gov.co\/colombia\/?s={search_term_string}"},"query-input":{"@type":"PropertyValueSpecification","valueRequired":true,"valueName":"search_term_string"}}],"inLanguage":"es-CO"},{"@type":"Organization","@id":"https:\/\/www.fiscalia.gov.co\/colombia\/#organization","name":"Fiscal\u00eda General de la Naci\u00f3n","url":"https:\/\/www.fiscalia.gov.co\/colombia\/","logo":{"@type":"ImageObject","inLanguage":"es-CO","@id":"https:\/\/www.fiscalia.gov.co\/colombia\/#\/schema\/logo\/image\/","url":"https:\/\/www.fiscalia.gov.co\/colombia\/wp-content\/uploads\/LogoHorizontal_1.jpg","contentUrl":"https:\/\/www.fiscalia.gov.co\/colombia\/wp-content\/uploads\/LogoHorizontal_1.jpg","width":300,"height":90,"caption":"Fiscal\u00eda General de la Naci\u00f3n"},"image":{"@id":"https:\/\/www.fiscalia.gov.co\/colombia\/#\/schema\/logo\/image\/"},"sameAs":["https:\/\/www.facebook.com\/FiscaliaCol","https:\/\/x.com\/FiscaliaCol","https:\/\/www.instagram.com\/fiscaliacol","https:\/\/www.linkedin.com\/company\/fiscalia-general-de-la-naci-n\/","https:\/\/youtube.com\/@fiscaliageneraldelanacion-4668?si=6nN79nyQICPU5iTh"]},{"@type":"Person","@id":"https:\/\/www.fiscalia.gov.co\/colombia\/#\/schema\/person\/3903856a3ce2d54b094c69eb29247895","name":"dfgordillo","image":{"@type":"ImageObject","inLanguage":"es-CO","@id":"https:\/\/www.fiscalia.gov.co\/colombia\/#\/schema\/person\/image\/","url":"https:\/\/secure.gravatar.com\/avatar\/b6356e21c5657c60757fe6fb9493e947?s=96&d=mm&r=g","contentUrl":"https:\/\/secure.gravatar.com\/avatar\/b6356e21c5657c60757fe6fb9493e947?s=96&d=mm&r=g","caption":"dfgordillo"},"sameAs":["dfgordillo"],"url":"https:\/\/www.fiscalia.gov.co\/colombia\/author\/dfgordillo\/"}]}},"_links":{"self":[{"href":"https:\/\/www.fiscalia.gov.co\/colombia\/wp-json\/wp\/v2\/posts\/61533","targetHints":{"allow":["GET"]}}],"collection":[{"href":"https:\/\/www.fiscalia.gov.co\/colombia\/wp-json\/wp\/v2\/posts"}],"about":[{"href":"https:\/\/www.fiscalia.gov.co\/colombia\/wp-json\/wp\/v2\/types\/post"}],"author":[{"embeddable":true,"href":"https:\/\/www.fiscalia.gov.co\/colombia\/wp-json\/wp\/v2\/users\/143"}],"replies":[{"embeddable":true,"href":"https:\/\/www.fiscalia.gov.co\/colombia\/wp-json\/wp\/v2\/comments?post=61533"}],"version-history":[{"count":9,"href":"https:\/\/www.fiscalia.gov.co\/colombia\/wp-json\/wp\/v2\/posts\/61533\/revisions"}],"predecessor-version":[{"id":61539,"href":"https:\/\/www.fiscalia.gov.co\/colombia\/wp-json\/wp\/v2\/posts\/61533\/revisions\/61539"}],"wp:attachment":[{"href":"https:\/\/www.fiscalia.gov.co\/colombia\/wp-json\/wp\/v2\/media?parent=61533"}],"wp:term":[{"taxonomy":"category","embeddable":true,"href":"https:\/\/www.fiscalia.gov.co\/colombia\/wp-json\/wp\/v2\/categories?post=61533"},{"taxonomy":"post_tag","embeddable":true,"href":"https:\/\/www.fiscalia.gov.co\/colombia\/wp-json\/wp\/v2\/tags?post=61533"}],"curies":[{"name":"wp","href":"https:\/\/api.w.org\/{rel}","templated":true}]}}