{"id":59203,"date":"2014-11-26T06:03:07","date_gmt":"2014-11-26T11:03:07","guid":{"rendered":"http:\/\/www.fiscalia.gov.co\/colombia\/?p=59203"},"modified":"2014-11-26T06:26:59","modified_gmt":"2014-11-26T11:26:59","slug":"fiscalia-ofrecio-al-consejo-superior-de-la-judicatura-48-sedes-para-utilizarlas-como-salas-de-audiencias","status":"publish","type":"post","link":"https:\/\/www.fiscalia.gov.co\/colombia\/noticias\/fiscalia-ofrecio-al-consejo-superior-de-la-judicatura-48-sedes-para-utilizarlas-como-salas-de-audiencias\/","title":{"rendered":"Fiscal\u00eda ofreci\u00f3 al Consejo Superior de la Judicatura 48 sedes para utilizarlas como salas de audiencias"},"content":{"rendered":"<p>Con el \u00e1nimo de facilitar la normalizaci\u00f3n de la prestaci\u00f3n del servicio de justicia a nivel nacional y conforme a los anuncios efectuados el martes 25 de noviembre de 2014 entre el Gobierno Nacional con el Ministro de la Presidencia, N\u00e9stor Humberto Mart\u00ednez; el Ministro de Justicia, Yesid Reyes, el Consejo Superior de la Judicatura y la Fiscal\u00eda General, hoy el Fiscal General de la Naci\u00f3n, Eduardo Montealegre Lynett, puso a disposici\u00f3n de los jueces de la Rep\u00fablica los siguientes (48) espacios f\u00edsicos alternos para que sean utilizados como salas para la realizaci\u00f3n de audiencias p\u00fablicas:<\/p>\n<p>&nbsp;<\/p>\n<div align=\"center\">\n<table width=\"607\" border=\"0\" cellspacing=\"0\" cellpadding=\"0\">\n<tbody>\n<tr>\n<td nowrap=\"nowrap\" width=\"165\">\n<p align=\"center\"><strong>Seccional<\/strong><strong><\/strong><\/p>\n<\/td>\n<td nowrap=\"nowrap\" width=\"235\">\n<p align=\"center\"><strong>Ubicaci\u00f3n<\/strong><strong><\/strong><\/p>\n<\/td>\n<td nowrap=\"nowrap\" width=\"207\">\n<p align=\"center\"><strong>Direcci\u00f3n<\/strong><strong><\/strong><\/p>\n<\/td>\n<\/tr>\n<tr>\n<td width=\"165\">Atl\u00e1ntico<\/td>\n<td width=\"235\">3 Salas de v\u00edctimas primer piso y 7 salas de versiones segundo piso, sede Lara Bonilla<\/td>\n<td width=\"207\">Calle 38 No. 44 &#8211; 113 Pisos 1, 2, 3, 4, 5 y 12 Edificio Lara Bonilla &#8211; Barranquilla<\/td>\n<\/tr>\n<tr>\n<td width=\"165\">Bogot\u00e1<\/td>\n<td width=\"235\">10 salas de audienciasURI Ciudad Bol\u00cdvar (2)<br \/>\nURI Kennedy (3)<br \/>\nURI Paloquemao (1)<br \/>\nURI Engativ\u00e1 (2)<br \/>\nUPJ (2)<\/td>\n<td width=\"207\">\n<ul>\n<li><span style=\"line-height: 19px;\">\u00a0<\/span><span style=\"line-height: 19px;\">Avenida Calle 51 Sur No. 7 &#8211; 74 Barrio Molinos (Cuidad Bol\u00edvar)<\/span><\/li>\n<li>Carrera 72 J No. 36 &#8211; 56 \/ 58 Sur Barrio Kennedy<\/li>\n<li>Carrera 78 A No. 77 A &#8211; 62 (Engativ\u00e1)<\/li>\n<\/ul>\n<\/td>\n<\/tr>\n<tr>\n<td width=\"165\">Nivel Central<\/td>\n<td width=\"235\">7 Salas de versiones Edificio nuevo<br \/>\n2 Salas de versiones Edificio F<br \/>\n6 Salas versiones sede Carrera 30<\/td>\n<td width=\"207\">\n<ul>\n<li>Diagonal 22 B No. 52 &#8211; 37<\/li>\n<li>Carrera 30 No. 13 &#8211; 24<\/li>\n<li>Carrera 29 No. 13 &#8211; 15 &#8211; Bogot\u00e1<\/li>\n<\/ul>\n<\/td>\n<\/tr>\n<tr>\n<td width=\"165\">Cali (Valle del Cauca)<\/td>\n<td width=\"235\">1 Sala de versiones sede Conquistadores<\/td>\n<td width=\"207\">Avenida\u00a0 Roosevelt No. 38 &#8211; 32 Pisos 1 y 2 Ed. Conquistadores &#8211; Cali<\/td>\n<\/tr>\n<tr>\n<td width=\"165\">Cesar<\/td>\n<td width=\"235\">1 Sala de versiones sede Justicia y Paz<\/td>\n<td width=\"207\">Carrera 11 A No. 12 &#8211; 62 Valledupar<\/td>\n<\/tr>\n<tr>\n<td width=\"165\">Santa Marta (Magdalena)<\/td>\n<td width=\"235\">1 Sala de versiones sede Justicia y Paz<\/td>\n<td width=\"207\">Carrera 14 No. 15 &#8211; 90 Avenida Libertador<\/td>\n<\/tr>\n<tr>\n<td width=\"165\">Medell\u00edn (Antioquia)<\/td>\n<td width=\"235\">5 Salas de versiones en la sede de La Alpujarra<\/td>\n<td width=\"207\">Carrera 52 No.. 42 &#8211; 73 Pisos 4, 5, 6, 7, 8, 20 y 21 Ed. Jos\u00e9 F\u00e9lix Restrepo (Alpujarra)<\/td>\n<\/tr>\n<tr>\n<td width=\"165\">Pasto (Nari\u00f1o)<\/td>\n<td width=\"235\">1 Sala de versiones sede Justicia y Paz<\/td>\n<td width=\"207\">Calle 19 No. 21 A &#8211; 29 Centro Bancario &#8211; Pasto<\/td>\n<\/tr>\n<tr>\n<td width=\"165\">C\u00facuta (Norte de Santander )<\/td>\n<td width=\"235\">1 Sala de versiones sede Tonchal\u00e1<\/td>\n<td width=\"207\">Calle 10\u00a0 0E-16 Centro Empresarial Hotel Tonchal\u00e1 -C\u00facuta<\/td>\n<\/tr>\n<tr>\n<td width=\"165\">Bucaramanga (Santander)<\/td>\n<td width=\"235\">3 Salas de versiones sede principal<\/td>\n<td width=\"207\">Calle 10 No. 24 &#8211; 56 Barrio Alarc\u00f3n-Bucaramanga<\/td>\n<\/tr>\n<\/tbody>\n<\/table>\n<\/div>\n<p>&nbsp;<\/p>\n<p>Para el uso de las sedes alternas habilitadas, los Consejos Seccionales de la Judicatura deber\u00e1n coordinar la log\u00edstica con la respectiva Direcci\u00f3n Seccional de la Fiscal\u00eda General de la Naci\u00f3n. El uso de los espacios del Nivel Central (B\u00fanker) de la entidad ser\u00e1 coordinado con la Direcci\u00f3n Nacional de Apoyo a la Gesti\u00f3n.<\/p>\n<p>&nbsp;<\/p>\n<p>Direcci\u00f3n Nacional de Comunicaciones Prensa y Protocolo<\/p>\n\n<div class=\"twitter-share\"><a href=\"https:\/\/twitter.com\/intent\/tweet?via=fiscaliacol\" class=\"twitter-share-button\">Tweet<\/a><\/div>\n","protected":false},"excerpt":{"rendered":"<p>Con el \u00e1nimo de facilitar la normalizaci\u00f3n de la prestaci\u00f3n del servicio de justicia a nivel nacional y conforme a los anuncios efectuados el martes 25 de noviembre de 2014 entre el Gobierno Nacional con el Ministro de la Presidencia, N\u00e9stor Humberto Mart\u00ednez; el Ministro de Justicia, Yesid Reyes, el Consejo Superior de la Judicatura [&hellip;]<\/p>\n","protected":false},"author":143,"featured_media":0,"comment_status":"closed","ping_status":"open","sticky":false,"template":"","format":"standard","meta":{"tdm_status":"","tdm_grid_status":"","footnotes":""},"categories":[1],"tags":[400,78,9769],"class_list":{"0":"post-59203","1":"post","2":"type-post","3":"status-publish","4":"format-standard","6":"category-noticias","7":"tag-eduardo-montealegre-lynett","8":"tag-fiscal-general-de-la-nacion","9":"tag-paro-judicial"},"yoast_head":"<!-- This site is optimized with the Yoast SEO plugin v24.3 - https:\/\/yoast.com\/wordpress\/plugins\/seo\/ -->\n<title>Fiscal\u00eda General de la Naci\u00f3n<\/title>\n<meta name=\"description\" content=\"P\u00e1gina oficial de la Fiscal\u00eda General de la Naci\u00f3n \u2013 Colombia. Garantizamos el acceso efectivo a la justicia, la verdad y la reparaci\u00f3n de las v\u00edctimas de los delitos.\" \/>\n<meta name=\"robots\" content=\"noindex, follow\" \/>\n<meta property=\"og:locale\" content=\"es_ES\" \/>\n<meta property=\"og:type\" content=\"article\" \/>\n<meta property=\"og:title\" content=\"Fiscal\u00eda General de la Naci\u00f3n\" \/>\n<meta property=\"og:description\" content=\"P\u00e1gina oficial de la Fiscal\u00eda General de la Naci\u00f3n \u2013 Colombia. Garantizamos el acceso efectivo a la justicia, la verdad y la reparaci\u00f3n de las v\u00edctimas de los delitos.\" \/>\n<meta property=\"og:url\" content=\"https:\/\/www.fiscalia.gov.co\/colombia\/noticias\/fiscalia-ofrecio-al-consejo-superior-de-la-judicatura-48-sedes-para-utilizarlas-como-salas-de-audiencias\/\" \/>\n<meta property=\"og:site_name\" content=\"Fiscal\u00eda General de la Naci\u00f3n\" \/>\n<meta property=\"article:publisher\" content=\"https:\/\/www.facebook.com\/FiscaliaCol\" \/>\n<meta property=\"article:published_time\" content=\"2014-11-26T11:03:07+00:00\" \/>\n<meta property=\"article:modified_time\" content=\"2014-11-26T11:26:59+00:00\" \/>\n<meta name=\"author\" content=\"dfgordillo\" \/>\n<meta name=\"twitter:card\" content=\"summary_large_image\" \/>\n<meta name=\"twitter:creator\" content=\"@FiscaliaCol\" \/>\n<meta name=\"twitter:site\" content=\"@FiscaliaCol\" \/>\n<meta name=\"twitter:label1\" content=\"Escrito por\" \/>\n\t<meta name=\"twitter:data1\" content=\"dfgordillo\" \/>\n\t<meta name=\"twitter:label2\" content=\"Tiempo de lectura\" \/>\n\t<meta name=\"twitter:data2\" content=\"2 minutos\" \/>\n<script type=\"application\/ld+json\" class=\"yoast-schema-graph\">{\"@context\":\"https:\/\/schema.org\",\"@graph\":[{\"@type\":\"Article\",\"@id\":\"https:\/\/www.fiscalia.gov.co\/colombia\/noticias\/fiscalia-ofrecio-al-consejo-superior-de-la-judicatura-48-sedes-para-utilizarlas-como-salas-de-audiencias\/#article\",\"isPartOf\":{\"@id\":\"https:\/\/www.fiscalia.gov.co\/colombia\/noticias\/fiscalia-ofrecio-al-consejo-superior-de-la-judicatura-48-sedes-para-utilizarlas-como-salas-de-audiencias\/\"},\"author\":{\"name\":\"dfgordillo\",\"@id\":\"https:\/\/www.fiscalia.gov.co\/colombia\/#\/schema\/person\/3903856a3ce2d54b094c69eb29247895\"},\"headline\":\"Fiscal\u00eda ofreci\u00f3 al Consejo Superior de la Judicatura 48 sedes para utilizarlas como salas de audiencias\",\"datePublished\":\"2014-11-26T11:03:07+00:00\",\"dateModified\":\"2014-11-26T11:26:59+00:00\",\"mainEntityOfPage\":{\"@id\":\"https:\/\/www.fiscalia.gov.co\/colombia\/noticias\/fiscalia-ofrecio-al-consejo-superior-de-la-judicatura-48-sedes-para-utilizarlas-como-salas-de-audiencias\/\"},\"wordCount\":408,\"publisher\":{\"@id\":\"https:\/\/www.fiscalia.gov.co\/colombia\/#organization\"},\"keywords\":[\"Eduardo Montealegre Lynett\",\"Fiscal General de la Naci\u00f3n\",\"Paro judicial\"],\"articleSection\":[\"Noticias\"],\"inLanguage\":\"es-CO\"},{\"@type\":\"WebPage\",\"@id\":\"https:\/\/www.fiscalia.gov.co\/colombia\/noticias\/fiscalia-ofrecio-al-consejo-superior-de-la-judicatura-48-sedes-para-utilizarlas-como-salas-de-audiencias\/\",\"url\":\"https:\/\/www.fiscalia.gov.co\/colombia\/noticias\/fiscalia-ofrecio-al-consejo-superior-de-la-judicatura-48-sedes-para-utilizarlas-como-salas-de-audiencias\/\",\"name\":\"Fiscal\u00eda General de la Naci\u00f3n\",\"isPartOf\":{\"@id\":\"https:\/\/www.fiscalia.gov.co\/colombia\/#website\"},\"datePublished\":\"2014-11-26T11:03:07+00:00\",\"dateModified\":\"2014-11-26T11:26:59+00:00\",\"description\":\"P\u00e1gina oficial de la Fiscal\u00eda General de la Naci\u00f3n \u2013 Colombia. Garantizamos el acceso efectivo a la justicia, la verdad y la reparaci\u00f3n de las v\u00edctimas de los delitos.\",\"breadcrumb\":{\"@id\":\"https:\/\/www.fiscalia.gov.co\/colombia\/noticias\/fiscalia-ofrecio-al-consejo-superior-de-la-judicatura-48-sedes-para-utilizarlas-como-salas-de-audiencias\/#breadcrumb\"},\"inLanguage\":\"es-CO\",\"potentialAction\":[{\"@type\":\"ReadAction\",\"target\":[\"https:\/\/www.fiscalia.gov.co\/colombia\/noticias\/fiscalia-ofrecio-al-consejo-superior-de-la-judicatura-48-sedes-para-utilizarlas-como-salas-de-audiencias\/\"]}]},{\"@type\":\"BreadcrumbList\",\"@id\":\"https:\/\/www.fiscalia.gov.co\/colombia\/noticias\/fiscalia-ofrecio-al-consejo-superior-de-la-judicatura-48-sedes-para-utilizarlas-como-salas-de-audiencias\/#breadcrumb\",\"itemListElement\":[{\"@type\":\"ListItem\",\"position\":1,\"name\":\"Home\",\"item\":\"https:\/\/www.fiscalia.gov.co\/colombia\/\"},{\"@type\":\"ListItem\",\"position\":2,\"name\":\"Fiscal\u00eda ofreci\u00f3 al Consejo Superior de la Judicatura 48 sedes para utilizarlas como salas de audiencias\"}]},{\"@type\":\"WebSite\",\"@id\":\"https:\/\/www.fiscalia.gov.co\/colombia\/#website\",\"url\":\"https:\/\/www.fiscalia.gov.co\/colombia\/\",\"name\":\"Fiscal\u00eda General de la Naci\u00f3n\",\"description\":\"P\u00e1gina oficial de la Fiscal\u00eda General de la Naci\u00f3n \u2013 Colombia. Garantizamos el acceso efectivo a la justicia, la verdad y la reparaci\u00f3n de las v\u00edctimas de los delitos.\",\"publisher\":{\"@id\":\"https:\/\/www.fiscalia.gov.co\/colombia\/#organization\"},\"potentialAction\":[{\"@type\":\"SearchAction\",\"target\":{\"@type\":\"EntryPoint\",\"urlTemplate\":\"https:\/\/www.fiscalia.gov.co\/colombia\/?s={search_term_string}\"},\"query-input\":{\"@type\":\"PropertyValueSpecification\",\"valueRequired\":true,\"valueName\":\"search_term_string\"}}],\"inLanguage\":\"es-CO\"},{\"@type\":\"Organization\",\"@id\":\"https:\/\/www.fiscalia.gov.co\/colombia\/#organization\",\"name\":\"Fiscal\u00eda General de la Naci\u00f3n\",\"url\":\"https:\/\/www.fiscalia.gov.co\/colombia\/\",\"logo\":{\"@type\":\"ImageObject\",\"inLanguage\":\"es-CO\",\"@id\":\"https:\/\/www.fiscalia.gov.co\/colombia\/#\/schema\/logo\/image\/\",\"url\":\"https:\/\/www.fiscalia.gov.co\/colombia\/wp-content\/uploads\/LogoHorizontal_1.jpg\",\"contentUrl\":\"https:\/\/www.fiscalia.gov.co\/colombia\/wp-content\/uploads\/LogoHorizontal_1.jpg\",\"width\":300,\"height\":90,\"caption\":\"Fiscal\u00eda General de la Naci\u00f3n\"},\"image\":{\"@id\":\"https:\/\/www.fiscalia.gov.co\/colombia\/#\/schema\/logo\/image\/\"},\"sameAs\":[\"https:\/\/www.facebook.com\/FiscaliaCol\",\"https:\/\/x.com\/FiscaliaCol\",\"https:\/\/www.instagram.com\/fiscaliacol\",\"https:\/\/www.linkedin.com\/company\/fiscalia-general-de-la-naci-n\/\",\"https:\/\/youtube.com\/@fiscaliageneraldelanacion-4668?si=6nN79nyQICPU5iTh\"]},{\"@type\":\"Person\",\"@id\":\"https:\/\/www.fiscalia.gov.co\/colombia\/#\/schema\/person\/3903856a3ce2d54b094c69eb29247895\",\"name\":\"dfgordillo\",\"image\":{\"@type\":\"ImageObject\",\"inLanguage\":\"es-CO\",\"@id\":\"https:\/\/www.fiscalia.gov.co\/colombia\/#\/schema\/person\/image\/\",\"url\":\"https:\/\/secure.gravatar.com\/avatar\/b6356e21c5657c60757fe6fb9493e947?s=96&d=mm&r=g\",\"contentUrl\":\"https:\/\/secure.gravatar.com\/avatar\/b6356e21c5657c60757fe6fb9493e947?s=96&d=mm&r=g\",\"caption\":\"dfgordillo\"},\"sameAs\":[\"dfgordillo\"],\"url\":\"https:\/\/www.fiscalia.gov.co\/colombia\/author\/dfgordillo\/\"}]}<\/script>\n<!-- \/ Yoast SEO plugin. -->","yoast_head_json":{"title":"Fiscal\u00eda General de la Naci\u00f3n","description":"P\u00e1gina oficial de la Fiscal\u00eda General de la Naci\u00f3n \u2013 Colombia. Garantizamos el acceso efectivo a la justicia, la verdad y la reparaci\u00f3n de las v\u00edctimas de los delitos.","robots":{"index":"noindex","follow":"follow"},"og_locale":"es_ES","og_type":"article","og_title":"Fiscal\u00eda General de la Naci\u00f3n","og_description":"P\u00e1gina oficial de la Fiscal\u00eda General de la Naci\u00f3n \u2013 Colombia. Garantizamos el acceso efectivo a la justicia, la verdad y la reparaci\u00f3n de las v\u00edctimas de los delitos.","og_url":"https:\/\/www.fiscalia.gov.co\/colombia\/noticias\/fiscalia-ofrecio-al-consejo-superior-de-la-judicatura-48-sedes-para-utilizarlas-como-salas-de-audiencias\/","og_site_name":"Fiscal\u00eda General de la Naci\u00f3n","article_publisher":"https:\/\/www.facebook.com\/FiscaliaCol","article_published_time":"2014-11-26T11:03:07+00:00","article_modified_time":"2014-11-26T11:26:59+00:00","author":"dfgordillo","twitter_card":"summary_large_image","twitter_creator":"@FiscaliaCol","twitter_site":"@FiscaliaCol","twitter_misc":{"Escrito por":"dfgordillo","Tiempo de lectura":"2 minutos"},"schema":{"@context":"https:\/\/schema.org","@graph":[{"@type":"Article","@id":"https:\/\/www.fiscalia.gov.co\/colombia\/noticias\/fiscalia-ofrecio-al-consejo-superior-de-la-judicatura-48-sedes-para-utilizarlas-como-salas-de-audiencias\/#article","isPartOf":{"@id":"https:\/\/www.fiscalia.gov.co\/colombia\/noticias\/fiscalia-ofrecio-al-consejo-superior-de-la-judicatura-48-sedes-para-utilizarlas-como-salas-de-audiencias\/"},"author":{"name":"dfgordillo","@id":"https:\/\/www.fiscalia.gov.co\/colombia\/#\/schema\/person\/3903856a3ce2d54b094c69eb29247895"},"headline":"Fiscal\u00eda ofreci\u00f3 al Consejo Superior de la Judicatura 48 sedes para utilizarlas como salas de audiencias","datePublished":"2014-11-26T11:03:07+00:00","dateModified":"2014-11-26T11:26:59+00:00","mainEntityOfPage":{"@id":"https:\/\/www.fiscalia.gov.co\/colombia\/noticias\/fiscalia-ofrecio-al-consejo-superior-de-la-judicatura-48-sedes-para-utilizarlas-como-salas-de-audiencias\/"},"wordCount":408,"publisher":{"@id":"https:\/\/www.fiscalia.gov.co\/colombia\/#organization"},"keywords":["Eduardo Montealegre Lynett","Fiscal General de la Naci\u00f3n","Paro judicial"],"articleSection":["Noticias"],"inLanguage":"es-CO"},{"@type":"WebPage","@id":"https:\/\/www.fiscalia.gov.co\/colombia\/noticias\/fiscalia-ofrecio-al-consejo-superior-de-la-judicatura-48-sedes-para-utilizarlas-como-salas-de-audiencias\/","url":"https:\/\/www.fiscalia.gov.co\/colombia\/noticias\/fiscalia-ofrecio-al-consejo-superior-de-la-judicatura-48-sedes-para-utilizarlas-como-salas-de-audiencias\/","name":"Fiscal\u00eda General de la Naci\u00f3n","isPartOf":{"@id":"https:\/\/www.fiscalia.gov.co\/colombia\/#website"},"datePublished":"2014-11-26T11:03:07+00:00","dateModified":"2014-11-26T11:26:59+00:00","description":"P\u00e1gina oficial de la Fiscal\u00eda General de la Naci\u00f3n \u2013 Colombia. Garantizamos el acceso efectivo a la justicia, la verdad y la reparaci\u00f3n de las v\u00edctimas de los delitos.","breadcrumb":{"@id":"https:\/\/www.fiscalia.gov.co\/colombia\/noticias\/fiscalia-ofrecio-al-consejo-superior-de-la-judicatura-48-sedes-para-utilizarlas-como-salas-de-audiencias\/#breadcrumb"},"inLanguage":"es-CO","potentialAction":[{"@type":"ReadAction","target":["https:\/\/www.fiscalia.gov.co\/colombia\/noticias\/fiscalia-ofrecio-al-consejo-superior-de-la-judicatura-48-sedes-para-utilizarlas-como-salas-de-audiencias\/"]}]},{"@type":"BreadcrumbList","@id":"https:\/\/www.fiscalia.gov.co\/colombia\/noticias\/fiscalia-ofrecio-al-consejo-superior-de-la-judicatura-48-sedes-para-utilizarlas-como-salas-de-audiencias\/#breadcrumb","itemListElement":[{"@type":"ListItem","position":1,"name":"Home","item":"https:\/\/www.fiscalia.gov.co\/colombia\/"},{"@type":"ListItem","position":2,"name":"Fiscal\u00eda ofreci\u00f3 al Consejo Superior de la Judicatura 48 sedes para utilizarlas como salas de audiencias"}]},{"@type":"WebSite","@id":"https:\/\/www.fiscalia.gov.co\/colombia\/#website","url":"https:\/\/www.fiscalia.gov.co\/colombia\/","name":"Fiscal\u00eda General de la Naci\u00f3n","description":"P\u00e1gina oficial de la Fiscal\u00eda General de la Naci\u00f3n \u2013 Colombia. Garantizamos el acceso efectivo a la justicia, la verdad y la reparaci\u00f3n de las v\u00edctimas de los delitos.","publisher":{"@id":"https:\/\/www.fiscalia.gov.co\/colombia\/#organization"},"potentialAction":[{"@type":"SearchAction","target":{"@type":"EntryPoint","urlTemplate":"https:\/\/www.fiscalia.gov.co\/colombia\/?s={search_term_string}"},"query-input":{"@type":"PropertyValueSpecification","valueRequired":true,"valueName":"search_term_string"}}],"inLanguage":"es-CO"},{"@type":"Organization","@id":"https:\/\/www.fiscalia.gov.co\/colombia\/#organization","name":"Fiscal\u00eda General de la Naci\u00f3n","url":"https:\/\/www.fiscalia.gov.co\/colombia\/","logo":{"@type":"ImageObject","inLanguage":"es-CO","@id":"https:\/\/www.fiscalia.gov.co\/colombia\/#\/schema\/logo\/image\/","url":"https:\/\/www.fiscalia.gov.co\/colombia\/wp-content\/uploads\/LogoHorizontal_1.jpg","contentUrl":"https:\/\/www.fiscalia.gov.co\/colombia\/wp-content\/uploads\/LogoHorizontal_1.jpg","width":300,"height":90,"caption":"Fiscal\u00eda General de la Naci\u00f3n"},"image":{"@id":"https:\/\/www.fiscalia.gov.co\/colombia\/#\/schema\/logo\/image\/"},"sameAs":["https:\/\/www.facebook.com\/FiscaliaCol","https:\/\/x.com\/FiscaliaCol","https:\/\/www.instagram.com\/fiscaliacol","https:\/\/www.linkedin.com\/company\/fiscalia-general-de-la-naci-n\/","https:\/\/youtube.com\/@fiscaliageneraldelanacion-4668?si=6nN79nyQICPU5iTh"]},{"@type":"Person","@id":"https:\/\/www.fiscalia.gov.co\/colombia\/#\/schema\/person\/3903856a3ce2d54b094c69eb29247895","name":"dfgordillo","image":{"@type":"ImageObject","inLanguage":"es-CO","@id":"https:\/\/www.fiscalia.gov.co\/colombia\/#\/schema\/person\/image\/","url":"https:\/\/secure.gravatar.com\/avatar\/b6356e21c5657c60757fe6fb9493e947?s=96&d=mm&r=g","contentUrl":"https:\/\/secure.gravatar.com\/avatar\/b6356e21c5657c60757fe6fb9493e947?s=96&d=mm&r=g","caption":"dfgordillo"},"sameAs":["dfgordillo"],"url":"https:\/\/www.fiscalia.gov.co\/colombia\/author\/dfgordillo\/"}]}},"_links":{"self":[{"href":"https:\/\/www.fiscalia.gov.co\/colombia\/wp-json\/wp\/v2\/posts\/59203","targetHints":{"allow":["GET"]}}],"collection":[{"href":"https:\/\/www.fiscalia.gov.co\/colombia\/wp-json\/wp\/v2\/posts"}],"about":[{"href":"https:\/\/www.fiscalia.gov.co\/colombia\/wp-json\/wp\/v2\/types\/post"}],"author":[{"embeddable":true,"href":"https:\/\/www.fiscalia.gov.co\/colombia\/wp-json\/wp\/v2\/users\/143"}],"replies":[{"embeddable":true,"href":"https:\/\/www.fiscalia.gov.co\/colombia\/wp-json\/wp\/v2\/comments?post=59203"}],"version-history":[{"count":20,"href":"https:\/\/www.fiscalia.gov.co\/colombia\/wp-json\/wp\/v2\/posts\/59203\/revisions"}],"predecessor-version":[{"id":59223,"href":"https:\/\/www.fiscalia.gov.co\/colombia\/wp-json\/wp\/v2\/posts\/59203\/revisions\/59223"}],"wp:attachment":[{"href":"https:\/\/www.fiscalia.gov.co\/colombia\/wp-json\/wp\/v2\/media?parent=59203"}],"wp:term":[{"taxonomy":"category","embeddable":true,"href":"https:\/\/www.fiscalia.gov.co\/colombia\/wp-json\/wp\/v2\/categories?post=59203"},{"taxonomy":"post_tag","embeddable":true,"href":"https:\/\/www.fiscalia.gov.co\/colombia\/wp-json\/wp\/v2\/tags?post=59203"}],"curies":[{"name":"wp","href":"https:\/\/api.w.org\/{rel}","templated":true}]}}