{"id":58995,"date":"2014-11-21T11:55:36","date_gmt":"2014-11-21T16:55:36","guid":{"rendered":"http:\/\/www.fiscalia.gov.co\/colombia\/?p=58995"},"modified":"2014-11-21T12:27:23","modified_gmt":"2014-11-21T17:27:23","slug":"fiscalia-archiva-investigacion-en-favor-del-alcalde-gustavo-petro-por-proceso-de-recoleccion-de-basuras","status":"publish","type":"post","link":"https:\/\/www.fiscalia.gov.co\/colombia\/noticias\/destacada\/fiscalia-archiva-investigacion-en-favor-del-alcalde-gustavo-petro-por-proceso-de-recoleccion-de-basuras\/","title":{"rendered":"Fiscal\u00eda archiva investigaci\u00f3n en favor del alcalde Gustavo Petro por proceso de recolecci\u00f3n de basuras"},"content":{"rendered":"<p>En relaci\u00f3n con las presuntas irregularidades en el llamado nuevo modelo de aseo de Bogot\u00e1 y las fallas en este servicio durante el mes de diciembre de 2012, la Fiscal\u00eda General de la Naci\u00f3n informa a la opini\u00f3n p\u00fablica:<\/p>\n<p>1. Frente a esta tem\u00e1tica se recibieron 11 noticias criminales, las cuales se han resuelto mediante una investigaci\u00f3n \u00fanica.<\/p>\n<p>2. Fruto de la misma investigaci\u00f3n, se archiv\u00f3 el proceso por los delitos de contrato sin cumplimiento de requisitos legales, inter\u00e9s indebido en la celebraci\u00f3n de contratos, concierto para delinquir y prevaricato por acci\u00f3n, respecto del Alcalde Mayor de Bogot\u00e1, Gustavo Francisco Petro Urrego; Diego Jos\u00e9 Fernando Bravo Borda, exgerente de la EAB (Empresa de Acueducto de Bogot\u00e1); as\u00ed como de Henry Romero Trujillo, exdirector de la Uaesp (Unidad Administrativa Especial de Servicios P\u00fablicos).<\/p>\n<p>Esta decisi\u00f3n se produce al concluir que no existen elementos para considerar la comisi\u00f3n de delitos en lo relacionado con otros hechos que fueron objeto de denuncia, tales como la celebraci\u00f3n del contrato 017 entre la Uaesp y la EAB, la expedici\u00f3n del Decreto 564 de 2012, la importaci\u00f3n de veh\u00edculos compactadores, y la autorizaci\u00f3n temporal para utilizar volquetas para la recolecci\u00f3n de basuras.<\/p>\n<p>Igualmente, se archiv\u00f3 la investigaci\u00f3n frente al supuesto complot de operadores privados contra la Administraci\u00f3n Distrital, y las presuntas irregularidades en la falta de devoluci\u00f3n de los camiones por parte de dichos operadores.<\/p>\n<p>3. Como consecuencia de dicha labor investigativa se concluy\u00f3 que existen elementos para formular imputaci\u00f3n, por el delito de prevaricato por acci\u00f3n, en contra de funcionarios de la Administraci\u00f3n Distrital, en particular de Nelly Mogoll\u00f3n Monta\u00f1ez, exdirectora de la Uaesp, al declarar la existencia de urgencia manifiesta mediante la Resoluci\u00f3n No. 768 del 17 de diciembre de 2012 sin que existieran las condiciones de imprevisibilidad que la ley exige para ello. Tambi\u00e9n, en contra de Carlos Rojas Rivera, subdirector de Asuntos Legales de la Uaesp, por las limitaciones impuestas al libre acceso al relleno sanitario Do\u00f1a Juana. Los detalles de dicha actuaci\u00f3n se conocer\u00e1n en la respectiva audiencia de imputaci\u00f3n, la cual se solicitar\u00e1 en los pr\u00f3ximos d\u00edas una vez se levante el paro judicial.<\/p>\n<p>Seg\u00fan lo establecido, esas restricciones al libre acceso al relleno por parte de cualquier operador del servicio de aseo, explicar\u00eda el colapso que se dio en la prestaci\u00f3n de este servicio p\u00fablico durante el mes de diciembre de 2012.<\/p>\n<p>4. La Fiscal\u00eda compulsar\u00e1 copias para investigar penalmente por el delito de falso testimonio a Manuel S\u00e1nchez y Emilio Tapia, en virtud de las graves inconsistencias en que incurrieron en sus declaraciones juramentadas sobre el supuesto complot de operadores privados del servicio de aseo.<\/p>\n<p>5. Asimismo, la Fiscal\u00eda determin\u00f3 que la ausencia de recolecci\u00f3n de basura en Bogot\u00e1 durante los d\u00edas 18, 19 y 20 de diciembre de 2012, no gener\u00f3 contaminaci\u00f3n ambiental en los t\u00e9rminos que contempla el C\u00f3digo Penal.<\/p>\n<p>6. Finalmente, respecto a los sobrecostos y otras posibles irregularidades en la adquisici\u00f3n de veh\u00edculos y su mantenimiento en la empresa Aguas de Bogot\u00e1, al evidenciarse que las actividades presuntamente irregulares se siguen presentando, se considera prudente disponer que contin\u00faen las investigaciones correspondientes.<\/p>\n<p>__________________________________________<\/p>\n<p><strong>Rueda de prensa Jorge Fernando Perdomo, Vicefiscal General de la Naci\u00f3n<\/strong><\/p>\n[audio:\u00a0http:\/\/www.fiscalia.gov.co\/colombia\/wp-content\/uploads\/20141121a.mp3|titles=Declaraciones]\n<p><a title=\"Descargar audio \" href=\" http:\/\/www.fiscalia.gov.co\/colombia\/wp-content\/uploads\/20141121a.mp3\" target=\"_blank\">Descargar<\/a><\/p>\n<p>Tema:\u00a0Fiscal\u00eda archiva investigaci\u00f3n en favor del alcalde Gustavo Petro por proceso de recolecci\u00f3n de basuras<strong><br \/>\n<\/strong>Lugar: Nivel Central, Bogot\u00e1<br \/>\nFecha: 21 de noviembre de 2014<\/p>\n<p>&nbsp;<\/p>\n\n<div class=\"twitter-share\"><a href=\"https:\/\/twitter.com\/intent\/tweet?via=fiscaliacol\" class=\"twitter-share-button\">Tweet<\/a><\/div>\n","protected":false},"excerpt":{"rendered":"<p>En relaci\u00f3n con las presuntas irregularidades en el llamado nuevo modelo de aseo de Bogot\u00e1 y las fallas en este servicio durante el mes de diciembre de 2012, la Fiscal\u00eda General de la Naci\u00f3n<\/p>\n","protected":false},"author":143,"featured_media":0,"comment_status":"closed","ping_status":"open","sticky":false,"template":"","format":"standard","meta":{"tdm_status":"","tdm_grid_status":"","footnotes":""},"categories":[3],"tags":[360],"class_list":["post-58995","post","type-post","status-publish","format-standard","category-destacada","tag-gustavo-petro"],"yoast_head":"<!-- This site is optimized with the Yoast SEO plugin v24.3 - https:\/\/yoast.com\/wordpress\/plugins\/seo\/ -->\n<title>Fiscal\u00eda General de la Naci\u00f3n<\/title>\n<meta name=\"description\" content=\"P\u00e1gina oficial de la Fiscal\u00eda General de la Naci\u00f3n \u2013 Colombia. Garantizamos el acceso efectivo a la justicia, la verdad y la reparaci\u00f3n de las v\u00edctimas de los delitos.\" \/>\n<meta name=\"robots\" content=\"noindex, follow\" \/>\n<meta property=\"og:locale\" content=\"es_ES\" \/>\n<meta property=\"og:type\" content=\"article\" \/>\n<meta property=\"og:title\" content=\"Fiscal\u00eda General de la Naci\u00f3n\" \/>\n<meta property=\"og:description\" content=\"P\u00e1gina oficial de la Fiscal\u00eda General de la Naci\u00f3n \u2013 Colombia. Garantizamos el acceso efectivo a la justicia, la verdad y la reparaci\u00f3n de las v\u00edctimas de los delitos.\" \/>\n<meta property=\"og:url\" content=\"https:\/\/www.fiscalia.gov.co\/colombia\/noticias\/destacada\/fiscalia-archiva-investigacion-en-favor-del-alcalde-gustavo-petro-por-proceso-de-recoleccion-de-basuras\/\" \/>\n<meta property=\"og:site_name\" content=\"Fiscal\u00eda General de la Naci\u00f3n\" \/>\n<meta property=\"article:publisher\" content=\"https:\/\/www.facebook.com\/FiscaliaCol\" \/>\n<meta property=\"article:published_time\" content=\"2014-11-21T16:55:36+00:00\" \/>\n<meta property=\"article:modified_time\" content=\"2014-11-21T17:27:23+00:00\" \/>\n<meta name=\"author\" content=\"dfgordillo\" \/>\n<meta name=\"twitter:card\" content=\"summary_large_image\" \/>\n<meta name=\"twitter:creator\" content=\"@FiscaliaCol\" \/>\n<meta name=\"twitter:site\" content=\"@FiscaliaCol\" \/>\n<meta name=\"twitter:label1\" content=\"Escrito por\" \/>\n\t<meta name=\"twitter:data1\" content=\"dfgordillo\" \/>\n\t<meta name=\"twitter:label2\" content=\"Tiempo de lectura\" \/>\n\t<meta name=\"twitter:data2\" content=\"3 minutos\" \/>\n<script type=\"application\/ld+json\" class=\"yoast-schema-graph\">{\"@context\":\"https:\/\/schema.org\",\"@graph\":[{\"@type\":\"Article\",\"@id\":\"https:\/\/www.fiscalia.gov.co\/colombia\/noticias\/destacada\/fiscalia-archiva-investigacion-en-favor-del-alcalde-gustavo-petro-por-proceso-de-recoleccion-de-basuras\/#article\",\"isPartOf\":{\"@id\":\"https:\/\/www.fiscalia.gov.co\/colombia\/noticias\/destacada\/fiscalia-archiva-investigacion-en-favor-del-alcalde-gustavo-petro-por-proceso-de-recoleccion-de-basuras\/\"},\"author\":{\"name\":\"dfgordillo\",\"@id\":\"https:\/\/www.fiscalia.gov.co\/colombia\/#\/schema\/person\/3903856a3ce2d54b094c69eb29247895\"},\"headline\":\"Fiscal\u00eda archiva investigaci\u00f3n en favor del alcalde Gustavo Petro por proceso de recolecci\u00f3n de basuras\",\"datePublished\":\"2014-11-21T16:55:36+00:00\",\"dateModified\":\"2014-11-21T17:27:23+00:00\",\"mainEntityOfPage\":{\"@id\":\"https:\/\/www.fiscalia.gov.co\/colombia\/noticias\/destacada\/fiscalia-archiva-investigacion-en-favor-del-alcalde-gustavo-petro-por-proceso-de-recoleccion-de-basuras\/\"},\"wordCount\":621,\"publisher\":{\"@id\":\"https:\/\/www.fiscalia.gov.co\/colombia\/#organization\"},\"keywords\":[\"Gustavo Petro\"],\"articleSection\":[\"Destacada\"],\"inLanguage\":\"es-CO\"},{\"@type\":\"WebPage\",\"@id\":\"https:\/\/www.fiscalia.gov.co\/colombia\/noticias\/destacada\/fiscalia-archiva-investigacion-en-favor-del-alcalde-gustavo-petro-por-proceso-de-recoleccion-de-basuras\/\",\"url\":\"https:\/\/www.fiscalia.gov.co\/colombia\/noticias\/destacada\/fiscalia-archiva-investigacion-en-favor-del-alcalde-gustavo-petro-por-proceso-de-recoleccion-de-basuras\/\",\"name\":\"Fiscal\u00eda General de la Naci\u00f3n\",\"isPartOf\":{\"@id\":\"https:\/\/www.fiscalia.gov.co\/colombia\/#website\"},\"datePublished\":\"2014-11-21T16:55:36+00:00\",\"dateModified\":\"2014-11-21T17:27:23+00:00\",\"description\":\"P\u00e1gina oficial de la Fiscal\u00eda General de la Naci\u00f3n \u2013 Colombia. Garantizamos el acceso efectivo a la justicia, la verdad y la reparaci\u00f3n de las v\u00edctimas de los delitos.\",\"breadcrumb\":{\"@id\":\"https:\/\/www.fiscalia.gov.co\/colombia\/noticias\/destacada\/fiscalia-archiva-investigacion-en-favor-del-alcalde-gustavo-petro-por-proceso-de-recoleccion-de-basuras\/#breadcrumb\"},\"inLanguage\":\"es-CO\",\"potentialAction\":[{\"@type\":\"ReadAction\",\"target\":[\"https:\/\/www.fiscalia.gov.co\/colombia\/noticias\/destacada\/fiscalia-archiva-investigacion-en-favor-del-alcalde-gustavo-petro-por-proceso-de-recoleccion-de-basuras\/\"]}]},{\"@type\":\"BreadcrumbList\",\"@id\":\"https:\/\/www.fiscalia.gov.co\/colombia\/noticias\/destacada\/fiscalia-archiva-investigacion-en-favor-del-alcalde-gustavo-petro-por-proceso-de-recoleccion-de-basuras\/#breadcrumb\",\"itemListElement\":[{\"@type\":\"ListItem\",\"position\":1,\"name\":\"Home\",\"item\":\"https:\/\/www.fiscalia.gov.co\/colombia\/\"},{\"@type\":\"ListItem\",\"position\":2,\"name\":\"Fiscal\u00eda archiva investigaci\u00f3n en favor del alcalde Gustavo Petro por proceso de recolecci\u00f3n de basuras\"}]},{\"@type\":\"WebSite\",\"@id\":\"https:\/\/www.fiscalia.gov.co\/colombia\/#website\",\"url\":\"https:\/\/www.fiscalia.gov.co\/colombia\/\",\"name\":\"Fiscal\u00eda General de la Naci\u00f3n\",\"description\":\"P\u00e1gina oficial de la Fiscal\u00eda General de la Naci\u00f3n \u2013 Colombia. Garantizamos el acceso efectivo a la justicia, la verdad y la reparaci\u00f3n de las v\u00edctimas de los delitos.\",\"publisher\":{\"@id\":\"https:\/\/www.fiscalia.gov.co\/colombia\/#organization\"},\"potentialAction\":[{\"@type\":\"SearchAction\",\"target\":{\"@type\":\"EntryPoint\",\"urlTemplate\":\"https:\/\/www.fiscalia.gov.co\/colombia\/?s={search_term_string}\"},\"query-input\":{\"@type\":\"PropertyValueSpecification\",\"valueRequired\":true,\"valueName\":\"search_term_string\"}}],\"inLanguage\":\"es-CO\"},{\"@type\":\"Organization\",\"@id\":\"https:\/\/www.fiscalia.gov.co\/colombia\/#organization\",\"name\":\"Fiscal\u00eda General de la Naci\u00f3n\",\"url\":\"https:\/\/www.fiscalia.gov.co\/colombia\/\",\"logo\":{\"@type\":\"ImageObject\",\"inLanguage\":\"es-CO\",\"@id\":\"https:\/\/www.fiscalia.gov.co\/colombia\/#\/schema\/logo\/image\/\",\"url\":\"https:\/\/www.fiscalia.gov.co\/colombia\/wp-content\/uploads\/LogoHorizontal_1.jpg\",\"contentUrl\":\"https:\/\/www.fiscalia.gov.co\/colombia\/wp-content\/uploads\/LogoHorizontal_1.jpg\",\"width\":300,\"height\":90,\"caption\":\"Fiscal\u00eda General de la Naci\u00f3n\"},\"image\":{\"@id\":\"https:\/\/www.fiscalia.gov.co\/colombia\/#\/schema\/logo\/image\/\"},\"sameAs\":[\"https:\/\/www.facebook.com\/FiscaliaCol\",\"https:\/\/x.com\/FiscaliaCol\",\"https:\/\/www.instagram.com\/fiscaliacol\",\"https:\/\/www.linkedin.com\/company\/fiscalia-general-de-la-naci-n\/\",\"https:\/\/youtube.com\/@fiscaliageneraldelanacion-4668?si=6nN79nyQICPU5iTh\"]},{\"@type\":\"Person\",\"@id\":\"https:\/\/www.fiscalia.gov.co\/colombia\/#\/schema\/person\/3903856a3ce2d54b094c69eb29247895\",\"name\":\"dfgordillo\",\"image\":{\"@type\":\"ImageObject\",\"inLanguage\":\"es-CO\",\"@id\":\"https:\/\/www.fiscalia.gov.co\/colombia\/#\/schema\/person\/image\/\",\"url\":\"https:\/\/secure.gravatar.com\/avatar\/b6356e21c5657c60757fe6fb9493e947?s=96&d=mm&r=g\",\"contentUrl\":\"https:\/\/secure.gravatar.com\/avatar\/b6356e21c5657c60757fe6fb9493e947?s=96&d=mm&r=g\",\"caption\":\"dfgordillo\"},\"sameAs\":[\"dfgordillo\"],\"url\":\"https:\/\/www.fiscalia.gov.co\/colombia\/author\/dfgordillo\/\"}]}<\/script>\n<!-- \/ Yoast SEO plugin. -->","yoast_head_json":{"title":"Fiscal\u00eda General de la Naci\u00f3n","description":"P\u00e1gina oficial de la Fiscal\u00eda General de la Naci\u00f3n \u2013 Colombia. Garantizamos el acceso efectivo a la justicia, la verdad y la reparaci\u00f3n de las v\u00edctimas de los delitos.","robots":{"index":"noindex","follow":"follow"},"og_locale":"es_ES","og_type":"article","og_title":"Fiscal\u00eda General de la Naci\u00f3n","og_description":"P\u00e1gina oficial de la Fiscal\u00eda General de la Naci\u00f3n \u2013 Colombia. Garantizamos el acceso efectivo a la justicia, la verdad y la reparaci\u00f3n de las v\u00edctimas de los delitos.","og_url":"https:\/\/www.fiscalia.gov.co\/colombia\/noticias\/destacada\/fiscalia-archiva-investigacion-en-favor-del-alcalde-gustavo-petro-por-proceso-de-recoleccion-de-basuras\/","og_site_name":"Fiscal\u00eda General de la Naci\u00f3n","article_publisher":"https:\/\/www.facebook.com\/FiscaliaCol","article_published_time":"2014-11-21T16:55:36+00:00","article_modified_time":"2014-11-21T17:27:23+00:00","author":"dfgordillo","twitter_card":"summary_large_image","twitter_creator":"@FiscaliaCol","twitter_site":"@FiscaliaCol","twitter_misc":{"Escrito por":"dfgordillo","Tiempo de lectura":"3 minutos"},"schema":{"@context":"https:\/\/schema.org","@graph":[{"@type":"Article","@id":"https:\/\/www.fiscalia.gov.co\/colombia\/noticias\/destacada\/fiscalia-archiva-investigacion-en-favor-del-alcalde-gustavo-petro-por-proceso-de-recoleccion-de-basuras\/#article","isPartOf":{"@id":"https:\/\/www.fiscalia.gov.co\/colombia\/noticias\/destacada\/fiscalia-archiva-investigacion-en-favor-del-alcalde-gustavo-petro-por-proceso-de-recoleccion-de-basuras\/"},"author":{"name":"dfgordillo","@id":"https:\/\/www.fiscalia.gov.co\/colombia\/#\/schema\/person\/3903856a3ce2d54b094c69eb29247895"},"headline":"Fiscal\u00eda archiva investigaci\u00f3n en favor del alcalde Gustavo Petro por proceso de recolecci\u00f3n de basuras","datePublished":"2014-11-21T16:55:36+00:00","dateModified":"2014-11-21T17:27:23+00:00","mainEntityOfPage":{"@id":"https:\/\/www.fiscalia.gov.co\/colombia\/noticias\/destacada\/fiscalia-archiva-investigacion-en-favor-del-alcalde-gustavo-petro-por-proceso-de-recoleccion-de-basuras\/"},"wordCount":621,"publisher":{"@id":"https:\/\/www.fiscalia.gov.co\/colombia\/#organization"},"keywords":["Gustavo Petro"],"articleSection":["Destacada"],"inLanguage":"es-CO"},{"@type":"WebPage","@id":"https:\/\/www.fiscalia.gov.co\/colombia\/noticias\/destacada\/fiscalia-archiva-investigacion-en-favor-del-alcalde-gustavo-petro-por-proceso-de-recoleccion-de-basuras\/","url":"https:\/\/www.fiscalia.gov.co\/colombia\/noticias\/destacada\/fiscalia-archiva-investigacion-en-favor-del-alcalde-gustavo-petro-por-proceso-de-recoleccion-de-basuras\/","name":"Fiscal\u00eda General de la Naci\u00f3n","isPartOf":{"@id":"https:\/\/www.fiscalia.gov.co\/colombia\/#website"},"datePublished":"2014-11-21T16:55:36+00:00","dateModified":"2014-11-21T17:27:23+00:00","description":"P\u00e1gina oficial de la Fiscal\u00eda General de la Naci\u00f3n \u2013 Colombia. Garantizamos el acceso efectivo a la justicia, la verdad y la reparaci\u00f3n de las v\u00edctimas de los delitos.","breadcrumb":{"@id":"https:\/\/www.fiscalia.gov.co\/colombia\/noticias\/destacada\/fiscalia-archiva-investigacion-en-favor-del-alcalde-gustavo-petro-por-proceso-de-recoleccion-de-basuras\/#breadcrumb"},"inLanguage":"es-CO","potentialAction":[{"@type":"ReadAction","target":["https:\/\/www.fiscalia.gov.co\/colombia\/noticias\/destacada\/fiscalia-archiva-investigacion-en-favor-del-alcalde-gustavo-petro-por-proceso-de-recoleccion-de-basuras\/"]}]},{"@type":"BreadcrumbList","@id":"https:\/\/www.fiscalia.gov.co\/colombia\/noticias\/destacada\/fiscalia-archiva-investigacion-en-favor-del-alcalde-gustavo-petro-por-proceso-de-recoleccion-de-basuras\/#breadcrumb","itemListElement":[{"@type":"ListItem","position":1,"name":"Home","item":"https:\/\/www.fiscalia.gov.co\/colombia\/"},{"@type":"ListItem","position":2,"name":"Fiscal\u00eda archiva investigaci\u00f3n en favor del alcalde Gustavo Petro por proceso de recolecci\u00f3n de basuras"}]},{"@type":"WebSite","@id":"https:\/\/www.fiscalia.gov.co\/colombia\/#website","url":"https:\/\/www.fiscalia.gov.co\/colombia\/","name":"Fiscal\u00eda General de la Naci\u00f3n","description":"P\u00e1gina oficial de la Fiscal\u00eda General de la Naci\u00f3n \u2013 Colombia. Garantizamos el acceso efectivo a la justicia, la verdad y la reparaci\u00f3n de las v\u00edctimas de los delitos.","publisher":{"@id":"https:\/\/www.fiscalia.gov.co\/colombia\/#organization"},"potentialAction":[{"@type":"SearchAction","target":{"@type":"EntryPoint","urlTemplate":"https:\/\/www.fiscalia.gov.co\/colombia\/?s={search_term_string}"},"query-input":{"@type":"PropertyValueSpecification","valueRequired":true,"valueName":"search_term_string"}}],"inLanguage":"es-CO"},{"@type":"Organization","@id":"https:\/\/www.fiscalia.gov.co\/colombia\/#organization","name":"Fiscal\u00eda General de la Naci\u00f3n","url":"https:\/\/www.fiscalia.gov.co\/colombia\/","logo":{"@type":"ImageObject","inLanguage":"es-CO","@id":"https:\/\/www.fiscalia.gov.co\/colombia\/#\/schema\/logo\/image\/","url":"https:\/\/www.fiscalia.gov.co\/colombia\/wp-content\/uploads\/LogoHorizontal_1.jpg","contentUrl":"https:\/\/www.fiscalia.gov.co\/colombia\/wp-content\/uploads\/LogoHorizontal_1.jpg","width":300,"height":90,"caption":"Fiscal\u00eda General de la Naci\u00f3n"},"image":{"@id":"https:\/\/www.fiscalia.gov.co\/colombia\/#\/schema\/logo\/image\/"},"sameAs":["https:\/\/www.facebook.com\/FiscaliaCol","https:\/\/x.com\/FiscaliaCol","https:\/\/www.instagram.com\/fiscaliacol","https:\/\/www.linkedin.com\/company\/fiscalia-general-de-la-naci-n\/","https:\/\/youtube.com\/@fiscaliageneraldelanacion-4668?si=6nN79nyQICPU5iTh"]},{"@type":"Person","@id":"https:\/\/www.fiscalia.gov.co\/colombia\/#\/schema\/person\/3903856a3ce2d54b094c69eb29247895","name":"dfgordillo","image":{"@type":"ImageObject","inLanguage":"es-CO","@id":"https:\/\/www.fiscalia.gov.co\/colombia\/#\/schema\/person\/image\/","url":"https:\/\/secure.gravatar.com\/avatar\/b6356e21c5657c60757fe6fb9493e947?s=96&d=mm&r=g","contentUrl":"https:\/\/secure.gravatar.com\/avatar\/b6356e21c5657c60757fe6fb9493e947?s=96&d=mm&r=g","caption":"dfgordillo"},"sameAs":["dfgordillo"],"url":"https:\/\/www.fiscalia.gov.co\/colombia\/author\/dfgordillo\/"}]}},"_links":{"self":[{"href":"https:\/\/www.fiscalia.gov.co\/colombia\/wp-json\/wp\/v2\/posts\/58995","targetHints":{"allow":["GET"]}}],"collection":[{"href":"https:\/\/www.fiscalia.gov.co\/colombia\/wp-json\/wp\/v2\/posts"}],"about":[{"href":"https:\/\/www.fiscalia.gov.co\/colombia\/wp-json\/wp\/v2\/types\/post"}],"author":[{"embeddable":true,"href":"https:\/\/www.fiscalia.gov.co\/colombia\/wp-json\/wp\/v2\/users\/143"}],"replies":[{"embeddable":true,"href":"https:\/\/www.fiscalia.gov.co\/colombia\/wp-json\/wp\/v2\/comments?post=58995"}],"version-history":[{"count":5,"href":"https:\/\/www.fiscalia.gov.co\/colombia\/wp-json\/wp\/v2\/posts\/58995\/revisions"}],"predecessor-version":[{"id":58997,"href":"https:\/\/www.fiscalia.gov.co\/colombia\/wp-json\/wp\/v2\/posts\/58995\/revisions\/58997"}],"wp:attachment":[{"href":"https:\/\/www.fiscalia.gov.co\/colombia\/wp-json\/wp\/v2\/media?parent=58995"}],"wp:term":[{"taxonomy":"category","embeddable":true,"href":"https:\/\/www.fiscalia.gov.co\/colombia\/wp-json\/wp\/v2\/categories?post=58995"},{"taxonomy":"post_tag","embeddable":true,"href":"https:\/\/www.fiscalia.gov.co\/colombia\/wp-json\/wp\/v2\/tags?post=58995"}],"curies":[{"name":"wp","href":"https:\/\/api.w.org\/{rel}","templated":true}]}}