{"id":58762,"date":"2014-11-16T11:49:43","date_gmt":"2014-11-16T16:49:43","guid":{"rendered":"http:\/\/www.fiscalia.gov.co\/colombia\/?p=58762"},"modified":"2014-11-16T11:49:43","modified_gmt":"2014-11-16T16:49:43","slug":"fiscalia-hace-entrega-de-restos-de-ninos-indigenas-awa-asesinados-por-las-farc","status":"publish","type":"post","link":"https:\/\/www.fiscalia.gov.co\/colombia\/noticias\/fiscalia-hace-entrega-de-restos-de-ninos-indigenas-awa-asesinados-por-las-farc\/","title":{"rendered":"Fiscal\u00eda hace entrega de restos de ni\u00f1os ind\u00edgenas Aw\u00e1 asesinados por las Farc"},"content":{"rendered":"<p dir=\"ltr\">Con la presencia de 300 ind\u00edgenas representantes de la comunidad ind\u00edgena Aw\u00e1, la Fiscal\u00eda General de la Naci\u00f3n entreg\u00f3, en el municipio de Ricaute (Nari\u00f1o), los restos de 10 miembros de esta etnia que hab\u00edan sido asesinados por las Farc en hechos conocidos como la Masacre de los Ni\u00f1os Aw\u00e1 y la Masacre de Tortuga\u00f1a, ocurridas en este departamento.<\/p>\n<p dir=\"ltr\">A la entrega asistieron los gobernadores ind\u00edgenas, el Consejo de Mayores y otros miembros de la etnia, autoridades departamentales, miembros de la Fiscal\u00eda, la Unidad Nacional de V\u00edctimas y representantes de la Organizaci\u00f3n Internacional de Migraciones (OIM).<\/p>\n<p dir=\"ltr\">Angelmiro P\u00e1ez, gobernador de uno de los resguardo de la etnia Aw\u00e1, afirm\u00f3 que &#8220;ha sido una lucha reclamar estos 10 cuerpos. Entonces ahora sentimos una alegr\u00eda,\u00a0 un orgullo que los vamos a poder sembrar en nuestro&#8221;.<\/p>\n<p dir=\"ltr\">Los menores pertenecientes a la comunidad ind\u00edgena Aw\u00e1 fueron retenidos el 16 de septiembre de 2011 por parte de guerrilleros de las Farc cuando se desplazaban a pie al resguardo Pulgande Tronqueria Palicito, a la altura del sector San Juan Bautista, en cercan\u00edas del r\u00edo \u00d1ambi, en jurisdicci\u00f3n del municipio de Barbacoas, en la costa pac\u00edfica nari\u00f1ense.<\/p>\n<p dir=\"ltr\">Una vez conocida la masacre y por petici\u00f3n de la Vicepresidencia de la Rep\u00fablica, la Fiscal\u00eda General de la Naci\u00f3n activ\u00f3 el Mecanismo de B\u00fasqueda Urgente (MBU) para ubicar, localizar y rescatar los cad\u00e1veres con el fin de devolv\u00e9rselos a sus familias.<\/p>\n<p dir=\"ltr\">Despu\u00e9s de una ardua labor investigativa y de reconocimiento de terreno, se ubic\u00f3 una fosa com\u00fan en la que hab\u00edan sido enterrados los menores. All\u00ed, en una operaci\u00f3n realizada entre el Ej\u00e9rcito Nacional y el Cuerpo T\u00e9cnico de Investigaci\u00f3n (CTI) Seccional Pasto recuperaron los restos \u00f3seos.<\/p>\n<p dir=\"ltr\">La confirmaci\u00f3n de las identidades de los menores muertos fue un trabajo realizado por el Instituto de Medicina Legal y Ciencias Forenses Direcci\u00f3n Regional Suroccidente, de la Fiscal\u00eda General de la Naci\u00f3n. Los expertos realizaron una serie de trabajos de gen\u00e9tica forense que les permitieron determinas plenamente la identidad de los muertos.<\/p>\n<p dir=\"ltr\">En este caso, la Fiscal\u00eda Novena Especializada adscrita a la Direcci\u00f3n de Fiscal\u00edas Nacionales, le imput\u00f3 a Serafin Cort\u00e9s Delgado, comandante de las milicias de la columna m\u00f3vil Mariscal Sucre de las FARC, los delitos de homicidio en persona protegida, desaparici\u00f3n forzada, secuestro simple agravado y rebeli\u00f3n.<\/p>\n<p dir=\"ltr\">Cort\u00e9s se encuentra cobijado con medida de aseguramiento consistente en detenci\u00f3n preventiva en establecimiento carcelario y en los pr\u00f3ximos d\u00edas comparecer\u00e1 al juicio oral.<\/p>\n<p dir=\"ltr\">Apenas ocurri\u00f3 la Masacre de los Ni\u00f1os AWA, los ind\u00edgenas aseguraron que hab\u00eda sido el Ej\u00e9rcito; pero la investigaci\u00f3n a trav\u00e9s del MBU determin\u00f3 que esto no era cierto y la responsabilidad del hecho empez\u00f3 a buscarse por el lado de las Farc.<\/p>\n<p dir=\"ltr\">En la ceremonia tambi\u00e9n se entregaron otros restos \u00f3seos de v\u00edctimas de homicidio en casos que conoc\u00eda la Unidad de Derechos Humanos de la Fiscal\u00eda General de la Naci\u00f3n.<\/p>\n<p dir=\"ltr\">Los siete adultos Aw\u00e1 fueron asesinados entre el 3 y 4 de febrero de 2009, cuando los atacaron miembros de las Farc. Una vez conocido el hecho, la Fiscal\u00eda General de la Naci\u00f3n orden\u00f3 las investigaciones pertinentes de verificaci\u00f3n para hallar, recuperar e identificar los cuerpos de las v\u00edctimas.<\/p>\n<p dir=\"ltr\">Como resultado de la b\u00fasqueda e individualizacion de los autores de la Masacre de Tortuga\u00f1a, se identific\u00f3 a uno de los autores materiales de estos hechos, quien fue acusado y condenado por los delitos de homicidio agravado en persona protegida a una pena de 43 a\u00f1os de prisi\u00f3n.<\/p>\n\n<div class=\"twitter-share\"><a href=\"https:\/\/twitter.com\/intent\/tweet?via=fiscaliacol\" class=\"twitter-share-button\">Tweet<\/a><\/div>\n","protected":false},"excerpt":{"rendered":"<p>Con la presencia de 300 ind\u00edgenas representantes de la comunidad ind\u00edgena Aw\u00e1, la Fiscal\u00eda General de la Naci\u00f3n entreg\u00f3, en el municipio de Ricaute (Nari\u00f1o), los restos de 10 miembros de esta etnia que hab\u00edan sido asesinados por las Farc en hechos conocidos como la Masacre de los Ni\u00f1os Aw\u00e1 y la Masacre de Tortuga\u00f1a, [&hellip;]<\/p>\n","protected":false},"author":143,"featured_media":0,"comment_status":"closed","ping_status":"open","sticky":false,"template":"","format":"standard","meta":{"tdm_status":"","tdm_grid_status":"","footnotes":""},"categories":[1],"tags":[10198],"class_list":{"0":"post-58762","1":"post","2":"type-post","3":"status-publish","4":"format-standard","6":"category-noticias","7":"tag-indigenas-awa"},"yoast_head":"<!-- This site is optimized with the Yoast SEO plugin v24.3 - https:\/\/yoast.com\/wordpress\/plugins\/seo\/ -->\n<title>Fiscal\u00eda General de la Naci\u00f3n<\/title>\n<meta name=\"description\" content=\"P\u00e1gina oficial de la Fiscal\u00eda General de la Naci\u00f3n \u2013 Colombia. Garantizamos el acceso efectivo a la justicia, la verdad y la reparaci\u00f3n de las v\u00edctimas de los delitos.\" \/>\n<meta name=\"robots\" content=\"noindex, follow\" \/>\n<meta property=\"og:locale\" content=\"es_ES\" \/>\n<meta property=\"og:type\" content=\"article\" \/>\n<meta property=\"og:title\" content=\"Fiscal\u00eda General de la Naci\u00f3n\" \/>\n<meta property=\"og:description\" content=\"P\u00e1gina oficial de la Fiscal\u00eda General de la Naci\u00f3n \u2013 Colombia. Garantizamos el acceso efectivo a la justicia, la verdad y la reparaci\u00f3n de las v\u00edctimas de los delitos.\" \/>\n<meta property=\"og:url\" content=\"https:\/\/www.fiscalia.gov.co\/colombia\/noticias\/fiscalia-hace-entrega-de-restos-de-ninos-indigenas-awa-asesinados-por-las-farc\/\" \/>\n<meta property=\"og:site_name\" content=\"Fiscal\u00eda General de la Naci\u00f3n\" \/>\n<meta property=\"article:publisher\" content=\"https:\/\/www.facebook.com\/FiscaliaCol\" \/>\n<meta property=\"article:published_time\" content=\"2014-11-16T16:49:43+00:00\" \/>\n<meta name=\"author\" content=\"dfgordillo\" \/>\n<meta name=\"twitter:card\" content=\"summary_large_image\" \/>\n<meta name=\"twitter:creator\" content=\"@FiscaliaCol\" \/>\n<meta name=\"twitter:site\" content=\"@FiscaliaCol\" \/>\n<meta name=\"twitter:label1\" content=\"Escrito por\" \/>\n\t<meta name=\"twitter:data1\" content=\"dfgordillo\" \/>\n\t<meta name=\"twitter:label2\" content=\"Tiempo de lectura\" \/>\n\t<meta name=\"twitter:data2\" content=\"3 minutos\" \/>\n<script type=\"application\/ld+json\" class=\"yoast-schema-graph\">{\"@context\":\"https:\/\/schema.org\",\"@graph\":[{\"@type\":\"Article\",\"@id\":\"https:\/\/www.fiscalia.gov.co\/colombia\/noticias\/fiscalia-hace-entrega-de-restos-de-ninos-indigenas-awa-asesinados-por-las-farc\/#article\",\"isPartOf\":{\"@id\":\"https:\/\/www.fiscalia.gov.co\/colombia\/noticias\/fiscalia-hace-entrega-de-restos-de-ninos-indigenas-awa-asesinados-por-las-farc\/\"},\"author\":{\"name\":\"dfgordillo\",\"@id\":\"https:\/\/www.fiscalia.gov.co\/colombia\/#\/schema\/person\/3903856a3ce2d54b094c69eb29247895\"},\"headline\":\"Fiscal\u00eda hace entrega de restos de ni\u00f1os ind\u00edgenas Aw\u00e1 asesinados por las Farc\",\"datePublished\":\"2014-11-16T16:49:43+00:00\",\"dateModified\":\"2014-11-16T16:49:43+00:00\",\"mainEntityOfPage\":{\"@id\":\"https:\/\/www.fiscalia.gov.co\/colombia\/noticias\/fiscalia-hace-entrega-de-restos-de-ninos-indigenas-awa-asesinados-por-las-farc\/\"},\"wordCount\":646,\"publisher\":{\"@id\":\"https:\/\/www.fiscalia.gov.co\/colombia\/#organization\"},\"keywords\":[\"Ind\u00edgenas Aw\u00e1\"],\"articleSection\":[\"Noticias\"],\"inLanguage\":\"es-CO\"},{\"@type\":\"WebPage\",\"@id\":\"https:\/\/www.fiscalia.gov.co\/colombia\/noticias\/fiscalia-hace-entrega-de-restos-de-ninos-indigenas-awa-asesinados-por-las-farc\/\",\"url\":\"https:\/\/www.fiscalia.gov.co\/colombia\/noticias\/fiscalia-hace-entrega-de-restos-de-ninos-indigenas-awa-asesinados-por-las-farc\/\",\"name\":\"Fiscal\u00eda General de la Naci\u00f3n\",\"isPartOf\":{\"@id\":\"https:\/\/www.fiscalia.gov.co\/colombia\/#website\"},\"datePublished\":\"2014-11-16T16:49:43+00:00\",\"dateModified\":\"2014-11-16T16:49:43+00:00\",\"description\":\"P\u00e1gina oficial de la Fiscal\u00eda General de la Naci\u00f3n \u2013 Colombia. Garantizamos el acceso efectivo a la justicia, la verdad y la reparaci\u00f3n de las v\u00edctimas de los delitos.\",\"breadcrumb\":{\"@id\":\"https:\/\/www.fiscalia.gov.co\/colombia\/noticias\/fiscalia-hace-entrega-de-restos-de-ninos-indigenas-awa-asesinados-por-las-farc\/#breadcrumb\"},\"inLanguage\":\"es-CO\",\"potentialAction\":[{\"@type\":\"ReadAction\",\"target\":[\"https:\/\/www.fiscalia.gov.co\/colombia\/noticias\/fiscalia-hace-entrega-de-restos-de-ninos-indigenas-awa-asesinados-por-las-farc\/\"]}]},{\"@type\":\"BreadcrumbList\",\"@id\":\"https:\/\/www.fiscalia.gov.co\/colombia\/noticias\/fiscalia-hace-entrega-de-restos-de-ninos-indigenas-awa-asesinados-por-las-farc\/#breadcrumb\",\"itemListElement\":[{\"@type\":\"ListItem\",\"position\":1,\"name\":\"Home\",\"item\":\"https:\/\/www.fiscalia.gov.co\/colombia\/\"},{\"@type\":\"ListItem\",\"position\":2,\"name\":\"Fiscal\u00eda hace entrega de restos de ni\u00f1os ind\u00edgenas Aw\u00e1 asesinados por las Farc\"}]},{\"@type\":\"WebSite\",\"@id\":\"https:\/\/www.fiscalia.gov.co\/colombia\/#website\",\"url\":\"https:\/\/www.fiscalia.gov.co\/colombia\/\",\"name\":\"Fiscal\u00eda General de la Naci\u00f3n\",\"description\":\"P\u00e1gina oficial de la Fiscal\u00eda General de la Naci\u00f3n \u2013 Colombia. Garantizamos el acceso efectivo a la justicia, la verdad y la reparaci\u00f3n de las v\u00edctimas de los delitos.\",\"publisher\":{\"@id\":\"https:\/\/www.fiscalia.gov.co\/colombia\/#organization\"},\"potentialAction\":[{\"@type\":\"SearchAction\",\"target\":{\"@type\":\"EntryPoint\",\"urlTemplate\":\"https:\/\/www.fiscalia.gov.co\/colombia\/?s={search_term_string}\"},\"query-input\":{\"@type\":\"PropertyValueSpecification\",\"valueRequired\":true,\"valueName\":\"search_term_string\"}}],\"inLanguage\":\"es-CO\"},{\"@type\":\"Organization\",\"@id\":\"https:\/\/www.fiscalia.gov.co\/colombia\/#organization\",\"name\":\"Fiscal\u00eda General de la Naci\u00f3n\",\"url\":\"https:\/\/www.fiscalia.gov.co\/colombia\/\",\"logo\":{\"@type\":\"ImageObject\",\"inLanguage\":\"es-CO\",\"@id\":\"https:\/\/www.fiscalia.gov.co\/colombia\/#\/schema\/logo\/image\/\",\"url\":\"https:\/\/www.fiscalia.gov.co\/colombia\/wp-content\/uploads\/LogoHorizontal_1.jpg\",\"contentUrl\":\"https:\/\/www.fiscalia.gov.co\/colombia\/wp-content\/uploads\/LogoHorizontal_1.jpg\",\"width\":300,\"height\":90,\"caption\":\"Fiscal\u00eda General de la Naci\u00f3n\"},\"image\":{\"@id\":\"https:\/\/www.fiscalia.gov.co\/colombia\/#\/schema\/logo\/image\/\"},\"sameAs\":[\"https:\/\/www.facebook.com\/FiscaliaCol\",\"https:\/\/x.com\/FiscaliaCol\",\"https:\/\/www.instagram.com\/fiscaliacol\",\"https:\/\/www.linkedin.com\/company\/fiscalia-general-de-la-naci-n\/\",\"https:\/\/youtube.com\/@fiscaliageneraldelanacion-4668?si=6nN79nyQICPU5iTh\"]},{\"@type\":\"Person\",\"@id\":\"https:\/\/www.fiscalia.gov.co\/colombia\/#\/schema\/person\/3903856a3ce2d54b094c69eb29247895\",\"name\":\"dfgordillo\",\"image\":{\"@type\":\"ImageObject\",\"inLanguage\":\"es-CO\",\"@id\":\"https:\/\/www.fiscalia.gov.co\/colombia\/#\/schema\/person\/image\/\",\"url\":\"https:\/\/secure.gravatar.com\/avatar\/b6356e21c5657c60757fe6fb9493e947?s=96&d=mm&r=g\",\"contentUrl\":\"https:\/\/secure.gravatar.com\/avatar\/b6356e21c5657c60757fe6fb9493e947?s=96&d=mm&r=g\",\"caption\":\"dfgordillo\"},\"sameAs\":[\"dfgordillo\"],\"url\":\"https:\/\/www.fiscalia.gov.co\/colombia\/author\/dfgordillo\/\"}]}<\/script>\n<!-- \/ Yoast SEO plugin. -->","yoast_head_json":{"title":"Fiscal\u00eda General de la Naci\u00f3n","description":"P\u00e1gina oficial de la Fiscal\u00eda General de la Naci\u00f3n \u2013 Colombia. Garantizamos el acceso efectivo a la justicia, la verdad y la reparaci\u00f3n de las v\u00edctimas de los delitos.","robots":{"index":"noindex","follow":"follow"},"og_locale":"es_ES","og_type":"article","og_title":"Fiscal\u00eda General de la Naci\u00f3n","og_description":"P\u00e1gina oficial de la Fiscal\u00eda General de la Naci\u00f3n \u2013 Colombia. Garantizamos el acceso efectivo a la justicia, la verdad y la reparaci\u00f3n de las v\u00edctimas de los delitos.","og_url":"https:\/\/www.fiscalia.gov.co\/colombia\/noticias\/fiscalia-hace-entrega-de-restos-de-ninos-indigenas-awa-asesinados-por-las-farc\/","og_site_name":"Fiscal\u00eda General de la Naci\u00f3n","article_publisher":"https:\/\/www.facebook.com\/FiscaliaCol","article_published_time":"2014-11-16T16:49:43+00:00","author":"dfgordillo","twitter_card":"summary_large_image","twitter_creator":"@FiscaliaCol","twitter_site":"@FiscaliaCol","twitter_misc":{"Escrito por":"dfgordillo","Tiempo de lectura":"3 minutos"},"schema":{"@context":"https:\/\/schema.org","@graph":[{"@type":"Article","@id":"https:\/\/www.fiscalia.gov.co\/colombia\/noticias\/fiscalia-hace-entrega-de-restos-de-ninos-indigenas-awa-asesinados-por-las-farc\/#article","isPartOf":{"@id":"https:\/\/www.fiscalia.gov.co\/colombia\/noticias\/fiscalia-hace-entrega-de-restos-de-ninos-indigenas-awa-asesinados-por-las-farc\/"},"author":{"name":"dfgordillo","@id":"https:\/\/www.fiscalia.gov.co\/colombia\/#\/schema\/person\/3903856a3ce2d54b094c69eb29247895"},"headline":"Fiscal\u00eda hace entrega de restos de ni\u00f1os ind\u00edgenas Aw\u00e1 asesinados por las Farc","datePublished":"2014-11-16T16:49:43+00:00","dateModified":"2014-11-16T16:49:43+00:00","mainEntityOfPage":{"@id":"https:\/\/www.fiscalia.gov.co\/colombia\/noticias\/fiscalia-hace-entrega-de-restos-de-ninos-indigenas-awa-asesinados-por-las-farc\/"},"wordCount":646,"publisher":{"@id":"https:\/\/www.fiscalia.gov.co\/colombia\/#organization"},"keywords":["Ind\u00edgenas Aw\u00e1"],"articleSection":["Noticias"],"inLanguage":"es-CO"},{"@type":"WebPage","@id":"https:\/\/www.fiscalia.gov.co\/colombia\/noticias\/fiscalia-hace-entrega-de-restos-de-ninos-indigenas-awa-asesinados-por-las-farc\/","url":"https:\/\/www.fiscalia.gov.co\/colombia\/noticias\/fiscalia-hace-entrega-de-restos-de-ninos-indigenas-awa-asesinados-por-las-farc\/","name":"Fiscal\u00eda General de la Naci\u00f3n","isPartOf":{"@id":"https:\/\/www.fiscalia.gov.co\/colombia\/#website"},"datePublished":"2014-11-16T16:49:43+00:00","dateModified":"2014-11-16T16:49:43+00:00","description":"P\u00e1gina oficial de la Fiscal\u00eda General de la Naci\u00f3n \u2013 Colombia. Garantizamos el acceso efectivo a la justicia, la verdad y la reparaci\u00f3n de las v\u00edctimas de los delitos.","breadcrumb":{"@id":"https:\/\/www.fiscalia.gov.co\/colombia\/noticias\/fiscalia-hace-entrega-de-restos-de-ninos-indigenas-awa-asesinados-por-las-farc\/#breadcrumb"},"inLanguage":"es-CO","potentialAction":[{"@type":"ReadAction","target":["https:\/\/www.fiscalia.gov.co\/colombia\/noticias\/fiscalia-hace-entrega-de-restos-de-ninos-indigenas-awa-asesinados-por-las-farc\/"]}]},{"@type":"BreadcrumbList","@id":"https:\/\/www.fiscalia.gov.co\/colombia\/noticias\/fiscalia-hace-entrega-de-restos-de-ninos-indigenas-awa-asesinados-por-las-farc\/#breadcrumb","itemListElement":[{"@type":"ListItem","position":1,"name":"Home","item":"https:\/\/www.fiscalia.gov.co\/colombia\/"},{"@type":"ListItem","position":2,"name":"Fiscal\u00eda hace entrega de restos de ni\u00f1os ind\u00edgenas Aw\u00e1 asesinados por las Farc"}]},{"@type":"WebSite","@id":"https:\/\/www.fiscalia.gov.co\/colombia\/#website","url":"https:\/\/www.fiscalia.gov.co\/colombia\/","name":"Fiscal\u00eda General de la Naci\u00f3n","description":"P\u00e1gina oficial de la Fiscal\u00eda General de la Naci\u00f3n \u2013 Colombia. Garantizamos el acceso efectivo a la justicia, la verdad y la reparaci\u00f3n de las v\u00edctimas de los delitos.","publisher":{"@id":"https:\/\/www.fiscalia.gov.co\/colombia\/#organization"},"potentialAction":[{"@type":"SearchAction","target":{"@type":"EntryPoint","urlTemplate":"https:\/\/www.fiscalia.gov.co\/colombia\/?s={search_term_string}"},"query-input":{"@type":"PropertyValueSpecification","valueRequired":true,"valueName":"search_term_string"}}],"inLanguage":"es-CO"},{"@type":"Organization","@id":"https:\/\/www.fiscalia.gov.co\/colombia\/#organization","name":"Fiscal\u00eda General de la Naci\u00f3n","url":"https:\/\/www.fiscalia.gov.co\/colombia\/","logo":{"@type":"ImageObject","inLanguage":"es-CO","@id":"https:\/\/www.fiscalia.gov.co\/colombia\/#\/schema\/logo\/image\/","url":"https:\/\/www.fiscalia.gov.co\/colombia\/wp-content\/uploads\/LogoHorizontal_1.jpg","contentUrl":"https:\/\/www.fiscalia.gov.co\/colombia\/wp-content\/uploads\/LogoHorizontal_1.jpg","width":300,"height":90,"caption":"Fiscal\u00eda General de la Naci\u00f3n"},"image":{"@id":"https:\/\/www.fiscalia.gov.co\/colombia\/#\/schema\/logo\/image\/"},"sameAs":["https:\/\/www.facebook.com\/FiscaliaCol","https:\/\/x.com\/FiscaliaCol","https:\/\/www.instagram.com\/fiscaliacol","https:\/\/www.linkedin.com\/company\/fiscalia-general-de-la-naci-n\/","https:\/\/youtube.com\/@fiscaliageneraldelanacion-4668?si=6nN79nyQICPU5iTh"]},{"@type":"Person","@id":"https:\/\/www.fiscalia.gov.co\/colombia\/#\/schema\/person\/3903856a3ce2d54b094c69eb29247895","name":"dfgordillo","image":{"@type":"ImageObject","inLanguage":"es-CO","@id":"https:\/\/www.fiscalia.gov.co\/colombia\/#\/schema\/person\/image\/","url":"https:\/\/secure.gravatar.com\/avatar\/b6356e21c5657c60757fe6fb9493e947?s=96&d=mm&r=g","contentUrl":"https:\/\/secure.gravatar.com\/avatar\/b6356e21c5657c60757fe6fb9493e947?s=96&d=mm&r=g","caption":"dfgordillo"},"sameAs":["dfgordillo"],"url":"https:\/\/www.fiscalia.gov.co\/colombia\/author\/dfgordillo\/"}]}},"_links":{"self":[{"href":"https:\/\/www.fiscalia.gov.co\/colombia\/wp-json\/wp\/v2\/posts\/58762","targetHints":{"allow":["GET"]}}],"collection":[{"href":"https:\/\/www.fiscalia.gov.co\/colombia\/wp-json\/wp\/v2\/posts"}],"about":[{"href":"https:\/\/www.fiscalia.gov.co\/colombia\/wp-json\/wp\/v2\/types\/post"}],"author":[{"embeddable":true,"href":"https:\/\/www.fiscalia.gov.co\/colombia\/wp-json\/wp\/v2\/users\/143"}],"replies":[{"embeddable":true,"href":"https:\/\/www.fiscalia.gov.co\/colombia\/wp-json\/wp\/v2\/comments?post=58762"}],"version-history":[{"count":2,"href":"https:\/\/www.fiscalia.gov.co\/colombia\/wp-json\/wp\/v2\/posts\/58762\/revisions"}],"predecessor-version":[{"id":58764,"href":"https:\/\/www.fiscalia.gov.co\/colombia\/wp-json\/wp\/v2\/posts\/58762\/revisions\/58764"}],"wp:attachment":[{"href":"https:\/\/www.fiscalia.gov.co\/colombia\/wp-json\/wp\/v2\/media?parent=58762"}],"wp:term":[{"taxonomy":"category","embeddable":true,"href":"https:\/\/www.fiscalia.gov.co\/colombia\/wp-json\/wp\/v2\/categories?post=58762"},{"taxonomy":"post_tag","embeddable":true,"href":"https:\/\/www.fiscalia.gov.co\/colombia\/wp-json\/wp\/v2\/tags?post=58762"}],"curies":[{"name":"wp","href":"https:\/\/api.w.org\/{rel}","templated":true}]}}