{"id":54752,"date":"2014-09-02T10:31:47","date_gmt":"2014-09-02T15:31:47","guid":{"rendered":"http:\/\/www.fiscalia.gov.co\/colombia\/?p=54752"},"modified":"2014-09-02T10:38:20","modified_gmt":"2014-09-02T15:38:20","slug":"derechos-humanos-entrego-dos-restos-oseos-de-victimas-de-ejecucion-extrajudicial-en-cartagena-bolivar","status":"publish","type":"post","link":"https:\/\/www.fiscalia.gov.co\/colombia\/noticias\/derechos-humanos-entrego-dos-restos-oseos-de-victimas-de-ejecucion-extrajudicial-en-cartagena-bolivar\/","title":{"rendered":"Derechos Humanos entreg\u00f3 dos restos \u00f3seos de v\u00edctimas de ejecuci\u00f3n extrajudicial en Cartagena (Bol\u00edvar)"},"content":{"rendered":"<div class=\"mceTemp mceIEcenter\" style=\"text-align: center;\">\n<dl id=\"attachment_54755\" class=\"wp-caption aligncenter\" style=\"width: 754px;\">\n<dt class=\"wp-caption-dt\"><a href=\"http:\/\/www.fiscalia.gov.co\/colombia\/wp-content\/uploads\/IMG_0021.jpg\"><img loading=\"lazy\" decoding=\"async\" class=\"size-full wp-image-54755\" title=\"Entrega de restos\" src=\"http:\/\/www.fiscalia.gov.co\/colombia\/wp-content\/uploads\/IMG_0021.jpg\" alt=\"Entrega de restos\" width=\"744\" height=\"320\" srcset=\"https:\/\/www.fiscalia.gov.co\/colombia\/wp-content\/uploads\/IMG_0021.jpg 744w, https:\/\/www.fiscalia.gov.co\/colombia\/wp-content\/uploads\/IMG_0021-300x129.jpg 300w\" sizes=\"auto, (max-width: 744px) 100vw, 744px\" \/><\/a><\/dt>\n<dd class=\"wp-caption-dd\"><strong>Entrega de restos \u00f3seos. Cartagena (Bol\u00edvar)<\/strong><\/dd>\n<\/dl>\n<\/div>\n<p>La Direcci\u00f3n de Fiscal\u00eda Nacional Especializada de Derechos Humanos y Derecho Internacional Humanitario de la Fiscal\u00eda General de la Naci\u00f3n, hizo entrega en Cartagena (Bol\u00edvar) de los restos \u00f3seos de dos v\u00edctimas de ejecuciones extrajudiciales, en hechos ocurridos en 2006 en Antioquia.<\/p>\n<p>Seg\u00fan la Fiscal\u00eda, los j\u00f3venes murieron el 10 de mayo de 2006 en la vereda Chirid\u00f3 en la v\u00eda que comunica a Medell\u00edn con Urab\u00e1 entre los municipios de Chigorod\u00f3 y Butat\u00e1 (Antioquia), a manos del Batall\u00f3n de Ingenieros Carlos Bejarano Mu\u00f1oz con sede en Carepa de ese mismo departamento.<\/p>\n<p>Para la entrega, las familias que se desplazaron desde el barrio El Poz\u00f3n de la ciudad, donde fueron reclutados Yamir Verbel Paternina y Jorge Eli\u00e9cer Barbosa Reales, tuvieron el acompa\u00f1amiento por dos d\u00edas del equipo de sic\u00f3logos de la Seccional quienes les ofrecieron una sensibilizaci\u00f3n, con el prop\u00f3sito de que asumieran con mayor facilidad la realidad a la que se enfrentaban de tener despu\u00e9s de tantos a\u00f1os los restos de sus parientes.<\/p>\n<p>Luego de la ceremonia, funcionarios de la Fiscal\u00eda Seccional Bol\u00edvar y de la Direcci\u00f3n de Derechos Humanos acompa\u00f1aron a las familias hasta el cementerio Albornoz de Cartagena para darles cristiana sepultura.<\/p>\n<p>&nbsp;<\/p>\n<p>PAAM\/DLBM<\/p>\n\n<div class=\"twitter-share\"><a href=\"https:\/\/twitter.com\/intent\/tweet?via=fiscaliacol\" class=\"twitter-share-button\">Tweet<\/a><\/div>\n","protected":false},"excerpt":{"rendered":"<p>Entrega de restos \u00f3seos. Cartagena (Bol\u00edvar) La Direcci\u00f3n de Fiscal\u00eda Nacional Especializada de Derechos Humanos y Derecho Internacional Humanitario de la Fiscal\u00eda General de la Naci\u00f3n, hizo entrega en Cartagena (Bol\u00edvar) de los restos \u00f3seos de dos v\u00edctimas de ejecuciones extrajudiciales, en hechos ocurridos en 2006 en Antioquia. Seg\u00fan la Fiscal\u00eda, los j\u00f3venes murieron el [&hellip;]<\/p>\n","protected":false},"author":143,"featured_media":0,"comment_status":"closed","ping_status":"open","sticky":false,"template":"","format":"standard","meta":{"_price":"","_stock":"","_tribe_ticket_header":"","_tribe_default_ticket_provider":"","_tribe_ticket_capacity":"0","_ticket_start_date":"","_ticket_end_date":"","_tribe_ticket_show_description":"","_tribe_ticket_show_not_going":false,"_tribe_ticket_use_global_stock":"","_tribe_ticket_global_stock_level":"","_global_stock_mode":"","_global_stock_cap":"","_tribe_rsvp_for_event":"","_tribe_ticket_going_count":"","_tribe_ticket_not_going_count":"","_tribe_tickets_list":"[]","_tribe_ticket_has_attendee_info_fields":false,"tdm_status":"","tdm_grid_status":"","footnotes":""},"categories":[1],"tags":[23813],"class_list":{"0":"post-54752","1":"post","2":"type-post","3":"status-publish","4":"format-standard","6":"category-noticias","7":"tag-derechos-humanos"},"yoast_head":"<!-- This site is optimized with the Yoast SEO plugin v24.3 - https:\/\/yoast.com\/wordpress\/plugins\/seo\/ -->\n<title>Fiscal\u00eda General de la Naci\u00f3n<\/title>\n<meta name=\"description\" content=\"P\u00e1gina oficial de la Fiscal\u00eda General de la Naci\u00f3n \u2013 Colombia. Garantizamos el acceso efectivo a la justicia, la verdad y la reparaci\u00f3n de las v\u00edctimas de los delitos.\" \/>\n<meta name=\"robots\" content=\"noindex, follow\" \/>\n<meta property=\"og:locale\" content=\"es_ES\" \/>\n<meta property=\"og:type\" content=\"article\" \/>\n<meta property=\"og:title\" content=\"Fiscal\u00eda General de la Naci\u00f3n\" \/>\n<meta property=\"og:description\" content=\"P\u00e1gina oficial de la Fiscal\u00eda General de la Naci\u00f3n \u2013 Colombia. Garantizamos el acceso efectivo a la justicia, la verdad y la reparaci\u00f3n de las v\u00edctimas de los delitos.\" \/>\n<meta property=\"og:url\" content=\"https:\/\/www.fiscalia.gov.co\/colombia\/noticias\/derechos-humanos-entrego-dos-restos-oseos-de-victimas-de-ejecucion-extrajudicial-en-cartagena-bolivar\/\" \/>\n<meta property=\"og:site_name\" content=\"Fiscal\u00eda General de la Naci\u00f3n\" \/>\n<meta property=\"article:publisher\" content=\"https:\/\/www.facebook.com\/FiscaliaCol\" \/>\n<meta property=\"article:published_time\" content=\"2014-09-02T15:31:47+00:00\" \/>\n<meta property=\"article:modified_time\" content=\"2014-09-02T15:38:20+00:00\" \/>\n<meta property=\"og:image\" content=\"http:\/\/www.fiscalia.gov.co\/colombia\/wp-content\/uploads\/IMG_0021.jpg\" \/>\n<meta name=\"author\" content=\"dfgordillo\" \/>\n<meta name=\"twitter:card\" content=\"summary_large_image\" \/>\n<meta name=\"twitter:creator\" content=\"@FiscaliaCol\" \/>\n<meta name=\"twitter:site\" content=\"@FiscaliaCol\" \/>\n<meta name=\"twitter:label1\" content=\"Escrito por\" \/>\n\t<meta name=\"twitter:data1\" content=\"dfgordillo\" \/>\n\t<meta name=\"twitter:label2\" content=\"Tiempo de lectura\" \/>\n\t<meta name=\"twitter:data2\" content=\"1 minuto\" \/>\n<script type=\"application\/ld+json\" class=\"yoast-schema-graph\">{\"@context\":\"https:\/\/schema.org\",\"@graph\":[{\"@type\":\"Article\",\"@id\":\"https:\/\/www.fiscalia.gov.co\/colombia\/noticias\/derechos-humanos-entrego-dos-restos-oseos-de-victimas-de-ejecucion-extrajudicial-en-cartagena-bolivar\/#article\",\"isPartOf\":{\"@id\":\"https:\/\/www.fiscalia.gov.co\/colombia\/noticias\/derechos-humanos-entrego-dos-restos-oseos-de-victimas-de-ejecucion-extrajudicial-en-cartagena-bolivar\/\"},\"author\":{\"name\":\"dfgordillo\",\"@id\":\"https:\/\/www.fiscalia.gov.co\/colombia\/#\/schema\/person\/3903856a3ce2d54b094c69eb29247895\"},\"headline\":\"Derechos Humanos entreg\u00f3 dos restos \u00f3seos de v\u00edctimas de ejecuci\u00f3n extrajudicial en Cartagena (Bol\u00edvar)\",\"datePublished\":\"2014-09-02T15:31:47+00:00\",\"dateModified\":\"2014-09-02T15:38:20+00:00\",\"mainEntityOfPage\":{\"@id\":\"https:\/\/www.fiscalia.gov.co\/colombia\/noticias\/derechos-humanos-entrego-dos-restos-oseos-de-victimas-de-ejecucion-extrajudicial-en-cartagena-bolivar\/\"},\"wordCount\":245,\"publisher\":{\"@id\":\"https:\/\/www.fiscalia.gov.co\/colombia\/#organization\"},\"image\":{\"@id\":\"https:\/\/www.fiscalia.gov.co\/colombia\/noticias\/derechos-humanos-entrego-dos-restos-oseos-de-victimas-de-ejecucion-extrajudicial-en-cartagena-bolivar\/#primaryimage\"},\"thumbnailUrl\":\"http:\/\/www.fiscalia.gov.co\/colombia\/wp-content\/uploads\/IMG_0021.jpg\",\"keywords\":[\"Derechos Humanos\"],\"articleSection\":[\"Noticias\"],\"inLanguage\":\"es-CO\"},{\"@type\":\"WebPage\",\"@id\":\"https:\/\/www.fiscalia.gov.co\/colombia\/noticias\/derechos-humanos-entrego-dos-restos-oseos-de-victimas-de-ejecucion-extrajudicial-en-cartagena-bolivar\/\",\"url\":\"https:\/\/www.fiscalia.gov.co\/colombia\/noticias\/derechos-humanos-entrego-dos-restos-oseos-de-victimas-de-ejecucion-extrajudicial-en-cartagena-bolivar\/\",\"name\":\"Fiscal\u00eda General de la Naci\u00f3n\",\"isPartOf\":{\"@id\":\"https:\/\/www.fiscalia.gov.co\/colombia\/#website\"},\"primaryImageOfPage\":{\"@id\":\"https:\/\/www.fiscalia.gov.co\/colombia\/noticias\/derechos-humanos-entrego-dos-restos-oseos-de-victimas-de-ejecucion-extrajudicial-en-cartagena-bolivar\/#primaryimage\"},\"image\":{\"@id\":\"https:\/\/www.fiscalia.gov.co\/colombia\/noticias\/derechos-humanos-entrego-dos-restos-oseos-de-victimas-de-ejecucion-extrajudicial-en-cartagena-bolivar\/#primaryimage\"},\"thumbnailUrl\":\"http:\/\/www.fiscalia.gov.co\/colombia\/wp-content\/uploads\/IMG_0021.jpg\",\"datePublished\":\"2014-09-02T15:31:47+00:00\",\"dateModified\":\"2014-09-02T15:38:20+00:00\",\"description\":\"P\u00e1gina oficial de la Fiscal\u00eda General de la Naci\u00f3n \u2013 Colombia. Garantizamos el acceso efectivo a la justicia, la verdad y la reparaci\u00f3n de las v\u00edctimas de los delitos.\",\"breadcrumb\":{\"@id\":\"https:\/\/www.fiscalia.gov.co\/colombia\/noticias\/derechos-humanos-entrego-dos-restos-oseos-de-victimas-de-ejecucion-extrajudicial-en-cartagena-bolivar\/#breadcrumb\"},\"inLanguage\":\"es-CO\",\"potentialAction\":[{\"@type\":\"ReadAction\",\"target\":[\"https:\/\/www.fiscalia.gov.co\/colombia\/noticias\/derechos-humanos-entrego-dos-restos-oseos-de-victimas-de-ejecucion-extrajudicial-en-cartagena-bolivar\/\"]}]},{\"@type\":\"ImageObject\",\"inLanguage\":\"es-CO\",\"@id\":\"https:\/\/www.fiscalia.gov.co\/colombia\/noticias\/derechos-humanos-entrego-dos-restos-oseos-de-victimas-de-ejecucion-extrajudicial-en-cartagena-bolivar\/#primaryimage\",\"url\":\"http:\/\/www.fiscalia.gov.co\/colombia\/wp-content\/uploads\/IMG_0021.jpg\",\"contentUrl\":\"http:\/\/www.fiscalia.gov.co\/colombia\/wp-content\/uploads\/IMG_0021.jpg\"},{\"@type\":\"BreadcrumbList\",\"@id\":\"https:\/\/www.fiscalia.gov.co\/colombia\/noticias\/derechos-humanos-entrego-dos-restos-oseos-de-victimas-de-ejecucion-extrajudicial-en-cartagena-bolivar\/#breadcrumb\",\"itemListElement\":[{\"@type\":\"ListItem\",\"position\":1,\"name\":\"Home\",\"item\":\"https:\/\/www.fiscalia.gov.co\/colombia\/\"},{\"@type\":\"ListItem\",\"position\":2,\"name\":\"Derechos Humanos entreg\u00f3 dos restos \u00f3seos de v\u00edctimas de ejecuci\u00f3n extrajudicial en Cartagena (Bol\u00edvar)\"}]},{\"@type\":\"WebSite\",\"@id\":\"https:\/\/www.fiscalia.gov.co\/colombia\/#website\",\"url\":\"https:\/\/www.fiscalia.gov.co\/colombia\/\",\"name\":\"Fiscal\u00eda General de la Naci\u00f3n\",\"description\":\"P\u00e1gina oficial de la Fiscal\u00eda General de la Naci\u00f3n \u2013 Colombia. Garantizamos el acceso efectivo a la justicia, la verdad y la reparaci\u00f3n de las v\u00edctimas de los delitos.\",\"publisher\":{\"@id\":\"https:\/\/www.fiscalia.gov.co\/colombia\/#organization\"},\"potentialAction\":[{\"@type\":\"SearchAction\",\"target\":{\"@type\":\"EntryPoint\",\"urlTemplate\":\"https:\/\/www.fiscalia.gov.co\/colombia\/?s={search_term_string}\"},\"query-input\":{\"@type\":\"PropertyValueSpecification\",\"valueRequired\":true,\"valueName\":\"search_term_string\"}}],\"inLanguage\":\"es-CO\"},{\"@type\":\"Organization\",\"@id\":\"https:\/\/www.fiscalia.gov.co\/colombia\/#organization\",\"name\":\"Fiscal\u00eda General de la Naci\u00f3n\",\"url\":\"https:\/\/www.fiscalia.gov.co\/colombia\/\",\"logo\":{\"@type\":\"ImageObject\",\"inLanguage\":\"es-CO\",\"@id\":\"https:\/\/www.fiscalia.gov.co\/colombia\/#\/schema\/logo\/image\/\",\"url\":\"https:\/\/www.fiscalia.gov.co\/colombia\/wp-content\/uploads\/LogoHorizontal_1.jpg\",\"contentUrl\":\"https:\/\/www.fiscalia.gov.co\/colombia\/wp-content\/uploads\/LogoHorizontal_1.jpg\",\"width\":300,\"height\":90,\"caption\":\"Fiscal\u00eda General de la Naci\u00f3n\"},\"image\":{\"@id\":\"https:\/\/www.fiscalia.gov.co\/colombia\/#\/schema\/logo\/image\/\"},\"sameAs\":[\"https:\/\/www.facebook.com\/FiscaliaCol\",\"https:\/\/x.com\/FiscaliaCol\",\"https:\/\/www.instagram.com\/fiscaliacol\",\"https:\/\/www.linkedin.com\/company\/fiscalia-general-de-la-naci-n\/\",\"https:\/\/youtube.com\/@fiscaliageneraldelanacion-4668?si=6nN79nyQICPU5iTh\"]},{\"@type\":\"Person\",\"@id\":\"https:\/\/www.fiscalia.gov.co\/colombia\/#\/schema\/person\/3903856a3ce2d54b094c69eb29247895\",\"name\":\"dfgordillo\",\"image\":{\"@type\":\"ImageObject\",\"inLanguage\":\"es-CO\",\"@id\":\"https:\/\/www.fiscalia.gov.co\/colombia\/#\/schema\/person\/image\/\",\"url\":\"https:\/\/secure.gravatar.com\/avatar\/b6356e21c5657c60757fe6fb9493e947?s=96&d=mm&r=g\",\"contentUrl\":\"https:\/\/secure.gravatar.com\/avatar\/b6356e21c5657c60757fe6fb9493e947?s=96&d=mm&r=g\",\"caption\":\"dfgordillo\"},\"sameAs\":[\"dfgordillo\"],\"url\":\"https:\/\/www.fiscalia.gov.co\/colombia\/author\/dfgordillo\/\"}]}<\/script>\n<!-- \/ Yoast SEO plugin. -->","yoast_head_json":{"title":"Fiscal\u00eda General de la Naci\u00f3n","description":"P\u00e1gina oficial de la Fiscal\u00eda General de la Naci\u00f3n \u2013 Colombia. Garantizamos el acceso efectivo a la justicia, la verdad y la reparaci\u00f3n de las v\u00edctimas de los delitos.","robots":{"index":"noindex","follow":"follow"},"og_locale":"es_ES","og_type":"article","og_title":"Fiscal\u00eda General de la Naci\u00f3n","og_description":"P\u00e1gina oficial de la Fiscal\u00eda General de la Naci\u00f3n \u2013 Colombia. Garantizamos el acceso efectivo a la justicia, la verdad y la reparaci\u00f3n de las v\u00edctimas de los delitos.","og_url":"https:\/\/www.fiscalia.gov.co\/colombia\/noticias\/derechos-humanos-entrego-dos-restos-oseos-de-victimas-de-ejecucion-extrajudicial-en-cartagena-bolivar\/","og_site_name":"Fiscal\u00eda General de la Naci\u00f3n","article_publisher":"https:\/\/www.facebook.com\/FiscaliaCol","article_published_time":"2014-09-02T15:31:47+00:00","article_modified_time":"2014-09-02T15:38:20+00:00","og_image":[{"url":"http:\/\/www.fiscalia.gov.co\/colombia\/wp-content\/uploads\/IMG_0021.jpg","type":"","width":"","height":""}],"author":"dfgordillo","twitter_card":"summary_large_image","twitter_creator":"@FiscaliaCol","twitter_site":"@FiscaliaCol","twitter_misc":{"Escrito por":"dfgordillo","Tiempo de lectura":"1 minuto"},"schema":{"@context":"https:\/\/schema.org","@graph":[{"@type":"Article","@id":"https:\/\/www.fiscalia.gov.co\/colombia\/noticias\/derechos-humanos-entrego-dos-restos-oseos-de-victimas-de-ejecucion-extrajudicial-en-cartagena-bolivar\/#article","isPartOf":{"@id":"https:\/\/www.fiscalia.gov.co\/colombia\/noticias\/derechos-humanos-entrego-dos-restos-oseos-de-victimas-de-ejecucion-extrajudicial-en-cartagena-bolivar\/"},"author":{"name":"dfgordillo","@id":"https:\/\/www.fiscalia.gov.co\/colombia\/#\/schema\/person\/3903856a3ce2d54b094c69eb29247895"},"headline":"Derechos Humanos entreg\u00f3 dos restos \u00f3seos de v\u00edctimas de ejecuci\u00f3n extrajudicial en Cartagena (Bol\u00edvar)","datePublished":"2014-09-02T15:31:47+00:00","dateModified":"2014-09-02T15:38:20+00:00","mainEntityOfPage":{"@id":"https:\/\/www.fiscalia.gov.co\/colombia\/noticias\/derechos-humanos-entrego-dos-restos-oseos-de-victimas-de-ejecucion-extrajudicial-en-cartagena-bolivar\/"},"wordCount":245,"publisher":{"@id":"https:\/\/www.fiscalia.gov.co\/colombia\/#organization"},"image":{"@id":"https:\/\/www.fiscalia.gov.co\/colombia\/noticias\/derechos-humanos-entrego-dos-restos-oseos-de-victimas-de-ejecucion-extrajudicial-en-cartagena-bolivar\/#primaryimage"},"thumbnailUrl":"http:\/\/www.fiscalia.gov.co\/colombia\/wp-content\/uploads\/IMG_0021.jpg","keywords":["Derechos Humanos"],"articleSection":["Noticias"],"inLanguage":"es-CO"},{"@type":"WebPage","@id":"https:\/\/www.fiscalia.gov.co\/colombia\/noticias\/derechos-humanos-entrego-dos-restos-oseos-de-victimas-de-ejecucion-extrajudicial-en-cartagena-bolivar\/","url":"https:\/\/www.fiscalia.gov.co\/colombia\/noticias\/derechos-humanos-entrego-dos-restos-oseos-de-victimas-de-ejecucion-extrajudicial-en-cartagena-bolivar\/","name":"Fiscal\u00eda General de la Naci\u00f3n","isPartOf":{"@id":"https:\/\/www.fiscalia.gov.co\/colombia\/#website"},"primaryImageOfPage":{"@id":"https:\/\/www.fiscalia.gov.co\/colombia\/noticias\/derechos-humanos-entrego-dos-restos-oseos-de-victimas-de-ejecucion-extrajudicial-en-cartagena-bolivar\/#primaryimage"},"image":{"@id":"https:\/\/www.fiscalia.gov.co\/colombia\/noticias\/derechos-humanos-entrego-dos-restos-oseos-de-victimas-de-ejecucion-extrajudicial-en-cartagena-bolivar\/#primaryimage"},"thumbnailUrl":"http:\/\/www.fiscalia.gov.co\/colombia\/wp-content\/uploads\/IMG_0021.jpg","datePublished":"2014-09-02T15:31:47+00:00","dateModified":"2014-09-02T15:38:20+00:00","description":"P\u00e1gina oficial de la Fiscal\u00eda General de la Naci\u00f3n \u2013 Colombia. Garantizamos el acceso efectivo a la justicia, la verdad y la reparaci\u00f3n de las v\u00edctimas de los delitos.","breadcrumb":{"@id":"https:\/\/www.fiscalia.gov.co\/colombia\/noticias\/derechos-humanos-entrego-dos-restos-oseos-de-victimas-de-ejecucion-extrajudicial-en-cartagena-bolivar\/#breadcrumb"},"inLanguage":"es-CO","potentialAction":[{"@type":"ReadAction","target":["https:\/\/www.fiscalia.gov.co\/colombia\/noticias\/derechos-humanos-entrego-dos-restos-oseos-de-victimas-de-ejecucion-extrajudicial-en-cartagena-bolivar\/"]}]},{"@type":"ImageObject","inLanguage":"es-CO","@id":"https:\/\/www.fiscalia.gov.co\/colombia\/noticias\/derechos-humanos-entrego-dos-restos-oseos-de-victimas-de-ejecucion-extrajudicial-en-cartagena-bolivar\/#primaryimage","url":"http:\/\/www.fiscalia.gov.co\/colombia\/wp-content\/uploads\/IMG_0021.jpg","contentUrl":"http:\/\/www.fiscalia.gov.co\/colombia\/wp-content\/uploads\/IMG_0021.jpg"},{"@type":"BreadcrumbList","@id":"https:\/\/www.fiscalia.gov.co\/colombia\/noticias\/derechos-humanos-entrego-dos-restos-oseos-de-victimas-de-ejecucion-extrajudicial-en-cartagena-bolivar\/#breadcrumb","itemListElement":[{"@type":"ListItem","position":1,"name":"Home","item":"https:\/\/www.fiscalia.gov.co\/colombia\/"},{"@type":"ListItem","position":2,"name":"Derechos Humanos entreg\u00f3 dos restos \u00f3seos de v\u00edctimas de ejecuci\u00f3n extrajudicial en Cartagena (Bol\u00edvar)"}]},{"@type":"WebSite","@id":"https:\/\/www.fiscalia.gov.co\/colombia\/#website","url":"https:\/\/www.fiscalia.gov.co\/colombia\/","name":"Fiscal\u00eda General de la Naci\u00f3n","description":"P\u00e1gina oficial de la Fiscal\u00eda General de la Naci\u00f3n \u2013 Colombia. Garantizamos el acceso efectivo a la justicia, la verdad y la reparaci\u00f3n de las v\u00edctimas de los delitos.","publisher":{"@id":"https:\/\/www.fiscalia.gov.co\/colombia\/#organization"},"potentialAction":[{"@type":"SearchAction","target":{"@type":"EntryPoint","urlTemplate":"https:\/\/www.fiscalia.gov.co\/colombia\/?s={search_term_string}"},"query-input":{"@type":"PropertyValueSpecification","valueRequired":true,"valueName":"search_term_string"}}],"inLanguage":"es-CO"},{"@type":"Organization","@id":"https:\/\/www.fiscalia.gov.co\/colombia\/#organization","name":"Fiscal\u00eda General de la Naci\u00f3n","url":"https:\/\/www.fiscalia.gov.co\/colombia\/","logo":{"@type":"ImageObject","inLanguage":"es-CO","@id":"https:\/\/www.fiscalia.gov.co\/colombia\/#\/schema\/logo\/image\/","url":"https:\/\/www.fiscalia.gov.co\/colombia\/wp-content\/uploads\/LogoHorizontal_1.jpg","contentUrl":"https:\/\/www.fiscalia.gov.co\/colombia\/wp-content\/uploads\/LogoHorizontal_1.jpg","width":300,"height":90,"caption":"Fiscal\u00eda General de la Naci\u00f3n"},"image":{"@id":"https:\/\/www.fiscalia.gov.co\/colombia\/#\/schema\/logo\/image\/"},"sameAs":["https:\/\/www.facebook.com\/FiscaliaCol","https:\/\/x.com\/FiscaliaCol","https:\/\/www.instagram.com\/fiscaliacol","https:\/\/www.linkedin.com\/company\/fiscalia-general-de-la-naci-n\/","https:\/\/youtube.com\/@fiscaliageneraldelanacion-4668?si=6nN79nyQICPU5iTh"]},{"@type":"Person","@id":"https:\/\/www.fiscalia.gov.co\/colombia\/#\/schema\/person\/3903856a3ce2d54b094c69eb29247895","name":"dfgordillo","image":{"@type":"ImageObject","inLanguage":"es-CO","@id":"https:\/\/www.fiscalia.gov.co\/colombia\/#\/schema\/person\/image\/","url":"https:\/\/secure.gravatar.com\/avatar\/b6356e21c5657c60757fe6fb9493e947?s=96&d=mm&r=g","contentUrl":"https:\/\/secure.gravatar.com\/avatar\/b6356e21c5657c60757fe6fb9493e947?s=96&d=mm&r=g","caption":"dfgordillo"},"sameAs":["dfgordillo"],"url":"https:\/\/www.fiscalia.gov.co\/colombia\/author\/dfgordillo\/"}]}},"_links":{"self":[{"href":"https:\/\/www.fiscalia.gov.co\/colombia\/wp-json\/wp\/v2\/posts\/54752","targetHints":{"allow":["GET"]}}],"collection":[{"href":"https:\/\/www.fiscalia.gov.co\/colombia\/wp-json\/wp\/v2\/posts"}],"about":[{"href":"https:\/\/www.fiscalia.gov.co\/colombia\/wp-json\/wp\/v2\/types\/post"}],"author":[{"embeddable":true,"href":"https:\/\/www.fiscalia.gov.co\/colombia\/wp-json\/wp\/v2\/users\/143"}],"replies":[{"embeddable":true,"href":"https:\/\/www.fiscalia.gov.co\/colombia\/wp-json\/wp\/v2\/comments?post=54752"}],"version-history":[{"count":3,"href":"https:\/\/www.fiscalia.gov.co\/colombia\/wp-json\/wp\/v2\/posts\/54752\/revisions"}],"predecessor-version":[{"id":54754,"href":"https:\/\/www.fiscalia.gov.co\/colombia\/wp-json\/wp\/v2\/posts\/54752\/revisions\/54754"}],"wp:attachment":[{"href":"https:\/\/www.fiscalia.gov.co\/colombia\/wp-json\/wp\/v2\/media?parent=54752"}],"wp:term":[{"taxonomy":"category","embeddable":true,"href":"https:\/\/www.fiscalia.gov.co\/colombia\/wp-json\/wp\/v2\/categories?post=54752"},{"taxonomy":"post_tag","embeddable":true,"href":"https:\/\/www.fiscalia.gov.co\/colombia\/wp-json\/wp\/v2\/tags?post=54752"}],"curies":[{"name":"wp","href":"https:\/\/api.w.org\/{rel}","templated":true}]}}