{"id":53586,"date":"2014-08-06T11:51:05","date_gmt":"2014-08-06T16:51:05","guid":{"rendered":"http:\/\/www.fiscalia.gov.co\/colombia\/?p=53586"},"modified":"2014-08-06T15:15:31","modified_gmt":"2014-08-06T20:15:31","slug":"alias-el-aguila-no-recobrara-la-libertad-en-el-marco-de-la-ley-de-justicia-y-paz","status":"publish","type":"post","link":"https:\/\/www.fiscalia.gov.co\/colombia\/noticias\/alias-el-aguila-no-recobrara-la-libertad-en-el-marco-de-la-ley-de-justicia-y-paz\/","title":{"rendered":"Alias El \u00c1guila no recobrar\u00e1 la libertad"},"content":{"rendered":"<p>Luis Eduardo Cifuentes Galindo, alias El Aguila, exjefe del Bloque Cundinamarca de las Autodefensas Unidas de Colombia (AUC), que deb\u00eda recobrar su libertad pr\u00f3ximamente al amparo de la ley de justicia y paz, fue cobijado con medida de aseguramiento consistente en detenci\u00f3n preventiva en establecimiento carcelario por el secuestro de un estudiante universitario.<\/p>\n<p>Por tal motivo, deber\u00e1 permanecer preso en la c\u00e1rcel La Picota, de Bogot\u00e1, en donde se encuentra detenido. La acci\u00f3n investigativa de la Fiscal\u00eda permiti\u00f3 inferir que Cifuentes habr\u00eda continuado delinquiendo mientras se adelantaba el proceso de justicia y paz.<\/p>\n<p>La Fiscal\u00eda General de la Naci\u00f3n llev\u00f3 ante un juez de control de garant\u00edas a Cifuentes como presunto responsable de los delitos de homicidio agravado, secuestro extorsivo agravado, tr\u00e1fico, porte, fabricaci\u00f3n de armas y municiones de defensa personal y concierto para delinquir agravado en concurso heterog\u00e9neo y sucesivo.<\/p>\n<p>Los hechos materia de la investigaci\u00f3n penal se relacionan con el secuestro y posterior homicidio del joven estudiante Humberto Sarmiento Villate, quien bajo enga\u00f1os fue llevado a una zona rural de Yacop\u00ed (Cundinamarca) a desenterrar una supuesta guaca.<\/p>\n<p>Durante el cautiverio,\u00a0\u00a0 la organizaci\u00f3n criminal pretend\u00eda el cobro de cinco mil millones de pesos para su liberaci\u00f3n. Por los mismos hechos est\u00e1n procesados Giovanni R\u00edos Narv\u00e1ez, Eduardo Andr\u00e9s Camargo R\u00edos, Jos\u00e9 Obdulio Cruz Linares, Jairo Ferney Mart\u00ednez Pineda, Ferney Orozco Torres, Flaminio Morales Rodr\u00edguez y M\u00f3nica Ocampo.<\/p>\n<p>Las declaraciones juramentadas de algunas de estas personas, que est\u00e1n privadas de la libertad en diferentes centros carcelarios, condenadas y otras que negocian un principio de oportunidad, involucraron a alias El \u00c1guila en estos hechos.<\/p>\n<p>Sarmiento Villate sali\u00f3 de su casa el 9 de noviembre del 2012 en una motocicleta al parecer hacia la Universidad Sergio Arboleda, pero realmente iban con otro destino, pues hab\u00eda sido enga\u00f1ado por un exempleado de su casa identificado como John Alberto Orozco Ocampo, alias Cristhian, quien le asegur\u00f3 que iban a buscar una guaca y lo llev\u00f3 a zona rural de Yacop\u00ed (Cundinamarca). Orozco es el segundo al mando del grupo que organiz\u00f3 el secuestro.<\/p>\n<p>El 13 de noviembre del 2012, el padre del secuestrado recibe una llamada de un al\u00edas Cristhian, que se identific\u00f3 como miembro del frente 26 de las Farc, para decirle que su hijo estaba secuestrado. Por su libertad le exigieron 5000 millones de pesos.<\/p>\n<p>La investigaci\u00f3n de la Fiscal\u00eda determin\u00f3 que el plagio no lo realizaron los guerrilleros sino \u00a0delincuentes comunes.<\/p>\n<p>El 11 de febrero del 2013 se present\u00f3 ante las autoridades uno de los sindicados acompa\u00f1ado de su abogado, diciendo que el hab\u00eda participado del secuestro y que por \u00f3rdenes del jefe del grupo, llamado Heymer Antonio Pulgar\u00edn C\u00e1rdenas, que hac\u00eda parte del grupo de postulados de justicia y paz cuando se cometi\u00f3 el crimen, se hab\u00eda realizado el secuestro y posterior homicido de Sarmiento el 27 de noviembre del 2012 con un disparo de pistola en el rostro.<\/p>\n<p>De acuerdo con las versiones entregadas por los vinculados al proceso, al parecer Cifuentes Galindo, alias El \u00c1guila, plane\u00f3, financi\u00f3 y ejecut\u00f3 el secuestro de Sarmiento Villate para solicitar 5.000 millones de pesos, para lo cual habr\u00eda entregado a los autores materiales 80 millones de pesos.<\/p>\n<p>El Juzgado 24 Penal Municipal de Bogot\u00e1, con funci\u00f3n de control de garant\u00edas, profiri\u00f3 medida de aseguramiento consistente en detenci\u00f3n preventiva en centro carcelario contra Cifuentes, por lo que se mantendr\u00e1 recluido en la C\u00e1rcel La Picota en Bogot\u00e1.<\/p>\n<p>El pasado 3 de febrero del 2014, en una diligencia realizada al amparo de la ley de justicia y paz, Cifuentes admiti\u00f3 su responsabilidad en 114 hechos de desplazamiento forzado, 6 de reclutamiento il\u00edcito, 97 homicidios selectivos, que dejaron 282 v\u00edctimas.<\/p>\n\n<div class=\"twitter-share\"><a href=\"https:\/\/twitter.com\/intent\/tweet?via=fiscaliacol\" class=\"twitter-share-button\">Tweet<\/a><\/div>\n","protected":false},"excerpt":{"rendered":"<p>Luis Eduardo Cifuentes Galindo, alias El Aguila, exjefe del Bloque Cundinamarca de las Autodefensas Unidas de Colombia (AUC), que deb\u00eda recobrar su libertad pr\u00f3ximamente al amparo de la ley de [&hellip;]<\/p>\n","protected":false},"author":143,"featured_media":0,"comment_status":"closed","ping_status":"open","sticky":false,"template":"","format":"standard","meta":{"tdm_status":"","tdm_grid_status":"","footnotes":""},"categories":[1],"tags":[5619,8],"class_list":["post-53586","post","type-post","status-publish","format-standard","category-noticias","tag-alias-el-aguila","tag-justicia-y-paz"],"yoast_head":"<!-- This site is optimized with the Yoast SEO plugin v24.3 - https:\/\/yoast.com\/wordpress\/plugins\/seo\/ -->\n<title>Fiscal\u00eda General de la Naci\u00f3n<\/title>\n<meta name=\"description\" content=\"P\u00e1gina oficial de la Fiscal\u00eda General de la Naci\u00f3n \u2013 Colombia. Garantizamos el acceso efectivo a la justicia, la verdad y la reparaci\u00f3n de las v\u00edctimas de los delitos.\" \/>\n<meta name=\"robots\" content=\"noindex, follow\" \/>\n<meta property=\"og:locale\" content=\"es_ES\" \/>\n<meta property=\"og:type\" content=\"article\" \/>\n<meta property=\"og:title\" content=\"Fiscal\u00eda General de la Naci\u00f3n\" \/>\n<meta property=\"og:description\" content=\"P\u00e1gina oficial de la Fiscal\u00eda General de la Naci\u00f3n \u2013 Colombia. Garantizamos el acceso efectivo a la justicia, la verdad y la reparaci\u00f3n de las v\u00edctimas de los delitos.\" \/>\n<meta property=\"og:url\" content=\"https:\/\/www.fiscalia.gov.co\/colombia\/noticias\/alias-el-aguila-no-recobrara-la-libertad-en-el-marco-de-la-ley-de-justicia-y-paz\/\" \/>\n<meta property=\"og:site_name\" content=\"Fiscal\u00eda General de la Naci\u00f3n\" \/>\n<meta property=\"article:publisher\" content=\"https:\/\/www.facebook.com\/FiscaliaCol\" \/>\n<meta property=\"article:published_time\" content=\"2014-08-06T16:51:05+00:00\" \/>\n<meta property=\"article:modified_time\" content=\"2014-08-06T20:15:31+00:00\" \/>\n<meta name=\"author\" content=\"dfgordillo\" \/>\n<meta name=\"twitter:card\" content=\"summary_large_image\" \/>\n<meta name=\"twitter:creator\" content=\"@FiscaliaCol\" \/>\n<meta name=\"twitter:site\" content=\"@FiscaliaCol\" \/>\n<meta name=\"twitter:label1\" content=\"Escrito por\" \/>\n\t<meta name=\"twitter:data1\" content=\"dfgordillo\" \/>\n\t<meta name=\"twitter:label2\" content=\"Tiempo de lectura\" \/>\n\t<meta name=\"twitter:data2\" content=\"3 minutos\" \/>\n<script type=\"application\/ld+json\" class=\"yoast-schema-graph\">{\"@context\":\"https:\/\/schema.org\",\"@graph\":[{\"@type\":\"Article\",\"@id\":\"https:\/\/www.fiscalia.gov.co\/colombia\/noticias\/alias-el-aguila-no-recobrara-la-libertad-en-el-marco-de-la-ley-de-justicia-y-paz\/#article\",\"isPartOf\":{\"@id\":\"https:\/\/www.fiscalia.gov.co\/colombia\/noticias\/alias-el-aguila-no-recobrara-la-libertad-en-el-marco-de-la-ley-de-justicia-y-paz\/\"},\"author\":{\"name\":\"dfgordillo\",\"@id\":\"https:\/\/www.fiscalia.gov.co\/colombia\/#\/schema\/person\/3903856a3ce2d54b094c69eb29247895\"},\"headline\":\"Alias El \u00c1guila no recobrar\u00e1 la libertad\",\"datePublished\":\"2014-08-06T16:51:05+00:00\",\"dateModified\":\"2014-08-06T20:15:31+00:00\",\"mainEntityOfPage\":{\"@id\":\"https:\/\/www.fiscalia.gov.co\/colombia\/noticias\/alias-el-aguila-no-recobrara-la-libertad-en-el-marco-de-la-ley-de-justicia-y-paz\/\"},\"wordCount\":637,\"publisher\":{\"@id\":\"https:\/\/www.fiscalia.gov.co\/colombia\/#organization\"},\"keywords\":[\"Alias El \u00c1guila\",\"Justicia y Paz\"],\"articleSection\":[\"Noticias\"],\"inLanguage\":\"es-CO\"},{\"@type\":\"WebPage\",\"@id\":\"https:\/\/www.fiscalia.gov.co\/colombia\/noticias\/alias-el-aguila-no-recobrara-la-libertad-en-el-marco-de-la-ley-de-justicia-y-paz\/\",\"url\":\"https:\/\/www.fiscalia.gov.co\/colombia\/noticias\/alias-el-aguila-no-recobrara-la-libertad-en-el-marco-de-la-ley-de-justicia-y-paz\/\",\"name\":\"Fiscal\u00eda General de la Naci\u00f3n\",\"isPartOf\":{\"@id\":\"https:\/\/www.fiscalia.gov.co\/colombia\/#website\"},\"datePublished\":\"2014-08-06T16:51:05+00:00\",\"dateModified\":\"2014-08-06T20:15:31+00:00\",\"description\":\"P\u00e1gina oficial de la Fiscal\u00eda General de la Naci\u00f3n \u2013 Colombia. Garantizamos el acceso efectivo a la justicia, la verdad y la reparaci\u00f3n de las v\u00edctimas de los delitos.\",\"breadcrumb\":{\"@id\":\"https:\/\/www.fiscalia.gov.co\/colombia\/noticias\/alias-el-aguila-no-recobrara-la-libertad-en-el-marco-de-la-ley-de-justicia-y-paz\/#breadcrumb\"},\"inLanguage\":\"es-CO\",\"potentialAction\":[{\"@type\":\"ReadAction\",\"target\":[\"https:\/\/www.fiscalia.gov.co\/colombia\/noticias\/alias-el-aguila-no-recobrara-la-libertad-en-el-marco-de-la-ley-de-justicia-y-paz\/\"]}]},{\"@type\":\"BreadcrumbList\",\"@id\":\"https:\/\/www.fiscalia.gov.co\/colombia\/noticias\/alias-el-aguila-no-recobrara-la-libertad-en-el-marco-de-la-ley-de-justicia-y-paz\/#breadcrumb\",\"itemListElement\":[{\"@type\":\"ListItem\",\"position\":1,\"name\":\"Home\",\"item\":\"https:\/\/www.fiscalia.gov.co\/colombia\/\"},{\"@type\":\"ListItem\",\"position\":2,\"name\":\"Alias El \u00c1guila no recobrar\u00e1 la libertad\"}]},{\"@type\":\"WebSite\",\"@id\":\"https:\/\/www.fiscalia.gov.co\/colombia\/#website\",\"url\":\"https:\/\/www.fiscalia.gov.co\/colombia\/\",\"name\":\"Fiscal\u00eda General de la Naci\u00f3n\",\"description\":\"P\u00e1gina oficial de la Fiscal\u00eda General de la Naci\u00f3n \u2013 Colombia. Garantizamos el acceso efectivo a la justicia, la verdad y la reparaci\u00f3n de las v\u00edctimas de los delitos.\",\"publisher\":{\"@id\":\"https:\/\/www.fiscalia.gov.co\/colombia\/#organization\"},\"potentialAction\":[{\"@type\":\"SearchAction\",\"target\":{\"@type\":\"EntryPoint\",\"urlTemplate\":\"https:\/\/www.fiscalia.gov.co\/colombia\/?s={search_term_string}\"},\"query-input\":{\"@type\":\"PropertyValueSpecification\",\"valueRequired\":true,\"valueName\":\"search_term_string\"}}],\"inLanguage\":\"es-CO\"},{\"@type\":\"Organization\",\"@id\":\"https:\/\/www.fiscalia.gov.co\/colombia\/#organization\",\"name\":\"Fiscal\u00eda General de la Naci\u00f3n\",\"url\":\"https:\/\/www.fiscalia.gov.co\/colombia\/\",\"logo\":{\"@type\":\"ImageObject\",\"inLanguage\":\"es-CO\",\"@id\":\"https:\/\/www.fiscalia.gov.co\/colombia\/#\/schema\/logo\/image\/\",\"url\":\"https:\/\/www.fiscalia.gov.co\/colombia\/wp-content\/uploads\/LogoHorizontal_1.jpg\",\"contentUrl\":\"https:\/\/www.fiscalia.gov.co\/colombia\/wp-content\/uploads\/LogoHorizontal_1.jpg\",\"width\":300,\"height\":90,\"caption\":\"Fiscal\u00eda General de la Naci\u00f3n\"},\"image\":{\"@id\":\"https:\/\/www.fiscalia.gov.co\/colombia\/#\/schema\/logo\/image\/\"},\"sameAs\":[\"https:\/\/www.facebook.com\/FiscaliaCol\",\"https:\/\/x.com\/FiscaliaCol\",\"https:\/\/www.instagram.com\/fiscaliacol\",\"https:\/\/www.linkedin.com\/company\/fiscalia-general-de-la-naci-n\/\",\"https:\/\/youtube.com\/@fiscaliageneraldelanacion-4668?si=6nN79nyQICPU5iTh\"]},{\"@type\":\"Person\",\"@id\":\"https:\/\/www.fiscalia.gov.co\/colombia\/#\/schema\/person\/3903856a3ce2d54b094c69eb29247895\",\"name\":\"dfgordillo\",\"image\":{\"@type\":\"ImageObject\",\"inLanguage\":\"es-CO\",\"@id\":\"https:\/\/www.fiscalia.gov.co\/colombia\/#\/schema\/person\/image\/\",\"url\":\"https:\/\/secure.gravatar.com\/avatar\/b6356e21c5657c60757fe6fb9493e947?s=96&d=mm&r=g\",\"contentUrl\":\"https:\/\/secure.gravatar.com\/avatar\/b6356e21c5657c60757fe6fb9493e947?s=96&d=mm&r=g\",\"caption\":\"dfgordillo\"},\"sameAs\":[\"dfgordillo\"],\"url\":\"https:\/\/www.fiscalia.gov.co\/colombia\/author\/dfgordillo\/\"}]}<\/script>\n<!-- \/ Yoast SEO plugin. -->","yoast_head_json":{"title":"Fiscal\u00eda General de la Naci\u00f3n","description":"P\u00e1gina oficial de la Fiscal\u00eda General de la Naci\u00f3n \u2013 Colombia. Garantizamos el acceso efectivo a la justicia, la verdad y la reparaci\u00f3n de las v\u00edctimas de los delitos.","robots":{"index":"noindex","follow":"follow"},"og_locale":"es_ES","og_type":"article","og_title":"Fiscal\u00eda General de la Naci\u00f3n","og_description":"P\u00e1gina oficial de la Fiscal\u00eda General de la Naci\u00f3n \u2013 Colombia. Garantizamos el acceso efectivo a la justicia, la verdad y la reparaci\u00f3n de las v\u00edctimas de los delitos.","og_url":"https:\/\/www.fiscalia.gov.co\/colombia\/noticias\/alias-el-aguila-no-recobrara-la-libertad-en-el-marco-de-la-ley-de-justicia-y-paz\/","og_site_name":"Fiscal\u00eda General de la Naci\u00f3n","article_publisher":"https:\/\/www.facebook.com\/FiscaliaCol","article_published_time":"2014-08-06T16:51:05+00:00","article_modified_time":"2014-08-06T20:15:31+00:00","author":"dfgordillo","twitter_card":"summary_large_image","twitter_creator":"@FiscaliaCol","twitter_site":"@FiscaliaCol","twitter_misc":{"Escrito por":"dfgordillo","Tiempo de lectura":"3 minutos"},"schema":{"@context":"https:\/\/schema.org","@graph":[{"@type":"Article","@id":"https:\/\/www.fiscalia.gov.co\/colombia\/noticias\/alias-el-aguila-no-recobrara-la-libertad-en-el-marco-de-la-ley-de-justicia-y-paz\/#article","isPartOf":{"@id":"https:\/\/www.fiscalia.gov.co\/colombia\/noticias\/alias-el-aguila-no-recobrara-la-libertad-en-el-marco-de-la-ley-de-justicia-y-paz\/"},"author":{"name":"dfgordillo","@id":"https:\/\/www.fiscalia.gov.co\/colombia\/#\/schema\/person\/3903856a3ce2d54b094c69eb29247895"},"headline":"Alias El \u00c1guila no recobrar\u00e1 la libertad","datePublished":"2014-08-06T16:51:05+00:00","dateModified":"2014-08-06T20:15:31+00:00","mainEntityOfPage":{"@id":"https:\/\/www.fiscalia.gov.co\/colombia\/noticias\/alias-el-aguila-no-recobrara-la-libertad-en-el-marco-de-la-ley-de-justicia-y-paz\/"},"wordCount":637,"publisher":{"@id":"https:\/\/www.fiscalia.gov.co\/colombia\/#organization"},"keywords":["Alias El \u00c1guila","Justicia y Paz"],"articleSection":["Noticias"],"inLanguage":"es-CO"},{"@type":"WebPage","@id":"https:\/\/www.fiscalia.gov.co\/colombia\/noticias\/alias-el-aguila-no-recobrara-la-libertad-en-el-marco-de-la-ley-de-justicia-y-paz\/","url":"https:\/\/www.fiscalia.gov.co\/colombia\/noticias\/alias-el-aguila-no-recobrara-la-libertad-en-el-marco-de-la-ley-de-justicia-y-paz\/","name":"Fiscal\u00eda General de la Naci\u00f3n","isPartOf":{"@id":"https:\/\/www.fiscalia.gov.co\/colombia\/#website"},"datePublished":"2014-08-06T16:51:05+00:00","dateModified":"2014-08-06T20:15:31+00:00","description":"P\u00e1gina oficial de la Fiscal\u00eda General de la Naci\u00f3n \u2013 Colombia. Garantizamos el acceso efectivo a la justicia, la verdad y la reparaci\u00f3n de las v\u00edctimas de los delitos.","breadcrumb":{"@id":"https:\/\/www.fiscalia.gov.co\/colombia\/noticias\/alias-el-aguila-no-recobrara-la-libertad-en-el-marco-de-la-ley-de-justicia-y-paz\/#breadcrumb"},"inLanguage":"es-CO","potentialAction":[{"@type":"ReadAction","target":["https:\/\/www.fiscalia.gov.co\/colombia\/noticias\/alias-el-aguila-no-recobrara-la-libertad-en-el-marco-de-la-ley-de-justicia-y-paz\/"]}]},{"@type":"BreadcrumbList","@id":"https:\/\/www.fiscalia.gov.co\/colombia\/noticias\/alias-el-aguila-no-recobrara-la-libertad-en-el-marco-de-la-ley-de-justicia-y-paz\/#breadcrumb","itemListElement":[{"@type":"ListItem","position":1,"name":"Home","item":"https:\/\/www.fiscalia.gov.co\/colombia\/"},{"@type":"ListItem","position":2,"name":"Alias El \u00c1guila no recobrar\u00e1 la libertad"}]},{"@type":"WebSite","@id":"https:\/\/www.fiscalia.gov.co\/colombia\/#website","url":"https:\/\/www.fiscalia.gov.co\/colombia\/","name":"Fiscal\u00eda General de la Naci\u00f3n","description":"P\u00e1gina oficial de la Fiscal\u00eda General de la Naci\u00f3n \u2013 Colombia. Garantizamos el acceso efectivo a la justicia, la verdad y la reparaci\u00f3n de las v\u00edctimas de los delitos.","publisher":{"@id":"https:\/\/www.fiscalia.gov.co\/colombia\/#organization"},"potentialAction":[{"@type":"SearchAction","target":{"@type":"EntryPoint","urlTemplate":"https:\/\/www.fiscalia.gov.co\/colombia\/?s={search_term_string}"},"query-input":{"@type":"PropertyValueSpecification","valueRequired":true,"valueName":"search_term_string"}}],"inLanguage":"es-CO"},{"@type":"Organization","@id":"https:\/\/www.fiscalia.gov.co\/colombia\/#organization","name":"Fiscal\u00eda General de la Naci\u00f3n","url":"https:\/\/www.fiscalia.gov.co\/colombia\/","logo":{"@type":"ImageObject","inLanguage":"es-CO","@id":"https:\/\/www.fiscalia.gov.co\/colombia\/#\/schema\/logo\/image\/","url":"https:\/\/www.fiscalia.gov.co\/colombia\/wp-content\/uploads\/LogoHorizontal_1.jpg","contentUrl":"https:\/\/www.fiscalia.gov.co\/colombia\/wp-content\/uploads\/LogoHorizontal_1.jpg","width":300,"height":90,"caption":"Fiscal\u00eda General de la Naci\u00f3n"},"image":{"@id":"https:\/\/www.fiscalia.gov.co\/colombia\/#\/schema\/logo\/image\/"},"sameAs":["https:\/\/www.facebook.com\/FiscaliaCol","https:\/\/x.com\/FiscaliaCol","https:\/\/www.instagram.com\/fiscaliacol","https:\/\/www.linkedin.com\/company\/fiscalia-general-de-la-naci-n\/","https:\/\/youtube.com\/@fiscaliageneraldelanacion-4668?si=6nN79nyQICPU5iTh"]},{"@type":"Person","@id":"https:\/\/www.fiscalia.gov.co\/colombia\/#\/schema\/person\/3903856a3ce2d54b094c69eb29247895","name":"dfgordillo","image":{"@type":"ImageObject","inLanguage":"es-CO","@id":"https:\/\/www.fiscalia.gov.co\/colombia\/#\/schema\/person\/image\/","url":"https:\/\/secure.gravatar.com\/avatar\/b6356e21c5657c60757fe6fb9493e947?s=96&d=mm&r=g","contentUrl":"https:\/\/secure.gravatar.com\/avatar\/b6356e21c5657c60757fe6fb9493e947?s=96&d=mm&r=g","caption":"dfgordillo"},"sameAs":["dfgordillo"],"url":"https:\/\/www.fiscalia.gov.co\/colombia\/author\/dfgordillo\/"}]}},"_links":{"self":[{"href":"https:\/\/www.fiscalia.gov.co\/colombia\/wp-json\/wp\/v2\/posts\/53586","targetHints":{"allow":["GET"]}}],"collection":[{"href":"https:\/\/www.fiscalia.gov.co\/colombia\/wp-json\/wp\/v2\/posts"}],"about":[{"href":"https:\/\/www.fiscalia.gov.co\/colombia\/wp-json\/wp\/v2\/types\/post"}],"author":[{"embeddable":true,"href":"https:\/\/www.fiscalia.gov.co\/colombia\/wp-json\/wp\/v2\/users\/143"}],"replies":[{"embeddable":true,"href":"https:\/\/www.fiscalia.gov.co\/colombia\/wp-json\/wp\/v2\/comments?post=53586"}],"version-history":[{"count":3,"href":"https:\/\/www.fiscalia.gov.co\/colombia\/wp-json\/wp\/v2\/posts\/53586\/revisions"}],"predecessor-version":[{"id":53588,"href":"https:\/\/www.fiscalia.gov.co\/colombia\/wp-json\/wp\/v2\/posts\/53586\/revisions\/53588"}],"wp:attachment":[{"href":"https:\/\/www.fiscalia.gov.co\/colombia\/wp-json\/wp\/v2\/media?parent=53586"}],"wp:term":[{"taxonomy":"category","embeddable":true,"href":"https:\/\/www.fiscalia.gov.co\/colombia\/wp-json\/wp\/v2\/categories?post=53586"},{"taxonomy":"post_tag","embeddable":true,"href":"https:\/\/www.fiscalia.gov.co\/colombia\/wp-json\/wp\/v2\/tags?post=53586"}],"curies":[{"name":"wp","href":"https:\/\/api.w.org\/{rel}","templated":true}]}}