{"id":51013,"date":"2014-06-09T18:35:32","date_gmt":"2014-06-09T23:35:32","guid":{"rendered":"http:\/\/www.fiscalia.gov.co\/colombia\/?p=51013"},"modified":"2014-07-11T16:27:00","modified_gmt":"2014-07-11T21:27:00","slug":"fiscal-general-solicito-que-se-investigue-penalmente-a-jueza-que-decreto-libertad-de-hacker-andres-sepulveda","status":"publish","type":"post","link":"https:\/\/www.fiscalia.gov.co\/colombia\/noticias\/fiscal-general-solicito-que-se-investigue-penalmente-a-jueza-que-decreto-libertad-de-hacker-andres-sepulveda\/","title":{"rendered":"Fiscal General solicit\u00f3 que se investigue penalmente a Jueza que decret\u00f3 libertad de hacker Andr\u00e9s Sep\u00falveda"},"content":{"rendered":"<p>En la tarde de hoy el Fiscal General de la Naci\u00f3n, Eduardo Montealegre Lynett, orden\u00f3 que se investigue penalmente\u00a0 a la Jueza D\u00e9cima Penal del Circuito de Bogot\u00e1, Teresita Barrera Madero,\u00a0 tras haber decretado la nulidad de la imputaci\u00f3n realizada al se\u00f1or Andr\u00e9s Sep\u00falveda Ardila.<\/p>\n<p>En la compulsa de copias se solicita que se indague\u00a0 la posible responsabilidad de la citada Jueza en el delito de prevaricato por acci\u00f3n (art. 413 C\u00f3digo Penal) y cualquier otro que se llegare a demostrar, por las siguientes razones:<\/p>\n<p>1)\u00a0\u00a0 De manera inexplicable la Jueza Barrera consider\u00f3 que la aceptaci\u00f3n de responsabilidad realizada por el se\u00f1or Sep\u00falveda y los documentos reservados encontrados en su poder no pod\u00edan ser tenidos en cuenta como fundamento de la imputaci\u00f3n, en clara contradicci\u00f3n con lo establecido en el C\u00f3digo de Procedimiento Penal (art. 282).<\/p>\n<p>2)\u00a0\u00a0 La Fiscal\u00eda General de la Naci\u00f3n cuenta con abundantes elementos materiales probatorios y evidencia legalmente obtenida, que permiten inferir razonablemente que el se\u00f1or Sep\u00falveda es posible responsable de los delitos que le fueron imputados (espionaje, acceso abusivo a un sistema inform\u00e1tico, uso de software malicioso y violaci\u00f3n de datos personales), adem\u00e1s de otras conductas punibles que han surgido en desarrollo del proceso. Algunas de esas pruebas son:<\/p>\n<p>2.1. Videos de Andr\u00e9s Sep\u00falveda en los que se evidencia la transmisi\u00f3n de informaci\u00f3n confidencial de Inteligencia a otras personas. Esas grabaciones fueron verificadas por peritos del Cuerpo T\u00e9cnico de Investigaci\u00f3n (CTI) confirm\u00e1ndose su autenticidad y la identificaci\u00f3n morfol\u00f3gica de quienes all\u00ed aparecen.<\/p>\n<p>2.2. Videos que revelan la compra y venta de informaci\u00f3n de Inteligencia de las Fuerzas Armadas y de Polic\u00eda.<\/p>\n<p>2.3. Bases de datos y testimonios que dan cuenta del seguimiento, sabotaje e interceptaci\u00f3n de los di\u00e1logos de paz que se desarrollan en La Habana, Cuba.<\/p>\n<p>2.4. Treinta y tres equipos de c\u00f3mputo incautados en los allanamientos y en cuyas memorias se encontraron bases de datos con informaci\u00f3n reservada perteneciente a la Direcci\u00f3n de Inteligencia de la Polic\u00eda Nacional (DIPOL), a otras agencias de Inteligencia del Ej\u00e9rcito, as\u00ed como tambi\u00e9n de la Fiscal\u00eda General de la Naci\u00f3n.<\/p>\n<p>2.5. Bases de datos reservadas del Comit\u00e9 Operativo de Dejaci\u00f3n de las Armas (CODA) en las cuales figura informaci\u00f3n personal y del n\u00facleo familiar de desmovilizados de la guerrilla.<\/p>\n<p>2.6. Testimonios recepcionados en el proceso a diferentes personas que confirman la compra y venta de informaci\u00f3n de Inteligencia, la interceptaci\u00f3n ilegal de correos electr\u00f3nicos de ciudadanos, y otras actividades ilegales.<\/p>\n<p>2.7. Un dispositivo electr\u00f3nico de origen israel\u00ed que permite interceptar ilegalmente comunicaciones.<\/p>\n<p>3)\u00a0\u00a0 Por lo anterior y teniendo en cuenta que toda esta evidencia pone en riesgo la seguridad nacional, la Fiscal\u00eda General de la Naci\u00f3n abrir\u00e1 de inmediato la investigaci\u00f3n penal a la Jueza D\u00e9cima Penal del Circuito de Bogot\u00e1 por el delito de prevaricato por acci\u00f3n.<\/p>\n<p>Direcci\u00f3n Nacional de Comunicaciones, Prensa y Protocolo<\/p>\n<p>________________________________________________________<\/p>\n<p><strong>Rueda de prensa Fiscal General de la Naci\u00f3n, Eduardo Montealegre Lynett\u00a0<\/strong><\/p>\n[audio:http:\/\/www.fiscalia.gov.co\/colombia\/wp-content\/uploads\/20140609a.mp3|titles=Declaraciones]\n<p><a title=\"Descargar audio \" href=\"http:\/\/www.fiscalia.gov.co\/colombia\/wp-content\/uploads\/20140609a.mp3\" target=\"_blank\">Descargar<\/a><\/p>\n<p>Tema:\u00a0Fiscal General solicit\u00f3 que se investigue penalmente a Jueza que decret\u00f3 libertad de hacker Andr\u00e9s Sep\u00falveda<br \/>\nLugar: Nivel Central Fiscal\u00eda General de la Naci\u00f3n<br \/>\nFecha: 9 de junio de 2014<\/p>\n\n<div class=\"twitter-share\"><a href=\"https:\/\/twitter.com\/intent\/tweet?via=fiscaliacol\" class=\"twitter-share-button\">Tweet<\/a><\/div>\n","protected":false},"excerpt":{"rendered":"<p>Fiscal General anunci\u00f3 que compulsar\u00e1 copias en contra de la jueza que decret\u00f3 libertad de Andr\u00e9s Sep\u00falveda. <\/p>\n","protected":false},"author":143,"featured_media":0,"comment_status":"closed","ping_status":"open","sticky":false,"template":"","format":"standard","meta":{"_price":"","_stock":"","_tribe_ticket_header":"","_tribe_default_ticket_provider":"","_tribe_ticket_capacity":"0","_ticket_start_date":"","_ticket_end_date":"","_tribe_ticket_show_description":"","_tribe_ticket_show_not_going":false,"_tribe_ticket_use_global_stock":"","_tribe_ticket_global_stock_level":"","_global_stock_mode":"","_global_stock_cap":"","_tribe_rsvp_for_event":"","_tribe_ticket_going_count":"","_tribe_ticket_not_going_count":"","_tribe_tickets_list":"[]","_tribe_ticket_has_attendee_info_fields":false,"tdm_status":"","tdm_grid_status":"","footnotes":""},"categories":[1],"tags":[400,78],"class_list":{"0":"post-51013","1":"post","2":"type-post","3":"status-publish","4":"format-standard","6":"category-noticias","7":"tag-eduardo-montealegre-lynett","8":"tag-fiscal-general-de-la-nacion"},"yoast_head":"<!-- This site is optimized with the Yoast SEO plugin v24.3 - https:\/\/yoast.com\/wordpress\/plugins\/seo\/ -->\n<title>Fiscal\u00eda General de la Naci\u00f3n<\/title>\n<meta name=\"description\" content=\"P\u00e1gina oficial de la Fiscal\u00eda General de la Naci\u00f3n \u2013 Colombia. Garantizamos el acceso efectivo a la justicia, la verdad y la reparaci\u00f3n de las v\u00edctimas de los delitos.\" \/>\n<meta name=\"robots\" content=\"noindex, follow\" \/>\n<meta property=\"og:locale\" content=\"es_ES\" \/>\n<meta property=\"og:type\" content=\"article\" \/>\n<meta property=\"og:title\" content=\"Fiscal\u00eda General de la Naci\u00f3n\" \/>\n<meta property=\"og:description\" content=\"P\u00e1gina oficial de la Fiscal\u00eda General de la Naci\u00f3n \u2013 Colombia. Garantizamos el acceso efectivo a la justicia, la verdad y la reparaci\u00f3n de las v\u00edctimas de los delitos.\" \/>\n<meta property=\"og:url\" content=\"https:\/\/www.fiscalia.gov.co\/colombia\/noticias\/fiscal-general-solicito-que-se-investigue-penalmente-a-jueza-que-decreto-libertad-de-hacker-andres-sepulveda\/\" \/>\n<meta property=\"og:site_name\" content=\"Fiscal\u00eda General de la Naci\u00f3n\" \/>\n<meta property=\"article:publisher\" content=\"https:\/\/www.facebook.com\/FiscaliaCol\" \/>\n<meta property=\"article:published_time\" content=\"2014-06-09T23:35:32+00:00\" \/>\n<meta property=\"article:modified_time\" content=\"2014-07-11T21:27:00+00:00\" \/>\n<meta name=\"author\" content=\"dfgordillo\" \/>\n<meta name=\"twitter:card\" content=\"summary_large_image\" \/>\n<meta name=\"twitter:creator\" content=\"@FiscaliaCol\" \/>\n<meta name=\"twitter:site\" content=\"@FiscaliaCol\" \/>\n<meta name=\"twitter:label1\" content=\"Escrito por\" \/>\n\t<meta name=\"twitter:data1\" content=\"dfgordillo\" \/>\n\t<meta name=\"twitter:label2\" content=\"Tiempo de lectura\" \/>\n\t<meta name=\"twitter:data2\" content=\"3 minutos\" \/>\n<script type=\"application\/ld+json\" class=\"yoast-schema-graph\">{\"@context\":\"https:\/\/schema.org\",\"@graph\":[{\"@type\":\"Article\",\"@id\":\"https:\/\/www.fiscalia.gov.co\/colombia\/noticias\/fiscal-general-solicito-que-se-investigue-penalmente-a-jueza-que-decreto-libertad-de-hacker-andres-sepulveda\/#article\",\"isPartOf\":{\"@id\":\"https:\/\/www.fiscalia.gov.co\/colombia\/noticias\/fiscal-general-solicito-que-se-investigue-penalmente-a-jueza-que-decreto-libertad-de-hacker-andres-sepulveda\/\"},\"author\":{\"name\":\"dfgordillo\",\"@id\":\"https:\/\/www.fiscalia.gov.co\/colombia\/#\/schema\/person\/3903856a3ce2d54b094c69eb29247895\"},\"headline\":\"Fiscal General solicit\u00f3 que se investigue penalmente a Jueza que decret\u00f3 libertad de hacker Andr\u00e9s Sep\u00falveda\",\"datePublished\":\"2014-06-09T23:35:32+00:00\",\"dateModified\":\"2014-07-11T21:27:00+00:00\",\"mainEntityOfPage\":{\"@id\":\"https:\/\/www.fiscalia.gov.co\/colombia\/noticias\/fiscal-general-solicito-que-se-investigue-penalmente-a-jueza-que-decreto-libertad-de-hacker-andres-sepulveda\/\"},\"wordCount\":589,\"publisher\":{\"@id\":\"https:\/\/www.fiscalia.gov.co\/colombia\/#organization\"},\"keywords\":[\"Eduardo Montealegre Lynett\",\"Fiscal General de la Naci\u00f3n\"],\"articleSection\":[\"Noticias\"],\"inLanguage\":\"es-CO\"},{\"@type\":\"WebPage\",\"@id\":\"https:\/\/www.fiscalia.gov.co\/colombia\/noticias\/fiscal-general-solicito-que-se-investigue-penalmente-a-jueza-que-decreto-libertad-de-hacker-andres-sepulveda\/\",\"url\":\"https:\/\/www.fiscalia.gov.co\/colombia\/noticias\/fiscal-general-solicito-que-se-investigue-penalmente-a-jueza-que-decreto-libertad-de-hacker-andres-sepulveda\/\",\"name\":\"Fiscal\u00eda General de la Naci\u00f3n\",\"isPartOf\":{\"@id\":\"https:\/\/www.fiscalia.gov.co\/colombia\/#website\"},\"datePublished\":\"2014-06-09T23:35:32+00:00\",\"dateModified\":\"2014-07-11T21:27:00+00:00\",\"description\":\"P\u00e1gina oficial de la Fiscal\u00eda General de la Naci\u00f3n \u2013 Colombia. Garantizamos el acceso efectivo a la justicia, la verdad y la reparaci\u00f3n de las v\u00edctimas de los delitos.\",\"breadcrumb\":{\"@id\":\"https:\/\/www.fiscalia.gov.co\/colombia\/noticias\/fiscal-general-solicito-que-se-investigue-penalmente-a-jueza-que-decreto-libertad-de-hacker-andres-sepulveda\/#breadcrumb\"},\"inLanguage\":\"es-CO\",\"potentialAction\":[{\"@type\":\"ReadAction\",\"target\":[\"https:\/\/www.fiscalia.gov.co\/colombia\/noticias\/fiscal-general-solicito-que-se-investigue-penalmente-a-jueza-que-decreto-libertad-de-hacker-andres-sepulveda\/\"]}]},{\"@type\":\"BreadcrumbList\",\"@id\":\"https:\/\/www.fiscalia.gov.co\/colombia\/noticias\/fiscal-general-solicito-que-se-investigue-penalmente-a-jueza-que-decreto-libertad-de-hacker-andres-sepulveda\/#breadcrumb\",\"itemListElement\":[{\"@type\":\"ListItem\",\"position\":1,\"name\":\"Home\",\"item\":\"https:\/\/www.fiscalia.gov.co\/colombia\/\"},{\"@type\":\"ListItem\",\"position\":2,\"name\":\"Fiscal General solicit\u00f3 que se investigue penalmente a Jueza que decret\u00f3 libertad de hacker Andr\u00e9s Sep\u00falveda\"}]},{\"@type\":\"WebSite\",\"@id\":\"https:\/\/www.fiscalia.gov.co\/colombia\/#website\",\"url\":\"https:\/\/www.fiscalia.gov.co\/colombia\/\",\"name\":\"Fiscal\u00eda General de la Naci\u00f3n\",\"description\":\"P\u00e1gina oficial de la Fiscal\u00eda General de la Naci\u00f3n \u2013 Colombia. Garantizamos el acceso efectivo a la justicia, la verdad y la reparaci\u00f3n de las v\u00edctimas de los delitos.\",\"publisher\":{\"@id\":\"https:\/\/www.fiscalia.gov.co\/colombia\/#organization\"},\"potentialAction\":[{\"@type\":\"SearchAction\",\"target\":{\"@type\":\"EntryPoint\",\"urlTemplate\":\"https:\/\/www.fiscalia.gov.co\/colombia\/?s={search_term_string}\"},\"query-input\":{\"@type\":\"PropertyValueSpecification\",\"valueRequired\":true,\"valueName\":\"search_term_string\"}}],\"inLanguage\":\"es-CO\"},{\"@type\":\"Organization\",\"@id\":\"https:\/\/www.fiscalia.gov.co\/colombia\/#organization\",\"name\":\"Fiscal\u00eda General de la Naci\u00f3n\",\"url\":\"https:\/\/www.fiscalia.gov.co\/colombia\/\",\"logo\":{\"@type\":\"ImageObject\",\"inLanguage\":\"es-CO\",\"@id\":\"https:\/\/www.fiscalia.gov.co\/colombia\/#\/schema\/logo\/image\/\",\"url\":\"https:\/\/www.fiscalia.gov.co\/colombia\/wp-content\/uploads\/LogoHorizontal_1.jpg\",\"contentUrl\":\"https:\/\/www.fiscalia.gov.co\/colombia\/wp-content\/uploads\/LogoHorizontal_1.jpg\",\"width\":300,\"height\":90,\"caption\":\"Fiscal\u00eda General de la Naci\u00f3n\"},\"image\":{\"@id\":\"https:\/\/www.fiscalia.gov.co\/colombia\/#\/schema\/logo\/image\/\"},\"sameAs\":[\"https:\/\/www.facebook.com\/FiscaliaCol\",\"https:\/\/x.com\/FiscaliaCol\",\"https:\/\/www.instagram.com\/fiscaliacol\",\"https:\/\/www.linkedin.com\/company\/fiscalia-general-de-la-naci-n\/\",\"https:\/\/youtube.com\/@fiscaliageneraldelanacion-4668?si=6nN79nyQICPU5iTh\"]},{\"@type\":\"Person\",\"@id\":\"https:\/\/www.fiscalia.gov.co\/colombia\/#\/schema\/person\/3903856a3ce2d54b094c69eb29247895\",\"name\":\"dfgordillo\",\"image\":{\"@type\":\"ImageObject\",\"inLanguage\":\"es-CO\",\"@id\":\"https:\/\/www.fiscalia.gov.co\/colombia\/#\/schema\/person\/image\/\",\"url\":\"https:\/\/secure.gravatar.com\/avatar\/b6356e21c5657c60757fe6fb9493e947?s=96&d=mm&r=g\",\"contentUrl\":\"https:\/\/secure.gravatar.com\/avatar\/b6356e21c5657c60757fe6fb9493e947?s=96&d=mm&r=g\",\"caption\":\"dfgordillo\"},\"sameAs\":[\"dfgordillo\"],\"url\":\"https:\/\/www.fiscalia.gov.co\/colombia\/author\/dfgordillo\/\"}]}<\/script>\n<!-- \/ Yoast SEO plugin. -->","yoast_head_json":{"title":"Fiscal\u00eda General de la Naci\u00f3n","description":"P\u00e1gina oficial de la Fiscal\u00eda General de la Naci\u00f3n \u2013 Colombia. Garantizamos el acceso efectivo a la justicia, la verdad y la reparaci\u00f3n de las v\u00edctimas de los delitos.","robots":{"index":"noindex","follow":"follow"},"og_locale":"es_ES","og_type":"article","og_title":"Fiscal\u00eda General de la Naci\u00f3n","og_description":"P\u00e1gina oficial de la Fiscal\u00eda General de la Naci\u00f3n \u2013 Colombia. Garantizamos el acceso efectivo a la justicia, la verdad y la reparaci\u00f3n de las v\u00edctimas de los delitos.","og_url":"https:\/\/www.fiscalia.gov.co\/colombia\/noticias\/fiscal-general-solicito-que-se-investigue-penalmente-a-jueza-que-decreto-libertad-de-hacker-andres-sepulveda\/","og_site_name":"Fiscal\u00eda General de la Naci\u00f3n","article_publisher":"https:\/\/www.facebook.com\/FiscaliaCol","article_published_time":"2014-06-09T23:35:32+00:00","article_modified_time":"2014-07-11T21:27:00+00:00","author":"dfgordillo","twitter_card":"summary_large_image","twitter_creator":"@FiscaliaCol","twitter_site":"@FiscaliaCol","twitter_misc":{"Escrito por":"dfgordillo","Tiempo de lectura":"3 minutos"},"schema":{"@context":"https:\/\/schema.org","@graph":[{"@type":"Article","@id":"https:\/\/www.fiscalia.gov.co\/colombia\/noticias\/fiscal-general-solicito-que-se-investigue-penalmente-a-jueza-que-decreto-libertad-de-hacker-andres-sepulveda\/#article","isPartOf":{"@id":"https:\/\/www.fiscalia.gov.co\/colombia\/noticias\/fiscal-general-solicito-que-se-investigue-penalmente-a-jueza-que-decreto-libertad-de-hacker-andres-sepulveda\/"},"author":{"name":"dfgordillo","@id":"https:\/\/www.fiscalia.gov.co\/colombia\/#\/schema\/person\/3903856a3ce2d54b094c69eb29247895"},"headline":"Fiscal General solicit\u00f3 que se investigue penalmente a Jueza que decret\u00f3 libertad de hacker Andr\u00e9s Sep\u00falveda","datePublished":"2014-06-09T23:35:32+00:00","dateModified":"2014-07-11T21:27:00+00:00","mainEntityOfPage":{"@id":"https:\/\/www.fiscalia.gov.co\/colombia\/noticias\/fiscal-general-solicito-que-se-investigue-penalmente-a-jueza-que-decreto-libertad-de-hacker-andres-sepulveda\/"},"wordCount":589,"publisher":{"@id":"https:\/\/www.fiscalia.gov.co\/colombia\/#organization"},"keywords":["Eduardo Montealegre Lynett","Fiscal General de la Naci\u00f3n"],"articleSection":["Noticias"],"inLanguage":"es-CO"},{"@type":"WebPage","@id":"https:\/\/www.fiscalia.gov.co\/colombia\/noticias\/fiscal-general-solicito-que-se-investigue-penalmente-a-jueza-que-decreto-libertad-de-hacker-andres-sepulveda\/","url":"https:\/\/www.fiscalia.gov.co\/colombia\/noticias\/fiscal-general-solicito-que-se-investigue-penalmente-a-jueza-que-decreto-libertad-de-hacker-andres-sepulveda\/","name":"Fiscal\u00eda General de la Naci\u00f3n","isPartOf":{"@id":"https:\/\/www.fiscalia.gov.co\/colombia\/#website"},"datePublished":"2014-06-09T23:35:32+00:00","dateModified":"2014-07-11T21:27:00+00:00","description":"P\u00e1gina oficial de la Fiscal\u00eda General de la Naci\u00f3n \u2013 Colombia. Garantizamos el acceso efectivo a la justicia, la verdad y la reparaci\u00f3n de las v\u00edctimas de los delitos.","breadcrumb":{"@id":"https:\/\/www.fiscalia.gov.co\/colombia\/noticias\/fiscal-general-solicito-que-se-investigue-penalmente-a-jueza-que-decreto-libertad-de-hacker-andres-sepulveda\/#breadcrumb"},"inLanguage":"es-CO","potentialAction":[{"@type":"ReadAction","target":["https:\/\/www.fiscalia.gov.co\/colombia\/noticias\/fiscal-general-solicito-que-se-investigue-penalmente-a-jueza-que-decreto-libertad-de-hacker-andres-sepulveda\/"]}]},{"@type":"BreadcrumbList","@id":"https:\/\/www.fiscalia.gov.co\/colombia\/noticias\/fiscal-general-solicito-que-se-investigue-penalmente-a-jueza-que-decreto-libertad-de-hacker-andres-sepulveda\/#breadcrumb","itemListElement":[{"@type":"ListItem","position":1,"name":"Home","item":"https:\/\/www.fiscalia.gov.co\/colombia\/"},{"@type":"ListItem","position":2,"name":"Fiscal General solicit\u00f3 que se investigue penalmente a Jueza que decret\u00f3 libertad de hacker Andr\u00e9s Sep\u00falveda"}]},{"@type":"WebSite","@id":"https:\/\/www.fiscalia.gov.co\/colombia\/#website","url":"https:\/\/www.fiscalia.gov.co\/colombia\/","name":"Fiscal\u00eda General de la Naci\u00f3n","description":"P\u00e1gina oficial de la Fiscal\u00eda General de la Naci\u00f3n \u2013 Colombia. Garantizamos el acceso efectivo a la justicia, la verdad y la reparaci\u00f3n de las v\u00edctimas de los delitos.","publisher":{"@id":"https:\/\/www.fiscalia.gov.co\/colombia\/#organization"},"potentialAction":[{"@type":"SearchAction","target":{"@type":"EntryPoint","urlTemplate":"https:\/\/www.fiscalia.gov.co\/colombia\/?s={search_term_string}"},"query-input":{"@type":"PropertyValueSpecification","valueRequired":true,"valueName":"search_term_string"}}],"inLanguage":"es-CO"},{"@type":"Organization","@id":"https:\/\/www.fiscalia.gov.co\/colombia\/#organization","name":"Fiscal\u00eda General de la Naci\u00f3n","url":"https:\/\/www.fiscalia.gov.co\/colombia\/","logo":{"@type":"ImageObject","inLanguage":"es-CO","@id":"https:\/\/www.fiscalia.gov.co\/colombia\/#\/schema\/logo\/image\/","url":"https:\/\/www.fiscalia.gov.co\/colombia\/wp-content\/uploads\/LogoHorizontal_1.jpg","contentUrl":"https:\/\/www.fiscalia.gov.co\/colombia\/wp-content\/uploads\/LogoHorizontal_1.jpg","width":300,"height":90,"caption":"Fiscal\u00eda General de la Naci\u00f3n"},"image":{"@id":"https:\/\/www.fiscalia.gov.co\/colombia\/#\/schema\/logo\/image\/"},"sameAs":["https:\/\/www.facebook.com\/FiscaliaCol","https:\/\/x.com\/FiscaliaCol","https:\/\/www.instagram.com\/fiscaliacol","https:\/\/www.linkedin.com\/company\/fiscalia-general-de-la-naci-n\/","https:\/\/youtube.com\/@fiscaliageneraldelanacion-4668?si=6nN79nyQICPU5iTh"]},{"@type":"Person","@id":"https:\/\/www.fiscalia.gov.co\/colombia\/#\/schema\/person\/3903856a3ce2d54b094c69eb29247895","name":"dfgordillo","image":{"@type":"ImageObject","inLanguage":"es-CO","@id":"https:\/\/www.fiscalia.gov.co\/colombia\/#\/schema\/person\/image\/","url":"https:\/\/secure.gravatar.com\/avatar\/b6356e21c5657c60757fe6fb9493e947?s=96&d=mm&r=g","contentUrl":"https:\/\/secure.gravatar.com\/avatar\/b6356e21c5657c60757fe6fb9493e947?s=96&d=mm&r=g","caption":"dfgordillo"},"sameAs":["dfgordillo"],"url":"https:\/\/www.fiscalia.gov.co\/colombia\/author\/dfgordillo\/"}]}},"_links":{"self":[{"href":"https:\/\/www.fiscalia.gov.co\/colombia\/wp-json\/wp\/v2\/posts\/51013","targetHints":{"allow":["GET"]}}],"collection":[{"href":"https:\/\/www.fiscalia.gov.co\/colombia\/wp-json\/wp\/v2\/posts"}],"about":[{"href":"https:\/\/www.fiscalia.gov.co\/colombia\/wp-json\/wp\/v2\/types\/post"}],"author":[{"embeddable":true,"href":"https:\/\/www.fiscalia.gov.co\/colombia\/wp-json\/wp\/v2\/users\/143"}],"replies":[{"embeddable":true,"href":"https:\/\/www.fiscalia.gov.co\/colombia\/wp-json\/wp\/v2\/comments?post=51013"}],"version-history":[{"count":8,"href":"https:\/\/www.fiscalia.gov.co\/colombia\/wp-json\/wp\/v2\/posts\/51013\/revisions"}],"predecessor-version":[{"id":51015,"href":"https:\/\/www.fiscalia.gov.co\/colombia\/wp-json\/wp\/v2\/posts\/51013\/revisions\/51015"}],"wp:attachment":[{"href":"https:\/\/www.fiscalia.gov.co\/colombia\/wp-json\/wp\/v2\/media?parent=51013"}],"wp:term":[{"taxonomy":"category","embeddable":true,"href":"https:\/\/www.fiscalia.gov.co\/colombia\/wp-json\/wp\/v2\/categories?post=51013"},{"taxonomy":"post_tag","embeddable":true,"href":"https:\/\/www.fiscalia.gov.co\/colombia\/wp-json\/wp\/v2\/tags?post=51013"}],"curies":[{"name":"wp","href":"https:\/\/api.w.org\/{rel}","templated":true}]}}