{"id":5071,"date":"2008-07-07T17:06:12","date_gmt":"2008-07-07T22:06:12","guid":{"rendered":"http:\/\/www.fiscalia.gov.co\/colombia\/?p=5071"},"modified":"2012-06-06T14:26:07","modified_gmt":"2012-06-06T19:26:07","slug":"fiscal-general-invita-a-participar-para-ocupar-cargos-en-el-cti","status":"publish","type":"post","link":"https:\/\/www.fiscalia.gov.co\/colombia\/noticias\/fiscal-general-invita-a-participar-para-ocupar-cargos-en-el-cti\/","title":{"rendered":"Fiscal General invita a participar para ocupar cargos en el CTI"},"content":{"rendered":"<p> El fiscal General de la Naci\u00f3n, Mar\u00edo Iguar\u00e1n Arana, invit\u00f3 hoy a todos los ciudadanos colombianos que est\u00e9n interesados en ingresar al Cuerpo T\u00e9cnico de Investigaci\u00f3n, CTI, para que en los pr\u00f3ximos d\u00edas env\u00eden sus hojas de vida por correo certificado al b\u00fanker de la Fiscal\u00eda (diagonal 22B No 52 &#8211; 01 Direcci\u00f3n Nacional del CTI, Nivel Central, Bogot\u00e1).<\/p>\n<p>La invitaci\u00f3n del Fiscal General es para quienes deseen, hombres y mujeres, desempe\u00f1ar el cargo de investigador judicial en el CTI y cumplan los requisitos exigidos. En total, son 300 cargos que se deben proveer. <\/p>\n<p>La convocatoria estar\u00e1 abierta desde el 3 hasta el 7 de abril pr\u00f3ximos. <\/p>\n<p>Entre los requisitos para ingresar a la Fiscal\u00eda est\u00e1n ser ciudadano colombiano de nacimiento o residente nacionalizado con c\u00e9dula de extranjer\u00eda. Tambi\u00e9n, ser ciudadano en ejercicio, no registrar antecedentes penales, no haber sido separado por mala conducta o destituido de las Fuerzas Militares, de la Polic\u00eda Nacional o de cualquier cargo p\u00fablico y tener definida su situaci\u00f3n militar.<\/p>\n<p>Los cargos por proveer se denominan investigador criminal\u00edstico grado I y grado II, de acuerdo con la Resoluci\u00f3n N\u00b0 0-0345 del 17 de febrero de 2006. La informaci\u00f3n sobre los requisitos exigidos permanecer\u00e1n publicados en la p\u00e1gina de la Fiscal\u00eda durante el tiempo que dure la selecci\u00f3n.<\/p>\n<p>REQUISITOS<\/p>\n<p>A lo(a)s ciudadano(a)s colombiano(a)s interesado(a)s en ingresar al Cuerpo T\u00e9cnico de Investigaci\u00f3n de la Fiscal\u00eda General de la Naci\u00f3n en los cargos de Investigador Criminal\u00edstico I y II a enviar su hoja de vida a la diagonal 22 B No 52 &#8211; 01 Bloque T, piso 2, Direcci\u00f3n Nacional del Cuerpo T\u00e9cnico de Investigaci\u00f3n de la ciudad de Bogot\u00e1, teniendo en cuenta las siguientes exigencias:<\/p>\n<p>Ser colombiano(a) de nacimiento o residente nacionalizado con c\u00e9dula de extranjer\u00eda.<\/p>\n<p>Ser ciudadano(a) en ejercicio.<\/p>\n<p>No registrar antecedentes penales ni de polic\u00eda.<\/p>\n<p>No haber sido separado(a) por mala conducta o destituido(a) de las Fuerzas Militares, de la Polic\u00eda Nacional o de cualquier cargo p\u00fablico.<\/p>\n<p>Tener definida su situaci\u00f3n militar.<\/p>\n<p>Requisitos cargo Investigador Criminal\u00edstico II<\/p>\n<p>Estudios: Aprobaci\u00f3n de tres a\u00f1os de formaci\u00f3n profesional en Ingenier\u00eda Industrial, Odontolog\u00eda, Fonoaudiolog\u00eda, Administraci\u00f3n de Empresas, Administraci\u00f3n P\u00fablica, Contadur\u00eda P\u00fablica, Ingenier\u00eda de Sistemas, Econom\u00eda, Ingenier\u00eda Administrativa, Ingenier\u00eda Civil, Ingenier\u00eda El\u00e9ctrica, Ingenier\u00eda Electr\u00f3nica, Ingener\u00eda Mec\u00e1nica, Ingenier\u00eda Qu\u00edmica, Topograf\u00eda, Medicina, Sociolog\u00eda, Cine y fotograf\u00eda, Bacteriolog\u00eda, Qu\u00edmico Farmace\u00fatico, Arquitectura, Derecho, Spicolog\u00eda, Antropolog\u00eda, F\u00edsica, Qu\u00edmica, Biolog\u00eda, Estad\u00edstica y Ling{\u00fc\u00edstica. Tres a\u00f1os de experiencia relacionada. <\/p>\n<p>Alternativas I: T\u00edtulo de formaci\u00f3n t\u00e9cnica profesional en \u00e1reas relacionadas directamente con las funciones y \u00e1rea de desempe\u00f1o. Tres a\u00f1os de experiencia relacionada. <\/p>\n<p>Alternativa II: Bachiller, curso de formaci\u00f3n en Polic\u00eda Judicial o en \u00e1reas relacionadas directamente con la investigaci\u00f3n criminal. Cuatro a\u00f1os de experiencia espec\u00edfica. <\/p>\n<p>Requisitos cargo Investigador Criminal\u00edstico I<\/p>\n<p>Estudios: Aprobaci\u00f3n de tres a\u00f1os de formaci\u00f3n profesional en Ingenier\u00eda Industrial, Odontolog\u00eda, Fonoaudiolog\u00eda, Administraci\u00f3n de Empresas, Administraci\u00f3n P\u00fablica, Contadur\u00eda P\u00fablica, Ingenier\u00eda de Sistemas, Econom\u00eda, Ingenier\u00eda Administrativa, Ingenier\u00eda Civil, Ingenier\u00eda El\u00e9ctrica, Ingenier\u00eda Electr\u00f3nica, Ingener\u00eda Mec\u00e1nica, Ingenier\u00eda Qu\u00edmica, Topograf\u00eda, Medicina, Sociolog\u00eda, Cine y fotograf\u00eda, Bacteriolog\u00eda, Qu\u00edmico Farmace\u00fatico, Arquitectura, Derecho, Spicolog\u00eda, Antropolog\u00eda, F\u00edsica, Qu\u00edmica, Biolog\u00eda, Estad\u00edstica y Ling{\u00fc\u00edstica. Experiencia: Dos a\u00f1os de experiencia relacionada.<\/p>\n<p>Alternativas I: T\u00edtulo de formaci\u00f3n t\u00e9cnica profesional en \u00e1reas relacionadas directamente con las funciones y \u00e1rea de desempe\u00f1o. Experiencia: Dos a\u00f1os de experiencia relacionada.<\/p>\n<p>Alternativa II: Bachiller, curso de formaci\u00f3n en Polic\u00eda Judicial o en \u00e1reas relacionadas directamente con la investigaci\u00f3n criminal. Tres a\u00f1os de experiencia espec\u00edfica. <\/p>\n<p>&#8211; Se reciben hojas de vida de todo el territorio nacional.<\/p>\n<p>&#8211; La recepci\u00f3n de hojas de vida se har\u00e1 \u00fanicamente a trav\u00e9s de correo certificado. En el caso de las hojas enviadas por correo deber\u00e1n tener fecha de recibido entre el 3 y el 7 de abril de 2006.<\/p>\n\n<div class=\"twitter-share\"><a href=\"https:\/\/twitter.com\/intent\/tweet?via=fiscaliacol\" class=\"twitter-share-button\">Tweet<\/a><\/div>\n","protected":false},"excerpt":{"rendered":"<p>El fiscal General de la Naci\u00f3n, Mar\u00edo Iguar\u00e1n Arana, invit\u00f3 hoy a todos los ciudadanos colombianos que est\u00e9n interesados en ingresar al Cuerpo T\u00e9cnico de Investigaci\u00f3n, CTI, para que en los pr\u00f3ximos d\u00edas env\u00eden sus hojas de vida por correo certificado al b\u00fanker de la Fiscal\u00eda (diagonal 22B No 52 &#8211; 01 Direcci\u00f3n Nacional del [&hellip;]<\/p>\n","protected":false},"author":143,"featured_media":0,"comment_status":"open","ping_status":"open","sticky":false,"template":"","format":"standard","meta":{"tdm_status":"","tdm_grid_status":"","footnotes":""},"categories":[1],"tags":[23821],"class_list":{"0":"post-5071","1":"post","2":"type-post","3":"status-publish","4":"format-standard","6":"category-noticias","7":"tag-bogota"},"yoast_head":"<!-- This site is optimized with the Yoast SEO plugin v24.3 - https:\/\/yoast.com\/wordpress\/plugins\/seo\/ -->\n<title>Fiscal\u00eda General de la Naci\u00f3n<\/title>\n<meta name=\"description\" content=\"P\u00e1gina oficial de la Fiscal\u00eda General de la Naci\u00f3n \u2013 Colombia. Garantizamos el acceso efectivo a la justicia, la verdad y la reparaci\u00f3n de las v\u00edctimas de los delitos.\" \/>\n<meta name=\"robots\" content=\"noindex, follow\" \/>\n<meta property=\"og:locale\" content=\"es_ES\" \/>\n<meta property=\"og:type\" content=\"article\" \/>\n<meta property=\"og:title\" content=\"Fiscal\u00eda General de la Naci\u00f3n\" \/>\n<meta property=\"og:description\" content=\"P\u00e1gina oficial de la Fiscal\u00eda General de la Naci\u00f3n \u2013 Colombia. Garantizamos el acceso efectivo a la justicia, la verdad y la reparaci\u00f3n de las v\u00edctimas de los delitos.\" \/>\n<meta property=\"og:url\" content=\"https:\/\/www.fiscalia.gov.co\/colombia\/noticias\/fiscal-general-invita-a-participar-para-ocupar-cargos-en-el-cti\/\" \/>\n<meta property=\"og:site_name\" content=\"Fiscal\u00eda General de la Naci\u00f3n\" \/>\n<meta property=\"article:publisher\" content=\"https:\/\/www.facebook.com\/FiscaliaCol\" \/>\n<meta property=\"article:published_time\" content=\"2008-07-07T22:06:12+00:00\" \/>\n<meta property=\"article:modified_time\" content=\"2012-06-06T19:26:07+00:00\" \/>\n<meta name=\"author\" content=\"dfgordillo\" \/>\n<meta name=\"twitter:card\" content=\"summary_large_image\" \/>\n<meta name=\"twitter:creator\" content=\"@FiscaliaCol\" \/>\n<meta name=\"twitter:site\" content=\"@FiscaliaCol\" \/>\n<meta name=\"twitter:label1\" content=\"Escrito por\" \/>\n\t<meta name=\"twitter:data1\" content=\"dfgordillo\" \/>\n\t<meta name=\"twitter:label2\" content=\"Tiempo de lectura\" \/>\n\t<meta name=\"twitter:data2\" content=\"4 minutos\" \/>\n<script type=\"application\/ld+json\" class=\"yoast-schema-graph\">{\"@context\":\"https:\/\/schema.org\",\"@graph\":[{\"@type\":\"Article\",\"@id\":\"https:\/\/www.fiscalia.gov.co\/colombia\/noticias\/fiscal-general-invita-a-participar-para-ocupar-cargos-en-el-cti\/#article\",\"isPartOf\":{\"@id\":\"https:\/\/www.fiscalia.gov.co\/colombia\/noticias\/fiscal-general-invita-a-participar-para-ocupar-cargos-en-el-cti\/\"},\"author\":{\"name\":\"dfgordillo\",\"@id\":\"https:\/\/www.fiscalia.gov.co\/colombia\/#\/schema\/person\/3903856a3ce2d54b094c69eb29247895\"},\"headline\":\"Fiscal General invita a participar para ocupar cargos en el CTI\",\"datePublished\":\"2008-07-07T22:06:12+00:00\",\"dateModified\":\"2012-06-06T19:26:07+00:00\",\"mainEntityOfPage\":{\"@id\":\"https:\/\/www.fiscalia.gov.co\/colombia\/noticias\/fiscal-general-invita-a-participar-para-ocupar-cargos-en-el-cti\/\"},\"wordCount\":753,\"commentCount\":0,\"publisher\":{\"@id\":\"https:\/\/www.fiscalia.gov.co\/colombia\/#organization\"},\"keywords\":[\"Bogot\u00e1\"],\"articleSection\":[\"Noticias\"],\"inLanguage\":\"es-CO\",\"potentialAction\":[{\"@type\":\"CommentAction\",\"name\":\"Comment\",\"target\":[\"https:\/\/www.fiscalia.gov.co\/colombia\/noticias\/fiscal-general-invita-a-participar-para-ocupar-cargos-en-el-cti\/#respond\"]}]},{\"@type\":\"WebPage\",\"@id\":\"https:\/\/www.fiscalia.gov.co\/colombia\/noticias\/fiscal-general-invita-a-participar-para-ocupar-cargos-en-el-cti\/\",\"url\":\"https:\/\/www.fiscalia.gov.co\/colombia\/noticias\/fiscal-general-invita-a-participar-para-ocupar-cargos-en-el-cti\/\",\"name\":\"Fiscal\u00eda General de la Naci\u00f3n\",\"isPartOf\":{\"@id\":\"https:\/\/www.fiscalia.gov.co\/colombia\/#website\"},\"datePublished\":\"2008-07-07T22:06:12+00:00\",\"dateModified\":\"2012-06-06T19:26:07+00:00\",\"description\":\"P\u00e1gina oficial de la Fiscal\u00eda General de la Naci\u00f3n \u2013 Colombia. Garantizamos el acceso efectivo a la justicia, la verdad y la reparaci\u00f3n de las v\u00edctimas de los delitos.\",\"breadcrumb\":{\"@id\":\"https:\/\/www.fiscalia.gov.co\/colombia\/noticias\/fiscal-general-invita-a-participar-para-ocupar-cargos-en-el-cti\/#breadcrumb\"},\"inLanguage\":\"es-CO\",\"potentialAction\":[{\"@type\":\"ReadAction\",\"target\":[\"https:\/\/www.fiscalia.gov.co\/colombia\/noticias\/fiscal-general-invita-a-participar-para-ocupar-cargos-en-el-cti\/\"]}]},{\"@type\":\"BreadcrumbList\",\"@id\":\"https:\/\/www.fiscalia.gov.co\/colombia\/noticias\/fiscal-general-invita-a-participar-para-ocupar-cargos-en-el-cti\/#breadcrumb\",\"itemListElement\":[{\"@type\":\"ListItem\",\"position\":1,\"name\":\"Home\",\"item\":\"https:\/\/www.fiscalia.gov.co\/colombia\/\"},{\"@type\":\"ListItem\",\"position\":2,\"name\":\"Fiscal General invita a participar para ocupar cargos en el CTI\"}]},{\"@type\":\"WebSite\",\"@id\":\"https:\/\/www.fiscalia.gov.co\/colombia\/#website\",\"url\":\"https:\/\/www.fiscalia.gov.co\/colombia\/\",\"name\":\"Fiscal\u00eda General de la Naci\u00f3n\",\"description\":\"P\u00e1gina oficial de la Fiscal\u00eda General de la Naci\u00f3n \u2013 Colombia. Garantizamos el acceso efectivo a la justicia, la verdad y la reparaci\u00f3n de las v\u00edctimas de los delitos.\",\"publisher\":{\"@id\":\"https:\/\/www.fiscalia.gov.co\/colombia\/#organization\"},\"potentialAction\":[{\"@type\":\"SearchAction\",\"target\":{\"@type\":\"EntryPoint\",\"urlTemplate\":\"https:\/\/www.fiscalia.gov.co\/colombia\/?s={search_term_string}\"},\"query-input\":{\"@type\":\"PropertyValueSpecification\",\"valueRequired\":true,\"valueName\":\"search_term_string\"}}],\"inLanguage\":\"es-CO\"},{\"@type\":\"Organization\",\"@id\":\"https:\/\/www.fiscalia.gov.co\/colombia\/#organization\",\"name\":\"Fiscal\u00eda General de la Naci\u00f3n\",\"url\":\"https:\/\/www.fiscalia.gov.co\/colombia\/\",\"logo\":{\"@type\":\"ImageObject\",\"inLanguage\":\"es-CO\",\"@id\":\"https:\/\/www.fiscalia.gov.co\/colombia\/#\/schema\/logo\/image\/\",\"url\":\"https:\/\/www.fiscalia.gov.co\/colombia\/wp-content\/uploads\/LogoHorizontal_1.jpg\",\"contentUrl\":\"https:\/\/www.fiscalia.gov.co\/colombia\/wp-content\/uploads\/LogoHorizontal_1.jpg\",\"width\":300,\"height\":90,\"caption\":\"Fiscal\u00eda General de la Naci\u00f3n\"},\"image\":{\"@id\":\"https:\/\/www.fiscalia.gov.co\/colombia\/#\/schema\/logo\/image\/\"},\"sameAs\":[\"https:\/\/www.facebook.com\/FiscaliaCol\",\"https:\/\/x.com\/FiscaliaCol\",\"https:\/\/www.instagram.com\/fiscaliacol\",\"https:\/\/www.linkedin.com\/company\/fiscalia-general-de-la-naci-n\/\",\"https:\/\/youtube.com\/@fiscaliageneraldelanacion-4668?si=6nN79nyQICPU5iTh\"]},{\"@type\":\"Person\",\"@id\":\"https:\/\/www.fiscalia.gov.co\/colombia\/#\/schema\/person\/3903856a3ce2d54b094c69eb29247895\",\"name\":\"dfgordillo\",\"image\":{\"@type\":\"ImageObject\",\"inLanguage\":\"es-CO\",\"@id\":\"https:\/\/www.fiscalia.gov.co\/colombia\/#\/schema\/person\/image\/\",\"url\":\"https:\/\/secure.gravatar.com\/avatar\/b6356e21c5657c60757fe6fb9493e947?s=96&d=mm&r=g\",\"contentUrl\":\"https:\/\/secure.gravatar.com\/avatar\/b6356e21c5657c60757fe6fb9493e947?s=96&d=mm&r=g\",\"caption\":\"dfgordillo\"},\"sameAs\":[\"dfgordillo\"],\"url\":\"https:\/\/www.fiscalia.gov.co\/colombia\/author\/dfgordillo\/\"}]}<\/script>\n<!-- \/ Yoast SEO plugin. -->","yoast_head_json":{"title":"Fiscal\u00eda General de la Naci\u00f3n","description":"P\u00e1gina oficial de la Fiscal\u00eda General de la Naci\u00f3n \u2013 Colombia. Garantizamos el acceso efectivo a la justicia, la verdad y la reparaci\u00f3n de las v\u00edctimas de los delitos.","robots":{"index":"noindex","follow":"follow"},"og_locale":"es_ES","og_type":"article","og_title":"Fiscal\u00eda General de la Naci\u00f3n","og_description":"P\u00e1gina oficial de la Fiscal\u00eda General de la Naci\u00f3n \u2013 Colombia. Garantizamos el acceso efectivo a la justicia, la verdad y la reparaci\u00f3n de las v\u00edctimas de los delitos.","og_url":"https:\/\/www.fiscalia.gov.co\/colombia\/noticias\/fiscal-general-invita-a-participar-para-ocupar-cargos-en-el-cti\/","og_site_name":"Fiscal\u00eda General de la Naci\u00f3n","article_publisher":"https:\/\/www.facebook.com\/FiscaliaCol","article_published_time":"2008-07-07T22:06:12+00:00","article_modified_time":"2012-06-06T19:26:07+00:00","author":"dfgordillo","twitter_card":"summary_large_image","twitter_creator":"@FiscaliaCol","twitter_site":"@FiscaliaCol","twitter_misc":{"Escrito por":"dfgordillo","Tiempo de lectura":"4 minutos"},"schema":{"@context":"https:\/\/schema.org","@graph":[{"@type":"Article","@id":"https:\/\/www.fiscalia.gov.co\/colombia\/noticias\/fiscal-general-invita-a-participar-para-ocupar-cargos-en-el-cti\/#article","isPartOf":{"@id":"https:\/\/www.fiscalia.gov.co\/colombia\/noticias\/fiscal-general-invita-a-participar-para-ocupar-cargos-en-el-cti\/"},"author":{"name":"dfgordillo","@id":"https:\/\/www.fiscalia.gov.co\/colombia\/#\/schema\/person\/3903856a3ce2d54b094c69eb29247895"},"headline":"Fiscal General invita a participar para ocupar cargos en el CTI","datePublished":"2008-07-07T22:06:12+00:00","dateModified":"2012-06-06T19:26:07+00:00","mainEntityOfPage":{"@id":"https:\/\/www.fiscalia.gov.co\/colombia\/noticias\/fiscal-general-invita-a-participar-para-ocupar-cargos-en-el-cti\/"},"wordCount":753,"commentCount":0,"publisher":{"@id":"https:\/\/www.fiscalia.gov.co\/colombia\/#organization"},"keywords":["Bogot\u00e1"],"articleSection":["Noticias"],"inLanguage":"es-CO","potentialAction":[{"@type":"CommentAction","name":"Comment","target":["https:\/\/www.fiscalia.gov.co\/colombia\/noticias\/fiscal-general-invita-a-participar-para-ocupar-cargos-en-el-cti\/#respond"]}]},{"@type":"WebPage","@id":"https:\/\/www.fiscalia.gov.co\/colombia\/noticias\/fiscal-general-invita-a-participar-para-ocupar-cargos-en-el-cti\/","url":"https:\/\/www.fiscalia.gov.co\/colombia\/noticias\/fiscal-general-invita-a-participar-para-ocupar-cargos-en-el-cti\/","name":"Fiscal\u00eda General de la Naci\u00f3n","isPartOf":{"@id":"https:\/\/www.fiscalia.gov.co\/colombia\/#website"},"datePublished":"2008-07-07T22:06:12+00:00","dateModified":"2012-06-06T19:26:07+00:00","description":"P\u00e1gina oficial de la Fiscal\u00eda General de la Naci\u00f3n \u2013 Colombia. Garantizamos el acceso efectivo a la justicia, la verdad y la reparaci\u00f3n de las v\u00edctimas de los delitos.","breadcrumb":{"@id":"https:\/\/www.fiscalia.gov.co\/colombia\/noticias\/fiscal-general-invita-a-participar-para-ocupar-cargos-en-el-cti\/#breadcrumb"},"inLanguage":"es-CO","potentialAction":[{"@type":"ReadAction","target":["https:\/\/www.fiscalia.gov.co\/colombia\/noticias\/fiscal-general-invita-a-participar-para-ocupar-cargos-en-el-cti\/"]}]},{"@type":"BreadcrumbList","@id":"https:\/\/www.fiscalia.gov.co\/colombia\/noticias\/fiscal-general-invita-a-participar-para-ocupar-cargos-en-el-cti\/#breadcrumb","itemListElement":[{"@type":"ListItem","position":1,"name":"Home","item":"https:\/\/www.fiscalia.gov.co\/colombia\/"},{"@type":"ListItem","position":2,"name":"Fiscal General invita a participar para ocupar cargos en el CTI"}]},{"@type":"WebSite","@id":"https:\/\/www.fiscalia.gov.co\/colombia\/#website","url":"https:\/\/www.fiscalia.gov.co\/colombia\/","name":"Fiscal\u00eda General de la Naci\u00f3n","description":"P\u00e1gina oficial de la Fiscal\u00eda General de la Naci\u00f3n \u2013 Colombia. Garantizamos el acceso efectivo a la justicia, la verdad y la reparaci\u00f3n de las v\u00edctimas de los delitos.","publisher":{"@id":"https:\/\/www.fiscalia.gov.co\/colombia\/#organization"},"potentialAction":[{"@type":"SearchAction","target":{"@type":"EntryPoint","urlTemplate":"https:\/\/www.fiscalia.gov.co\/colombia\/?s={search_term_string}"},"query-input":{"@type":"PropertyValueSpecification","valueRequired":true,"valueName":"search_term_string"}}],"inLanguage":"es-CO"},{"@type":"Organization","@id":"https:\/\/www.fiscalia.gov.co\/colombia\/#organization","name":"Fiscal\u00eda General de la Naci\u00f3n","url":"https:\/\/www.fiscalia.gov.co\/colombia\/","logo":{"@type":"ImageObject","inLanguage":"es-CO","@id":"https:\/\/www.fiscalia.gov.co\/colombia\/#\/schema\/logo\/image\/","url":"https:\/\/www.fiscalia.gov.co\/colombia\/wp-content\/uploads\/LogoHorizontal_1.jpg","contentUrl":"https:\/\/www.fiscalia.gov.co\/colombia\/wp-content\/uploads\/LogoHorizontal_1.jpg","width":300,"height":90,"caption":"Fiscal\u00eda General de la Naci\u00f3n"},"image":{"@id":"https:\/\/www.fiscalia.gov.co\/colombia\/#\/schema\/logo\/image\/"},"sameAs":["https:\/\/www.facebook.com\/FiscaliaCol","https:\/\/x.com\/FiscaliaCol","https:\/\/www.instagram.com\/fiscaliacol","https:\/\/www.linkedin.com\/company\/fiscalia-general-de-la-naci-n\/","https:\/\/youtube.com\/@fiscaliageneraldelanacion-4668?si=6nN79nyQICPU5iTh"]},{"@type":"Person","@id":"https:\/\/www.fiscalia.gov.co\/colombia\/#\/schema\/person\/3903856a3ce2d54b094c69eb29247895","name":"dfgordillo","image":{"@type":"ImageObject","inLanguage":"es-CO","@id":"https:\/\/www.fiscalia.gov.co\/colombia\/#\/schema\/person\/image\/","url":"https:\/\/secure.gravatar.com\/avatar\/b6356e21c5657c60757fe6fb9493e947?s=96&d=mm&r=g","contentUrl":"https:\/\/secure.gravatar.com\/avatar\/b6356e21c5657c60757fe6fb9493e947?s=96&d=mm&r=g","caption":"dfgordillo"},"sameAs":["dfgordillo"],"url":"https:\/\/www.fiscalia.gov.co\/colombia\/author\/dfgordillo\/"}]}},"_links":{"self":[{"href":"https:\/\/www.fiscalia.gov.co\/colombia\/wp-json\/wp\/v2\/posts\/5071","targetHints":{"allow":["GET"]}}],"collection":[{"href":"https:\/\/www.fiscalia.gov.co\/colombia\/wp-json\/wp\/v2\/posts"}],"about":[{"href":"https:\/\/www.fiscalia.gov.co\/colombia\/wp-json\/wp\/v2\/types\/post"}],"author":[{"embeddable":true,"href":"https:\/\/www.fiscalia.gov.co\/colombia\/wp-json\/wp\/v2\/users\/143"}],"replies":[{"embeddable":true,"href":"https:\/\/www.fiscalia.gov.co\/colombia\/wp-json\/wp\/v2\/comments?post=5071"}],"version-history":[{"count":1,"href":"https:\/\/www.fiscalia.gov.co\/colombia\/wp-json\/wp\/v2\/posts\/5071\/revisions"}],"predecessor-version":[{"id":18902,"href":"https:\/\/www.fiscalia.gov.co\/colombia\/wp-json\/wp\/v2\/posts\/5071\/revisions\/18902"}],"wp:attachment":[{"href":"https:\/\/www.fiscalia.gov.co\/colombia\/wp-json\/wp\/v2\/media?parent=5071"}],"wp:term":[{"taxonomy":"category","embeddable":true,"href":"https:\/\/www.fiscalia.gov.co\/colombia\/wp-json\/wp\/v2\/categories?post=5071"},{"taxonomy":"post_tag","embeddable":true,"href":"https:\/\/www.fiscalia.gov.co\/colombia\/wp-json\/wp\/v2\/tags?post=5071"}],"curies":[{"name":"wp","href":"https:\/\/api.w.org\/{rel}","templated":true}]}}