{"id":50070,"date":"2014-05-22T10:51:14","date_gmt":"2014-05-22T15:51:14","guid":{"rendered":"http:\/\/www.fiscalia.gov.co\/colombia\/?p=50070"},"modified":"2014-05-22T14:54:09","modified_gmt":"2014-05-22T19:54:09","slug":"cuatro-mil-fiscales-y-9000-investigadores-del-cti-en-las-elecciones-del-25-de-mayo","status":"publish","type":"post","link":"https:\/\/www.fiscalia.gov.co\/colombia\/noticias\/cuatro-mil-fiscales-y-9000-investigadores-del-cti-en-las-elecciones-del-25-de-mayo\/","title":{"rendered":"Cuatro mil fiscales y 9000 investigadores del CTI en las elecciones del 25 de mayo"},"content":{"rendered":"<p>Nueve mil funcionarios del Cuerpo T\u00e9cnico de Investigaci\u00f3n (CTI) de la Fiscal\u00eda y 4000 fiscales estar\u00e1n atendiendo las denuncias que la ciudadan\u00eda presente el pr\u00f3ximo 25 de mayo, cuando se realice la primera vuelta de las elecciones presidenciales.<\/p>\n<p>Esto complementa el plan que ha desarrollado el ente acusador durante este a\u00f1o para perseguir por delitos electorales y conexos. La Fiscal\u00eda General de la Naci\u00f3n dispuso de 104 funcionarios en el nivel nacional m\u00e1s doce extra para las reci\u00e9n creadas seccionales de Casanare, Guain\u00eda, Amazonas, Guaviare, San Andr\u00e9s y Vichada, que han venido trabajando todo este tiempo con el fin de atacar este problema.<\/p>\n<p>Camilo Burbano, Director Nacional del Sistema Penal Acusatorio de la Fiscal\u00eda, asegur\u00f3 que la entidad \u201ctiene un plan integral para combatir los delitos electorales en los pr\u00f3ximos comicios. Se ha destacado un grupo \u00e9lite de 116 funcionarios \u00a0para la investigaci\u00f3n de delitos electorales\u201d.<\/p>\n<p>Estas personas, enfatiz\u00f3 el funcionario, tienen una capacitaci\u00f3n especial realizada por la Registradur\u00eda Nacional del Estado Civil, el Consejo Nacional Electoral, la UIAF y otras organizaciones, que los hace especialistas en delitos electorales.<\/p>\n<p>Del mismo modo, afirm\u00f3, \u201cla Fiscal\u00eda General ha dispuesto que los 9000 funcionarios que hacen parte del CTI saldr\u00e1n a la calle y estar\u00e1n en puestos cercanos a los lugares de votaci\u00f3n, as\u00ed como los 4000 fiscales\u201d.<\/p>\n<p>En este programa, la Fiscal\u00eda dio a los miembros de la Fuerza P\u00fablica capacitaciones sobre delitos electorales para que sepan cu\u00e1l es la evidencia que deben tener al momeno de judicializar alg\u00fan caso.<\/p>\n<p><strong>Filtraci\u00f3n de datos<\/strong><\/p>\n<p>Por otra parte, la Fiscal\u00eda General de la Naci\u00f3n determin\u00f3 la asignaci\u00f3n de un equipo de analistas para verificar los hechos reportados por medios de comunicaci\u00f3n en los que se informa acerca de una posible transmisi\u00f3n o filtraci\u00f3n de los resultados electorales de las votaciones en el exterior.<\/p>\n<p>Teniendo en cuenta la legislaci\u00f3n electoral vigente, en especial la ley 1475 de 2011 y el decreto 011 de 2014, \u201clos resultados parciales del escrutinio de las mesas ubicadas dentro de las sedes autorizadas (en los consulados) no podr\u00e1n ser publicados sino una vez finalizada la jornada electoral en el territorio colombiano.<\/p>\n<p>Por lo tanto cualquier divulgaci\u00f3n o utilizaci\u00f3n extempor\u00e1nea de los mismos, durante la semana previa podr\u00eda dar lugar il\u00edcitos penales por parte funcionarios que tengan competencias electorales permanentes o transitorias en el exterior, como lo son jurados, testigos electorales o funcionarios consulares y que deban mantener la reserva de los resultados parciales. Se eval\u00faa la posible comisi\u00f3n de los delitos de revelaci\u00f3n de secreto (art. 418 c\u00f3digo penal) o utilizaci\u00f3n de asunto sometido a secreto o reserva (art. 419 c\u00f3digo penal), entre otros.<\/p>\n<p>Burbano dijo que \u201cla Fiscal\u00eda inici\u00f3 una investigaci\u00f3n para determinar si existi\u00f3 una filtraci\u00f3n, si fue real y si se cometieron delitos. Para esto hay un grupo especializado que est\u00e1 investigando el tema\u201d.<\/p>\n<p><strong>426 investigaciones<\/strong><\/p>\n<p>En el presente a\u00f1o, los fiscales adelantan 426 investigaciones penales por denuncias que se han realizado frente a posibles delitos en Colombia contra los mecanismos de participaci\u00f3n democr\u00e1tica con ocasi\u00f3n de los procesos electorales del 2014 en el pa\u00eds.<\/p>\n<p>Durante las campa\u00f1as electorales efectuadas en el pa\u00eds, la Fiscal\u00eda General de la Naci\u00f3n tiene en etapa de indagaci\u00f3n 412 casos, en seis situaciones se ha desarrollado la imputaci\u00f3n y cuatro procesos est\u00e1n en etapa de juicio, entre otras actuaciones.<\/p>\n<p>El informe oficial indica que la distribuci\u00f3n regional de estas conductas comienza en Antioquia, con 57 casos, y siguen Atl\u00e1ntico, con 36; Bol\u00edvar, 35; Nari\u00f1o, con 28; Bogot\u00e1, 26; Tolima, 25; Valle del Cauca, 21; C\u00f3rdoba, 19; Cundinamarca, 18; Magdalena, 17; Santander, 17; Caldas, 15; Norte de Santander, 14; Choc\u00f3, 13; Cesar, 11; Sucre, 10; Meta, 9; Caquet\u00e1, 8; Boyac\u00e1, 7; Huila, 7; Risaralda, 7; Quind\u00edo, 6; Casanare, 4; Arauca, 3; Putumayo3; Cauca, 1; Guaviare, 2; Vaup\u00e9s, 2; Amazonas, 1; San Andr\u00e9s, 1; Guain\u00eda, 1; La Guajira, 1, y Vichada, 1 caso.<\/p>\n<p>En el contexto nacional, la Fiscal\u00eda General de la Naci\u00f3n adelanta investigaciones por corrupci\u00f3n al sufragante (95 casos), fraude en la inscripci\u00f3n de c\u00e9dulas (70 casos), voto fraudulento (45 casos), constre\u00f1imiento al sufragante (36 casos), ocultamiento, retenci\u00f3n y posesi\u00f3n il\u00edcita de c\u00e9dula (35 casos), alteraci\u00f3n de resultados electorales (35 casos), fraude al sufragante (32 casos), delitos contra mecanismos de participaci\u00f3n democr\u00e1tica (30 casos), intervenci\u00f3n en pol\u00edtica (24 casos), perturbaci\u00f3n de certamen democr\u00e1tico (21 casos), denegaci\u00f3n de inscripci\u00f3n (1 caso), favorecimiento de voto fraudulento (1 caso) y mora en la entrega de documentos electorales (1 caso).<\/p>\n<p>Espec\u00edficamente sobre las elecciones del pasado 9 de marzo, cuando se escogi\u00f3 el Congreso de la Rep\u00fablica, fueron capturadas 250 personas, de las cuales 173 correspondi\u00f3 a individuos con \u00f3rdenes de captura por diversos delitos y se les captur\u00f3 en el momento de acercarse e identificarse ante los jurados de votaci\u00f3n y 77 ciudadanos fueron objeto de esta medida judicial por presuntamente incurrir en delitos electorales.<\/p>\n<p>Precisamente ese d\u00eda, los delitos m\u00e1s comunes fueron corrupci\u00f3n al sufragante (compra de votos), voto fraudulento (suplantaci\u00f3n), participaci\u00f3n en pol\u00edtica de servidor p\u00fablico y alteraci\u00f3n de resultados electorales. Las ciudades m\u00e1s afectadas fueron Pasto (Nari\u00f1o), con siete casos; Monter\u00eda (C\u00f3rdoba) con seis casos; Barranquilla con seis casos y Villavicencio y Neiva con cinco cada una.<\/p>\n<p>_____________________________________________________________<\/p>\n<p><strong>Rueda de prensa Camilo Burbano,\u00a0Director Nacional del Sistema Penal Acusatorio de la Fiscal\u00eda<\/strong><\/p>\n[audio:http:\/\/www.fiscalia.gov.co\/colombia\/wp-content\/uploads\/20140522.mp3|titles=Declaraciones]\n<p><a title=\"Descargar audio \" href=\"http:\/\/www.fiscalia.gov.co\/colombia\/wp-content\/uploads\/20140522.mp3\" target=\"_blank\">Descargar\u00a0<\/a><\/p>\n<p>Tema:\u00a0Trece mil fiscales e investigadores \u00a0del CTI en las elecciones del 25 de mayo<br \/>\nLugar: Nivel Central Fiscal\u00eda General de la Naci\u00f3n<br \/>\nFecha: 22 de mayo de 2014<\/p>\n\n<div class=\"twitter-share\"><a href=\"https:\/\/twitter.com\/intent\/tweet?via=fiscaliacol\" class=\"twitter-share-button\">Tweet<\/a><\/div>\n","protected":false},"excerpt":{"rendered":"<p>Nueve mil funcionarios del Cuerpo T\u00e9cnico de Investigaci\u00f3n (CTI) de la Fiscal\u00eda y 4000 fiscales estar\u00e1n atendiendo las denuncias que la ciudadan\u00eda presente el pr\u00f3ximo 25 de mayo, cuando se realice la primera vuelta de las elecciones presidenciales. Esto complementa el plan que ha desarrollado el ente acusador durante este a\u00f1o para perseguir por delitos [&hellip;]<\/p>\n","protected":false},"author":143,"featured_media":0,"comment_status":"closed","ping_status":"open","sticky":false,"template":"","format":"standard","meta":{"tdm_status":"","tdm_grid_status":"","footnotes":""},"categories":[1],"tags":[6474,4385],"class_list":{"0":"post-50070","1":"post","2":"type-post","3":"status-publish","4":"format-standard","6":"category-noticias","7":"tag-camilo-burbano","8":"tag-elecciones"},"yoast_head":"<!-- This site is optimized with the Yoast SEO plugin v24.3 - https:\/\/yoast.com\/wordpress\/plugins\/seo\/ -->\n<title>Fiscal\u00eda General de la Naci\u00f3n<\/title>\n<meta name=\"description\" content=\"P\u00e1gina oficial de la Fiscal\u00eda General de la Naci\u00f3n \u2013 Colombia. Garantizamos el acceso efectivo a la justicia, la verdad y la reparaci\u00f3n de las v\u00edctimas de los delitos.\" \/>\n<meta name=\"robots\" content=\"noindex, follow\" \/>\n<meta property=\"og:locale\" content=\"es_ES\" \/>\n<meta property=\"og:type\" content=\"article\" \/>\n<meta property=\"og:title\" content=\"Fiscal\u00eda General de la Naci\u00f3n\" \/>\n<meta property=\"og:description\" content=\"P\u00e1gina oficial de la Fiscal\u00eda General de la Naci\u00f3n \u2013 Colombia. Garantizamos el acceso efectivo a la justicia, la verdad y la reparaci\u00f3n de las v\u00edctimas de los delitos.\" \/>\n<meta property=\"og:url\" content=\"https:\/\/www.fiscalia.gov.co\/colombia\/noticias\/cuatro-mil-fiscales-y-9000-investigadores-del-cti-en-las-elecciones-del-25-de-mayo\/\" \/>\n<meta property=\"og:site_name\" content=\"Fiscal\u00eda General de la Naci\u00f3n\" \/>\n<meta property=\"article:publisher\" content=\"https:\/\/www.facebook.com\/FiscaliaCol\" \/>\n<meta property=\"article:published_time\" content=\"2014-05-22T15:51:14+00:00\" \/>\n<meta property=\"article:modified_time\" content=\"2014-05-22T19:54:09+00:00\" \/>\n<meta name=\"author\" content=\"dfgordillo\" \/>\n<meta name=\"twitter:card\" content=\"summary_large_image\" \/>\n<meta name=\"twitter:creator\" content=\"@FiscaliaCol\" \/>\n<meta name=\"twitter:site\" content=\"@FiscaliaCol\" \/>\n<meta name=\"twitter:label1\" content=\"Escrito por\" \/>\n\t<meta name=\"twitter:data1\" content=\"dfgordillo\" \/>\n\t<meta name=\"twitter:label2\" content=\"Tiempo de lectura\" \/>\n\t<meta name=\"twitter:data2\" content=\"5 minutos\" \/>\n<script type=\"application\/ld+json\" class=\"yoast-schema-graph\">{\"@context\":\"https:\/\/schema.org\",\"@graph\":[{\"@type\":\"Article\",\"@id\":\"https:\/\/www.fiscalia.gov.co\/colombia\/noticias\/cuatro-mil-fiscales-y-9000-investigadores-del-cti-en-las-elecciones-del-25-de-mayo\/#article\",\"isPartOf\":{\"@id\":\"https:\/\/www.fiscalia.gov.co\/colombia\/noticias\/cuatro-mil-fiscales-y-9000-investigadores-del-cti-en-las-elecciones-del-25-de-mayo\/\"},\"author\":{\"name\":\"dfgordillo\",\"@id\":\"https:\/\/www.fiscalia.gov.co\/colombia\/#\/schema\/person\/3903856a3ce2d54b094c69eb29247895\"},\"headline\":\"Cuatro mil fiscales y 9000 investigadores del CTI en las elecciones del 25 de mayo\",\"datePublished\":\"2014-05-22T15:51:14+00:00\",\"dateModified\":\"2014-05-22T19:54:09+00:00\",\"mainEntityOfPage\":{\"@id\":\"https:\/\/www.fiscalia.gov.co\/colombia\/noticias\/cuatro-mil-fiscales-y-9000-investigadores-del-cti-en-las-elecciones-del-25-de-mayo\/\"},\"wordCount\":965,\"publisher\":{\"@id\":\"https:\/\/www.fiscalia.gov.co\/colombia\/#organization\"},\"keywords\":[\"Camilo Burbano\",\"Elecciones\"],\"articleSection\":[\"Noticias\"],\"inLanguage\":\"es-CO\"},{\"@type\":\"WebPage\",\"@id\":\"https:\/\/www.fiscalia.gov.co\/colombia\/noticias\/cuatro-mil-fiscales-y-9000-investigadores-del-cti-en-las-elecciones-del-25-de-mayo\/\",\"url\":\"https:\/\/www.fiscalia.gov.co\/colombia\/noticias\/cuatro-mil-fiscales-y-9000-investigadores-del-cti-en-las-elecciones-del-25-de-mayo\/\",\"name\":\"Fiscal\u00eda General de la Naci\u00f3n\",\"isPartOf\":{\"@id\":\"https:\/\/www.fiscalia.gov.co\/colombia\/#website\"},\"datePublished\":\"2014-05-22T15:51:14+00:00\",\"dateModified\":\"2014-05-22T19:54:09+00:00\",\"description\":\"P\u00e1gina oficial de la Fiscal\u00eda General de la Naci\u00f3n \u2013 Colombia. Garantizamos el acceso efectivo a la justicia, la verdad y la reparaci\u00f3n de las v\u00edctimas de los delitos.\",\"breadcrumb\":{\"@id\":\"https:\/\/www.fiscalia.gov.co\/colombia\/noticias\/cuatro-mil-fiscales-y-9000-investigadores-del-cti-en-las-elecciones-del-25-de-mayo\/#breadcrumb\"},\"inLanguage\":\"es-CO\",\"potentialAction\":[{\"@type\":\"ReadAction\",\"target\":[\"https:\/\/www.fiscalia.gov.co\/colombia\/noticias\/cuatro-mil-fiscales-y-9000-investigadores-del-cti-en-las-elecciones-del-25-de-mayo\/\"]}]},{\"@type\":\"BreadcrumbList\",\"@id\":\"https:\/\/www.fiscalia.gov.co\/colombia\/noticias\/cuatro-mil-fiscales-y-9000-investigadores-del-cti-en-las-elecciones-del-25-de-mayo\/#breadcrumb\",\"itemListElement\":[{\"@type\":\"ListItem\",\"position\":1,\"name\":\"Home\",\"item\":\"https:\/\/www.fiscalia.gov.co\/colombia\/\"},{\"@type\":\"ListItem\",\"position\":2,\"name\":\"Cuatro mil fiscales y 9000 investigadores del CTI en las elecciones del 25 de mayo\"}]},{\"@type\":\"WebSite\",\"@id\":\"https:\/\/www.fiscalia.gov.co\/colombia\/#website\",\"url\":\"https:\/\/www.fiscalia.gov.co\/colombia\/\",\"name\":\"Fiscal\u00eda General de la Naci\u00f3n\",\"description\":\"P\u00e1gina oficial de la Fiscal\u00eda General de la Naci\u00f3n \u2013 Colombia. Garantizamos el acceso efectivo a la justicia, la verdad y la reparaci\u00f3n de las v\u00edctimas de los delitos.\",\"publisher\":{\"@id\":\"https:\/\/www.fiscalia.gov.co\/colombia\/#organization\"},\"potentialAction\":[{\"@type\":\"SearchAction\",\"target\":{\"@type\":\"EntryPoint\",\"urlTemplate\":\"https:\/\/www.fiscalia.gov.co\/colombia\/?s={search_term_string}\"},\"query-input\":{\"@type\":\"PropertyValueSpecification\",\"valueRequired\":true,\"valueName\":\"search_term_string\"}}],\"inLanguage\":\"es-CO\"},{\"@type\":\"Organization\",\"@id\":\"https:\/\/www.fiscalia.gov.co\/colombia\/#organization\",\"name\":\"Fiscal\u00eda General de la Naci\u00f3n\",\"url\":\"https:\/\/www.fiscalia.gov.co\/colombia\/\",\"logo\":{\"@type\":\"ImageObject\",\"inLanguage\":\"es-CO\",\"@id\":\"https:\/\/www.fiscalia.gov.co\/colombia\/#\/schema\/logo\/image\/\",\"url\":\"https:\/\/www.fiscalia.gov.co\/colombia\/wp-content\/uploads\/LogoHorizontal_1.jpg\",\"contentUrl\":\"https:\/\/www.fiscalia.gov.co\/colombia\/wp-content\/uploads\/LogoHorizontal_1.jpg\",\"width\":300,\"height\":90,\"caption\":\"Fiscal\u00eda General de la Naci\u00f3n\"},\"image\":{\"@id\":\"https:\/\/www.fiscalia.gov.co\/colombia\/#\/schema\/logo\/image\/\"},\"sameAs\":[\"https:\/\/www.facebook.com\/FiscaliaCol\",\"https:\/\/x.com\/FiscaliaCol\",\"https:\/\/www.instagram.com\/fiscaliacol\",\"https:\/\/www.linkedin.com\/company\/fiscalia-general-de-la-naci-n\/\",\"https:\/\/youtube.com\/@fiscaliageneraldelanacion-4668?si=6nN79nyQICPU5iTh\"]},{\"@type\":\"Person\",\"@id\":\"https:\/\/www.fiscalia.gov.co\/colombia\/#\/schema\/person\/3903856a3ce2d54b094c69eb29247895\",\"name\":\"dfgordillo\",\"image\":{\"@type\":\"ImageObject\",\"inLanguage\":\"es-CO\",\"@id\":\"https:\/\/www.fiscalia.gov.co\/colombia\/#\/schema\/person\/image\/\",\"url\":\"https:\/\/secure.gravatar.com\/avatar\/b6356e21c5657c60757fe6fb9493e947?s=96&d=mm&r=g\",\"contentUrl\":\"https:\/\/secure.gravatar.com\/avatar\/b6356e21c5657c60757fe6fb9493e947?s=96&d=mm&r=g\",\"caption\":\"dfgordillo\"},\"sameAs\":[\"dfgordillo\"],\"url\":\"https:\/\/www.fiscalia.gov.co\/colombia\/author\/dfgordillo\/\"}]}<\/script>\n<!-- \/ Yoast SEO plugin. -->","yoast_head_json":{"title":"Fiscal\u00eda General de la Naci\u00f3n","description":"P\u00e1gina oficial de la Fiscal\u00eda General de la Naci\u00f3n \u2013 Colombia. Garantizamos el acceso efectivo a la justicia, la verdad y la reparaci\u00f3n de las v\u00edctimas de los delitos.","robots":{"index":"noindex","follow":"follow"},"og_locale":"es_ES","og_type":"article","og_title":"Fiscal\u00eda General de la Naci\u00f3n","og_description":"P\u00e1gina oficial de la Fiscal\u00eda General de la Naci\u00f3n \u2013 Colombia. Garantizamos el acceso efectivo a la justicia, la verdad y la reparaci\u00f3n de las v\u00edctimas de los delitos.","og_url":"https:\/\/www.fiscalia.gov.co\/colombia\/noticias\/cuatro-mil-fiscales-y-9000-investigadores-del-cti-en-las-elecciones-del-25-de-mayo\/","og_site_name":"Fiscal\u00eda General de la Naci\u00f3n","article_publisher":"https:\/\/www.facebook.com\/FiscaliaCol","article_published_time":"2014-05-22T15:51:14+00:00","article_modified_time":"2014-05-22T19:54:09+00:00","author":"dfgordillo","twitter_card":"summary_large_image","twitter_creator":"@FiscaliaCol","twitter_site":"@FiscaliaCol","twitter_misc":{"Escrito por":"dfgordillo","Tiempo de lectura":"5 minutos"},"schema":{"@context":"https:\/\/schema.org","@graph":[{"@type":"Article","@id":"https:\/\/www.fiscalia.gov.co\/colombia\/noticias\/cuatro-mil-fiscales-y-9000-investigadores-del-cti-en-las-elecciones-del-25-de-mayo\/#article","isPartOf":{"@id":"https:\/\/www.fiscalia.gov.co\/colombia\/noticias\/cuatro-mil-fiscales-y-9000-investigadores-del-cti-en-las-elecciones-del-25-de-mayo\/"},"author":{"name":"dfgordillo","@id":"https:\/\/www.fiscalia.gov.co\/colombia\/#\/schema\/person\/3903856a3ce2d54b094c69eb29247895"},"headline":"Cuatro mil fiscales y 9000 investigadores del CTI en las elecciones del 25 de mayo","datePublished":"2014-05-22T15:51:14+00:00","dateModified":"2014-05-22T19:54:09+00:00","mainEntityOfPage":{"@id":"https:\/\/www.fiscalia.gov.co\/colombia\/noticias\/cuatro-mil-fiscales-y-9000-investigadores-del-cti-en-las-elecciones-del-25-de-mayo\/"},"wordCount":965,"publisher":{"@id":"https:\/\/www.fiscalia.gov.co\/colombia\/#organization"},"keywords":["Camilo Burbano","Elecciones"],"articleSection":["Noticias"],"inLanguage":"es-CO"},{"@type":"WebPage","@id":"https:\/\/www.fiscalia.gov.co\/colombia\/noticias\/cuatro-mil-fiscales-y-9000-investigadores-del-cti-en-las-elecciones-del-25-de-mayo\/","url":"https:\/\/www.fiscalia.gov.co\/colombia\/noticias\/cuatro-mil-fiscales-y-9000-investigadores-del-cti-en-las-elecciones-del-25-de-mayo\/","name":"Fiscal\u00eda General de la Naci\u00f3n","isPartOf":{"@id":"https:\/\/www.fiscalia.gov.co\/colombia\/#website"},"datePublished":"2014-05-22T15:51:14+00:00","dateModified":"2014-05-22T19:54:09+00:00","description":"P\u00e1gina oficial de la Fiscal\u00eda General de la Naci\u00f3n \u2013 Colombia. Garantizamos el acceso efectivo a la justicia, la verdad y la reparaci\u00f3n de las v\u00edctimas de los delitos.","breadcrumb":{"@id":"https:\/\/www.fiscalia.gov.co\/colombia\/noticias\/cuatro-mil-fiscales-y-9000-investigadores-del-cti-en-las-elecciones-del-25-de-mayo\/#breadcrumb"},"inLanguage":"es-CO","potentialAction":[{"@type":"ReadAction","target":["https:\/\/www.fiscalia.gov.co\/colombia\/noticias\/cuatro-mil-fiscales-y-9000-investigadores-del-cti-en-las-elecciones-del-25-de-mayo\/"]}]},{"@type":"BreadcrumbList","@id":"https:\/\/www.fiscalia.gov.co\/colombia\/noticias\/cuatro-mil-fiscales-y-9000-investigadores-del-cti-en-las-elecciones-del-25-de-mayo\/#breadcrumb","itemListElement":[{"@type":"ListItem","position":1,"name":"Home","item":"https:\/\/www.fiscalia.gov.co\/colombia\/"},{"@type":"ListItem","position":2,"name":"Cuatro mil fiscales y 9000 investigadores del CTI en las elecciones del 25 de mayo"}]},{"@type":"WebSite","@id":"https:\/\/www.fiscalia.gov.co\/colombia\/#website","url":"https:\/\/www.fiscalia.gov.co\/colombia\/","name":"Fiscal\u00eda General de la Naci\u00f3n","description":"P\u00e1gina oficial de la Fiscal\u00eda General de la Naci\u00f3n \u2013 Colombia. Garantizamos el acceso efectivo a la justicia, la verdad y la reparaci\u00f3n de las v\u00edctimas de los delitos.","publisher":{"@id":"https:\/\/www.fiscalia.gov.co\/colombia\/#organization"},"potentialAction":[{"@type":"SearchAction","target":{"@type":"EntryPoint","urlTemplate":"https:\/\/www.fiscalia.gov.co\/colombia\/?s={search_term_string}"},"query-input":{"@type":"PropertyValueSpecification","valueRequired":true,"valueName":"search_term_string"}}],"inLanguage":"es-CO"},{"@type":"Organization","@id":"https:\/\/www.fiscalia.gov.co\/colombia\/#organization","name":"Fiscal\u00eda General de la Naci\u00f3n","url":"https:\/\/www.fiscalia.gov.co\/colombia\/","logo":{"@type":"ImageObject","inLanguage":"es-CO","@id":"https:\/\/www.fiscalia.gov.co\/colombia\/#\/schema\/logo\/image\/","url":"https:\/\/www.fiscalia.gov.co\/colombia\/wp-content\/uploads\/LogoHorizontal_1.jpg","contentUrl":"https:\/\/www.fiscalia.gov.co\/colombia\/wp-content\/uploads\/LogoHorizontal_1.jpg","width":300,"height":90,"caption":"Fiscal\u00eda General de la Naci\u00f3n"},"image":{"@id":"https:\/\/www.fiscalia.gov.co\/colombia\/#\/schema\/logo\/image\/"},"sameAs":["https:\/\/www.facebook.com\/FiscaliaCol","https:\/\/x.com\/FiscaliaCol","https:\/\/www.instagram.com\/fiscaliacol","https:\/\/www.linkedin.com\/company\/fiscalia-general-de-la-naci-n\/","https:\/\/youtube.com\/@fiscaliageneraldelanacion-4668?si=6nN79nyQICPU5iTh"]},{"@type":"Person","@id":"https:\/\/www.fiscalia.gov.co\/colombia\/#\/schema\/person\/3903856a3ce2d54b094c69eb29247895","name":"dfgordillo","image":{"@type":"ImageObject","inLanguage":"es-CO","@id":"https:\/\/www.fiscalia.gov.co\/colombia\/#\/schema\/person\/image\/","url":"https:\/\/secure.gravatar.com\/avatar\/b6356e21c5657c60757fe6fb9493e947?s=96&d=mm&r=g","contentUrl":"https:\/\/secure.gravatar.com\/avatar\/b6356e21c5657c60757fe6fb9493e947?s=96&d=mm&r=g","caption":"dfgordillo"},"sameAs":["dfgordillo"],"url":"https:\/\/www.fiscalia.gov.co\/colombia\/author\/dfgordillo\/"}]}},"_links":{"self":[{"href":"https:\/\/www.fiscalia.gov.co\/colombia\/wp-json\/wp\/v2\/posts\/50070","targetHints":{"allow":["GET"]}}],"collection":[{"href":"https:\/\/www.fiscalia.gov.co\/colombia\/wp-json\/wp\/v2\/posts"}],"about":[{"href":"https:\/\/www.fiscalia.gov.co\/colombia\/wp-json\/wp\/v2\/types\/post"}],"author":[{"embeddable":true,"href":"https:\/\/www.fiscalia.gov.co\/colombia\/wp-json\/wp\/v2\/users\/143"}],"replies":[{"embeddable":true,"href":"https:\/\/www.fiscalia.gov.co\/colombia\/wp-json\/wp\/v2\/comments?post=50070"}],"version-history":[{"count":4,"href":"https:\/\/www.fiscalia.gov.co\/colombia\/wp-json\/wp\/v2\/posts\/50070\/revisions"}],"predecessor-version":[{"id":50072,"href":"https:\/\/www.fiscalia.gov.co\/colombia\/wp-json\/wp\/v2\/posts\/50070\/revisions\/50072"}],"wp:attachment":[{"href":"https:\/\/www.fiscalia.gov.co\/colombia\/wp-json\/wp\/v2\/media?parent=50070"}],"wp:term":[{"taxonomy":"category","embeddable":true,"href":"https:\/\/www.fiscalia.gov.co\/colombia\/wp-json\/wp\/v2\/categories?post=50070"},{"taxonomy":"post_tag","embeddable":true,"href":"https:\/\/www.fiscalia.gov.co\/colombia\/wp-json\/wp\/v2\/tags?post=50070"}],"curies":[{"name":"wp","href":"https:\/\/api.w.org\/{rel}","templated":true}]}}