{"id":49210,"date":"2014-05-09T15:20:26","date_gmt":"2014-05-09T20:20:26","guid":{"rendered":"http:\/\/www.fiscalia.gov.co\/colombia\/?p=49210"},"modified":"2014-05-09T15:20:26","modified_gmt":"2014-05-09T20:20:26","slug":"juez-ordeno-al-ejercito-y-al-inpec-entregar-bases-de-datos-a-la-defensa-en-proceso-por-falsa-desmovilizacion-de-las-farc","status":"publish","type":"post","link":"https:\/\/www.fiscalia.gov.co\/colombia\/noticias\/juez-ordeno-al-ejercito-y-al-inpec-entregar-bases-de-datos-a-la-defensa-en-proceso-por-falsa-desmovilizacion-de-las-farc\/","title":{"rendered":"Juez orden\u00f3 al Ej\u00e9rcito y al Inpec entregar bases de datos a la defensa en proceso por falsa desmovilizaci\u00f3n de las Farc"},"content":{"rendered":"<p>El Juzgado 74 Penal Municipal de Bogot\u00e1, con funci\u00f3n de control de garant\u00edas, orden\u00f3 a la Presidencia de la Rep\u00fablica, al Ejercito Nacional y al Inpec, la entrega de una serie de documentos y archivos de correos electr\u00f3nicos, a la defensa del coronel Hugo Hern\u00e1n Castellanos Jim\u00e9nez, que ser\u00e1n aportados en juicio en el caso por la presunta falsa desmovilizaci\u00f3n del frente Cacica La Gaitana de las Farc en 2006.<\/p>\n<p>En el proceso judicial hace parte adem\u00e1s, el ex alto comisionado de Paz Luis Carlos Retrepo, y seis guerrilleros se\u00f1alados de los delitos de fraude procesal, peculado por apropiaci\u00f3n, fabricaci\u00f3n, tr\u00e1fico o porte de armas de fuego de uso privativo de las Fuerzas Militares agravado, y tr\u00e1fico, fabricaci\u00f3n o porte de municiones de uso privativo de las Fuerzas Militares agravado.<\/p>\n<p>Tras el aval otorgado por el juez y la Fiscal\u00eda General de la Naci\u00f3n mediante el cual se protege el derecho fundamental al debido proceso, los entes del estado deber\u00e1n proveer al defensor de los elementos materiales de prueba, como el libro de control de visitas de marzo 28 a diciembre 15 de 2006.<\/p>\n<p>Se pretende establecer si miembros del Ej\u00e9rcito Nacional visitaron las instalaciones del centro carcelario y se reunieron con integrantes de las FARC.<\/p>\n<p>Asimismo deber\u00e1n entregarse, s\u00ed existen, las resoluciones que permitieron los permisos de entrada o salida de la C\u00e1rcel La Picota al desmovilizado Agudelo Medina.<\/p>\n<p>Entre tanto, se inst\u00f3 a la jefatura de personal del Ej\u00e9rcito Nacional para que d\u00e9 a conocer el listado de los miembros que hac\u00edan parte de la instituci\u00f3n para los a\u00f1os 2005 y 2006. De esta manera, el objetivo es conocer si miembros de la oficina del ex alto comisionado tambi\u00e9n fung\u00edan como integrantes de la Fuerza P\u00fablica.<\/p>\n<p>A la Presidencia de la Rep\u00fablica se le conmin\u00f3 a informar sobre los correos electr\u00f3nicos del coronel Castellanos Jim\u00e9nez entre los a\u00f1os 2005 y 2006.<\/p>\n<p>La Fiscal\u00eda, respecto a la petici\u00f3n, advirti\u00f3 que es en la etapa preparatoria y antes del juicio, el momento procesal pertinente para destapar y solicitar las pruebas. Agreg\u00f3 que por su pertinencia, necesidad y urgencia son \u00fatiles para conocer la verdad que rodean los hechos.<\/p>\n\n<div class=\"twitter-share\"><a href=\"https:\/\/twitter.com\/intent\/tweet?via=fiscaliacol\" class=\"twitter-share-button\">Tweet<\/a><\/div>\n","protected":false},"excerpt":{"rendered":"<p>El Juzgado 74 Penal Municipal de Bogot\u00e1, con funci\u00f3n de control de garant\u00edas, orden\u00f3 a la Presidencia de la Rep\u00fablica, al Ejercito Nacional y al Inpec, la entrega de una [&hellip;]<\/p>\n","protected":false},"author":143,"featured_media":0,"comment_status":"closed","ping_status":"open","sticky":false,"template":"","format":"standard","meta":{"tdm_status":"","tdm_grid_status":"","footnotes":""},"categories":[1],"tags":[4361,436],"class_list":["post-49210","post","type-post","status-publish","format-standard","category-noticias","tag-desmovilizacion","tag-farc"],"yoast_head":"<!-- This site is optimized with the Yoast SEO plugin v24.3 - https:\/\/yoast.com\/wordpress\/plugins\/seo\/ -->\n<title>Fiscal\u00eda General de la Naci\u00f3n<\/title>\n<meta name=\"description\" content=\"P\u00e1gina oficial de la Fiscal\u00eda General de la Naci\u00f3n \u2013 Colombia. Garantizamos el acceso efectivo a la justicia, la verdad y la reparaci\u00f3n de las v\u00edctimas de los delitos.\" \/>\n<meta name=\"robots\" content=\"noindex, follow\" \/>\n<meta property=\"og:locale\" content=\"es_ES\" \/>\n<meta property=\"og:type\" content=\"article\" \/>\n<meta property=\"og:title\" content=\"Fiscal\u00eda General de la Naci\u00f3n\" \/>\n<meta property=\"og:description\" content=\"P\u00e1gina oficial de la Fiscal\u00eda General de la Naci\u00f3n \u2013 Colombia. Garantizamos el acceso efectivo a la justicia, la verdad y la reparaci\u00f3n de las v\u00edctimas de los delitos.\" \/>\n<meta property=\"og:url\" content=\"https:\/\/www.fiscalia.gov.co\/colombia\/noticias\/juez-ordeno-al-ejercito-y-al-inpec-entregar-bases-de-datos-a-la-defensa-en-proceso-por-falsa-desmovilizacion-de-las-farc\/\" \/>\n<meta property=\"og:site_name\" content=\"Fiscal\u00eda General de la Naci\u00f3n\" \/>\n<meta property=\"article:publisher\" content=\"https:\/\/www.facebook.com\/FiscaliaCol\" \/>\n<meta property=\"article:published_time\" content=\"2014-05-09T20:20:26+00:00\" \/>\n<meta name=\"author\" content=\"dfgordillo\" \/>\n<meta name=\"twitter:card\" content=\"summary_large_image\" \/>\n<meta name=\"twitter:creator\" content=\"@FiscaliaCol\" \/>\n<meta name=\"twitter:site\" content=\"@FiscaliaCol\" \/>\n<meta name=\"twitter:label1\" content=\"Escrito por\" \/>\n\t<meta name=\"twitter:data1\" content=\"dfgordillo\" \/>\n\t<meta name=\"twitter:label2\" content=\"Tiempo de lectura\" \/>\n\t<meta name=\"twitter:data2\" content=\"2 minutos\" \/>\n<script type=\"application\/ld+json\" class=\"yoast-schema-graph\">{\"@context\":\"https:\/\/schema.org\",\"@graph\":[{\"@type\":\"Article\",\"@id\":\"https:\/\/www.fiscalia.gov.co\/colombia\/noticias\/juez-ordeno-al-ejercito-y-al-inpec-entregar-bases-de-datos-a-la-defensa-en-proceso-por-falsa-desmovilizacion-de-las-farc\/#article\",\"isPartOf\":{\"@id\":\"https:\/\/www.fiscalia.gov.co\/colombia\/noticias\/juez-ordeno-al-ejercito-y-al-inpec-entregar-bases-de-datos-a-la-defensa-en-proceso-por-falsa-desmovilizacion-de-las-farc\/\"},\"author\":{\"name\":\"dfgordillo\",\"@id\":\"https:\/\/www.fiscalia.gov.co\/colombia\/#\/schema\/person\/3903856a3ce2d54b094c69eb29247895\"},\"headline\":\"Juez orden\u00f3 al Ej\u00e9rcito y al Inpec entregar bases de datos a la defensa en proceso por falsa desmovilizaci\u00f3n de las Farc\",\"datePublished\":\"2014-05-09T20:20:26+00:00\",\"dateModified\":\"2014-05-09T20:20:26+00:00\",\"mainEntityOfPage\":{\"@id\":\"https:\/\/www.fiscalia.gov.co\/colombia\/noticias\/juez-ordeno-al-ejercito-y-al-inpec-entregar-bases-de-datos-a-la-defensa-en-proceso-por-falsa-desmovilizacion-de-las-farc\/\"},\"wordCount\":407,\"publisher\":{\"@id\":\"https:\/\/www.fiscalia.gov.co\/colombia\/#organization\"},\"keywords\":[\"Desmovilizaci\u00f3n\",\"Farc\"],\"articleSection\":[\"Noticias\"],\"inLanguage\":\"es-CO\"},{\"@type\":\"WebPage\",\"@id\":\"https:\/\/www.fiscalia.gov.co\/colombia\/noticias\/juez-ordeno-al-ejercito-y-al-inpec-entregar-bases-de-datos-a-la-defensa-en-proceso-por-falsa-desmovilizacion-de-las-farc\/\",\"url\":\"https:\/\/www.fiscalia.gov.co\/colombia\/noticias\/juez-ordeno-al-ejercito-y-al-inpec-entregar-bases-de-datos-a-la-defensa-en-proceso-por-falsa-desmovilizacion-de-las-farc\/\",\"name\":\"Fiscal\u00eda General de la Naci\u00f3n\",\"isPartOf\":{\"@id\":\"https:\/\/www.fiscalia.gov.co\/colombia\/#website\"},\"datePublished\":\"2014-05-09T20:20:26+00:00\",\"dateModified\":\"2014-05-09T20:20:26+00:00\",\"description\":\"P\u00e1gina oficial de la Fiscal\u00eda General de la Naci\u00f3n \u2013 Colombia. Garantizamos el acceso efectivo a la justicia, la verdad y la reparaci\u00f3n de las v\u00edctimas de los delitos.\",\"breadcrumb\":{\"@id\":\"https:\/\/www.fiscalia.gov.co\/colombia\/noticias\/juez-ordeno-al-ejercito-y-al-inpec-entregar-bases-de-datos-a-la-defensa-en-proceso-por-falsa-desmovilizacion-de-las-farc\/#breadcrumb\"},\"inLanguage\":\"es-CO\",\"potentialAction\":[{\"@type\":\"ReadAction\",\"target\":[\"https:\/\/www.fiscalia.gov.co\/colombia\/noticias\/juez-ordeno-al-ejercito-y-al-inpec-entregar-bases-de-datos-a-la-defensa-en-proceso-por-falsa-desmovilizacion-de-las-farc\/\"]}]},{\"@type\":\"BreadcrumbList\",\"@id\":\"https:\/\/www.fiscalia.gov.co\/colombia\/noticias\/juez-ordeno-al-ejercito-y-al-inpec-entregar-bases-de-datos-a-la-defensa-en-proceso-por-falsa-desmovilizacion-de-las-farc\/#breadcrumb\",\"itemListElement\":[{\"@type\":\"ListItem\",\"position\":1,\"name\":\"Home\",\"item\":\"https:\/\/www.fiscalia.gov.co\/colombia\/\"},{\"@type\":\"ListItem\",\"position\":2,\"name\":\"Juez orden\u00f3 al Ej\u00e9rcito y al Inpec entregar bases de datos a la defensa en proceso por falsa desmovilizaci\u00f3n de las Farc\"}]},{\"@type\":\"WebSite\",\"@id\":\"https:\/\/www.fiscalia.gov.co\/colombia\/#website\",\"url\":\"https:\/\/www.fiscalia.gov.co\/colombia\/\",\"name\":\"Fiscal\u00eda General de la Naci\u00f3n\",\"description\":\"P\u00e1gina oficial de la Fiscal\u00eda General de la Naci\u00f3n \u2013 Colombia. Garantizamos el acceso efectivo a la justicia, la verdad y la reparaci\u00f3n de las v\u00edctimas de los delitos.\",\"publisher\":{\"@id\":\"https:\/\/www.fiscalia.gov.co\/colombia\/#organization\"},\"potentialAction\":[{\"@type\":\"SearchAction\",\"target\":{\"@type\":\"EntryPoint\",\"urlTemplate\":\"https:\/\/www.fiscalia.gov.co\/colombia\/?s={search_term_string}\"},\"query-input\":{\"@type\":\"PropertyValueSpecification\",\"valueRequired\":true,\"valueName\":\"search_term_string\"}}],\"inLanguage\":\"es-CO\"},{\"@type\":\"Organization\",\"@id\":\"https:\/\/www.fiscalia.gov.co\/colombia\/#organization\",\"name\":\"Fiscal\u00eda General de la Naci\u00f3n\",\"url\":\"https:\/\/www.fiscalia.gov.co\/colombia\/\",\"logo\":{\"@type\":\"ImageObject\",\"inLanguage\":\"es-CO\",\"@id\":\"https:\/\/www.fiscalia.gov.co\/colombia\/#\/schema\/logo\/image\/\",\"url\":\"https:\/\/www.fiscalia.gov.co\/colombia\/wp-content\/uploads\/LogoHorizontal_1.jpg\",\"contentUrl\":\"https:\/\/www.fiscalia.gov.co\/colombia\/wp-content\/uploads\/LogoHorizontal_1.jpg\",\"width\":300,\"height\":90,\"caption\":\"Fiscal\u00eda General de la Naci\u00f3n\"},\"image\":{\"@id\":\"https:\/\/www.fiscalia.gov.co\/colombia\/#\/schema\/logo\/image\/\"},\"sameAs\":[\"https:\/\/www.facebook.com\/FiscaliaCol\",\"https:\/\/x.com\/FiscaliaCol\",\"https:\/\/www.instagram.com\/fiscaliacol\",\"https:\/\/www.linkedin.com\/company\/fiscalia-general-de-la-naci-n\/\",\"https:\/\/youtube.com\/@fiscaliageneraldelanacion-4668?si=6nN79nyQICPU5iTh\"]},{\"@type\":\"Person\",\"@id\":\"https:\/\/www.fiscalia.gov.co\/colombia\/#\/schema\/person\/3903856a3ce2d54b094c69eb29247895\",\"name\":\"dfgordillo\",\"image\":{\"@type\":\"ImageObject\",\"inLanguage\":\"es-CO\",\"@id\":\"https:\/\/www.fiscalia.gov.co\/colombia\/#\/schema\/person\/image\/\",\"url\":\"https:\/\/secure.gravatar.com\/avatar\/b6356e21c5657c60757fe6fb9493e947?s=96&d=mm&r=g\",\"contentUrl\":\"https:\/\/secure.gravatar.com\/avatar\/b6356e21c5657c60757fe6fb9493e947?s=96&d=mm&r=g\",\"caption\":\"dfgordillo\"},\"sameAs\":[\"dfgordillo\"],\"url\":\"https:\/\/www.fiscalia.gov.co\/colombia\/author\/dfgordillo\/\"}]}<\/script>\n<!-- \/ Yoast SEO plugin. -->","yoast_head_json":{"title":"Fiscal\u00eda General de la Naci\u00f3n","description":"P\u00e1gina oficial de la Fiscal\u00eda General de la Naci\u00f3n \u2013 Colombia. Garantizamos el acceso efectivo a la justicia, la verdad y la reparaci\u00f3n de las v\u00edctimas de los delitos.","robots":{"index":"noindex","follow":"follow"},"og_locale":"es_ES","og_type":"article","og_title":"Fiscal\u00eda General de la Naci\u00f3n","og_description":"P\u00e1gina oficial de la Fiscal\u00eda General de la Naci\u00f3n \u2013 Colombia. Garantizamos el acceso efectivo a la justicia, la verdad y la reparaci\u00f3n de las v\u00edctimas de los delitos.","og_url":"https:\/\/www.fiscalia.gov.co\/colombia\/noticias\/juez-ordeno-al-ejercito-y-al-inpec-entregar-bases-de-datos-a-la-defensa-en-proceso-por-falsa-desmovilizacion-de-las-farc\/","og_site_name":"Fiscal\u00eda General de la Naci\u00f3n","article_publisher":"https:\/\/www.facebook.com\/FiscaliaCol","article_published_time":"2014-05-09T20:20:26+00:00","author":"dfgordillo","twitter_card":"summary_large_image","twitter_creator":"@FiscaliaCol","twitter_site":"@FiscaliaCol","twitter_misc":{"Escrito por":"dfgordillo","Tiempo de lectura":"2 minutos"},"schema":{"@context":"https:\/\/schema.org","@graph":[{"@type":"Article","@id":"https:\/\/www.fiscalia.gov.co\/colombia\/noticias\/juez-ordeno-al-ejercito-y-al-inpec-entregar-bases-de-datos-a-la-defensa-en-proceso-por-falsa-desmovilizacion-de-las-farc\/#article","isPartOf":{"@id":"https:\/\/www.fiscalia.gov.co\/colombia\/noticias\/juez-ordeno-al-ejercito-y-al-inpec-entregar-bases-de-datos-a-la-defensa-en-proceso-por-falsa-desmovilizacion-de-las-farc\/"},"author":{"name":"dfgordillo","@id":"https:\/\/www.fiscalia.gov.co\/colombia\/#\/schema\/person\/3903856a3ce2d54b094c69eb29247895"},"headline":"Juez orden\u00f3 al Ej\u00e9rcito y al Inpec entregar bases de datos a la defensa en proceso por falsa desmovilizaci\u00f3n de las Farc","datePublished":"2014-05-09T20:20:26+00:00","dateModified":"2014-05-09T20:20:26+00:00","mainEntityOfPage":{"@id":"https:\/\/www.fiscalia.gov.co\/colombia\/noticias\/juez-ordeno-al-ejercito-y-al-inpec-entregar-bases-de-datos-a-la-defensa-en-proceso-por-falsa-desmovilizacion-de-las-farc\/"},"wordCount":407,"publisher":{"@id":"https:\/\/www.fiscalia.gov.co\/colombia\/#organization"},"keywords":["Desmovilizaci\u00f3n","Farc"],"articleSection":["Noticias"],"inLanguage":"es-CO"},{"@type":"WebPage","@id":"https:\/\/www.fiscalia.gov.co\/colombia\/noticias\/juez-ordeno-al-ejercito-y-al-inpec-entregar-bases-de-datos-a-la-defensa-en-proceso-por-falsa-desmovilizacion-de-las-farc\/","url":"https:\/\/www.fiscalia.gov.co\/colombia\/noticias\/juez-ordeno-al-ejercito-y-al-inpec-entregar-bases-de-datos-a-la-defensa-en-proceso-por-falsa-desmovilizacion-de-las-farc\/","name":"Fiscal\u00eda General de la Naci\u00f3n","isPartOf":{"@id":"https:\/\/www.fiscalia.gov.co\/colombia\/#website"},"datePublished":"2014-05-09T20:20:26+00:00","dateModified":"2014-05-09T20:20:26+00:00","description":"P\u00e1gina oficial de la Fiscal\u00eda General de la Naci\u00f3n \u2013 Colombia. Garantizamos el acceso efectivo a la justicia, la verdad y la reparaci\u00f3n de las v\u00edctimas de los delitos.","breadcrumb":{"@id":"https:\/\/www.fiscalia.gov.co\/colombia\/noticias\/juez-ordeno-al-ejercito-y-al-inpec-entregar-bases-de-datos-a-la-defensa-en-proceso-por-falsa-desmovilizacion-de-las-farc\/#breadcrumb"},"inLanguage":"es-CO","potentialAction":[{"@type":"ReadAction","target":["https:\/\/www.fiscalia.gov.co\/colombia\/noticias\/juez-ordeno-al-ejercito-y-al-inpec-entregar-bases-de-datos-a-la-defensa-en-proceso-por-falsa-desmovilizacion-de-las-farc\/"]}]},{"@type":"BreadcrumbList","@id":"https:\/\/www.fiscalia.gov.co\/colombia\/noticias\/juez-ordeno-al-ejercito-y-al-inpec-entregar-bases-de-datos-a-la-defensa-en-proceso-por-falsa-desmovilizacion-de-las-farc\/#breadcrumb","itemListElement":[{"@type":"ListItem","position":1,"name":"Home","item":"https:\/\/www.fiscalia.gov.co\/colombia\/"},{"@type":"ListItem","position":2,"name":"Juez orden\u00f3 al Ej\u00e9rcito y al Inpec entregar bases de datos a la defensa en proceso por falsa desmovilizaci\u00f3n de las Farc"}]},{"@type":"WebSite","@id":"https:\/\/www.fiscalia.gov.co\/colombia\/#website","url":"https:\/\/www.fiscalia.gov.co\/colombia\/","name":"Fiscal\u00eda General de la Naci\u00f3n","description":"P\u00e1gina oficial de la Fiscal\u00eda General de la Naci\u00f3n \u2013 Colombia. Garantizamos el acceso efectivo a la justicia, la verdad y la reparaci\u00f3n de las v\u00edctimas de los delitos.","publisher":{"@id":"https:\/\/www.fiscalia.gov.co\/colombia\/#organization"},"potentialAction":[{"@type":"SearchAction","target":{"@type":"EntryPoint","urlTemplate":"https:\/\/www.fiscalia.gov.co\/colombia\/?s={search_term_string}"},"query-input":{"@type":"PropertyValueSpecification","valueRequired":true,"valueName":"search_term_string"}}],"inLanguage":"es-CO"},{"@type":"Organization","@id":"https:\/\/www.fiscalia.gov.co\/colombia\/#organization","name":"Fiscal\u00eda General de la Naci\u00f3n","url":"https:\/\/www.fiscalia.gov.co\/colombia\/","logo":{"@type":"ImageObject","inLanguage":"es-CO","@id":"https:\/\/www.fiscalia.gov.co\/colombia\/#\/schema\/logo\/image\/","url":"https:\/\/www.fiscalia.gov.co\/colombia\/wp-content\/uploads\/LogoHorizontal_1.jpg","contentUrl":"https:\/\/www.fiscalia.gov.co\/colombia\/wp-content\/uploads\/LogoHorizontal_1.jpg","width":300,"height":90,"caption":"Fiscal\u00eda General de la Naci\u00f3n"},"image":{"@id":"https:\/\/www.fiscalia.gov.co\/colombia\/#\/schema\/logo\/image\/"},"sameAs":["https:\/\/www.facebook.com\/FiscaliaCol","https:\/\/x.com\/FiscaliaCol","https:\/\/www.instagram.com\/fiscaliacol","https:\/\/www.linkedin.com\/company\/fiscalia-general-de-la-naci-n\/","https:\/\/youtube.com\/@fiscaliageneraldelanacion-4668?si=6nN79nyQICPU5iTh"]},{"@type":"Person","@id":"https:\/\/www.fiscalia.gov.co\/colombia\/#\/schema\/person\/3903856a3ce2d54b094c69eb29247895","name":"dfgordillo","image":{"@type":"ImageObject","inLanguage":"es-CO","@id":"https:\/\/www.fiscalia.gov.co\/colombia\/#\/schema\/person\/image\/","url":"https:\/\/secure.gravatar.com\/avatar\/b6356e21c5657c60757fe6fb9493e947?s=96&d=mm&r=g","contentUrl":"https:\/\/secure.gravatar.com\/avatar\/b6356e21c5657c60757fe6fb9493e947?s=96&d=mm&r=g","caption":"dfgordillo"},"sameAs":["dfgordillo"],"url":"https:\/\/www.fiscalia.gov.co\/colombia\/author\/dfgordillo\/"}]}},"_links":{"self":[{"href":"https:\/\/www.fiscalia.gov.co\/colombia\/wp-json\/wp\/v2\/posts\/49210","targetHints":{"allow":["GET"]}}],"collection":[{"href":"https:\/\/www.fiscalia.gov.co\/colombia\/wp-json\/wp\/v2\/posts"}],"about":[{"href":"https:\/\/www.fiscalia.gov.co\/colombia\/wp-json\/wp\/v2\/types\/post"}],"author":[{"embeddable":true,"href":"https:\/\/www.fiscalia.gov.co\/colombia\/wp-json\/wp\/v2\/users\/143"}],"replies":[{"embeddable":true,"href":"https:\/\/www.fiscalia.gov.co\/colombia\/wp-json\/wp\/v2\/comments?post=49210"}],"version-history":[{"count":1,"href":"https:\/\/www.fiscalia.gov.co\/colombia\/wp-json\/wp\/v2\/posts\/49210\/revisions"}],"predecessor-version":[{"id":49211,"href":"https:\/\/www.fiscalia.gov.co\/colombia\/wp-json\/wp\/v2\/posts\/49210\/revisions\/49211"}],"wp:attachment":[{"href":"https:\/\/www.fiscalia.gov.co\/colombia\/wp-json\/wp\/v2\/media?parent=49210"}],"wp:term":[{"taxonomy":"category","embeddable":true,"href":"https:\/\/www.fiscalia.gov.co\/colombia\/wp-json\/wp\/v2\/categories?post=49210"},{"taxonomy":"post_tag","embeddable":true,"href":"https:\/\/www.fiscalia.gov.co\/colombia\/wp-json\/wp\/v2\/tags?post=49210"}],"curies":[{"name":"wp","href":"https:\/\/api.w.org\/{rel}","templated":true}]}}