{"id":48624,"date":"2014-04-29T19:16:34","date_gmt":"2014-04-30T00:16:34","guid":{"rendered":"http:\/\/www.fiscalia.gov.co\/colombia\/?p=48624"},"modified":"2014-05-19T11:44:28","modified_gmt":"2014-05-19T16:44:28","slug":"fiscal-general-asisito-a-primer-debate-victimas-derecho-a-la-verdad-justicia-y-reparacion","status":"publish","type":"post","link":"https:\/\/www.fiscalia.gov.co\/colombia\/noticias\/fiscal-general-asisito-a-primer-debate-victimas-derecho-a-la-verdad-justicia-y-reparacion\/","title":{"rendered":"Fiscal General asisti\u00f3 a Primer debate: v\u00edctimas. Derecho a la verdad, justicia y reparaci\u00f3n"},"content":{"rendered":"<p>En el marco del Primer debate: v\u00edctimas, derecho a la verdad, justicia y reparaci\u00f3n, el Fiscal General de la Naci\u00f3n, Eduardo Montealegre Lynett se refiri\u00f3 al tema de justicia transicional, como un mecanismo que utilizan los estados de derecho para pasar de situaciones de guerra a la paz o del conflicto armado a la paz.<\/p>\n<p>El Fiscal Montealegre afirm\u00f3 que \u201clo que tenemos que buscar son f\u00f3rmulas de equilibrio, f\u00f3rmulas de c\u00f3mo equilibrar ese derecho de las v\u00edctimas y c\u00f3mo armonizarlo con el derecho que tiene toda sociedad a la paz.\u00a0 Esto significa, entonces, que para resolver el tema de penas y de justicia penal adecuada en un marco de justicia transicional, no podemos acudir a los mecanismos ordinarios o a las estructuras o a la filosof\u00eda tradicional del derecho penal.\u201d<\/p>\n<p>Adem\u00e1s, el jefe del ente acusador explic\u00f3 que el derecho penal, en cuanto a las penas, se ha centrado en un modelo retributivo, en el que la \u00fanica pena es la privaci\u00f3n de la libertad. Este modelo no se puede aplicar en un marco de justicia transicional. Este \u00faltimo modelo, de justicia transicional, es diferente y debe estar fundamentado en otro modelo totalmente leg\u00edtimo, consagrado en la constituci\u00f3n, que es de justicia restaurativa, fundamentado sobre par\u00e1metros diferentes.<\/p>\n<p>El Fiscal afirm\u00f3 que \u201centonces, un primer punto que debemos tener en cuenta, para determinar qu\u00e9 tipo de penas alternativas deben imponerse es que todos los delitos, que impliquen graves violaciones a los derechos humanos, las violaciones masivas a los derechos humanos, los cr\u00edmenes de guerra, los delitos que puedan ser calificados como delito de lesa humanidad, en fin, todos los delitos que ser\u00edan de competencia de la Corte Penal Internacional, tienen que ser investigados por la justicia penal. Adem\u00e1s, debe centrarse, como lo establece el marco constitucional para la paz, en un modelo de investigaci\u00f3n centrado en m\u00e1ximos responsables.<\/p>\n<p>En un marco de justicia transicional, no se pueden aplicar tesis maximalistas dentro del derecho penal, entendido como que hay que investigar absolutamente todos los delitos cometidos en el conflicto y a todos los autores, ya que, de esta manera, hist\u00f3ricamente, ha mostrado\u00a0un fracaso a nivel mundial. El modelo de justicia transicional debe centrarse en juzgar m\u00e1ximos responsables y concentrarse en los delitos del derecho penal internacional.<\/p>\n<p>El Fiscal General de la Naci\u00f3n asegur\u00f3 que \u201clos autores y los m\u00e1ximos responsables tienen\u00a0 que ser investigados, acusados, se tiene que hacer un juicio justo, en contra de m\u00e1ximos responsables, por estos delitos, y que se produzcan las condenas respectivas\u201d. De esta manera, una vez se hayan producido las respectivas sentencias, se tienen que tener en cuenta las penas alternativas a la pena de prisi\u00f3n.<\/p>\n<p>Durante el debate, el Fiscal Montealegre hizo referencia a la experiencia internacional, donde se han podido implantar penas como el trabajo social comunitario, la participaci\u00f3n de los m\u00e1ximos responsables en programas de restablecimiento social, y dio como ejemplo, la participaci\u00f3n en el desminado, que contribuye con el desmontaje de todos los aparatos de guerra.<\/p>\n<p>Seg\u00fan el Fiscal General de la Naci\u00f3n, justicia transicional no es igual a impunidad, hablar de penas alternativas no es impunidad, justamente eso es lo que se le ha querido vender al pa\u00eds. El gran error es tratar de aplicar la justicia tradicional en un marco de justicia transicional, que est\u00e1 fundamentada en modelos como el de justicia restaurativa. El pa\u00eds debe estudiar cu\u00e1les son los presupuestos que se deben aplicar para la suspensi\u00f3n de las penas y, as\u00ed, poder aplicar el modelo de penas alternativas. \u201cEn ese punto, es supremamente clara la constituci\u00f3n, de que, solamente, podr\u00edamos llegar a la suspensi\u00f3n condicional de la pena, en la medida de que exista una superaci\u00f3n del conflicto armado\u201d, asegur\u00f3 el jefe del ente acusador. Se debe realizar una ponderaci\u00f3n de costo \u2013 beneficio en t\u00e9rminos de derechos humanos.<\/p>\n<p>\u201cEs importante que el pa\u00eds sepa que la paz tiene unos costos, que la paz tiene unos sacrificios, pero que este proceso no est\u00e1 montado sobre la impunidad, sino trasladando experiencias del derecho internacional\u201d, ratific\u00f3 el Fiscal Montealegre.<\/p>\n\n<div class=\"twitter-share\"><a href=\"https:\/\/twitter.com\/intent\/tweet?via=fiscaliacol\" class=\"twitter-share-button\">Tweet<\/a><\/div>\n","protected":false},"excerpt":{"rendered":"<p>En el marco del Primer debate: v\u00edctimas, derecho a la verdad, justicia y reparaci\u00f3n, el Fiscal General de la Naci\u00f3n, Eduardo Montealegre Lynett se refiri\u00f3 al tema de justicia transicional<\/p>\n","protected":false},"author":143,"featured_media":0,"comment_status":"closed","ping_status":"open","sticky":false,"template":"","format":"standard","meta":{"tdm_status":"","tdm_grid_status":"","footnotes":""},"categories":[1],"tags":[400,78,2286,23970],"class_list":{"0":"post-48624","1":"post","2":"type-post","3":"status-publish","4":"format-standard","6":"category-noticias","7":"tag-eduardo-montealegre-lynett","8":"tag-fiscal-general-de-la-nacion","9":"tag-justicia","10":"tag-victimas"},"yoast_head":"<!-- This site is optimized with the Yoast SEO plugin v24.3 - https:\/\/yoast.com\/wordpress\/plugins\/seo\/ -->\n<title>Fiscal\u00eda General de la Naci\u00f3n<\/title>\n<meta name=\"description\" content=\"P\u00e1gina oficial de la Fiscal\u00eda General de la Naci\u00f3n \u2013 Colombia. Garantizamos el acceso efectivo a la justicia, la verdad y la reparaci\u00f3n de las v\u00edctimas de los delitos.\" \/>\n<meta name=\"robots\" content=\"noindex, follow\" \/>\n<meta property=\"og:locale\" content=\"es_ES\" \/>\n<meta property=\"og:type\" content=\"article\" \/>\n<meta property=\"og:title\" content=\"Fiscal\u00eda General de la Naci\u00f3n\" \/>\n<meta property=\"og:description\" content=\"P\u00e1gina oficial de la Fiscal\u00eda General de la Naci\u00f3n \u2013 Colombia. Garantizamos el acceso efectivo a la justicia, la verdad y la reparaci\u00f3n de las v\u00edctimas de los delitos.\" \/>\n<meta property=\"og:url\" content=\"https:\/\/www.fiscalia.gov.co\/colombia\/noticias\/fiscal-general-asisito-a-primer-debate-victimas-derecho-a-la-verdad-justicia-y-reparacion\/\" \/>\n<meta property=\"og:site_name\" content=\"Fiscal\u00eda General de la Naci\u00f3n\" \/>\n<meta property=\"article:publisher\" content=\"https:\/\/www.facebook.com\/FiscaliaCol\" \/>\n<meta property=\"article:published_time\" content=\"2014-04-30T00:16:34+00:00\" \/>\n<meta property=\"article:modified_time\" content=\"2014-05-19T16:44:28+00:00\" \/>\n<meta name=\"author\" content=\"dfgordillo\" \/>\n<meta name=\"twitter:card\" content=\"summary_large_image\" \/>\n<meta name=\"twitter:creator\" content=\"@FiscaliaCol\" \/>\n<meta name=\"twitter:site\" content=\"@FiscaliaCol\" \/>\n<meta name=\"twitter:label1\" content=\"Escrito por\" \/>\n\t<meta name=\"twitter:data1\" content=\"dfgordillo\" \/>\n\t<meta name=\"twitter:label2\" content=\"Tiempo de lectura\" \/>\n\t<meta name=\"twitter:data2\" content=\"4 minutos\" \/>\n<script type=\"application\/ld+json\" class=\"yoast-schema-graph\">{\"@context\":\"https:\/\/schema.org\",\"@graph\":[{\"@type\":\"Article\",\"@id\":\"https:\/\/www.fiscalia.gov.co\/colombia\/noticias\/fiscal-general-asisito-a-primer-debate-victimas-derecho-a-la-verdad-justicia-y-reparacion\/#article\",\"isPartOf\":{\"@id\":\"https:\/\/www.fiscalia.gov.co\/colombia\/noticias\/fiscal-general-asisito-a-primer-debate-victimas-derecho-a-la-verdad-justicia-y-reparacion\/\"},\"author\":{\"name\":\"dfgordillo\",\"@id\":\"https:\/\/www.fiscalia.gov.co\/colombia\/#\/schema\/person\/3903856a3ce2d54b094c69eb29247895\"},\"headline\":\"Fiscal General asisti\u00f3 a Primer debate: v\u00edctimas. Derecho a la verdad, justicia y reparaci\u00f3n\",\"datePublished\":\"2014-04-30T00:16:34+00:00\",\"dateModified\":\"2014-05-19T16:44:28+00:00\",\"mainEntityOfPage\":{\"@id\":\"https:\/\/www.fiscalia.gov.co\/colombia\/noticias\/fiscal-general-asisito-a-primer-debate-victimas-derecho-a-la-verdad-justicia-y-reparacion\/\"},\"wordCount\":727,\"publisher\":{\"@id\":\"https:\/\/www.fiscalia.gov.co\/colombia\/#organization\"},\"keywords\":[\"Eduardo Montealegre Lynett\",\"Fiscal General de la Naci\u00f3n\",\"Justicia\",\"V\u00edctimas\"],\"articleSection\":[\"Noticias\"],\"inLanguage\":\"es-CO\"},{\"@type\":\"WebPage\",\"@id\":\"https:\/\/www.fiscalia.gov.co\/colombia\/noticias\/fiscal-general-asisito-a-primer-debate-victimas-derecho-a-la-verdad-justicia-y-reparacion\/\",\"url\":\"https:\/\/www.fiscalia.gov.co\/colombia\/noticias\/fiscal-general-asisito-a-primer-debate-victimas-derecho-a-la-verdad-justicia-y-reparacion\/\",\"name\":\"Fiscal\u00eda General de la Naci\u00f3n\",\"isPartOf\":{\"@id\":\"https:\/\/www.fiscalia.gov.co\/colombia\/#website\"},\"datePublished\":\"2014-04-30T00:16:34+00:00\",\"dateModified\":\"2014-05-19T16:44:28+00:00\",\"description\":\"P\u00e1gina oficial de la Fiscal\u00eda General de la Naci\u00f3n \u2013 Colombia. Garantizamos el acceso efectivo a la justicia, la verdad y la reparaci\u00f3n de las v\u00edctimas de los delitos.\",\"breadcrumb\":{\"@id\":\"https:\/\/www.fiscalia.gov.co\/colombia\/noticias\/fiscal-general-asisito-a-primer-debate-victimas-derecho-a-la-verdad-justicia-y-reparacion\/#breadcrumb\"},\"inLanguage\":\"es-CO\",\"potentialAction\":[{\"@type\":\"ReadAction\",\"target\":[\"https:\/\/www.fiscalia.gov.co\/colombia\/noticias\/fiscal-general-asisito-a-primer-debate-victimas-derecho-a-la-verdad-justicia-y-reparacion\/\"]}]},{\"@type\":\"BreadcrumbList\",\"@id\":\"https:\/\/www.fiscalia.gov.co\/colombia\/noticias\/fiscal-general-asisito-a-primer-debate-victimas-derecho-a-la-verdad-justicia-y-reparacion\/#breadcrumb\",\"itemListElement\":[{\"@type\":\"ListItem\",\"position\":1,\"name\":\"Home\",\"item\":\"https:\/\/www.fiscalia.gov.co\/colombia\/\"},{\"@type\":\"ListItem\",\"position\":2,\"name\":\"Fiscal General asisti\u00f3 a Primer debate: v\u00edctimas. Derecho a la verdad, justicia y reparaci\u00f3n\"}]},{\"@type\":\"WebSite\",\"@id\":\"https:\/\/www.fiscalia.gov.co\/colombia\/#website\",\"url\":\"https:\/\/www.fiscalia.gov.co\/colombia\/\",\"name\":\"Fiscal\u00eda General de la Naci\u00f3n\",\"description\":\"P\u00e1gina oficial de la Fiscal\u00eda General de la Naci\u00f3n \u2013 Colombia. Garantizamos el acceso efectivo a la justicia, la verdad y la reparaci\u00f3n de las v\u00edctimas de los delitos.\",\"publisher\":{\"@id\":\"https:\/\/www.fiscalia.gov.co\/colombia\/#organization\"},\"potentialAction\":[{\"@type\":\"SearchAction\",\"target\":{\"@type\":\"EntryPoint\",\"urlTemplate\":\"https:\/\/www.fiscalia.gov.co\/colombia\/?s={search_term_string}\"},\"query-input\":{\"@type\":\"PropertyValueSpecification\",\"valueRequired\":true,\"valueName\":\"search_term_string\"}}],\"inLanguage\":\"es-CO\"},{\"@type\":\"Organization\",\"@id\":\"https:\/\/www.fiscalia.gov.co\/colombia\/#organization\",\"name\":\"Fiscal\u00eda General de la Naci\u00f3n\",\"url\":\"https:\/\/www.fiscalia.gov.co\/colombia\/\",\"logo\":{\"@type\":\"ImageObject\",\"inLanguage\":\"es-CO\",\"@id\":\"https:\/\/www.fiscalia.gov.co\/colombia\/#\/schema\/logo\/image\/\",\"url\":\"https:\/\/www.fiscalia.gov.co\/colombia\/wp-content\/uploads\/LogoHorizontal_1.jpg\",\"contentUrl\":\"https:\/\/www.fiscalia.gov.co\/colombia\/wp-content\/uploads\/LogoHorizontal_1.jpg\",\"width\":300,\"height\":90,\"caption\":\"Fiscal\u00eda General de la Naci\u00f3n\"},\"image\":{\"@id\":\"https:\/\/www.fiscalia.gov.co\/colombia\/#\/schema\/logo\/image\/\"},\"sameAs\":[\"https:\/\/www.facebook.com\/FiscaliaCol\",\"https:\/\/x.com\/FiscaliaCol\",\"https:\/\/www.instagram.com\/fiscaliacol\",\"https:\/\/www.linkedin.com\/company\/fiscalia-general-de-la-naci-n\/\",\"https:\/\/youtube.com\/@fiscaliageneraldelanacion-4668?si=6nN79nyQICPU5iTh\"]},{\"@type\":\"Person\",\"@id\":\"https:\/\/www.fiscalia.gov.co\/colombia\/#\/schema\/person\/3903856a3ce2d54b094c69eb29247895\",\"name\":\"dfgordillo\",\"image\":{\"@type\":\"ImageObject\",\"inLanguage\":\"es-CO\",\"@id\":\"https:\/\/www.fiscalia.gov.co\/colombia\/#\/schema\/person\/image\/\",\"url\":\"https:\/\/secure.gravatar.com\/avatar\/b6356e21c5657c60757fe6fb9493e947?s=96&d=mm&r=g\",\"contentUrl\":\"https:\/\/secure.gravatar.com\/avatar\/b6356e21c5657c60757fe6fb9493e947?s=96&d=mm&r=g\",\"caption\":\"dfgordillo\"},\"sameAs\":[\"dfgordillo\"],\"url\":\"https:\/\/www.fiscalia.gov.co\/colombia\/author\/dfgordillo\/\"}]}<\/script>\n<!-- \/ Yoast SEO plugin. -->","yoast_head_json":{"title":"Fiscal\u00eda General de la Naci\u00f3n","description":"P\u00e1gina oficial de la Fiscal\u00eda General de la Naci\u00f3n \u2013 Colombia. Garantizamos el acceso efectivo a la justicia, la verdad y la reparaci\u00f3n de las v\u00edctimas de los delitos.","robots":{"index":"noindex","follow":"follow"},"og_locale":"es_ES","og_type":"article","og_title":"Fiscal\u00eda General de la Naci\u00f3n","og_description":"P\u00e1gina oficial de la Fiscal\u00eda General de la Naci\u00f3n \u2013 Colombia. Garantizamos el acceso efectivo a la justicia, la verdad y la reparaci\u00f3n de las v\u00edctimas de los delitos.","og_url":"https:\/\/www.fiscalia.gov.co\/colombia\/noticias\/fiscal-general-asisito-a-primer-debate-victimas-derecho-a-la-verdad-justicia-y-reparacion\/","og_site_name":"Fiscal\u00eda General de la Naci\u00f3n","article_publisher":"https:\/\/www.facebook.com\/FiscaliaCol","article_published_time":"2014-04-30T00:16:34+00:00","article_modified_time":"2014-05-19T16:44:28+00:00","author":"dfgordillo","twitter_card":"summary_large_image","twitter_creator":"@FiscaliaCol","twitter_site":"@FiscaliaCol","twitter_misc":{"Escrito por":"dfgordillo","Tiempo de lectura":"4 minutos"},"schema":{"@context":"https:\/\/schema.org","@graph":[{"@type":"Article","@id":"https:\/\/www.fiscalia.gov.co\/colombia\/noticias\/fiscal-general-asisito-a-primer-debate-victimas-derecho-a-la-verdad-justicia-y-reparacion\/#article","isPartOf":{"@id":"https:\/\/www.fiscalia.gov.co\/colombia\/noticias\/fiscal-general-asisito-a-primer-debate-victimas-derecho-a-la-verdad-justicia-y-reparacion\/"},"author":{"name":"dfgordillo","@id":"https:\/\/www.fiscalia.gov.co\/colombia\/#\/schema\/person\/3903856a3ce2d54b094c69eb29247895"},"headline":"Fiscal General asisti\u00f3 a Primer debate: v\u00edctimas. Derecho a la verdad, justicia y reparaci\u00f3n","datePublished":"2014-04-30T00:16:34+00:00","dateModified":"2014-05-19T16:44:28+00:00","mainEntityOfPage":{"@id":"https:\/\/www.fiscalia.gov.co\/colombia\/noticias\/fiscal-general-asisito-a-primer-debate-victimas-derecho-a-la-verdad-justicia-y-reparacion\/"},"wordCount":727,"publisher":{"@id":"https:\/\/www.fiscalia.gov.co\/colombia\/#organization"},"keywords":["Eduardo Montealegre Lynett","Fiscal General de la Naci\u00f3n","Justicia","V\u00edctimas"],"articleSection":["Noticias"],"inLanguage":"es-CO"},{"@type":"WebPage","@id":"https:\/\/www.fiscalia.gov.co\/colombia\/noticias\/fiscal-general-asisito-a-primer-debate-victimas-derecho-a-la-verdad-justicia-y-reparacion\/","url":"https:\/\/www.fiscalia.gov.co\/colombia\/noticias\/fiscal-general-asisito-a-primer-debate-victimas-derecho-a-la-verdad-justicia-y-reparacion\/","name":"Fiscal\u00eda General de la Naci\u00f3n","isPartOf":{"@id":"https:\/\/www.fiscalia.gov.co\/colombia\/#website"},"datePublished":"2014-04-30T00:16:34+00:00","dateModified":"2014-05-19T16:44:28+00:00","description":"P\u00e1gina oficial de la Fiscal\u00eda General de la Naci\u00f3n \u2013 Colombia. Garantizamos el acceso efectivo a la justicia, la verdad y la reparaci\u00f3n de las v\u00edctimas de los delitos.","breadcrumb":{"@id":"https:\/\/www.fiscalia.gov.co\/colombia\/noticias\/fiscal-general-asisito-a-primer-debate-victimas-derecho-a-la-verdad-justicia-y-reparacion\/#breadcrumb"},"inLanguage":"es-CO","potentialAction":[{"@type":"ReadAction","target":["https:\/\/www.fiscalia.gov.co\/colombia\/noticias\/fiscal-general-asisito-a-primer-debate-victimas-derecho-a-la-verdad-justicia-y-reparacion\/"]}]},{"@type":"BreadcrumbList","@id":"https:\/\/www.fiscalia.gov.co\/colombia\/noticias\/fiscal-general-asisito-a-primer-debate-victimas-derecho-a-la-verdad-justicia-y-reparacion\/#breadcrumb","itemListElement":[{"@type":"ListItem","position":1,"name":"Home","item":"https:\/\/www.fiscalia.gov.co\/colombia\/"},{"@type":"ListItem","position":2,"name":"Fiscal General asisti\u00f3 a Primer debate: v\u00edctimas. Derecho a la verdad, justicia y reparaci\u00f3n"}]},{"@type":"WebSite","@id":"https:\/\/www.fiscalia.gov.co\/colombia\/#website","url":"https:\/\/www.fiscalia.gov.co\/colombia\/","name":"Fiscal\u00eda General de la Naci\u00f3n","description":"P\u00e1gina oficial de la Fiscal\u00eda General de la Naci\u00f3n \u2013 Colombia. Garantizamos el acceso efectivo a la justicia, la verdad y la reparaci\u00f3n de las v\u00edctimas de los delitos.","publisher":{"@id":"https:\/\/www.fiscalia.gov.co\/colombia\/#organization"},"potentialAction":[{"@type":"SearchAction","target":{"@type":"EntryPoint","urlTemplate":"https:\/\/www.fiscalia.gov.co\/colombia\/?s={search_term_string}"},"query-input":{"@type":"PropertyValueSpecification","valueRequired":true,"valueName":"search_term_string"}}],"inLanguage":"es-CO"},{"@type":"Organization","@id":"https:\/\/www.fiscalia.gov.co\/colombia\/#organization","name":"Fiscal\u00eda General de la Naci\u00f3n","url":"https:\/\/www.fiscalia.gov.co\/colombia\/","logo":{"@type":"ImageObject","inLanguage":"es-CO","@id":"https:\/\/www.fiscalia.gov.co\/colombia\/#\/schema\/logo\/image\/","url":"https:\/\/www.fiscalia.gov.co\/colombia\/wp-content\/uploads\/LogoHorizontal_1.jpg","contentUrl":"https:\/\/www.fiscalia.gov.co\/colombia\/wp-content\/uploads\/LogoHorizontal_1.jpg","width":300,"height":90,"caption":"Fiscal\u00eda General de la Naci\u00f3n"},"image":{"@id":"https:\/\/www.fiscalia.gov.co\/colombia\/#\/schema\/logo\/image\/"},"sameAs":["https:\/\/www.facebook.com\/FiscaliaCol","https:\/\/x.com\/FiscaliaCol","https:\/\/www.instagram.com\/fiscaliacol","https:\/\/www.linkedin.com\/company\/fiscalia-general-de-la-naci-n\/","https:\/\/youtube.com\/@fiscaliageneraldelanacion-4668?si=6nN79nyQICPU5iTh"]},{"@type":"Person","@id":"https:\/\/www.fiscalia.gov.co\/colombia\/#\/schema\/person\/3903856a3ce2d54b094c69eb29247895","name":"dfgordillo","image":{"@type":"ImageObject","inLanguage":"es-CO","@id":"https:\/\/www.fiscalia.gov.co\/colombia\/#\/schema\/person\/image\/","url":"https:\/\/secure.gravatar.com\/avatar\/b6356e21c5657c60757fe6fb9493e947?s=96&d=mm&r=g","contentUrl":"https:\/\/secure.gravatar.com\/avatar\/b6356e21c5657c60757fe6fb9493e947?s=96&d=mm&r=g","caption":"dfgordillo"},"sameAs":["dfgordillo"],"url":"https:\/\/www.fiscalia.gov.co\/colombia\/author\/dfgordillo\/"}]}},"_links":{"self":[{"href":"https:\/\/www.fiscalia.gov.co\/colombia\/wp-json\/wp\/v2\/posts\/48624","targetHints":{"allow":["GET"]}}],"collection":[{"href":"https:\/\/www.fiscalia.gov.co\/colombia\/wp-json\/wp\/v2\/posts"}],"about":[{"href":"https:\/\/www.fiscalia.gov.co\/colombia\/wp-json\/wp\/v2\/types\/post"}],"author":[{"embeddable":true,"href":"https:\/\/www.fiscalia.gov.co\/colombia\/wp-json\/wp\/v2\/users\/143"}],"replies":[{"embeddable":true,"href":"https:\/\/www.fiscalia.gov.co\/colombia\/wp-json\/wp\/v2\/comments?post=48624"}],"version-history":[{"count":5,"href":"https:\/\/www.fiscalia.gov.co\/colombia\/wp-json\/wp\/v2\/posts\/48624\/revisions"}],"predecessor-version":[{"id":49844,"href":"https:\/\/www.fiscalia.gov.co\/colombia\/wp-json\/wp\/v2\/posts\/48624\/revisions\/49844"}],"wp:attachment":[{"href":"https:\/\/www.fiscalia.gov.co\/colombia\/wp-json\/wp\/v2\/media?parent=48624"}],"wp:term":[{"taxonomy":"category","embeddable":true,"href":"https:\/\/www.fiscalia.gov.co\/colombia\/wp-json\/wp\/v2\/categories?post=48624"},{"taxonomy":"post_tag","embeddable":true,"href":"https:\/\/www.fiscalia.gov.co\/colombia\/wp-json\/wp\/v2\/tags?post=48624"}],"curies":[{"name":"wp","href":"https:\/\/api.w.org\/{rel}","templated":true}]}}