{"id":48598,"date":"2014-04-29T16:33:56","date_gmt":"2014-04-29T21:33:56","guid":{"rendered":"http:\/\/www.fiscalia.gov.co\/colombia\/?p=48598"},"modified":"2014-04-29T16:33:56","modified_gmt":"2014-04-29T21:33:56","slug":"aprueban-prorroga-a-principio-de-oportunidad-para-implicadas-en-desfalco-a-la-dian","status":"publish","type":"post","link":"https:\/\/www.fiscalia.gov.co\/colombia\/noticias\/aprueban-prorroga-a-principio-de-oportunidad-para-implicadas-en-desfalco-a-la-dian\/","title":{"rendered":"Aprueban  pr\u00f3rroga a principio de oportunidad para implicadas en desfalco a la DIAN"},"content":{"rendered":"<p>El Juez 46 Penal Municipal de Bogot\u00e1 con funci\u00f3n de control de garant\u00edas \u00a0aprob\u00f3 una pr\u00f3rroga al principio de oportunidad que favorece a Blaca Jazm\u00edn\u00a0Becerra Segura y a Sandra Liliana Rojas Garc\u00eda, quienes fueron condenadas por 8 delitos relacionados con la defraudaci\u00f3n millonaria a la Direcci\u00f3n de Impuestos y Aduanas Nacionales (DIAN).<\/p>\n<p>El juez en su decisi\u00f3n consider\u00f3 que la petici\u00f3n para prorrogar \u00a0por un a\u00f1o m\u00e1s el principio de oportunidad, es necesaria a fin de que las dos sentenciadas puedan cumplir con el compromiso de la verdad, la justicia y la reparaci\u00f3n que se propone la Fiscal\u00eda en beneficio del propio estado.<\/p>\n<p>En audiencia p\u00fablica, el Fiscal 14 Especializado de la Direcci\u00f3n Nacional Especializada Antinarc\u00f3ticos y Lavado de Activos se\u00f1al\u00f3 que la pr\u00f3rroga se hace necesaria, con el prop\u00f3sito de que las dos sentenciadas sirvan como testigos a favor del ente acusador, y que permitan poner al descubierto m\u00e1s personas responsables de la defraudaci\u00f3n. El cese de la persecuci\u00f3n penal ser\u00e1 de 365 d\u00edas a partir de la fecha, dijo el fiscal del caso.<\/p>\n<p>Blaca Jazm\u00edn Becerra Segura era quien manejaba la extensa red delictiva, raz\u00f3n por la que se le conden\u00f3 por los delitos de concierto para delinquir, enriquecimiento il\u00edcito de particulares, cohecho por dar u ofrecer, peculado por apropiaci\u00f3n y lavado de activos; cargos que la exfuncionaria acept\u00f3. Sin embargo, el principio de oportunidad es por las conductas de falsedad en documento privado en concurso homog\u00e9neo y sucesivo, falsedad en documento p\u00fablico en concurso homog\u00e9neo y sucesivo, fraude procesal en concurso homog\u00e9neo y sucesivo, y exportaci\u00f3n \u00a0e importaci\u00f3n ficticia en concurso homog\u00e9neo.<\/p>\n<p>Por su parte, Sandra Liliana Rojas Garc\u00eda, una de las contadoras de las empresas de papel creadas por la red, tras aceptar cargos, purga la condena en la c\u00e1rcel El Buen Pastor por concierto para delinquir, peculado por apropiaci\u00f3n, lavado de activos y enriquecimiento il\u00edcito. Mientras que por los mismos punibles que Becerra Segura, tiene el principio de oportunidad prorrogado.<\/p>\n<p>Seg\u00fan la Fiscal\u00eda, desde el 2006, \u00a0mediante empresas ficticias que pusieron a funcionar en varias ciudades del pa\u00eds y utilizando documentos falsos, entre ellos p\u00f3lizas y facturas con las cuales se\u00a0demostraban compras tambi\u00e9n ficticias, los integrantes de la red se apoderaban de \u00a0los dineros que la DIAN devolv\u00eda por concepto del IVA por exportaciones e importaciones de cuero, chatarra y textiles.<\/p>\n<p>Las dos mujeres se encuentran privadas de \u00a0la libertad desde el 22 de Julio del 2011, por orden de la Juez 14 Penal Municipal de Bogot\u00e1 con funci\u00f3n de control de garant\u00edas.<\/p>\n\n<div class=\"twitter-share\"><a href=\"https:\/\/twitter.com\/intent\/tweet?via=fiscaliacol\" class=\"twitter-share-button\">Tweet<\/a><\/div>\n","protected":false},"excerpt":{"rendered":"<p>El Juez 46 Penal Municipal de Bogot\u00e1 con funci\u00f3n de control de garant\u00edas \u00a0aprob\u00f3 una pr\u00f3rroga al principio de oportunidad que favorece a Blaca Jazm\u00edn\u00a0Becerra Segura y a Sandra Liliana Rojas Garc\u00eda, quienes fueron condenadas por 8 delitos relacionados con la defraudaci\u00f3n millonaria a la Direcci\u00f3n de Impuestos y Aduanas Nacionales (DIAN). El juez en [&hellip;]<\/p>\n","protected":false},"author":143,"featured_media":0,"comment_status":"closed","ping_status":"open","sticky":false,"template":"","format":"standard","meta":{"tdm_status":"","tdm_grid_status":"","footnotes":""},"categories":[1],"tags":[40],"class_list":{"0":"post-48598","1":"post","2":"type-post","3":"status-publish","4":"format-standard","6":"category-noticias","7":"tag-dian"},"yoast_head":"<!-- This site is optimized with the Yoast SEO plugin v24.3 - https:\/\/yoast.com\/wordpress\/plugins\/seo\/ -->\n<title>Fiscal\u00eda General de la Naci\u00f3n<\/title>\n<meta name=\"description\" content=\"P\u00e1gina oficial de la Fiscal\u00eda General de la Naci\u00f3n \u2013 Colombia. Garantizamos el acceso efectivo a la justicia, la verdad y la reparaci\u00f3n de las v\u00edctimas de los delitos.\" \/>\n<meta name=\"robots\" content=\"noindex, follow\" \/>\n<meta property=\"og:locale\" content=\"es_ES\" \/>\n<meta property=\"og:type\" content=\"article\" \/>\n<meta property=\"og:title\" content=\"Fiscal\u00eda General de la Naci\u00f3n\" \/>\n<meta property=\"og:description\" content=\"P\u00e1gina oficial de la Fiscal\u00eda General de la Naci\u00f3n \u2013 Colombia. Garantizamos el acceso efectivo a la justicia, la verdad y la reparaci\u00f3n de las v\u00edctimas de los delitos.\" \/>\n<meta property=\"og:url\" content=\"https:\/\/www.fiscalia.gov.co\/colombia\/noticias\/aprueban-prorroga-a-principio-de-oportunidad-para-implicadas-en-desfalco-a-la-dian\/\" \/>\n<meta property=\"og:site_name\" content=\"Fiscal\u00eda General de la Naci\u00f3n\" \/>\n<meta property=\"article:publisher\" content=\"https:\/\/www.facebook.com\/FiscaliaCol\" \/>\n<meta property=\"article:published_time\" content=\"2014-04-29T21:33:56+00:00\" \/>\n<meta name=\"author\" content=\"dfgordillo\" \/>\n<meta name=\"twitter:card\" content=\"summary_large_image\" \/>\n<meta name=\"twitter:creator\" content=\"@FiscaliaCol\" \/>\n<meta name=\"twitter:site\" content=\"@FiscaliaCol\" \/>\n<meta name=\"twitter:label1\" content=\"Escrito por\" \/>\n\t<meta name=\"twitter:data1\" content=\"dfgordillo\" \/>\n\t<meta name=\"twitter:label2\" content=\"Tiempo de lectura\" \/>\n\t<meta name=\"twitter:data2\" content=\"2 minutos\" \/>\n<script type=\"application\/ld+json\" class=\"yoast-schema-graph\">{\"@context\":\"https:\/\/schema.org\",\"@graph\":[{\"@type\":\"Article\",\"@id\":\"https:\/\/www.fiscalia.gov.co\/colombia\/noticias\/aprueban-prorroga-a-principio-de-oportunidad-para-implicadas-en-desfalco-a-la-dian\/#article\",\"isPartOf\":{\"@id\":\"https:\/\/www.fiscalia.gov.co\/colombia\/noticias\/aprueban-prorroga-a-principio-de-oportunidad-para-implicadas-en-desfalco-a-la-dian\/\"},\"author\":{\"name\":\"dfgordillo\",\"@id\":\"https:\/\/www.fiscalia.gov.co\/colombia\/#\/schema\/person\/3903856a3ce2d54b094c69eb29247895\"},\"headline\":\"Aprueban pr\u00f3rroga a principio de oportunidad para implicadas en desfalco a la DIAN\",\"datePublished\":\"2014-04-29T21:33:56+00:00\",\"dateModified\":\"2014-04-29T21:33:56+00:00\",\"mainEntityOfPage\":{\"@id\":\"https:\/\/www.fiscalia.gov.co\/colombia\/noticias\/aprueban-prorroga-a-principio-de-oportunidad-para-implicadas-en-desfalco-a-la-dian\/\"},\"wordCount\":472,\"publisher\":{\"@id\":\"https:\/\/www.fiscalia.gov.co\/colombia\/#organization\"},\"keywords\":[\"Dian\"],\"articleSection\":[\"Noticias\"],\"inLanguage\":\"es-CO\"},{\"@type\":\"WebPage\",\"@id\":\"https:\/\/www.fiscalia.gov.co\/colombia\/noticias\/aprueban-prorroga-a-principio-de-oportunidad-para-implicadas-en-desfalco-a-la-dian\/\",\"url\":\"https:\/\/www.fiscalia.gov.co\/colombia\/noticias\/aprueban-prorroga-a-principio-de-oportunidad-para-implicadas-en-desfalco-a-la-dian\/\",\"name\":\"Fiscal\u00eda General de la Naci\u00f3n\",\"isPartOf\":{\"@id\":\"https:\/\/www.fiscalia.gov.co\/colombia\/#website\"},\"datePublished\":\"2014-04-29T21:33:56+00:00\",\"dateModified\":\"2014-04-29T21:33:56+00:00\",\"description\":\"P\u00e1gina oficial de la Fiscal\u00eda General de la Naci\u00f3n \u2013 Colombia. Garantizamos el acceso efectivo a la justicia, la verdad y la reparaci\u00f3n de las v\u00edctimas de los delitos.\",\"breadcrumb\":{\"@id\":\"https:\/\/www.fiscalia.gov.co\/colombia\/noticias\/aprueban-prorroga-a-principio-de-oportunidad-para-implicadas-en-desfalco-a-la-dian\/#breadcrumb\"},\"inLanguage\":\"es-CO\",\"potentialAction\":[{\"@type\":\"ReadAction\",\"target\":[\"https:\/\/www.fiscalia.gov.co\/colombia\/noticias\/aprueban-prorroga-a-principio-de-oportunidad-para-implicadas-en-desfalco-a-la-dian\/\"]}]},{\"@type\":\"BreadcrumbList\",\"@id\":\"https:\/\/www.fiscalia.gov.co\/colombia\/noticias\/aprueban-prorroga-a-principio-de-oportunidad-para-implicadas-en-desfalco-a-la-dian\/#breadcrumb\",\"itemListElement\":[{\"@type\":\"ListItem\",\"position\":1,\"name\":\"Home\",\"item\":\"https:\/\/www.fiscalia.gov.co\/colombia\/\"},{\"@type\":\"ListItem\",\"position\":2,\"name\":\"Aprueban pr\u00f3rroga a principio de oportunidad para implicadas en desfalco a la DIAN\"}]},{\"@type\":\"WebSite\",\"@id\":\"https:\/\/www.fiscalia.gov.co\/colombia\/#website\",\"url\":\"https:\/\/www.fiscalia.gov.co\/colombia\/\",\"name\":\"Fiscal\u00eda General de la Naci\u00f3n\",\"description\":\"P\u00e1gina oficial de la Fiscal\u00eda General de la Naci\u00f3n \u2013 Colombia. Garantizamos el acceso efectivo a la justicia, la verdad y la reparaci\u00f3n de las v\u00edctimas de los delitos.\",\"publisher\":{\"@id\":\"https:\/\/www.fiscalia.gov.co\/colombia\/#organization\"},\"potentialAction\":[{\"@type\":\"SearchAction\",\"target\":{\"@type\":\"EntryPoint\",\"urlTemplate\":\"https:\/\/www.fiscalia.gov.co\/colombia\/?s={search_term_string}\"},\"query-input\":{\"@type\":\"PropertyValueSpecification\",\"valueRequired\":true,\"valueName\":\"search_term_string\"}}],\"inLanguage\":\"es-CO\"},{\"@type\":\"Organization\",\"@id\":\"https:\/\/www.fiscalia.gov.co\/colombia\/#organization\",\"name\":\"Fiscal\u00eda General de la Naci\u00f3n\",\"url\":\"https:\/\/www.fiscalia.gov.co\/colombia\/\",\"logo\":{\"@type\":\"ImageObject\",\"inLanguage\":\"es-CO\",\"@id\":\"https:\/\/www.fiscalia.gov.co\/colombia\/#\/schema\/logo\/image\/\",\"url\":\"https:\/\/www.fiscalia.gov.co\/colombia\/wp-content\/uploads\/LogoHorizontal_1.jpg\",\"contentUrl\":\"https:\/\/www.fiscalia.gov.co\/colombia\/wp-content\/uploads\/LogoHorizontal_1.jpg\",\"width\":300,\"height\":90,\"caption\":\"Fiscal\u00eda General de la Naci\u00f3n\"},\"image\":{\"@id\":\"https:\/\/www.fiscalia.gov.co\/colombia\/#\/schema\/logo\/image\/\"},\"sameAs\":[\"https:\/\/www.facebook.com\/FiscaliaCol\",\"https:\/\/x.com\/FiscaliaCol\",\"https:\/\/www.instagram.com\/fiscaliacol\",\"https:\/\/www.linkedin.com\/company\/fiscalia-general-de-la-naci-n\/\",\"https:\/\/youtube.com\/@fiscaliageneraldelanacion-4668?si=6nN79nyQICPU5iTh\"]},{\"@type\":\"Person\",\"@id\":\"https:\/\/www.fiscalia.gov.co\/colombia\/#\/schema\/person\/3903856a3ce2d54b094c69eb29247895\",\"name\":\"dfgordillo\",\"image\":{\"@type\":\"ImageObject\",\"inLanguage\":\"es-CO\",\"@id\":\"https:\/\/www.fiscalia.gov.co\/colombia\/#\/schema\/person\/image\/\",\"url\":\"https:\/\/secure.gravatar.com\/avatar\/b6356e21c5657c60757fe6fb9493e947?s=96&d=mm&r=g\",\"contentUrl\":\"https:\/\/secure.gravatar.com\/avatar\/b6356e21c5657c60757fe6fb9493e947?s=96&d=mm&r=g\",\"caption\":\"dfgordillo\"},\"sameAs\":[\"dfgordillo\"],\"url\":\"https:\/\/www.fiscalia.gov.co\/colombia\/author\/dfgordillo\/\"}]}<\/script>\n<!-- \/ Yoast SEO plugin. -->","yoast_head_json":{"title":"Fiscal\u00eda General de la Naci\u00f3n","description":"P\u00e1gina oficial de la Fiscal\u00eda General de la Naci\u00f3n \u2013 Colombia. Garantizamos el acceso efectivo a la justicia, la verdad y la reparaci\u00f3n de las v\u00edctimas de los delitos.","robots":{"index":"noindex","follow":"follow"},"og_locale":"es_ES","og_type":"article","og_title":"Fiscal\u00eda General de la Naci\u00f3n","og_description":"P\u00e1gina oficial de la Fiscal\u00eda General de la Naci\u00f3n \u2013 Colombia. Garantizamos el acceso efectivo a la justicia, la verdad y la reparaci\u00f3n de las v\u00edctimas de los delitos.","og_url":"https:\/\/www.fiscalia.gov.co\/colombia\/noticias\/aprueban-prorroga-a-principio-de-oportunidad-para-implicadas-en-desfalco-a-la-dian\/","og_site_name":"Fiscal\u00eda General de la Naci\u00f3n","article_publisher":"https:\/\/www.facebook.com\/FiscaliaCol","article_published_time":"2014-04-29T21:33:56+00:00","author":"dfgordillo","twitter_card":"summary_large_image","twitter_creator":"@FiscaliaCol","twitter_site":"@FiscaliaCol","twitter_misc":{"Escrito por":"dfgordillo","Tiempo de lectura":"2 minutos"},"schema":{"@context":"https:\/\/schema.org","@graph":[{"@type":"Article","@id":"https:\/\/www.fiscalia.gov.co\/colombia\/noticias\/aprueban-prorroga-a-principio-de-oportunidad-para-implicadas-en-desfalco-a-la-dian\/#article","isPartOf":{"@id":"https:\/\/www.fiscalia.gov.co\/colombia\/noticias\/aprueban-prorroga-a-principio-de-oportunidad-para-implicadas-en-desfalco-a-la-dian\/"},"author":{"name":"dfgordillo","@id":"https:\/\/www.fiscalia.gov.co\/colombia\/#\/schema\/person\/3903856a3ce2d54b094c69eb29247895"},"headline":"Aprueban pr\u00f3rroga a principio de oportunidad para implicadas en desfalco a la DIAN","datePublished":"2014-04-29T21:33:56+00:00","dateModified":"2014-04-29T21:33:56+00:00","mainEntityOfPage":{"@id":"https:\/\/www.fiscalia.gov.co\/colombia\/noticias\/aprueban-prorroga-a-principio-de-oportunidad-para-implicadas-en-desfalco-a-la-dian\/"},"wordCount":472,"publisher":{"@id":"https:\/\/www.fiscalia.gov.co\/colombia\/#organization"},"keywords":["Dian"],"articleSection":["Noticias"],"inLanguage":"es-CO"},{"@type":"WebPage","@id":"https:\/\/www.fiscalia.gov.co\/colombia\/noticias\/aprueban-prorroga-a-principio-de-oportunidad-para-implicadas-en-desfalco-a-la-dian\/","url":"https:\/\/www.fiscalia.gov.co\/colombia\/noticias\/aprueban-prorroga-a-principio-de-oportunidad-para-implicadas-en-desfalco-a-la-dian\/","name":"Fiscal\u00eda General de la Naci\u00f3n","isPartOf":{"@id":"https:\/\/www.fiscalia.gov.co\/colombia\/#website"},"datePublished":"2014-04-29T21:33:56+00:00","dateModified":"2014-04-29T21:33:56+00:00","description":"P\u00e1gina oficial de la Fiscal\u00eda General de la Naci\u00f3n \u2013 Colombia. Garantizamos el acceso efectivo a la justicia, la verdad y la reparaci\u00f3n de las v\u00edctimas de los delitos.","breadcrumb":{"@id":"https:\/\/www.fiscalia.gov.co\/colombia\/noticias\/aprueban-prorroga-a-principio-de-oportunidad-para-implicadas-en-desfalco-a-la-dian\/#breadcrumb"},"inLanguage":"es-CO","potentialAction":[{"@type":"ReadAction","target":["https:\/\/www.fiscalia.gov.co\/colombia\/noticias\/aprueban-prorroga-a-principio-de-oportunidad-para-implicadas-en-desfalco-a-la-dian\/"]}]},{"@type":"BreadcrumbList","@id":"https:\/\/www.fiscalia.gov.co\/colombia\/noticias\/aprueban-prorroga-a-principio-de-oportunidad-para-implicadas-en-desfalco-a-la-dian\/#breadcrumb","itemListElement":[{"@type":"ListItem","position":1,"name":"Home","item":"https:\/\/www.fiscalia.gov.co\/colombia\/"},{"@type":"ListItem","position":2,"name":"Aprueban pr\u00f3rroga a principio de oportunidad para implicadas en desfalco a la DIAN"}]},{"@type":"WebSite","@id":"https:\/\/www.fiscalia.gov.co\/colombia\/#website","url":"https:\/\/www.fiscalia.gov.co\/colombia\/","name":"Fiscal\u00eda General de la Naci\u00f3n","description":"P\u00e1gina oficial de la Fiscal\u00eda General de la Naci\u00f3n \u2013 Colombia. Garantizamos el acceso efectivo a la justicia, la verdad y la reparaci\u00f3n de las v\u00edctimas de los delitos.","publisher":{"@id":"https:\/\/www.fiscalia.gov.co\/colombia\/#organization"},"potentialAction":[{"@type":"SearchAction","target":{"@type":"EntryPoint","urlTemplate":"https:\/\/www.fiscalia.gov.co\/colombia\/?s={search_term_string}"},"query-input":{"@type":"PropertyValueSpecification","valueRequired":true,"valueName":"search_term_string"}}],"inLanguage":"es-CO"},{"@type":"Organization","@id":"https:\/\/www.fiscalia.gov.co\/colombia\/#organization","name":"Fiscal\u00eda General de la Naci\u00f3n","url":"https:\/\/www.fiscalia.gov.co\/colombia\/","logo":{"@type":"ImageObject","inLanguage":"es-CO","@id":"https:\/\/www.fiscalia.gov.co\/colombia\/#\/schema\/logo\/image\/","url":"https:\/\/www.fiscalia.gov.co\/colombia\/wp-content\/uploads\/LogoHorizontal_1.jpg","contentUrl":"https:\/\/www.fiscalia.gov.co\/colombia\/wp-content\/uploads\/LogoHorizontal_1.jpg","width":300,"height":90,"caption":"Fiscal\u00eda General de la Naci\u00f3n"},"image":{"@id":"https:\/\/www.fiscalia.gov.co\/colombia\/#\/schema\/logo\/image\/"},"sameAs":["https:\/\/www.facebook.com\/FiscaliaCol","https:\/\/x.com\/FiscaliaCol","https:\/\/www.instagram.com\/fiscaliacol","https:\/\/www.linkedin.com\/company\/fiscalia-general-de-la-naci-n\/","https:\/\/youtube.com\/@fiscaliageneraldelanacion-4668?si=6nN79nyQICPU5iTh"]},{"@type":"Person","@id":"https:\/\/www.fiscalia.gov.co\/colombia\/#\/schema\/person\/3903856a3ce2d54b094c69eb29247895","name":"dfgordillo","image":{"@type":"ImageObject","inLanguage":"es-CO","@id":"https:\/\/www.fiscalia.gov.co\/colombia\/#\/schema\/person\/image\/","url":"https:\/\/secure.gravatar.com\/avatar\/b6356e21c5657c60757fe6fb9493e947?s=96&d=mm&r=g","contentUrl":"https:\/\/secure.gravatar.com\/avatar\/b6356e21c5657c60757fe6fb9493e947?s=96&d=mm&r=g","caption":"dfgordillo"},"sameAs":["dfgordillo"],"url":"https:\/\/www.fiscalia.gov.co\/colombia\/author\/dfgordillo\/"}]}},"_links":{"self":[{"href":"https:\/\/www.fiscalia.gov.co\/colombia\/wp-json\/wp\/v2\/posts\/48598","targetHints":{"allow":["GET"]}}],"collection":[{"href":"https:\/\/www.fiscalia.gov.co\/colombia\/wp-json\/wp\/v2\/posts"}],"about":[{"href":"https:\/\/www.fiscalia.gov.co\/colombia\/wp-json\/wp\/v2\/types\/post"}],"author":[{"embeddable":true,"href":"https:\/\/www.fiscalia.gov.co\/colombia\/wp-json\/wp\/v2\/users\/143"}],"replies":[{"embeddable":true,"href":"https:\/\/www.fiscalia.gov.co\/colombia\/wp-json\/wp\/v2\/comments?post=48598"}],"version-history":[{"count":1,"href":"https:\/\/www.fiscalia.gov.co\/colombia\/wp-json\/wp\/v2\/posts\/48598\/revisions"}],"predecessor-version":[{"id":48599,"href":"https:\/\/www.fiscalia.gov.co\/colombia\/wp-json\/wp\/v2\/posts\/48598\/revisions\/48599"}],"wp:attachment":[{"href":"https:\/\/www.fiscalia.gov.co\/colombia\/wp-json\/wp\/v2\/media?parent=48598"}],"wp:term":[{"taxonomy":"category","embeddable":true,"href":"https:\/\/www.fiscalia.gov.co\/colombia\/wp-json\/wp\/v2\/categories?post=48598"},{"taxonomy":"post_tag","embeddable":true,"href":"https:\/\/www.fiscalia.gov.co\/colombia\/wp-json\/wp\/v2\/tags?post=48598"}],"curies":[{"name":"wp","href":"https:\/\/api.w.org\/{rel}","templated":true}]}}