{"id":48347,"date":"2014-04-24T12:32:21","date_gmt":"2014-04-24T17:32:21","guid":{"rendered":"http:\/\/www.fiscalia.gov.co\/colombia\/?p=48347"},"modified":"2014-09-24T15:23:58","modified_gmt":"2014-09-24T20:23:58","slug":"25-nuevas-imputaciones-para-vinculados-con-interbolsa-el-fondo-premium-y-el-grupo-corridori","status":"publish","type":"post","link":"https:\/\/www.fiscalia.gov.co\/colombia\/noticias\/25-nuevas-imputaciones-para-vinculados-con-interbolsa-el-fondo-premium-y-el-grupo-corridori\/","title":{"rendered":"25 nuevas imputaciones para vinculados con Interbolsa, el Fondo Premium y el Grupo Corridori"},"content":{"rendered":"<p>La Fiscal\u00eda General de la Naci\u00f3n, dentro del proceso que se adelanta por el descalabro a Interbolsa, solicitar\u00e1 ante los jueces que sean citadas a audiencia de formulaci\u00f3n de imputaci\u00f3n 25 nuevas personas vinculadas a las firmas Interbolsa S.A., Fondo Premium y el llamado Grupo Corridori.<span style=\"font-size: 13px;\">\u00a0<\/span><\/p>\n<p>Las investigaciones adelantadas por el Grupo de Tareas Especiales con apoyo de la nueva Polic\u00eda Judicial Especializada Econ\u00f3mica y Financiera (PEF) de la Fiscal\u00eda, evidenciaron que estas personas en condici\u00f3n de directivos, funcionarios e inversionistas de la Sociedad Comisionista de Bolsa Interbolsa S.A., por medio del uso ilegal de recursos captados, presuntamente incurrieron en diversas conductas punibles entre los a\u00f1os 2010 y 2012. El Fiscal General de la Naci\u00f3n, Eduardo Montealegre Lynett, afirm\u00f3 que \u201cla Fiscal\u00eda solicitar\u00e1 para estas personas, medida de aseguramiento de detenci\u00f3n preventiva de privaci\u00f3n efectiva de la libertad\u201d.<span style=\"font-size: 13px;\">\u00a0<\/span><\/p>\n<p>Las personas que ser\u00e1n imputadas por captaci\u00f3n masiva y habitual de dinero, manipulaci\u00f3n fraudulenta de especies inscritas en el Registro Nacional de Valores e Intermediarios, administraci\u00f3n desleal, estafa y concierto para delinquir, son:<span style=\"font-size: 13px;\">\u00a0<\/span><\/p>\n<p><span style=\"text-decoration: underline;\">Interbolsa S.A.<\/span><span style=\"font-size: 13px;\">\u00a0<\/span><\/p>\n<ol>\n<li>Paula Andrea Gonz\u00e1lez Henao \u2013 Directora comercial<\/li>\n<li>Juan Felipe Ruiz Duarte \u2013 gerente t\u00e9cnico<\/li>\n<li>Leonardo Uribe Correa \u2013 contralor normativo<\/li>\n<li>Juan Camilo Arango Medina \u2013 vicepresidente<\/li>\n<li>Jos\u00e9 Rafael Saravia Pinilla\u00a0 &#8211;\u00a0 miembro principal de la Junta Directiva<\/li>\n<li>Alfredo Ramos Berm\u00fadez \u2013 miembro principal de la Junta Directiva<\/li>\n<li>Miguel Francisco Merjech Garz\u00f3n<\/li>\n<li>Yaneth Katherine Hern\u00e1ndez<\/li>\n<li>Gloria C\u00e1rdenas<\/li>\n<li>Raquel Gongora<\/li>\n<li>Clemencia Soto Uribe<\/li>\n<li>Juan Camilo Vargas Mart\u00ednez<\/li>\n<\/ol>\n<p>&nbsp;<\/p>\n<p><span style=\"text-decoration: underline; font-size: 13px;\">Empresas del Grupo Corridori<\/span><\/p>\n<ol>\n<li>Olbany Mu\u00f1oz Delgado \u2013 representante legal Giteco S.A.S.<\/li>\n<li>Jhon Alex\u00e1nder Mu\u00f1oz Delgado \u2013 representante legal Giteco S.A.S.<\/li>\n<li>Emilio Mart\u00edn Uribe \u2013 representante legal manantial SPV S.A.S.<\/li>\n<li>Juan Fernando Osorio G\u00f3mez \u2013 representante legal VMS Associates<\/li>\n<li>Edward Jonathan Mart\u00ednez \u2013 empleado y ordenante de Alessandro Corridori.<\/li>\n<\/ol>\n<p>&nbsp;<\/p>\n<p><span style=\"text-decoration: underline; font-size: 13px;\">Fondo Premium<\/span><\/p>\n<ol>\n<li>Tom\u00e1s Jaramillo Botero \u2013 socio de inversi\u00f3n Fondo Premium<\/li>\n<li>Juan Carlos Ort\u00edz \u2013 socio de inversi\u00f3n Fondo Premium<\/li>\n<li>V\u00edctor\u00a0Benjam\u00edn Maldonado Rodr\u00edguez \u2013 deudor de empresas relacionadas con el Fondo Premium<\/li>\n<li>Claudia Patricia Aristiz\u00e1bal Gonz\u00e1lez \u2013 representante legal Rentafolio Burs\u00e1til y Financiero<\/li>\n<li>Natalia Z\u00fa\u00f1iga Isaacs \u2013 representante legal Valores Incorporados<\/li>\n<li>Ricardo Mart\u00ednez \u2013\u00a0 representante legal Valores Incorporados<\/li>\n<li>Rachid Maluf Raad \u2013 gerente del Fondo Premium<\/li>\n<\/ol>\n<p>&nbsp;<\/p>\n<p><span style=\"font-size: 13px;\">A la fecha, la Fiscal\u00eda General de la Naci\u00f3n calcula las p\u00e9rdidas econ\u00f3micas en la Sociedad Comisionista de Bolsa Interbolsa S.A. en $366 000 000 000 (trescientos sesenta y seis mil millones de pesos) en hechos que afectaron a 482 v\u00edctimas.<\/span><\/p>\n<p><span style=\"font-size: 13px;\">En el Fondo Premium las p\u00e9rdidas en Colombia llegan a $300 000 000 000 (trescientos mil millones de pesos) y en este caso las v\u00edctimas reconocidas son 1.026.<\/span><\/p>\n<p><span style=\"font-size: 13px;\">En un trabajo conjunto con el agente liquidador, Alejandro Rebollo, la Fiscal\u00eda ha conocido memorandos de entendimiento con algunos de los investigados para hacer entrega de dinero para indemnizar a las v\u00edctimas (entre ellos Juan Carlos Ort\u00edz $34 000 000 000 y Tom\u00e1s Jaramillo $13 000 000 000).<\/span><\/p>\n<p><span style=\"font-size: 13px;\">\u201cEsto significa que en total, hasta este momento, con las nuevas determinaciones que toma en el d\u00eda de hoy la Fiscalia General de la Naci\u00f3n, ya son 37 personas vinculadas al caso de Interbolsa y el Fondo Premium, entre imputados, acusados y personas con medida de aseguramiento de privaci\u00f3n de la libertad\u201d, asegur\u00f3 el Fiscal Montealegre.<\/span><\/p>\n<p>___________________________________________<\/p>\n<p><strong>Intervenci\u00f3n del Fiscal General de la Naci\u00f3n, Vicefiscal General, Directora de Polic\u00eda Judicial Especializada Econ\u00f3mica y Financiera, y Directora Nacional de Articulaci\u00f3n de Polic\u00edas Judiciales Especializadas.<\/strong><\/p>\n[audio:http:\/\/www.fiscalia.gov.co\/colombia\/wp-content\/uploads\/20140424.mp3|titles=Declaraciones]\n<p><a title=\"25 nuevas imputaciones para vinculados con Interbolsa, el Fondo Premium y el Grupo Corridori\" href=\"http:\/\/www.fiscalia.gov.co\/colombia\/wp-content\/uploads\/20140424.mp3\">Descargar<\/a><\/p>\n<p>Tema:\u00a025 nuevas imputaciones para vinculados con Interbolsa, el Fondo Premium y el Grupo Corridori.<\/p>\n<p><span style=\"font-size: 13px;\">Lugar: Nivel Central Fiscal\u00eda General de la Naci\u00f3n, Bogot\u00e1.<\/span><\/p>\n<p>Fecha: 24 de abril de 2014<\/p>\n<div><\/div>\n<p>&nbsp;<\/p>\n\n<div class=\"twitter-share\"><a href=\"https:\/\/twitter.com\/intent\/tweet?via=fiscaliacol\" class=\"twitter-share-button\">Tweet<\/a><\/div>\n","protected":false},"excerpt":{"rendered":"<p>La Fiscal\u00eda General de la Naci\u00f3n, dentro del proceso que se adelanta por el descalabro a Interbolsa, solicitar\u00e1 ante los jueces que sean citadas a audiencia de formulaci\u00f3n de imputaci\u00f3n 25 nuevas personas<\/p>\n","protected":false},"author":143,"featured_media":0,"comment_status":"closed","ping_status":"open","sticky":false,"template":"","format":"standard","meta":{"tdm_status":"","tdm_grid_status":"","footnotes":""},"categories":[1],"tags":[7433,7432,2310],"class_list":{"0":"post-48347","1":"post","2":"type-post","3":"status-publish","4":"format-standard","6":"category-noticias","7":"tag-fondo-premium","8":"tag-grupo-corridori","9":"tag-interbolsa"},"yoast_head":"<!-- This site is optimized with the Yoast SEO plugin v24.3 - https:\/\/yoast.com\/wordpress\/plugins\/seo\/ -->\n<title>Fiscal\u00eda General de la Naci\u00f3n<\/title>\n<meta name=\"description\" content=\"P\u00e1gina oficial de la Fiscal\u00eda General de la Naci\u00f3n \u2013 Colombia. Garantizamos el acceso efectivo a la justicia, la verdad y la reparaci\u00f3n de las v\u00edctimas de los delitos.\" \/>\n<meta name=\"robots\" content=\"noindex, follow\" \/>\n<meta property=\"og:locale\" content=\"es_ES\" \/>\n<meta property=\"og:type\" content=\"article\" \/>\n<meta property=\"og:title\" content=\"Fiscal\u00eda General de la Naci\u00f3n\" \/>\n<meta property=\"og:description\" content=\"P\u00e1gina oficial de la Fiscal\u00eda General de la Naci\u00f3n \u2013 Colombia. Garantizamos el acceso efectivo a la justicia, la verdad y la reparaci\u00f3n de las v\u00edctimas de los delitos.\" \/>\n<meta property=\"og:url\" content=\"https:\/\/www.fiscalia.gov.co\/colombia\/noticias\/25-nuevas-imputaciones-para-vinculados-con-interbolsa-el-fondo-premium-y-el-grupo-corridori\/\" \/>\n<meta property=\"og:site_name\" content=\"Fiscal\u00eda General de la Naci\u00f3n\" \/>\n<meta property=\"article:publisher\" content=\"https:\/\/www.facebook.com\/FiscaliaCol\" \/>\n<meta property=\"article:published_time\" content=\"2014-04-24T17:32:21+00:00\" \/>\n<meta property=\"article:modified_time\" content=\"2014-09-24T20:23:58+00:00\" \/>\n<meta name=\"author\" content=\"dfgordillo\" \/>\n<meta name=\"twitter:card\" content=\"summary_large_image\" \/>\n<meta name=\"twitter:creator\" content=\"@FiscaliaCol\" \/>\n<meta name=\"twitter:site\" content=\"@FiscaliaCol\" \/>\n<meta name=\"twitter:label1\" content=\"Escrito por\" \/>\n\t<meta name=\"twitter:data1\" content=\"dfgordillo\" \/>\n\t<meta name=\"twitter:label2\" content=\"Tiempo de lectura\" \/>\n\t<meta name=\"twitter:data2\" content=\"3 minutos\" \/>\n<script type=\"application\/ld+json\" class=\"yoast-schema-graph\">{\"@context\":\"https:\/\/schema.org\",\"@graph\":[{\"@type\":\"Article\",\"@id\":\"https:\/\/www.fiscalia.gov.co\/colombia\/noticias\/25-nuevas-imputaciones-para-vinculados-con-interbolsa-el-fondo-premium-y-el-grupo-corridori\/#article\",\"isPartOf\":{\"@id\":\"https:\/\/www.fiscalia.gov.co\/colombia\/noticias\/25-nuevas-imputaciones-para-vinculados-con-interbolsa-el-fondo-premium-y-el-grupo-corridori\/\"},\"author\":{\"name\":\"dfgordillo\",\"@id\":\"https:\/\/www.fiscalia.gov.co\/colombia\/#\/schema\/person\/3903856a3ce2d54b094c69eb29247895\"},\"headline\":\"25 nuevas imputaciones para vinculados con Interbolsa, el Fondo Premium y el Grupo Corridori\",\"datePublished\":\"2014-04-24T17:32:21+00:00\",\"dateModified\":\"2014-09-24T20:23:58+00:00\",\"mainEntityOfPage\":{\"@id\":\"https:\/\/www.fiscalia.gov.co\/colombia\/noticias\/25-nuevas-imputaciones-para-vinculados-con-interbolsa-el-fondo-premium-y-el-grupo-corridori\/\"},\"wordCount\":645,\"publisher\":{\"@id\":\"https:\/\/www.fiscalia.gov.co\/colombia\/#organization\"},\"keywords\":[\"Fondo Premium\",\"Grupo Corridori\",\"Interbolsa\"],\"articleSection\":[\"Noticias\"],\"inLanguage\":\"es-CO\"},{\"@type\":\"WebPage\",\"@id\":\"https:\/\/www.fiscalia.gov.co\/colombia\/noticias\/25-nuevas-imputaciones-para-vinculados-con-interbolsa-el-fondo-premium-y-el-grupo-corridori\/\",\"url\":\"https:\/\/www.fiscalia.gov.co\/colombia\/noticias\/25-nuevas-imputaciones-para-vinculados-con-interbolsa-el-fondo-premium-y-el-grupo-corridori\/\",\"name\":\"Fiscal\u00eda General de la Naci\u00f3n\",\"isPartOf\":{\"@id\":\"https:\/\/www.fiscalia.gov.co\/colombia\/#website\"},\"datePublished\":\"2014-04-24T17:32:21+00:00\",\"dateModified\":\"2014-09-24T20:23:58+00:00\",\"description\":\"P\u00e1gina oficial de la Fiscal\u00eda General de la Naci\u00f3n \u2013 Colombia. Garantizamos el acceso efectivo a la justicia, la verdad y la reparaci\u00f3n de las v\u00edctimas de los delitos.\",\"breadcrumb\":{\"@id\":\"https:\/\/www.fiscalia.gov.co\/colombia\/noticias\/25-nuevas-imputaciones-para-vinculados-con-interbolsa-el-fondo-premium-y-el-grupo-corridori\/#breadcrumb\"},\"inLanguage\":\"es-CO\",\"potentialAction\":[{\"@type\":\"ReadAction\",\"target\":[\"https:\/\/www.fiscalia.gov.co\/colombia\/noticias\/25-nuevas-imputaciones-para-vinculados-con-interbolsa-el-fondo-premium-y-el-grupo-corridori\/\"]}]},{\"@type\":\"BreadcrumbList\",\"@id\":\"https:\/\/www.fiscalia.gov.co\/colombia\/noticias\/25-nuevas-imputaciones-para-vinculados-con-interbolsa-el-fondo-premium-y-el-grupo-corridori\/#breadcrumb\",\"itemListElement\":[{\"@type\":\"ListItem\",\"position\":1,\"name\":\"Home\",\"item\":\"https:\/\/www.fiscalia.gov.co\/colombia\/\"},{\"@type\":\"ListItem\",\"position\":2,\"name\":\"25 nuevas imputaciones para vinculados con Interbolsa, el Fondo Premium y el Grupo Corridori\"}]},{\"@type\":\"WebSite\",\"@id\":\"https:\/\/www.fiscalia.gov.co\/colombia\/#website\",\"url\":\"https:\/\/www.fiscalia.gov.co\/colombia\/\",\"name\":\"Fiscal\u00eda General de la Naci\u00f3n\",\"description\":\"P\u00e1gina oficial de la Fiscal\u00eda General de la Naci\u00f3n \u2013 Colombia. Garantizamos el acceso efectivo a la justicia, la verdad y la reparaci\u00f3n de las v\u00edctimas de los delitos.\",\"publisher\":{\"@id\":\"https:\/\/www.fiscalia.gov.co\/colombia\/#organization\"},\"potentialAction\":[{\"@type\":\"SearchAction\",\"target\":{\"@type\":\"EntryPoint\",\"urlTemplate\":\"https:\/\/www.fiscalia.gov.co\/colombia\/?s={search_term_string}\"},\"query-input\":{\"@type\":\"PropertyValueSpecification\",\"valueRequired\":true,\"valueName\":\"search_term_string\"}}],\"inLanguage\":\"es-CO\"},{\"@type\":\"Organization\",\"@id\":\"https:\/\/www.fiscalia.gov.co\/colombia\/#organization\",\"name\":\"Fiscal\u00eda General de la Naci\u00f3n\",\"url\":\"https:\/\/www.fiscalia.gov.co\/colombia\/\",\"logo\":{\"@type\":\"ImageObject\",\"inLanguage\":\"es-CO\",\"@id\":\"https:\/\/www.fiscalia.gov.co\/colombia\/#\/schema\/logo\/image\/\",\"url\":\"https:\/\/www.fiscalia.gov.co\/colombia\/wp-content\/uploads\/LogoHorizontal_1.jpg\",\"contentUrl\":\"https:\/\/www.fiscalia.gov.co\/colombia\/wp-content\/uploads\/LogoHorizontal_1.jpg\",\"width\":300,\"height\":90,\"caption\":\"Fiscal\u00eda General de la Naci\u00f3n\"},\"image\":{\"@id\":\"https:\/\/www.fiscalia.gov.co\/colombia\/#\/schema\/logo\/image\/\"},\"sameAs\":[\"https:\/\/www.facebook.com\/FiscaliaCol\",\"https:\/\/x.com\/FiscaliaCol\",\"https:\/\/www.instagram.com\/fiscaliacol\",\"https:\/\/www.linkedin.com\/company\/fiscalia-general-de-la-naci-n\/\",\"https:\/\/youtube.com\/@fiscaliageneraldelanacion-4668?si=6nN79nyQICPU5iTh\"]},{\"@type\":\"Person\",\"@id\":\"https:\/\/www.fiscalia.gov.co\/colombia\/#\/schema\/person\/3903856a3ce2d54b094c69eb29247895\",\"name\":\"dfgordillo\",\"image\":{\"@type\":\"ImageObject\",\"inLanguage\":\"es-CO\",\"@id\":\"https:\/\/www.fiscalia.gov.co\/colombia\/#\/schema\/person\/image\/\",\"url\":\"https:\/\/secure.gravatar.com\/avatar\/b6356e21c5657c60757fe6fb9493e947?s=96&d=mm&r=g\",\"contentUrl\":\"https:\/\/secure.gravatar.com\/avatar\/b6356e21c5657c60757fe6fb9493e947?s=96&d=mm&r=g\",\"caption\":\"dfgordillo\"},\"sameAs\":[\"dfgordillo\"],\"url\":\"https:\/\/www.fiscalia.gov.co\/colombia\/author\/dfgordillo\/\"}]}<\/script>\n<!-- \/ Yoast SEO plugin. -->","yoast_head_json":{"title":"Fiscal\u00eda General de la Naci\u00f3n","description":"P\u00e1gina oficial de la Fiscal\u00eda General de la Naci\u00f3n \u2013 Colombia. Garantizamos el acceso efectivo a la justicia, la verdad y la reparaci\u00f3n de las v\u00edctimas de los delitos.","robots":{"index":"noindex","follow":"follow"},"og_locale":"es_ES","og_type":"article","og_title":"Fiscal\u00eda General de la Naci\u00f3n","og_description":"P\u00e1gina oficial de la Fiscal\u00eda General de la Naci\u00f3n \u2013 Colombia. Garantizamos el acceso efectivo a la justicia, la verdad y la reparaci\u00f3n de las v\u00edctimas de los delitos.","og_url":"https:\/\/www.fiscalia.gov.co\/colombia\/noticias\/25-nuevas-imputaciones-para-vinculados-con-interbolsa-el-fondo-premium-y-el-grupo-corridori\/","og_site_name":"Fiscal\u00eda General de la Naci\u00f3n","article_publisher":"https:\/\/www.facebook.com\/FiscaliaCol","article_published_time":"2014-04-24T17:32:21+00:00","article_modified_time":"2014-09-24T20:23:58+00:00","author":"dfgordillo","twitter_card":"summary_large_image","twitter_creator":"@FiscaliaCol","twitter_site":"@FiscaliaCol","twitter_misc":{"Escrito por":"dfgordillo","Tiempo de lectura":"3 minutos"},"schema":{"@context":"https:\/\/schema.org","@graph":[{"@type":"Article","@id":"https:\/\/www.fiscalia.gov.co\/colombia\/noticias\/25-nuevas-imputaciones-para-vinculados-con-interbolsa-el-fondo-premium-y-el-grupo-corridori\/#article","isPartOf":{"@id":"https:\/\/www.fiscalia.gov.co\/colombia\/noticias\/25-nuevas-imputaciones-para-vinculados-con-interbolsa-el-fondo-premium-y-el-grupo-corridori\/"},"author":{"name":"dfgordillo","@id":"https:\/\/www.fiscalia.gov.co\/colombia\/#\/schema\/person\/3903856a3ce2d54b094c69eb29247895"},"headline":"25 nuevas imputaciones para vinculados con Interbolsa, el Fondo Premium y el Grupo Corridori","datePublished":"2014-04-24T17:32:21+00:00","dateModified":"2014-09-24T20:23:58+00:00","mainEntityOfPage":{"@id":"https:\/\/www.fiscalia.gov.co\/colombia\/noticias\/25-nuevas-imputaciones-para-vinculados-con-interbolsa-el-fondo-premium-y-el-grupo-corridori\/"},"wordCount":645,"publisher":{"@id":"https:\/\/www.fiscalia.gov.co\/colombia\/#organization"},"keywords":["Fondo Premium","Grupo Corridori","Interbolsa"],"articleSection":["Noticias"],"inLanguage":"es-CO"},{"@type":"WebPage","@id":"https:\/\/www.fiscalia.gov.co\/colombia\/noticias\/25-nuevas-imputaciones-para-vinculados-con-interbolsa-el-fondo-premium-y-el-grupo-corridori\/","url":"https:\/\/www.fiscalia.gov.co\/colombia\/noticias\/25-nuevas-imputaciones-para-vinculados-con-interbolsa-el-fondo-premium-y-el-grupo-corridori\/","name":"Fiscal\u00eda General de la Naci\u00f3n","isPartOf":{"@id":"https:\/\/www.fiscalia.gov.co\/colombia\/#website"},"datePublished":"2014-04-24T17:32:21+00:00","dateModified":"2014-09-24T20:23:58+00:00","description":"P\u00e1gina oficial de la Fiscal\u00eda General de la Naci\u00f3n \u2013 Colombia. Garantizamos el acceso efectivo a la justicia, la verdad y la reparaci\u00f3n de las v\u00edctimas de los delitos.","breadcrumb":{"@id":"https:\/\/www.fiscalia.gov.co\/colombia\/noticias\/25-nuevas-imputaciones-para-vinculados-con-interbolsa-el-fondo-premium-y-el-grupo-corridori\/#breadcrumb"},"inLanguage":"es-CO","potentialAction":[{"@type":"ReadAction","target":["https:\/\/www.fiscalia.gov.co\/colombia\/noticias\/25-nuevas-imputaciones-para-vinculados-con-interbolsa-el-fondo-premium-y-el-grupo-corridori\/"]}]},{"@type":"BreadcrumbList","@id":"https:\/\/www.fiscalia.gov.co\/colombia\/noticias\/25-nuevas-imputaciones-para-vinculados-con-interbolsa-el-fondo-premium-y-el-grupo-corridori\/#breadcrumb","itemListElement":[{"@type":"ListItem","position":1,"name":"Home","item":"https:\/\/www.fiscalia.gov.co\/colombia\/"},{"@type":"ListItem","position":2,"name":"25 nuevas imputaciones para vinculados con Interbolsa, el Fondo Premium y el Grupo Corridori"}]},{"@type":"WebSite","@id":"https:\/\/www.fiscalia.gov.co\/colombia\/#website","url":"https:\/\/www.fiscalia.gov.co\/colombia\/","name":"Fiscal\u00eda General de la Naci\u00f3n","description":"P\u00e1gina oficial de la Fiscal\u00eda General de la Naci\u00f3n \u2013 Colombia. Garantizamos el acceso efectivo a la justicia, la verdad y la reparaci\u00f3n de las v\u00edctimas de los delitos.","publisher":{"@id":"https:\/\/www.fiscalia.gov.co\/colombia\/#organization"},"potentialAction":[{"@type":"SearchAction","target":{"@type":"EntryPoint","urlTemplate":"https:\/\/www.fiscalia.gov.co\/colombia\/?s={search_term_string}"},"query-input":{"@type":"PropertyValueSpecification","valueRequired":true,"valueName":"search_term_string"}}],"inLanguage":"es-CO"},{"@type":"Organization","@id":"https:\/\/www.fiscalia.gov.co\/colombia\/#organization","name":"Fiscal\u00eda General de la Naci\u00f3n","url":"https:\/\/www.fiscalia.gov.co\/colombia\/","logo":{"@type":"ImageObject","inLanguage":"es-CO","@id":"https:\/\/www.fiscalia.gov.co\/colombia\/#\/schema\/logo\/image\/","url":"https:\/\/www.fiscalia.gov.co\/colombia\/wp-content\/uploads\/LogoHorizontal_1.jpg","contentUrl":"https:\/\/www.fiscalia.gov.co\/colombia\/wp-content\/uploads\/LogoHorizontal_1.jpg","width":300,"height":90,"caption":"Fiscal\u00eda General de la Naci\u00f3n"},"image":{"@id":"https:\/\/www.fiscalia.gov.co\/colombia\/#\/schema\/logo\/image\/"},"sameAs":["https:\/\/www.facebook.com\/FiscaliaCol","https:\/\/x.com\/FiscaliaCol","https:\/\/www.instagram.com\/fiscaliacol","https:\/\/www.linkedin.com\/company\/fiscalia-general-de-la-naci-n\/","https:\/\/youtube.com\/@fiscaliageneraldelanacion-4668?si=6nN79nyQICPU5iTh"]},{"@type":"Person","@id":"https:\/\/www.fiscalia.gov.co\/colombia\/#\/schema\/person\/3903856a3ce2d54b094c69eb29247895","name":"dfgordillo","image":{"@type":"ImageObject","inLanguage":"es-CO","@id":"https:\/\/www.fiscalia.gov.co\/colombia\/#\/schema\/person\/image\/","url":"https:\/\/secure.gravatar.com\/avatar\/b6356e21c5657c60757fe6fb9493e947?s=96&d=mm&r=g","contentUrl":"https:\/\/secure.gravatar.com\/avatar\/b6356e21c5657c60757fe6fb9493e947?s=96&d=mm&r=g","caption":"dfgordillo"},"sameAs":["dfgordillo"],"url":"https:\/\/www.fiscalia.gov.co\/colombia\/author\/dfgordillo\/"}]}},"_links":{"self":[{"href":"https:\/\/www.fiscalia.gov.co\/colombia\/wp-json\/wp\/v2\/posts\/48347","targetHints":{"allow":["GET"]}}],"collection":[{"href":"https:\/\/www.fiscalia.gov.co\/colombia\/wp-json\/wp\/v2\/posts"}],"about":[{"href":"https:\/\/www.fiscalia.gov.co\/colombia\/wp-json\/wp\/v2\/types\/post"}],"author":[{"embeddable":true,"href":"https:\/\/www.fiscalia.gov.co\/colombia\/wp-json\/wp\/v2\/users\/143"}],"replies":[{"embeddable":true,"href":"https:\/\/www.fiscalia.gov.co\/colombia\/wp-json\/wp\/v2\/comments?post=48347"}],"version-history":[{"count":17,"href":"https:\/\/www.fiscalia.gov.co\/colombia\/wp-json\/wp\/v2\/posts\/48347\/revisions"}],"predecessor-version":[{"id":56111,"href":"https:\/\/www.fiscalia.gov.co\/colombia\/wp-json\/wp\/v2\/posts\/48347\/revisions\/56111"}],"wp:attachment":[{"href":"https:\/\/www.fiscalia.gov.co\/colombia\/wp-json\/wp\/v2\/media?parent=48347"}],"wp:term":[{"taxonomy":"category","embeddable":true,"href":"https:\/\/www.fiscalia.gov.co\/colombia\/wp-json\/wp\/v2\/categories?post=48347"},{"taxonomy":"post_tag","embeddable":true,"href":"https:\/\/www.fiscalia.gov.co\/colombia\/wp-json\/wp\/v2\/tags?post=48347"}],"curies":[{"name":"wp","href":"https:\/\/api.w.org\/{rel}","templated":true}]}}