{"id":48280,"date":"2014-04-23T16:12:05","date_gmt":"2014-04-23T21:12:05","guid":{"rendered":"http:\/\/www.fiscalia.gov.co\/colombia\/?p=48280"},"modified":"2014-04-23T16:12:05","modified_gmt":"2014-04-23T21:12:05","slug":"union-europea-destina-3-5-millones-de-euros-para-las-nuevas-salas-especializadas-de-la-fiscalia-general-de-la-nacion","status":"publish","type":"post","link":"https:\/\/www.fiscalia.gov.co\/colombia\/noticias\/union-europea-destina-3-5-millones-de-euros-para-las-nuevas-salas-especializadas-de-la-fiscalia-general-de-la-nacion\/","title":{"rendered":"Uni\u00f3n Europea destina 3.5 millones de euros para las nuevas salas especializadas de la Fiscal\u00eda General de la Naci\u00f3n"},"content":{"rendered":"<p>Cuatro salas dotadas con la m\u00e1s alta tecnolog\u00eda en materia de investigaci\u00f3n, sofisticados espacios para la observaci\u00f3n\u00a0 y el an\u00e1lisis detallado del material probatorio y t\u00e9cnicas investigativas a la vanguardia de las mejores polic\u00edas judiciales del mundo ser\u00e1n entregadas en los pr\u00f3ximos meses a la Fiscal\u00eda General de la Naci\u00f3n, gracias a una donaci\u00f3n de 3.5 millones de euros por parte de la Uni\u00f3n Europea.<span style=\"font-size: 13px;\">\u00a0<\/span><\/p>\n<p>Fortalecer la capacidad investigativa de la polic\u00eda judicial, garantizar el resultado de sentencias condenatorias y reducir los amplios m\u00e1rgenes de impunidad existentes, especialmente en los casos de violaciones de derechos humanos es la apuesta de este proyecto, en el que un grupo de fiscales viene trabajando desde hace seis a\u00f1os, junto con un equipo de gesti\u00f3n, tanto del Ministerio del Interior como del Ministerio de Justicia y del Derecho.<span style=\"font-size: 13px;\">\u00a0<\/span><\/p>\n<p>Salas especializadas multifuncionales entre las que se encuentran un observatorio del delito,\u00a0 salas de entrevista, de an\u00e1lisis del delito y de an\u00e1lisis criminal, son el resultado del proyecto denominado Fortalecimiento del Sector Justicia para la reducci\u00f3n de la impunidad en Colombia.<span style=\"font-size: 13px;\">\u00a0<\/span><\/p>\n<p>Dentro del financiamiento del proyecto se destinar\u00e1 un rubro para\u00a0capacitar a todos los funcionarios y servidores encargados de luchar contra la criminalidad y para la utilizaci\u00f3n de dicha tecnolog\u00eda.<span style=\"font-size: 13px;\">\u00a0<\/span><\/p>\n<p>En estos nuevos espacios fiscales e investigadores podr\u00e1n realizar novedosos procedimientos, como la obtenci\u00f3n de im\u00e1genes reales del rostro y cuerpo de una persona cuando no existe indiciado o cuando existiendo no se encuentra disponible para su reconocimiento en fila o se niegue a participar en la misma; usar sistemas de visualizaci\u00f3n y georreferenciaci\u00f3n de datos y hechos a nivel nacional con capacidad para interactuar con otras salas sat\u00e9lites de manera simult\u00e1nea por videoconferencia y a trav\u00e9s del sistema de red de la Fiscal\u00eda General de la Naci\u00f3n.<span style=\"font-size: 13px;\">\u00a0<\/span><\/p>\n<p>Igualmente tendr\u00e1n acceso a salas de entrevista con software de reconocimiento facial de emociones, sistema de retrato hablado y sistema de detecci\u00f3n de rostros con tecnolog\u00eda para registrar el lenguaje gestual del entrevistado o interrogado, c\u00e1maras dise\u00f1adas con una ambientaci\u00f3n acorde al tipo de v\u00edctima o investigado disminuyendo su estado de ansiedad y estr\u00e9s.<\/p>\n<p>Tambi\u00e9n contar\u00e1n con las salas de an\u00e1lisis link, un programa de an\u00e1lisis investigativo que permite la creaci\u00f3n\u00a0 de bases de datos espec\u00edficas de acuerdo al delito que se investigue, sistema que permite buscar y confrontar informaci\u00f3n y gr\u00e1ficos de an\u00e1lisis de enlace de delincuencia organizada que operan en el territorio nacional.<span style=\"font-size: 13px;\">\u00a0<\/span><\/p>\n<p>Una propuesta presentada por el CTI acogida por la Uni\u00f3n Europea que consiste en la adquisici\u00f3n de siete unidades m\u00f3viles de criminal\u00edstica y para el transporte de cad\u00e1veres, completa la lista de novedades que tendr\u00e1 a disposici\u00f3n la instituci\u00f3n para adelantar las m\u00e1s complejas investigaciones.<span style=\"font-size: 13px;\">\u00a0<\/span><\/p>\n<p>Este complejo tecnol\u00f3gico estar\u00e1 ubicado en uno de los nuevos edificios del b\u00fanker de la Fiscal\u00eda en Bogot\u00e1 y la idea es replicar este modelo paulatinamente en otras ciudades del pa\u00eds.<\/p>\n\n<div class=\"twitter-share\"><a href=\"https:\/\/twitter.com\/intent\/tweet?via=fiscaliacol\" class=\"twitter-share-button\">Tweet<\/a><\/div>\n","protected":false},"excerpt":{"rendered":"<p>Cuatro salas dotadas con la m\u00e1s alta tecnolog\u00eda en materia de investigaci\u00f3n, sofisticados espacios para la observaci\u00f3n\u00a0 y el an\u00e1lisis detallado del material probatorio y t\u00e9cnicas investigativas a la vanguardia de las mejores polic\u00edas judiciales del mundo ser\u00e1n entregadas en los pr\u00f3ximos meses a la Fiscal\u00eda General de la Naci\u00f3n, gracias a una donaci\u00f3n de [&hellip;]<\/p>\n","protected":false},"author":143,"featured_media":0,"comment_status":"closed","ping_status":"open","sticky":false,"template":"","format":"standard","meta":{"tdm_status":"","tdm_grid_status":"","footnotes":""},"categories":[1],"tags":[7398,1399,7400,7399,2190],"class_list":{"0":"post-48280","1":"post","2":"type-post","3":"status-publish","4":"format-standard","6":"category-noticias","7":"tag-direccion-de-gestion-internacional","8":"tag-donacion","9":"tag-ministerio-de-justicia-y-del-derecho","10":"tag-ministerio-del-interior","11":"tag-union-europea"},"yoast_head":"<!-- This site is optimized with the Yoast SEO plugin v24.3 - https:\/\/yoast.com\/wordpress\/plugins\/seo\/ -->\n<title>Fiscal\u00eda General de la Naci\u00f3n<\/title>\n<meta name=\"description\" content=\"P\u00e1gina oficial de la Fiscal\u00eda General de la Naci\u00f3n \u2013 Colombia. Garantizamos el acceso efectivo a la justicia, la verdad y la reparaci\u00f3n de las v\u00edctimas de los delitos.\" \/>\n<meta name=\"robots\" content=\"noindex, follow\" \/>\n<meta property=\"og:locale\" content=\"es_ES\" \/>\n<meta property=\"og:type\" content=\"article\" \/>\n<meta property=\"og:title\" content=\"Fiscal\u00eda General de la Naci\u00f3n\" \/>\n<meta property=\"og:description\" content=\"P\u00e1gina oficial de la Fiscal\u00eda General de la Naci\u00f3n \u2013 Colombia. Garantizamos el acceso efectivo a la justicia, la verdad y la reparaci\u00f3n de las v\u00edctimas de los delitos.\" \/>\n<meta property=\"og:url\" content=\"https:\/\/www.fiscalia.gov.co\/colombia\/noticias\/union-europea-destina-3-5-millones-de-euros-para-las-nuevas-salas-especializadas-de-la-fiscalia-general-de-la-nacion\/\" \/>\n<meta property=\"og:site_name\" content=\"Fiscal\u00eda General de la Naci\u00f3n\" \/>\n<meta property=\"article:publisher\" content=\"https:\/\/www.facebook.com\/FiscaliaCol\" \/>\n<meta property=\"article:published_time\" content=\"2014-04-23T21:12:05+00:00\" \/>\n<meta name=\"author\" content=\"dfgordillo\" \/>\n<meta name=\"twitter:card\" content=\"summary_large_image\" \/>\n<meta name=\"twitter:creator\" content=\"@FiscaliaCol\" \/>\n<meta name=\"twitter:site\" content=\"@FiscaliaCol\" \/>\n<meta name=\"twitter:label1\" content=\"Escrito por\" \/>\n\t<meta name=\"twitter:data1\" content=\"dfgordillo\" \/>\n\t<meta name=\"twitter:label2\" content=\"Tiempo de lectura\" \/>\n\t<meta name=\"twitter:data2\" content=\"3 minutos\" \/>\n<script type=\"application\/ld+json\" class=\"yoast-schema-graph\">{\"@context\":\"https:\/\/schema.org\",\"@graph\":[{\"@type\":\"Article\",\"@id\":\"https:\/\/www.fiscalia.gov.co\/colombia\/noticias\/union-europea-destina-3-5-millones-de-euros-para-las-nuevas-salas-especializadas-de-la-fiscalia-general-de-la-nacion\/#article\",\"isPartOf\":{\"@id\":\"https:\/\/www.fiscalia.gov.co\/colombia\/noticias\/union-europea-destina-3-5-millones-de-euros-para-las-nuevas-salas-especializadas-de-la-fiscalia-general-de-la-nacion\/\"},\"author\":{\"name\":\"dfgordillo\",\"@id\":\"https:\/\/www.fiscalia.gov.co\/colombia\/#\/schema\/person\/3903856a3ce2d54b094c69eb29247895\"},\"headline\":\"Uni\u00f3n Europea destina 3.5 millones de euros para las nuevas salas especializadas de la Fiscal\u00eda General de la Naci\u00f3n\",\"datePublished\":\"2014-04-23T21:12:05+00:00\",\"dateModified\":\"2014-04-23T21:12:05+00:00\",\"mainEntityOfPage\":{\"@id\":\"https:\/\/www.fiscalia.gov.co\/colombia\/noticias\/union-europea-destina-3-5-millones-de-euros-para-las-nuevas-salas-especializadas-de-la-fiscalia-general-de-la-nacion\/\"},\"wordCount\":555,\"publisher\":{\"@id\":\"https:\/\/www.fiscalia.gov.co\/colombia\/#organization\"},\"keywords\":[\"Direcci\u00f3n de Gesti\u00f3n Internacional\",\"Donaci\u00f3n\",\"Ministerio de Justicia y del Derecho\",\"Ministerio del Interior\",\"Uni\u00f3n Europea\"],\"articleSection\":[\"Noticias\"],\"inLanguage\":\"es-CO\"},{\"@type\":\"WebPage\",\"@id\":\"https:\/\/www.fiscalia.gov.co\/colombia\/noticias\/union-europea-destina-3-5-millones-de-euros-para-las-nuevas-salas-especializadas-de-la-fiscalia-general-de-la-nacion\/\",\"url\":\"https:\/\/www.fiscalia.gov.co\/colombia\/noticias\/union-europea-destina-3-5-millones-de-euros-para-las-nuevas-salas-especializadas-de-la-fiscalia-general-de-la-nacion\/\",\"name\":\"Fiscal\u00eda General de la Naci\u00f3n\",\"isPartOf\":{\"@id\":\"https:\/\/www.fiscalia.gov.co\/colombia\/#website\"},\"datePublished\":\"2014-04-23T21:12:05+00:00\",\"dateModified\":\"2014-04-23T21:12:05+00:00\",\"description\":\"P\u00e1gina oficial de la Fiscal\u00eda General de la Naci\u00f3n \u2013 Colombia. Garantizamos el acceso efectivo a la justicia, la verdad y la reparaci\u00f3n de las v\u00edctimas de los delitos.\",\"breadcrumb\":{\"@id\":\"https:\/\/www.fiscalia.gov.co\/colombia\/noticias\/union-europea-destina-3-5-millones-de-euros-para-las-nuevas-salas-especializadas-de-la-fiscalia-general-de-la-nacion\/#breadcrumb\"},\"inLanguage\":\"es-CO\",\"potentialAction\":[{\"@type\":\"ReadAction\",\"target\":[\"https:\/\/www.fiscalia.gov.co\/colombia\/noticias\/union-europea-destina-3-5-millones-de-euros-para-las-nuevas-salas-especializadas-de-la-fiscalia-general-de-la-nacion\/\"]}]},{\"@type\":\"BreadcrumbList\",\"@id\":\"https:\/\/www.fiscalia.gov.co\/colombia\/noticias\/union-europea-destina-3-5-millones-de-euros-para-las-nuevas-salas-especializadas-de-la-fiscalia-general-de-la-nacion\/#breadcrumb\",\"itemListElement\":[{\"@type\":\"ListItem\",\"position\":1,\"name\":\"Home\",\"item\":\"https:\/\/www.fiscalia.gov.co\/colombia\/\"},{\"@type\":\"ListItem\",\"position\":2,\"name\":\"Uni\u00f3n Europea destina 3.5 millones de euros para las nuevas salas especializadas de la Fiscal\u00eda General de la Naci\u00f3n\"}]},{\"@type\":\"WebSite\",\"@id\":\"https:\/\/www.fiscalia.gov.co\/colombia\/#website\",\"url\":\"https:\/\/www.fiscalia.gov.co\/colombia\/\",\"name\":\"Fiscal\u00eda General de la Naci\u00f3n\",\"description\":\"P\u00e1gina oficial de la Fiscal\u00eda General de la Naci\u00f3n \u2013 Colombia. Garantizamos el acceso efectivo a la justicia, la verdad y la reparaci\u00f3n de las v\u00edctimas de los delitos.\",\"publisher\":{\"@id\":\"https:\/\/www.fiscalia.gov.co\/colombia\/#organization\"},\"potentialAction\":[{\"@type\":\"SearchAction\",\"target\":{\"@type\":\"EntryPoint\",\"urlTemplate\":\"https:\/\/www.fiscalia.gov.co\/colombia\/?s={search_term_string}\"},\"query-input\":{\"@type\":\"PropertyValueSpecification\",\"valueRequired\":true,\"valueName\":\"search_term_string\"}}],\"inLanguage\":\"es-CO\"},{\"@type\":\"Organization\",\"@id\":\"https:\/\/www.fiscalia.gov.co\/colombia\/#organization\",\"name\":\"Fiscal\u00eda General de la Naci\u00f3n\",\"url\":\"https:\/\/www.fiscalia.gov.co\/colombia\/\",\"logo\":{\"@type\":\"ImageObject\",\"inLanguage\":\"es-CO\",\"@id\":\"https:\/\/www.fiscalia.gov.co\/colombia\/#\/schema\/logo\/image\/\",\"url\":\"https:\/\/www.fiscalia.gov.co\/colombia\/wp-content\/uploads\/LogoHorizontal_1.jpg\",\"contentUrl\":\"https:\/\/www.fiscalia.gov.co\/colombia\/wp-content\/uploads\/LogoHorizontal_1.jpg\",\"width\":300,\"height\":90,\"caption\":\"Fiscal\u00eda General de la Naci\u00f3n\"},\"image\":{\"@id\":\"https:\/\/www.fiscalia.gov.co\/colombia\/#\/schema\/logo\/image\/\"},\"sameAs\":[\"https:\/\/www.facebook.com\/FiscaliaCol\",\"https:\/\/x.com\/FiscaliaCol\",\"https:\/\/www.instagram.com\/fiscaliacol\",\"https:\/\/www.linkedin.com\/company\/fiscalia-general-de-la-naci-n\/\",\"https:\/\/youtube.com\/@fiscaliageneraldelanacion-4668?si=6nN79nyQICPU5iTh\"]},{\"@type\":\"Person\",\"@id\":\"https:\/\/www.fiscalia.gov.co\/colombia\/#\/schema\/person\/3903856a3ce2d54b094c69eb29247895\",\"name\":\"dfgordillo\",\"image\":{\"@type\":\"ImageObject\",\"inLanguage\":\"es-CO\",\"@id\":\"https:\/\/www.fiscalia.gov.co\/colombia\/#\/schema\/person\/image\/\",\"url\":\"https:\/\/secure.gravatar.com\/avatar\/b6356e21c5657c60757fe6fb9493e947?s=96&d=mm&r=g\",\"contentUrl\":\"https:\/\/secure.gravatar.com\/avatar\/b6356e21c5657c60757fe6fb9493e947?s=96&d=mm&r=g\",\"caption\":\"dfgordillo\"},\"sameAs\":[\"dfgordillo\"],\"url\":\"https:\/\/www.fiscalia.gov.co\/colombia\/author\/dfgordillo\/\"}]}<\/script>\n<!-- \/ Yoast SEO plugin. -->","yoast_head_json":{"title":"Fiscal\u00eda General de la Naci\u00f3n","description":"P\u00e1gina oficial de la Fiscal\u00eda General de la Naci\u00f3n \u2013 Colombia. Garantizamos el acceso efectivo a la justicia, la verdad y la reparaci\u00f3n de las v\u00edctimas de los delitos.","robots":{"index":"noindex","follow":"follow"},"og_locale":"es_ES","og_type":"article","og_title":"Fiscal\u00eda General de la Naci\u00f3n","og_description":"P\u00e1gina oficial de la Fiscal\u00eda General de la Naci\u00f3n \u2013 Colombia. Garantizamos el acceso efectivo a la justicia, la verdad y la reparaci\u00f3n de las v\u00edctimas de los delitos.","og_url":"https:\/\/www.fiscalia.gov.co\/colombia\/noticias\/union-europea-destina-3-5-millones-de-euros-para-las-nuevas-salas-especializadas-de-la-fiscalia-general-de-la-nacion\/","og_site_name":"Fiscal\u00eda General de la Naci\u00f3n","article_publisher":"https:\/\/www.facebook.com\/FiscaliaCol","article_published_time":"2014-04-23T21:12:05+00:00","author":"dfgordillo","twitter_card":"summary_large_image","twitter_creator":"@FiscaliaCol","twitter_site":"@FiscaliaCol","twitter_misc":{"Escrito por":"dfgordillo","Tiempo de lectura":"3 minutos"},"schema":{"@context":"https:\/\/schema.org","@graph":[{"@type":"Article","@id":"https:\/\/www.fiscalia.gov.co\/colombia\/noticias\/union-europea-destina-3-5-millones-de-euros-para-las-nuevas-salas-especializadas-de-la-fiscalia-general-de-la-nacion\/#article","isPartOf":{"@id":"https:\/\/www.fiscalia.gov.co\/colombia\/noticias\/union-europea-destina-3-5-millones-de-euros-para-las-nuevas-salas-especializadas-de-la-fiscalia-general-de-la-nacion\/"},"author":{"name":"dfgordillo","@id":"https:\/\/www.fiscalia.gov.co\/colombia\/#\/schema\/person\/3903856a3ce2d54b094c69eb29247895"},"headline":"Uni\u00f3n Europea destina 3.5 millones de euros para las nuevas salas especializadas de la Fiscal\u00eda General de la Naci\u00f3n","datePublished":"2014-04-23T21:12:05+00:00","dateModified":"2014-04-23T21:12:05+00:00","mainEntityOfPage":{"@id":"https:\/\/www.fiscalia.gov.co\/colombia\/noticias\/union-europea-destina-3-5-millones-de-euros-para-las-nuevas-salas-especializadas-de-la-fiscalia-general-de-la-nacion\/"},"wordCount":555,"publisher":{"@id":"https:\/\/www.fiscalia.gov.co\/colombia\/#organization"},"keywords":["Direcci\u00f3n de Gesti\u00f3n Internacional","Donaci\u00f3n","Ministerio de Justicia y del Derecho","Ministerio del Interior","Uni\u00f3n Europea"],"articleSection":["Noticias"],"inLanguage":"es-CO"},{"@type":"WebPage","@id":"https:\/\/www.fiscalia.gov.co\/colombia\/noticias\/union-europea-destina-3-5-millones-de-euros-para-las-nuevas-salas-especializadas-de-la-fiscalia-general-de-la-nacion\/","url":"https:\/\/www.fiscalia.gov.co\/colombia\/noticias\/union-europea-destina-3-5-millones-de-euros-para-las-nuevas-salas-especializadas-de-la-fiscalia-general-de-la-nacion\/","name":"Fiscal\u00eda General de la Naci\u00f3n","isPartOf":{"@id":"https:\/\/www.fiscalia.gov.co\/colombia\/#website"},"datePublished":"2014-04-23T21:12:05+00:00","dateModified":"2014-04-23T21:12:05+00:00","description":"P\u00e1gina oficial de la Fiscal\u00eda General de la Naci\u00f3n \u2013 Colombia. Garantizamos el acceso efectivo a la justicia, la verdad y la reparaci\u00f3n de las v\u00edctimas de los delitos.","breadcrumb":{"@id":"https:\/\/www.fiscalia.gov.co\/colombia\/noticias\/union-europea-destina-3-5-millones-de-euros-para-las-nuevas-salas-especializadas-de-la-fiscalia-general-de-la-nacion\/#breadcrumb"},"inLanguage":"es-CO","potentialAction":[{"@type":"ReadAction","target":["https:\/\/www.fiscalia.gov.co\/colombia\/noticias\/union-europea-destina-3-5-millones-de-euros-para-las-nuevas-salas-especializadas-de-la-fiscalia-general-de-la-nacion\/"]}]},{"@type":"BreadcrumbList","@id":"https:\/\/www.fiscalia.gov.co\/colombia\/noticias\/union-europea-destina-3-5-millones-de-euros-para-las-nuevas-salas-especializadas-de-la-fiscalia-general-de-la-nacion\/#breadcrumb","itemListElement":[{"@type":"ListItem","position":1,"name":"Home","item":"https:\/\/www.fiscalia.gov.co\/colombia\/"},{"@type":"ListItem","position":2,"name":"Uni\u00f3n Europea destina 3.5 millones de euros para las nuevas salas especializadas de la Fiscal\u00eda General de la Naci\u00f3n"}]},{"@type":"WebSite","@id":"https:\/\/www.fiscalia.gov.co\/colombia\/#website","url":"https:\/\/www.fiscalia.gov.co\/colombia\/","name":"Fiscal\u00eda General de la Naci\u00f3n","description":"P\u00e1gina oficial de la Fiscal\u00eda General de la Naci\u00f3n \u2013 Colombia. Garantizamos el acceso efectivo a la justicia, la verdad y la reparaci\u00f3n de las v\u00edctimas de los delitos.","publisher":{"@id":"https:\/\/www.fiscalia.gov.co\/colombia\/#organization"},"potentialAction":[{"@type":"SearchAction","target":{"@type":"EntryPoint","urlTemplate":"https:\/\/www.fiscalia.gov.co\/colombia\/?s={search_term_string}"},"query-input":{"@type":"PropertyValueSpecification","valueRequired":true,"valueName":"search_term_string"}}],"inLanguage":"es-CO"},{"@type":"Organization","@id":"https:\/\/www.fiscalia.gov.co\/colombia\/#organization","name":"Fiscal\u00eda General de la Naci\u00f3n","url":"https:\/\/www.fiscalia.gov.co\/colombia\/","logo":{"@type":"ImageObject","inLanguage":"es-CO","@id":"https:\/\/www.fiscalia.gov.co\/colombia\/#\/schema\/logo\/image\/","url":"https:\/\/www.fiscalia.gov.co\/colombia\/wp-content\/uploads\/LogoHorizontal_1.jpg","contentUrl":"https:\/\/www.fiscalia.gov.co\/colombia\/wp-content\/uploads\/LogoHorizontal_1.jpg","width":300,"height":90,"caption":"Fiscal\u00eda General de la Naci\u00f3n"},"image":{"@id":"https:\/\/www.fiscalia.gov.co\/colombia\/#\/schema\/logo\/image\/"},"sameAs":["https:\/\/www.facebook.com\/FiscaliaCol","https:\/\/x.com\/FiscaliaCol","https:\/\/www.instagram.com\/fiscaliacol","https:\/\/www.linkedin.com\/company\/fiscalia-general-de-la-naci-n\/","https:\/\/youtube.com\/@fiscaliageneraldelanacion-4668?si=6nN79nyQICPU5iTh"]},{"@type":"Person","@id":"https:\/\/www.fiscalia.gov.co\/colombia\/#\/schema\/person\/3903856a3ce2d54b094c69eb29247895","name":"dfgordillo","image":{"@type":"ImageObject","inLanguage":"es-CO","@id":"https:\/\/www.fiscalia.gov.co\/colombia\/#\/schema\/person\/image\/","url":"https:\/\/secure.gravatar.com\/avatar\/b6356e21c5657c60757fe6fb9493e947?s=96&d=mm&r=g","contentUrl":"https:\/\/secure.gravatar.com\/avatar\/b6356e21c5657c60757fe6fb9493e947?s=96&d=mm&r=g","caption":"dfgordillo"},"sameAs":["dfgordillo"],"url":"https:\/\/www.fiscalia.gov.co\/colombia\/author\/dfgordillo\/"}]}},"_links":{"self":[{"href":"https:\/\/www.fiscalia.gov.co\/colombia\/wp-json\/wp\/v2\/posts\/48280","targetHints":{"allow":["GET"]}}],"collection":[{"href":"https:\/\/www.fiscalia.gov.co\/colombia\/wp-json\/wp\/v2\/posts"}],"about":[{"href":"https:\/\/www.fiscalia.gov.co\/colombia\/wp-json\/wp\/v2\/types\/post"}],"author":[{"embeddable":true,"href":"https:\/\/www.fiscalia.gov.co\/colombia\/wp-json\/wp\/v2\/users\/143"}],"replies":[{"embeddable":true,"href":"https:\/\/www.fiscalia.gov.co\/colombia\/wp-json\/wp\/v2\/comments?post=48280"}],"version-history":[{"count":1,"href":"https:\/\/www.fiscalia.gov.co\/colombia\/wp-json\/wp\/v2\/posts\/48280\/revisions"}],"predecessor-version":[{"id":48281,"href":"https:\/\/www.fiscalia.gov.co\/colombia\/wp-json\/wp\/v2\/posts\/48280\/revisions\/48281"}],"wp:attachment":[{"href":"https:\/\/www.fiscalia.gov.co\/colombia\/wp-json\/wp\/v2\/media?parent=48280"}],"wp:term":[{"taxonomy":"category","embeddable":true,"href":"https:\/\/www.fiscalia.gov.co\/colombia\/wp-json\/wp\/v2\/categories?post=48280"},{"taxonomy":"post_tag","embeddable":true,"href":"https:\/\/www.fiscalia.gov.co\/colombia\/wp-json\/wp\/v2\/tags?post=48280"}],"curies":[{"name":"wp","href":"https:\/\/api.w.org\/{rel}","templated":true}]}}