{"id":4689,"date":"2008-07-07T16:51:46","date_gmt":"2008-07-07T21:51:46","guid":{"rendered":"http:\/\/www.fiscalia.gov.co\/colombia\/?p=4689"},"modified":"2012-06-06T14:26:31","modified_gmt":"2012-06-06T19:26:31","slug":"version-de-las-declaraciones-fiscal-general-mario-iiguaran-arana-2","status":"publish","type":"post","link":"https:\/\/www.fiscalia.gov.co\/colombia\/noticias\/version-de-las-declaraciones-fiscal-general-mario-iiguaran-arana-2\/","title":{"rendered":"Versi\u00f3n de las declaraciones Fiscal General , Mario Iguar\u00e1n Arana"},"content":{"rendered":"<p>La siguiente es la versi\u00f3n de las declaraciones del Fiscal General Mario Iguar\u00e1n Arana, acerca del decreto reglamentario de Justicia y Paz.<\/p>\n<p>Periodista:  \u00bfPara el Fiscal General a  partir de qu\u00e9 momento comenz\u00f3 a tener vigencia la Ley de Justicia y Paz?.<\/p>\n<p>Fiscal General:  La ley entr\u00f3 a regir desde julio de  2005, desde el momento en que se expidi\u00f3.<\/p>\n<p>P:  \u00bfEs decir a partir de ese momento se puede alegar la favorabilidad para  las personas que se acojan a ella?<\/p>\n<p>F:  El tema de la aplicaci\u00f3n de la Ley depende de lo que se\u00f1ale tanto  la Ley como la propia Corte Constitucional.  Por eso de lo que se trata es darle una lectura a lo se\u00f1alado por ella, para que las autoridades en su momento tomen las decisiones del caso.<\/p>\n<p>P: \u00bfQu\u00e9 reparo le hizo la Fiscal\u00eda al decreto reglamentario?<\/p>\n<p>F:  La Fiscal\u00eda en el proceso de formaci\u00f3n del decreto reglamentario realiz\u00f3 sus observaciones, orientaciones y anotaciones, no s\u00f3lo porque la Fiscal\u00eda es parte esencial en la aplicaci\u00f3n de la Ley sino porque de manera comedida y oficial el Gobierno se lo ha permitido.<\/p>\n<p>Han sido consideraciones m\u00e1s de car\u00e1cter procesal. Por ejemplo, el borrador del proyecto se\u00f1alaba que deber\u00edan acumularse materialmente hablando todos los procesos, es decir que el expediente en s\u00ed deber\u00eda llevarse a la Unidad de Justicia y Paz. <\/p>\n<p>Consideramos por razones de tipo pr\u00e1ctico que lo que debe llevarse a la Unidad de Justicia y Paz para acumular en los procesos que llevamos en la Unidad son las piezas procesales correspondientes.<\/p>\n<p>Respecto a los condenados como la Ley permite que se puedan someter a Justicia y Paz, en uno de los borradores se pens\u00f3 que los condenados se dirigiesen directamente a la Fiscal\u00eda.  Pero la Fiscal\u00eda consider\u00f3 que lo pertinente es que la lista de los condenados que quieran someterse  a Justicia y Paz sea enviada por el Gobierno, y que sea el mismo Gobierno el que certifique si hay una desmovilizaci\u00f3n o no. <\/p>\n<p>P:  \u00bfEsto le dar\u00eda una mala imagen a la Fiscal\u00eda en el sentido de que le llega una lista de 3.000 personas de las que tendr\u00eda que dejar en libertad a 1.500?<\/p>\n<p>F: Lo importante de todo esto es que el Gobierno le ha permitido a la Fiscal\u00eda hacer sus consideraciones y sus observaciones en una mesa de trabajo profunda y seria. Esto se da porque la Fiscal\u00eda es parte esencial  y adem\u00e1s el Gobierno le ha permitido a la Fiscal\u00eda hacer sus observaciones.<\/p>\n<p>P: \u00bfEn cuanto a las penas la Fiscal\u00eda tuvo alg\u00fan reparo?<\/p>\n<p>F: La Fiscal\u00eda no puede hacer esas consideraciones porque eso fue una decisi\u00f3n del propio legislador, que se ide\u00f3 la Ley 975 y fue respaldado por la propia Corte Constitucional.<\/p>\n<p>P: Parecer\u00eda que existe un especial inter\u00e9s de un gobierno extranjero, concretamente de Estados Unidos, en este tema de las penas y condenas a los paramiliares. \u00bfLa Fiscalia lo ha sentido as\u00ed?<\/p>\n<p>F:   Aqu\u00ed hay que destacar que, respetando la soberan\u00eda de Colombia, la comunidad internacional desde el mismo comienzo del proceso de formaci\u00f3n de la Ley ha hecho sus aportes,  nos ha dado a conocer sus ideas y sus experiencias  para en \u00faltimas salir a respaldar este proceso.<\/p>\n<p>P:  \u00bfNo lo considera una injerencia?<\/p>\n<p>F:  No.  Hay que reconocer que tanto la comunidad internacional como la nacional  han mostrado ideas para sacar el mejor instrumento jur\u00eddico-pol\u00edtico en aras de lograr la reconciliaci\u00f3n.<\/p>\n<p>P:  \u00bfEn alg\u00fan momento la Fiscal\u00eda ha estado en desacuerdo con algunos de los puntos del proyecto?<\/p>\n<p>F: Insisto. Por invitaci\u00f3n del propio Gobierno, la Fiscal\u00eda siempre ha hecho sus consideraciones y todas ellas han sido de car\u00e1cter procesal y resalto que todas ellas han sido acogidas.<\/p>\n<p>P: \u00bfHay seguridad jur\u00eddica en ese trabajo mancomunado que han hecho ustedes con el Gobierno?<\/p>\n<p>F: S\u00ed. Todo este esfuerzo de legislaci\u00f3n y reglamentaci\u00f3n est\u00e1 creando unas condiciones jur\u00eddicas y al crearlas uno sabe a qu\u00e9 atenerse. En ese orden de ideas podemos hablar de seguridad jur\u00eddica.<\/p>\n<p>P:\u00bfHay alguna preocupaci\u00f3n debido a que los paramilitares han manifestado que creen m\u00e1s en la jurisdicci\u00f3n ordinaria que en Justicia y Paz?<\/p>\n<p>F: Lo que hay que destacar es que \u00e9sta es una justicia particular, de transici\u00f3n, que procura ese equilibrio entre justicia y paz.<\/p>\n<p>P: Los paramilitares expresaron que prefieren acogerse  a la jurisdicci\u00f3n ordinaria que a la Ley de Justicia y Paz, porque les da m\u00e1s beneficios \u00bfS\u00ed les da m\u00e1s beneficios la jurisdicci\u00f3n ordinaria?<\/p>\n<p>F: En la jurisdicci\u00f3n ordinaria pueden gozar de todos los mecanismos que tiene cualquier sindicado o procesado. Lo que interesa es que hoy la Fiscal\u00eda tiene como una locomotora la jurisdicci\u00f3n ordinaria.<\/p>\n<p>Nosotros tenemos unas estad\u00edsticas que nos permiten salir a mostrar un desarrollo de investigaciones donde est\u00e1n implicadas personas que seguramente m\u00e1s adelante podr\u00edan estar en las listas de Justicia y Paz. <\/p>\n\n<div class=\"twitter-share\"><a href=\"https:\/\/twitter.com\/intent\/tweet?via=fiscaliacol\" class=\"twitter-share-button\">Tweet<\/a><\/div>\n","protected":false},"excerpt":{"rendered":"<p>La siguiente es la versi\u00f3n de las declaraciones del Fiscal General Mario Iguar\u00e1n Arana, acerca del decreto reglamentario de Justicia y Paz. Periodista: \u00bfPara el Fiscal General a partir de qu\u00e9 momento comenz\u00f3 a tener vigencia la Ley de Justicia y Paz?. Fiscal General: La ley entr\u00f3 a regir desde julio de 2005, desde el [&hellip;]<\/p>\n","protected":false},"author":143,"featured_media":0,"comment_status":"open","ping_status":"open","sticky":false,"template":"","format":"standard","meta":{"tdm_status":"","tdm_grid_status":"","footnotes":""},"categories":[1],"tags":[23821],"class_list":{"0":"post-4689","1":"post","2":"type-post","3":"status-publish","4":"format-standard","6":"category-noticias","7":"tag-bogota"},"yoast_head":"<!-- This site is optimized with the Yoast SEO plugin v24.3 - https:\/\/yoast.com\/wordpress\/plugins\/seo\/ -->\n<title>Fiscal\u00eda General de la Naci\u00f3n<\/title>\n<meta name=\"description\" content=\"P\u00e1gina oficial de la Fiscal\u00eda General de la Naci\u00f3n \u2013 Colombia. Garantizamos el acceso efectivo a la justicia, la verdad y la reparaci\u00f3n de las v\u00edctimas de los delitos.\" \/>\n<meta name=\"robots\" content=\"noindex, follow\" \/>\n<meta property=\"og:locale\" content=\"es_ES\" \/>\n<meta property=\"og:type\" content=\"article\" \/>\n<meta property=\"og:title\" content=\"Fiscal\u00eda General de la Naci\u00f3n\" \/>\n<meta property=\"og:description\" content=\"P\u00e1gina oficial de la Fiscal\u00eda General de la Naci\u00f3n \u2013 Colombia. Garantizamos el acceso efectivo a la justicia, la verdad y la reparaci\u00f3n de las v\u00edctimas de los delitos.\" \/>\n<meta property=\"og:url\" content=\"https:\/\/www.fiscalia.gov.co\/colombia\/noticias\/version-de-las-declaraciones-fiscal-general-mario-iiguaran-arana-2\/\" \/>\n<meta property=\"og:site_name\" content=\"Fiscal\u00eda General de la Naci\u00f3n\" \/>\n<meta property=\"article:publisher\" content=\"https:\/\/www.facebook.com\/FiscaliaCol\" \/>\n<meta property=\"article:published_time\" content=\"2008-07-07T21:51:46+00:00\" \/>\n<meta property=\"article:modified_time\" content=\"2012-06-06T19:26:31+00:00\" \/>\n<meta name=\"author\" content=\"dfgordillo\" \/>\n<meta name=\"twitter:card\" content=\"summary_large_image\" \/>\n<meta name=\"twitter:creator\" content=\"@FiscaliaCol\" \/>\n<meta name=\"twitter:site\" content=\"@FiscaliaCol\" \/>\n<meta name=\"twitter:label1\" content=\"Escrito por\" \/>\n\t<meta name=\"twitter:data1\" content=\"dfgordillo\" \/>\n\t<meta name=\"twitter:label2\" content=\"Tiempo de lectura\" \/>\n\t<meta name=\"twitter:data2\" content=\"4 minutos\" \/>\n<script type=\"application\/ld+json\" class=\"yoast-schema-graph\">{\"@context\":\"https:\/\/schema.org\",\"@graph\":[{\"@type\":\"Article\",\"@id\":\"https:\/\/www.fiscalia.gov.co\/colombia\/noticias\/version-de-las-declaraciones-fiscal-general-mario-iiguaran-arana-2\/#article\",\"isPartOf\":{\"@id\":\"https:\/\/www.fiscalia.gov.co\/colombia\/noticias\/version-de-las-declaraciones-fiscal-general-mario-iiguaran-arana-2\/\"},\"author\":{\"name\":\"dfgordillo\",\"@id\":\"https:\/\/www.fiscalia.gov.co\/colombia\/#\/schema\/person\/3903856a3ce2d54b094c69eb29247895\"},\"headline\":\"Versi\u00f3n de las declaraciones Fiscal General , Mario Iguar\u00e1n Arana\",\"datePublished\":\"2008-07-07T21:51:46+00:00\",\"dateModified\":\"2012-06-06T19:26:31+00:00\",\"mainEntityOfPage\":{\"@id\":\"https:\/\/www.fiscalia.gov.co\/colombia\/noticias\/version-de-las-declaraciones-fiscal-general-mario-iiguaran-arana-2\/\"},\"wordCount\":872,\"commentCount\":0,\"publisher\":{\"@id\":\"https:\/\/www.fiscalia.gov.co\/colombia\/#organization\"},\"keywords\":[\"Bogot\u00e1\"],\"articleSection\":[\"Noticias\"],\"inLanguage\":\"es-CO\",\"potentialAction\":[{\"@type\":\"CommentAction\",\"name\":\"Comment\",\"target\":[\"https:\/\/www.fiscalia.gov.co\/colombia\/noticias\/version-de-las-declaraciones-fiscal-general-mario-iiguaran-arana-2\/#respond\"]}]},{\"@type\":\"WebPage\",\"@id\":\"https:\/\/www.fiscalia.gov.co\/colombia\/noticias\/version-de-las-declaraciones-fiscal-general-mario-iiguaran-arana-2\/\",\"url\":\"https:\/\/www.fiscalia.gov.co\/colombia\/noticias\/version-de-las-declaraciones-fiscal-general-mario-iiguaran-arana-2\/\",\"name\":\"Fiscal\u00eda General de la Naci\u00f3n\",\"isPartOf\":{\"@id\":\"https:\/\/www.fiscalia.gov.co\/colombia\/#website\"},\"datePublished\":\"2008-07-07T21:51:46+00:00\",\"dateModified\":\"2012-06-06T19:26:31+00:00\",\"description\":\"P\u00e1gina oficial de la Fiscal\u00eda General de la Naci\u00f3n \u2013 Colombia. Garantizamos el acceso efectivo a la justicia, la verdad y la reparaci\u00f3n de las v\u00edctimas de los delitos.\",\"breadcrumb\":{\"@id\":\"https:\/\/www.fiscalia.gov.co\/colombia\/noticias\/version-de-las-declaraciones-fiscal-general-mario-iiguaran-arana-2\/#breadcrumb\"},\"inLanguage\":\"es-CO\",\"potentialAction\":[{\"@type\":\"ReadAction\",\"target\":[\"https:\/\/www.fiscalia.gov.co\/colombia\/noticias\/version-de-las-declaraciones-fiscal-general-mario-iiguaran-arana-2\/\"]}]},{\"@type\":\"BreadcrumbList\",\"@id\":\"https:\/\/www.fiscalia.gov.co\/colombia\/noticias\/version-de-las-declaraciones-fiscal-general-mario-iiguaran-arana-2\/#breadcrumb\",\"itemListElement\":[{\"@type\":\"ListItem\",\"position\":1,\"name\":\"Home\",\"item\":\"https:\/\/www.fiscalia.gov.co\/colombia\/\"},{\"@type\":\"ListItem\",\"position\":2,\"name\":\"Versi\u00f3n de las declaraciones Fiscal General , Mario Iguar\u00e1n Arana\"}]},{\"@type\":\"WebSite\",\"@id\":\"https:\/\/www.fiscalia.gov.co\/colombia\/#website\",\"url\":\"https:\/\/www.fiscalia.gov.co\/colombia\/\",\"name\":\"Fiscal\u00eda General de la Naci\u00f3n\",\"description\":\"P\u00e1gina oficial de la Fiscal\u00eda General de la Naci\u00f3n \u2013 Colombia. Garantizamos el acceso efectivo a la justicia, la verdad y la reparaci\u00f3n de las v\u00edctimas de los delitos.\",\"publisher\":{\"@id\":\"https:\/\/www.fiscalia.gov.co\/colombia\/#organization\"},\"potentialAction\":[{\"@type\":\"SearchAction\",\"target\":{\"@type\":\"EntryPoint\",\"urlTemplate\":\"https:\/\/www.fiscalia.gov.co\/colombia\/?s={search_term_string}\"},\"query-input\":{\"@type\":\"PropertyValueSpecification\",\"valueRequired\":true,\"valueName\":\"search_term_string\"}}],\"inLanguage\":\"es-CO\"},{\"@type\":\"Organization\",\"@id\":\"https:\/\/www.fiscalia.gov.co\/colombia\/#organization\",\"name\":\"Fiscal\u00eda General de la Naci\u00f3n\",\"url\":\"https:\/\/www.fiscalia.gov.co\/colombia\/\",\"logo\":{\"@type\":\"ImageObject\",\"inLanguage\":\"es-CO\",\"@id\":\"https:\/\/www.fiscalia.gov.co\/colombia\/#\/schema\/logo\/image\/\",\"url\":\"https:\/\/www.fiscalia.gov.co\/colombia\/wp-content\/uploads\/LogoHorizontal_1.jpg\",\"contentUrl\":\"https:\/\/www.fiscalia.gov.co\/colombia\/wp-content\/uploads\/LogoHorizontal_1.jpg\",\"width\":300,\"height\":90,\"caption\":\"Fiscal\u00eda General de la Naci\u00f3n\"},\"image\":{\"@id\":\"https:\/\/www.fiscalia.gov.co\/colombia\/#\/schema\/logo\/image\/\"},\"sameAs\":[\"https:\/\/www.facebook.com\/FiscaliaCol\",\"https:\/\/x.com\/FiscaliaCol\",\"https:\/\/www.instagram.com\/fiscaliacol\",\"https:\/\/www.linkedin.com\/company\/fiscalia-general-de-la-naci-n\/\",\"https:\/\/youtube.com\/@fiscaliageneraldelanacion-4668?si=6nN79nyQICPU5iTh\"]},{\"@type\":\"Person\",\"@id\":\"https:\/\/www.fiscalia.gov.co\/colombia\/#\/schema\/person\/3903856a3ce2d54b094c69eb29247895\",\"name\":\"dfgordillo\",\"image\":{\"@type\":\"ImageObject\",\"inLanguage\":\"es-CO\",\"@id\":\"https:\/\/www.fiscalia.gov.co\/colombia\/#\/schema\/person\/image\/\",\"url\":\"https:\/\/secure.gravatar.com\/avatar\/b6356e21c5657c60757fe6fb9493e947?s=96&d=mm&r=g\",\"contentUrl\":\"https:\/\/secure.gravatar.com\/avatar\/b6356e21c5657c60757fe6fb9493e947?s=96&d=mm&r=g\",\"caption\":\"dfgordillo\"},\"sameAs\":[\"dfgordillo\"],\"url\":\"https:\/\/www.fiscalia.gov.co\/colombia\/author\/dfgordillo\/\"}]}<\/script>\n<!-- \/ Yoast SEO plugin. -->","yoast_head_json":{"title":"Fiscal\u00eda General de la Naci\u00f3n","description":"P\u00e1gina oficial de la Fiscal\u00eda General de la Naci\u00f3n \u2013 Colombia. Garantizamos el acceso efectivo a la justicia, la verdad y la reparaci\u00f3n de las v\u00edctimas de los delitos.","robots":{"index":"noindex","follow":"follow"},"og_locale":"es_ES","og_type":"article","og_title":"Fiscal\u00eda General de la Naci\u00f3n","og_description":"P\u00e1gina oficial de la Fiscal\u00eda General de la Naci\u00f3n \u2013 Colombia. Garantizamos el acceso efectivo a la justicia, la verdad y la reparaci\u00f3n de las v\u00edctimas de los delitos.","og_url":"https:\/\/www.fiscalia.gov.co\/colombia\/noticias\/version-de-las-declaraciones-fiscal-general-mario-iiguaran-arana-2\/","og_site_name":"Fiscal\u00eda General de la Naci\u00f3n","article_publisher":"https:\/\/www.facebook.com\/FiscaliaCol","article_published_time":"2008-07-07T21:51:46+00:00","article_modified_time":"2012-06-06T19:26:31+00:00","author":"dfgordillo","twitter_card":"summary_large_image","twitter_creator":"@FiscaliaCol","twitter_site":"@FiscaliaCol","twitter_misc":{"Escrito por":"dfgordillo","Tiempo de lectura":"4 minutos"},"schema":{"@context":"https:\/\/schema.org","@graph":[{"@type":"Article","@id":"https:\/\/www.fiscalia.gov.co\/colombia\/noticias\/version-de-las-declaraciones-fiscal-general-mario-iiguaran-arana-2\/#article","isPartOf":{"@id":"https:\/\/www.fiscalia.gov.co\/colombia\/noticias\/version-de-las-declaraciones-fiscal-general-mario-iiguaran-arana-2\/"},"author":{"name":"dfgordillo","@id":"https:\/\/www.fiscalia.gov.co\/colombia\/#\/schema\/person\/3903856a3ce2d54b094c69eb29247895"},"headline":"Versi\u00f3n de las declaraciones Fiscal General , Mario Iguar\u00e1n Arana","datePublished":"2008-07-07T21:51:46+00:00","dateModified":"2012-06-06T19:26:31+00:00","mainEntityOfPage":{"@id":"https:\/\/www.fiscalia.gov.co\/colombia\/noticias\/version-de-las-declaraciones-fiscal-general-mario-iiguaran-arana-2\/"},"wordCount":872,"commentCount":0,"publisher":{"@id":"https:\/\/www.fiscalia.gov.co\/colombia\/#organization"},"keywords":["Bogot\u00e1"],"articleSection":["Noticias"],"inLanguage":"es-CO","potentialAction":[{"@type":"CommentAction","name":"Comment","target":["https:\/\/www.fiscalia.gov.co\/colombia\/noticias\/version-de-las-declaraciones-fiscal-general-mario-iiguaran-arana-2\/#respond"]}]},{"@type":"WebPage","@id":"https:\/\/www.fiscalia.gov.co\/colombia\/noticias\/version-de-las-declaraciones-fiscal-general-mario-iiguaran-arana-2\/","url":"https:\/\/www.fiscalia.gov.co\/colombia\/noticias\/version-de-las-declaraciones-fiscal-general-mario-iiguaran-arana-2\/","name":"Fiscal\u00eda General de la Naci\u00f3n","isPartOf":{"@id":"https:\/\/www.fiscalia.gov.co\/colombia\/#website"},"datePublished":"2008-07-07T21:51:46+00:00","dateModified":"2012-06-06T19:26:31+00:00","description":"P\u00e1gina oficial de la Fiscal\u00eda General de la Naci\u00f3n \u2013 Colombia. Garantizamos el acceso efectivo a la justicia, la verdad y la reparaci\u00f3n de las v\u00edctimas de los delitos.","breadcrumb":{"@id":"https:\/\/www.fiscalia.gov.co\/colombia\/noticias\/version-de-las-declaraciones-fiscal-general-mario-iiguaran-arana-2\/#breadcrumb"},"inLanguage":"es-CO","potentialAction":[{"@type":"ReadAction","target":["https:\/\/www.fiscalia.gov.co\/colombia\/noticias\/version-de-las-declaraciones-fiscal-general-mario-iiguaran-arana-2\/"]}]},{"@type":"BreadcrumbList","@id":"https:\/\/www.fiscalia.gov.co\/colombia\/noticias\/version-de-las-declaraciones-fiscal-general-mario-iiguaran-arana-2\/#breadcrumb","itemListElement":[{"@type":"ListItem","position":1,"name":"Home","item":"https:\/\/www.fiscalia.gov.co\/colombia\/"},{"@type":"ListItem","position":2,"name":"Versi\u00f3n de las declaraciones Fiscal General , Mario Iguar\u00e1n Arana"}]},{"@type":"WebSite","@id":"https:\/\/www.fiscalia.gov.co\/colombia\/#website","url":"https:\/\/www.fiscalia.gov.co\/colombia\/","name":"Fiscal\u00eda General de la Naci\u00f3n","description":"P\u00e1gina oficial de la Fiscal\u00eda General de la Naci\u00f3n \u2013 Colombia. Garantizamos el acceso efectivo a la justicia, la verdad y la reparaci\u00f3n de las v\u00edctimas de los delitos.","publisher":{"@id":"https:\/\/www.fiscalia.gov.co\/colombia\/#organization"},"potentialAction":[{"@type":"SearchAction","target":{"@type":"EntryPoint","urlTemplate":"https:\/\/www.fiscalia.gov.co\/colombia\/?s={search_term_string}"},"query-input":{"@type":"PropertyValueSpecification","valueRequired":true,"valueName":"search_term_string"}}],"inLanguage":"es-CO"},{"@type":"Organization","@id":"https:\/\/www.fiscalia.gov.co\/colombia\/#organization","name":"Fiscal\u00eda General de la Naci\u00f3n","url":"https:\/\/www.fiscalia.gov.co\/colombia\/","logo":{"@type":"ImageObject","inLanguage":"es-CO","@id":"https:\/\/www.fiscalia.gov.co\/colombia\/#\/schema\/logo\/image\/","url":"https:\/\/www.fiscalia.gov.co\/colombia\/wp-content\/uploads\/LogoHorizontal_1.jpg","contentUrl":"https:\/\/www.fiscalia.gov.co\/colombia\/wp-content\/uploads\/LogoHorizontal_1.jpg","width":300,"height":90,"caption":"Fiscal\u00eda General de la Naci\u00f3n"},"image":{"@id":"https:\/\/www.fiscalia.gov.co\/colombia\/#\/schema\/logo\/image\/"},"sameAs":["https:\/\/www.facebook.com\/FiscaliaCol","https:\/\/x.com\/FiscaliaCol","https:\/\/www.instagram.com\/fiscaliacol","https:\/\/www.linkedin.com\/company\/fiscalia-general-de-la-naci-n\/","https:\/\/youtube.com\/@fiscaliageneraldelanacion-4668?si=6nN79nyQICPU5iTh"]},{"@type":"Person","@id":"https:\/\/www.fiscalia.gov.co\/colombia\/#\/schema\/person\/3903856a3ce2d54b094c69eb29247895","name":"dfgordillo","image":{"@type":"ImageObject","inLanguage":"es-CO","@id":"https:\/\/www.fiscalia.gov.co\/colombia\/#\/schema\/person\/image\/","url":"https:\/\/secure.gravatar.com\/avatar\/b6356e21c5657c60757fe6fb9493e947?s=96&d=mm&r=g","contentUrl":"https:\/\/secure.gravatar.com\/avatar\/b6356e21c5657c60757fe6fb9493e947?s=96&d=mm&r=g","caption":"dfgordillo"},"sameAs":["dfgordillo"],"url":"https:\/\/www.fiscalia.gov.co\/colombia\/author\/dfgordillo\/"}]}},"_links":{"self":[{"href":"https:\/\/www.fiscalia.gov.co\/colombia\/wp-json\/wp\/v2\/posts\/4689","targetHints":{"allow":["GET"]}}],"collection":[{"href":"https:\/\/www.fiscalia.gov.co\/colombia\/wp-json\/wp\/v2\/posts"}],"about":[{"href":"https:\/\/www.fiscalia.gov.co\/colombia\/wp-json\/wp\/v2\/types\/post"}],"author":[{"embeddable":true,"href":"https:\/\/www.fiscalia.gov.co\/colombia\/wp-json\/wp\/v2\/users\/143"}],"replies":[{"embeddable":true,"href":"https:\/\/www.fiscalia.gov.co\/colombia\/wp-json\/wp\/v2\/comments?post=4689"}],"version-history":[{"count":1,"href":"https:\/\/www.fiscalia.gov.co\/colombia\/wp-json\/wp\/v2\/posts\/4689\/revisions"}],"predecessor-version":[{"id":18903,"href":"https:\/\/www.fiscalia.gov.co\/colombia\/wp-json\/wp\/v2\/posts\/4689\/revisions\/18903"}],"wp:attachment":[{"href":"https:\/\/www.fiscalia.gov.co\/colombia\/wp-json\/wp\/v2\/media?parent=4689"}],"wp:term":[{"taxonomy":"category","embeddable":true,"href":"https:\/\/www.fiscalia.gov.co\/colombia\/wp-json\/wp\/v2\/categories?post=4689"},{"taxonomy":"post_tag","embeddable":true,"href":"https:\/\/www.fiscalia.gov.co\/colombia\/wp-json\/wp\/v2\/tags?post=4689"}],"curies":[{"name":"wp","href":"https:\/\/api.w.org\/{rel}","templated":true}]}}