{"id":45097,"date":"2014-02-13T16:14:15","date_gmt":"2014-02-13T21:14:15","guid":{"rendered":"http:\/\/www.fiscalia.gov.co\/colombia\/?p=45097"},"modified":"2014-02-13T16:14:15","modified_gmt":"2014-02-13T21:14:15","slug":"fiscalia-inicia-investigaciones-por-corrupcion-y-lavado-de-activos-en-jornada-electoral","status":"publish","type":"post","link":"https:\/\/www.fiscalia.gov.co\/colombia\/noticias\/fiscalia-inicia-investigaciones-por-corrupcion-y-lavado-de-activos-en-jornada-electoral\/","title":{"rendered":"Fiscal\u00eda inicia investigaciones por corrupci\u00f3n y lavado de activos en jornada electoral"},"content":{"rendered":"<p>El vicefiscal general de la naci\u00f3n, Jorge Fernando Perdomo, anunci\u00f3 la apertura de investigaciones preliminares por lavado de activos a trav\u00e9s de campa\u00f1as electorales de fachada, para blanquear dinero de las mafias.<\/p>\n<p>Seg\u00fan lo explic\u00f3 el durante el foro &#8220;Proceso y organizaci\u00f3n electoral: autoridades competentes para las elecciones&#8221;, existe un delito ex\u00f3tico en el actual proceso electoral que es el lavado de activos &#8220;la verdad es que nosotros tenemos ya denuncias sobre algunas campa\u00f1as que se consideran campa\u00f1as fachada. Es decir: personas que participan en la contienda electoral gastando unos recursos importantes, no con el objetivo de ganar sino con el objetivo de incorporar, con apariencia de legalidad, dineros que son ilegales al torrente econ\u00f3mico&#8221;.<\/p>\n<p>Tambi\u00e9n anunci\u00f3 que por una denuncia instaurada por el Ministro de la Vivienda, Luis Felipe Henao, se inici\u00f3 una investigaci\u00f3n preliminar en el caso de un candidato que ofreci\u00f3 acceso a programas gratis de vivienda. \u201cNosotros tenemos una denuncia en este momento que estamos tramitando en la Fiscal\u00eda sobre un candidato en un departamento al norte del pa\u00eds, candidato a la C\u00e1mara de Representantes que ofrec\u00eda como promesa electoral la participaci\u00f3n en viviendas gratis\u201d.<\/p>\n<p>As\u00ed mismo, existe otra investigaci\u00f3n de otro aspirante a la C\u00e1mara de Representantes que ofrece kits escolares a sus electores.<\/p>\n<p>El Vicefiscal explic\u00f3 que el delito de fraude al sufragante es diferente al de corrupci\u00f3n al sufragante; mientras el segundo es la compra de votos, el primero es como una estafa o un enga\u00f1o a la persona para que vote de determinada manera prometi\u00e9ndole algo que no le puede cumplir.<\/p>\n<p>Dentro de la labor que adelanta la Fiscal\u00eda con miras a los pr\u00f3ximos comicios electorales, el Vicefiscal explic\u00f3 que de los 11 delitos electorales tipificados en el C\u00f3digo Penal, 8 de ellos tienen pena m\u00ednima prevista por m\u00e1s de cuatro a\u00f1os, privativa de la libertad, lo que permite que en estos casos permite la detenci\u00f3n preventiva como una medida de aseguramiento; adem\u00e1s de otros delitos relacionados como lavado de activos, cohecho, intervenci\u00f3n en pol\u00edtica y prevaricato.<\/p>\n<p>El Vicefiscal dio a conocer que durante la pr\u00f3xima jornada electoral 42 fiscales y 62 investigadores en todo el pa\u00eds estar\u00e1n a cargo de las denuncias, quejas e investigaciones que se originen antes, durante y despu\u00e9s de las elecciones.<\/p>\n<p>____________________________________<\/p>\n<p><strong>Intervenci\u00f3n del Vicefiscal General de la Naci\u00f3n, Jorge Fernando Perdomo Torres<\/strong><\/p>\n[audio:http:\/\/www.fiscalia.gov.co\/colombia\/wp-content\/uploads\/20140213a.mp3|titles=Declaraciones]\n<p><strong><a title=\"Descargar \" href=\"http:\/\/www.fiscalia.gov.co\/colombia\/wp-content\/uploads\/20140213a.mp3\" target=\"_blank\">Descargar<\/a><\/strong><\/p>\n<p>Tema: Panel foro: Proceso y organizaci\u00f3 electoral: autoridades competentes para las elecciones<br \/>\nFecha: \u00a013 de febrero de 2014<br \/>\nLugar: Bogot\u00e1<\/p>\n\n<div class=\"twitter-share\"><a href=\"https:\/\/twitter.com\/intent\/tweet?via=fiscaliacol\" class=\"twitter-share-button\">Tweet<\/a><\/div>\n","protected":false},"excerpt":{"rendered":"<p>El vicefiscal general de la naci\u00f3n, Jorge Fernando Perdomo, anunci\u00f3 la apertura de investigaciones preliminares por lavado de activos a trav\u00e9s de campa\u00f1as electorales de fachada, para blanquear dinero de las mafias. Seg\u00fan lo explic\u00f3 el durante el foro &#8220;Proceso y organizaci\u00f3n electoral: autoridades competentes para las elecciones&#8221;, existe un delito ex\u00f3tico en el actual [&hellip;]<\/p>\n","protected":false},"author":143,"featured_media":0,"comment_status":"closed","ping_status":"open","sticky":false,"template":"","format":"standard","meta":{"_price":"","_stock":"","_tribe_ticket_header":"","_tribe_default_ticket_provider":"","_tribe_ticket_capacity":"0","_ticket_start_date":"","_ticket_end_date":"","_tribe_ticket_show_description":"","_tribe_ticket_show_not_going":false,"_tribe_ticket_use_global_stock":"","_tribe_ticket_global_stock_level":"","_global_stock_mode":"","_global_stock_cap":"","_tribe_rsvp_for_event":"","_tribe_ticket_going_count":"","_tribe_ticket_not_going_count":"","_tribe_tickets_list":"[]","_tribe_ticket_has_attendee_info_fields":false,"tdm_status":"","tdm_grid_status":"","footnotes":""},"categories":[1],"tags":[23963,23912],"class_list":{"0":"post-45097","1":"post","2":"type-post","3":"status-publish","4":"format-standard","6":"category-noticias","7":"tag-jorge-fernando-perdomo-torres","8":"tag-vicefiscal-general-de-la-nacion"},"yoast_head":"<!-- This site is optimized with the Yoast SEO plugin v24.3 - https:\/\/yoast.com\/wordpress\/plugins\/seo\/ -->\n<title>Fiscal\u00eda General de la Naci\u00f3n<\/title>\n<meta name=\"description\" content=\"P\u00e1gina oficial de la Fiscal\u00eda General de la Naci\u00f3n \u2013 Colombia. Garantizamos el acceso efectivo a la justicia, la verdad y la reparaci\u00f3n de las v\u00edctimas de los delitos.\" \/>\n<meta name=\"robots\" content=\"noindex, follow\" \/>\n<meta property=\"og:locale\" content=\"es_ES\" \/>\n<meta property=\"og:type\" content=\"article\" \/>\n<meta property=\"og:title\" content=\"Fiscal\u00eda General de la Naci\u00f3n\" \/>\n<meta property=\"og:description\" content=\"P\u00e1gina oficial de la Fiscal\u00eda General de la Naci\u00f3n \u2013 Colombia. Garantizamos el acceso efectivo a la justicia, la verdad y la reparaci\u00f3n de las v\u00edctimas de los delitos.\" \/>\n<meta property=\"og:url\" content=\"https:\/\/www.fiscalia.gov.co\/colombia\/noticias\/fiscalia-inicia-investigaciones-por-corrupcion-y-lavado-de-activos-en-jornada-electoral\/\" \/>\n<meta property=\"og:site_name\" content=\"Fiscal\u00eda General de la Naci\u00f3n\" \/>\n<meta property=\"article:publisher\" content=\"https:\/\/www.facebook.com\/FiscaliaCol\" \/>\n<meta property=\"article:published_time\" content=\"2014-02-13T21:14:15+00:00\" \/>\n<meta name=\"author\" content=\"dfgordillo\" \/>\n<meta name=\"twitter:card\" content=\"summary_large_image\" \/>\n<meta name=\"twitter:creator\" content=\"@FiscaliaCol\" \/>\n<meta name=\"twitter:site\" content=\"@FiscaliaCol\" \/>\n<meta name=\"twitter:label1\" content=\"Escrito por\" \/>\n\t<meta name=\"twitter:data1\" content=\"dfgordillo\" \/>\n\t<meta name=\"twitter:label2\" content=\"Tiempo de lectura\" \/>\n\t<meta name=\"twitter:data2\" content=\"2 minutos\" \/>\n<script type=\"application\/ld+json\" class=\"yoast-schema-graph\">{\"@context\":\"https:\/\/schema.org\",\"@graph\":[{\"@type\":\"Article\",\"@id\":\"https:\/\/www.fiscalia.gov.co\/colombia\/noticias\/fiscalia-inicia-investigaciones-por-corrupcion-y-lavado-de-activos-en-jornada-electoral\/#article\",\"isPartOf\":{\"@id\":\"https:\/\/www.fiscalia.gov.co\/colombia\/noticias\/fiscalia-inicia-investigaciones-por-corrupcion-y-lavado-de-activos-en-jornada-electoral\/\"},\"author\":{\"name\":\"dfgordillo\",\"@id\":\"https:\/\/www.fiscalia.gov.co\/colombia\/#\/schema\/person\/3903856a3ce2d54b094c69eb29247895\"},\"headline\":\"Fiscal\u00eda inicia investigaciones por corrupci\u00f3n y lavado de activos en jornada electoral\",\"datePublished\":\"2014-02-13T21:14:15+00:00\",\"dateModified\":\"2014-02-13T21:14:15+00:00\",\"mainEntityOfPage\":{\"@id\":\"https:\/\/www.fiscalia.gov.co\/colombia\/noticias\/fiscalia-inicia-investigaciones-por-corrupcion-y-lavado-de-activos-en-jornada-electoral\/\"},\"wordCount\":464,\"publisher\":{\"@id\":\"https:\/\/www.fiscalia.gov.co\/colombia\/#organization\"},\"keywords\":[\"Jorge Fernando Perdomo Torres\",\"Vicefiscal General de la Naci\u00f3n\"],\"articleSection\":[\"Noticias\"],\"inLanguage\":\"es-CO\"},{\"@type\":\"WebPage\",\"@id\":\"https:\/\/www.fiscalia.gov.co\/colombia\/noticias\/fiscalia-inicia-investigaciones-por-corrupcion-y-lavado-de-activos-en-jornada-electoral\/\",\"url\":\"https:\/\/www.fiscalia.gov.co\/colombia\/noticias\/fiscalia-inicia-investigaciones-por-corrupcion-y-lavado-de-activos-en-jornada-electoral\/\",\"name\":\"Fiscal\u00eda General de la Naci\u00f3n\",\"isPartOf\":{\"@id\":\"https:\/\/www.fiscalia.gov.co\/colombia\/#website\"},\"datePublished\":\"2014-02-13T21:14:15+00:00\",\"dateModified\":\"2014-02-13T21:14:15+00:00\",\"description\":\"P\u00e1gina oficial de la Fiscal\u00eda General de la Naci\u00f3n \u2013 Colombia. Garantizamos el acceso efectivo a la justicia, la verdad y la reparaci\u00f3n de las v\u00edctimas de los delitos.\",\"breadcrumb\":{\"@id\":\"https:\/\/www.fiscalia.gov.co\/colombia\/noticias\/fiscalia-inicia-investigaciones-por-corrupcion-y-lavado-de-activos-en-jornada-electoral\/#breadcrumb\"},\"inLanguage\":\"es-CO\",\"potentialAction\":[{\"@type\":\"ReadAction\",\"target\":[\"https:\/\/www.fiscalia.gov.co\/colombia\/noticias\/fiscalia-inicia-investigaciones-por-corrupcion-y-lavado-de-activos-en-jornada-electoral\/\"]}]},{\"@type\":\"BreadcrumbList\",\"@id\":\"https:\/\/www.fiscalia.gov.co\/colombia\/noticias\/fiscalia-inicia-investigaciones-por-corrupcion-y-lavado-de-activos-en-jornada-electoral\/#breadcrumb\",\"itemListElement\":[{\"@type\":\"ListItem\",\"position\":1,\"name\":\"Home\",\"item\":\"https:\/\/www.fiscalia.gov.co\/colombia\/\"},{\"@type\":\"ListItem\",\"position\":2,\"name\":\"Fiscal\u00eda inicia investigaciones por corrupci\u00f3n y lavado de activos en jornada electoral\"}]},{\"@type\":\"WebSite\",\"@id\":\"https:\/\/www.fiscalia.gov.co\/colombia\/#website\",\"url\":\"https:\/\/www.fiscalia.gov.co\/colombia\/\",\"name\":\"Fiscal\u00eda General de la Naci\u00f3n\",\"description\":\"P\u00e1gina oficial de la Fiscal\u00eda General de la Naci\u00f3n \u2013 Colombia. Garantizamos el acceso efectivo a la justicia, la verdad y la reparaci\u00f3n de las v\u00edctimas de los delitos.\",\"publisher\":{\"@id\":\"https:\/\/www.fiscalia.gov.co\/colombia\/#organization\"},\"potentialAction\":[{\"@type\":\"SearchAction\",\"target\":{\"@type\":\"EntryPoint\",\"urlTemplate\":\"https:\/\/www.fiscalia.gov.co\/colombia\/?s={search_term_string}\"},\"query-input\":{\"@type\":\"PropertyValueSpecification\",\"valueRequired\":true,\"valueName\":\"search_term_string\"}}],\"inLanguage\":\"es-CO\"},{\"@type\":\"Organization\",\"@id\":\"https:\/\/www.fiscalia.gov.co\/colombia\/#organization\",\"name\":\"Fiscal\u00eda General de la Naci\u00f3n\",\"url\":\"https:\/\/www.fiscalia.gov.co\/colombia\/\",\"logo\":{\"@type\":\"ImageObject\",\"inLanguage\":\"es-CO\",\"@id\":\"https:\/\/www.fiscalia.gov.co\/colombia\/#\/schema\/logo\/image\/\",\"url\":\"https:\/\/www.fiscalia.gov.co\/colombia\/wp-content\/uploads\/LogoHorizontal_1.jpg\",\"contentUrl\":\"https:\/\/www.fiscalia.gov.co\/colombia\/wp-content\/uploads\/LogoHorizontal_1.jpg\",\"width\":300,\"height\":90,\"caption\":\"Fiscal\u00eda General de la Naci\u00f3n\"},\"image\":{\"@id\":\"https:\/\/www.fiscalia.gov.co\/colombia\/#\/schema\/logo\/image\/\"},\"sameAs\":[\"https:\/\/www.facebook.com\/FiscaliaCol\",\"https:\/\/x.com\/FiscaliaCol\",\"https:\/\/www.instagram.com\/fiscaliacol\",\"https:\/\/www.linkedin.com\/company\/fiscalia-general-de-la-naci-n\/\",\"https:\/\/youtube.com\/@fiscaliageneraldelanacion-4668?si=6nN79nyQICPU5iTh\"]},{\"@type\":\"Person\",\"@id\":\"https:\/\/www.fiscalia.gov.co\/colombia\/#\/schema\/person\/3903856a3ce2d54b094c69eb29247895\",\"name\":\"dfgordillo\",\"image\":{\"@type\":\"ImageObject\",\"inLanguage\":\"es-CO\",\"@id\":\"https:\/\/www.fiscalia.gov.co\/colombia\/#\/schema\/person\/image\/\",\"url\":\"https:\/\/secure.gravatar.com\/avatar\/b6356e21c5657c60757fe6fb9493e947?s=96&d=mm&r=g\",\"contentUrl\":\"https:\/\/secure.gravatar.com\/avatar\/b6356e21c5657c60757fe6fb9493e947?s=96&d=mm&r=g\",\"caption\":\"dfgordillo\"},\"sameAs\":[\"dfgordillo\"],\"url\":\"https:\/\/www.fiscalia.gov.co\/colombia\/author\/dfgordillo\/\"}]}<\/script>\n<!-- \/ Yoast SEO plugin. -->","yoast_head_json":{"title":"Fiscal\u00eda General de la Naci\u00f3n","description":"P\u00e1gina oficial de la Fiscal\u00eda General de la Naci\u00f3n \u2013 Colombia. Garantizamos el acceso efectivo a la justicia, la verdad y la reparaci\u00f3n de las v\u00edctimas de los delitos.","robots":{"index":"noindex","follow":"follow"},"og_locale":"es_ES","og_type":"article","og_title":"Fiscal\u00eda General de la Naci\u00f3n","og_description":"P\u00e1gina oficial de la Fiscal\u00eda General de la Naci\u00f3n \u2013 Colombia. Garantizamos el acceso efectivo a la justicia, la verdad y la reparaci\u00f3n de las v\u00edctimas de los delitos.","og_url":"https:\/\/www.fiscalia.gov.co\/colombia\/noticias\/fiscalia-inicia-investigaciones-por-corrupcion-y-lavado-de-activos-en-jornada-electoral\/","og_site_name":"Fiscal\u00eda General de la Naci\u00f3n","article_publisher":"https:\/\/www.facebook.com\/FiscaliaCol","article_published_time":"2014-02-13T21:14:15+00:00","author":"dfgordillo","twitter_card":"summary_large_image","twitter_creator":"@FiscaliaCol","twitter_site":"@FiscaliaCol","twitter_misc":{"Escrito por":"dfgordillo","Tiempo de lectura":"2 minutos"},"schema":{"@context":"https:\/\/schema.org","@graph":[{"@type":"Article","@id":"https:\/\/www.fiscalia.gov.co\/colombia\/noticias\/fiscalia-inicia-investigaciones-por-corrupcion-y-lavado-de-activos-en-jornada-electoral\/#article","isPartOf":{"@id":"https:\/\/www.fiscalia.gov.co\/colombia\/noticias\/fiscalia-inicia-investigaciones-por-corrupcion-y-lavado-de-activos-en-jornada-electoral\/"},"author":{"name":"dfgordillo","@id":"https:\/\/www.fiscalia.gov.co\/colombia\/#\/schema\/person\/3903856a3ce2d54b094c69eb29247895"},"headline":"Fiscal\u00eda inicia investigaciones por corrupci\u00f3n y lavado de activos en jornada electoral","datePublished":"2014-02-13T21:14:15+00:00","dateModified":"2014-02-13T21:14:15+00:00","mainEntityOfPage":{"@id":"https:\/\/www.fiscalia.gov.co\/colombia\/noticias\/fiscalia-inicia-investigaciones-por-corrupcion-y-lavado-de-activos-en-jornada-electoral\/"},"wordCount":464,"publisher":{"@id":"https:\/\/www.fiscalia.gov.co\/colombia\/#organization"},"keywords":["Jorge Fernando Perdomo Torres","Vicefiscal General de la Naci\u00f3n"],"articleSection":["Noticias"],"inLanguage":"es-CO"},{"@type":"WebPage","@id":"https:\/\/www.fiscalia.gov.co\/colombia\/noticias\/fiscalia-inicia-investigaciones-por-corrupcion-y-lavado-de-activos-en-jornada-electoral\/","url":"https:\/\/www.fiscalia.gov.co\/colombia\/noticias\/fiscalia-inicia-investigaciones-por-corrupcion-y-lavado-de-activos-en-jornada-electoral\/","name":"Fiscal\u00eda General de la Naci\u00f3n","isPartOf":{"@id":"https:\/\/www.fiscalia.gov.co\/colombia\/#website"},"datePublished":"2014-02-13T21:14:15+00:00","dateModified":"2014-02-13T21:14:15+00:00","description":"P\u00e1gina oficial de la Fiscal\u00eda General de la Naci\u00f3n \u2013 Colombia. Garantizamos el acceso efectivo a la justicia, la verdad y la reparaci\u00f3n de las v\u00edctimas de los delitos.","breadcrumb":{"@id":"https:\/\/www.fiscalia.gov.co\/colombia\/noticias\/fiscalia-inicia-investigaciones-por-corrupcion-y-lavado-de-activos-en-jornada-electoral\/#breadcrumb"},"inLanguage":"es-CO","potentialAction":[{"@type":"ReadAction","target":["https:\/\/www.fiscalia.gov.co\/colombia\/noticias\/fiscalia-inicia-investigaciones-por-corrupcion-y-lavado-de-activos-en-jornada-electoral\/"]}]},{"@type":"BreadcrumbList","@id":"https:\/\/www.fiscalia.gov.co\/colombia\/noticias\/fiscalia-inicia-investigaciones-por-corrupcion-y-lavado-de-activos-en-jornada-electoral\/#breadcrumb","itemListElement":[{"@type":"ListItem","position":1,"name":"Home","item":"https:\/\/www.fiscalia.gov.co\/colombia\/"},{"@type":"ListItem","position":2,"name":"Fiscal\u00eda inicia investigaciones por corrupci\u00f3n y lavado de activos en jornada electoral"}]},{"@type":"WebSite","@id":"https:\/\/www.fiscalia.gov.co\/colombia\/#website","url":"https:\/\/www.fiscalia.gov.co\/colombia\/","name":"Fiscal\u00eda General de la Naci\u00f3n","description":"P\u00e1gina oficial de la Fiscal\u00eda General de la Naci\u00f3n \u2013 Colombia. Garantizamos el acceso efectivo a la justicia, la verdad y la reparaci\u00f3n de las v\u00edctimas de los delitos.","publisher":{"@id":"https:\/\/www.fiscalia.gov.co\/colombia\/#organization"},"potentialAction":[{"@type":"SearchAction","target":{"@type":"EntryPoint","urlTemplate":"https:\/\/www.fiscalia.gov.co\/colombia\/?s={search_term_string}"},"query-input":{"@type":"PropertyValueSpecification","valueRequired":true,"valueName":"search_term_string"}}],"inLanguage":"es-CO"},{"@type":"Organization","@id":"https:\/\/www.fiscalia.gov.co\/colombia\/#organization","name":"Fiscal\u00eda General de la Naci\u00f3n","url":"https:\/\/www.fiscalia.gov.co\/colombia\/","logo":{"@type":"ImageObject","inLanguage":"es-CO","@id":"https:\/\/www.fiscalia.gov.co\/colombia\/#\/schema\/logo\/image\/","url":"https:\/\/www.fiscalia.gov.co\/colombia\/wp-content\/uploads\/LogoHorizontal_1.jpg","contentUrl":"https:\/\/www.fiscalia.gov.co\/colombia\/wp-content\/uploads\/LogoHorizontal_1.jpg","width":300,"height":90,"caption":"Fiscal\u00eda General de la Naci\u00f3n"},"image":{"@id":"https:\/\/www.fiscalia.gov.co\/colombia\/#\/schema\/logo\/image\/"},"sameAs":["https:\/\/www.facebook.com\/FiscaliaCol","https:\/\/x.com\/FiscaliaCol","https:\/\/www.instagram.com\/fiscaliacol","https:\/\/www.linkedin.com\/company\/fiscalia-general-de-la-naci-n\/","https:\/\/youtube.com\/@fiscaliageneraldelanacion-4668?si=6nN79nyQICPU5iTh"]},{"@type":"Person","@id":"https:\/\/www.fiscalia.gov.co\/colombia\/#\/schema\/person\/3903856a3ce2d54b094c69eb29247895","name":"dfgordillo","image":{"@type":"ImageObject","inLanguage":"es-CO","@id":"https:\/\/www.fiscalia.gov.co\/colombia\/#\/schema\/person\/image\/","url":"https:\/\/secure.gravatar.com\/avatar\/b6356e21c5657c60757fe6fb9493e947?s=96&d=mm&r=g","contentUrl":"https:\/\/secure.gravatar.com\/avatar\/b6356e21c5657c60757fe6fb9493e947?s=96&d=mm&r=g","caption":"dfgordillo"},"sameAs":["dfgordillo"],"url":"https:\/\/www.fiscalia.gov.co\/colombia\/author\/dfgordillo\/"}]}},"_links":{"self":[{"href":"https:\/\/www.fiscalia.gov.co\/colombia\/wp-json\/wp\/v2\/posts\/45097","targetHints":{"allow":["GET"]}}],"collection":[{"href":"https:\/\/www.fiscalia.gov.co\/colombia\/wp-json\/wp\/v2\/posts"}],"about":[{"href":"https:\/\/www.fiscalia.gov.co\/colombia\/wp-json\/wp\/v2\/types\/post"}],"author":[{"embeddable":true,"href":"https:\/\/www.fiscalia.gov.co\/colombia\/wp-json\/wp\/v2\/users\/143"}],"replies":[{"embeddable":true,"href":"https:\/\/www.fiscalia.gov.co\/colombia\/wp-json\/wp\/v2\/comments?post=45097"}],"version-history":[{"count":1,"href":"https:\/\/www.fiscalia.gov.co\/colombia\/wp-json\/wp\/v2\/posts\/45097\/revisions"}],"predecessor-version":[{"id":45101,"href":"https:\/\/www.fiscalia.gov.co\/colombia\/wp-json\/wp\/v2\/posts\/45097\/revisions\/45101"}],"wp:attachment":[{"href":"https:\/\/www.fiscalia.gov.co\/colombia\/wp-json\/wp\/v2\/media?parent=45097"}],"wp:term":[{"taxonomy":"category","embeddable":true,"href":"https:\/\/www.fiscalia.gov.co\/colombia\/wp-json\/wp\/v2\/categories?post=45097"},{"taxonomy":"post_tag","embeddable":true,"href":"https:\/\/www.fiscalia.gov.co\/colombia\/wp-json\/wp\/v2\/tags?post=45097"}],"curies":[{"name":"wp","href":"https:\/\/api.w.org\/{rel}","templated":true}]}}