{"id":44100,"date":"2014-01-29T15:13:07","date_gmt":"2014-01-29T20:13:07","guid":{"rendered":"http:\/\/www.fiscalia.gov.co\/colombia\/?p=44100"},"modified":"2014-02-03T08:58:56","modified_gmt":"2014-02-03T13:58:56","slug":"fiscalia-delegada-ante-la-corte-pidio-investigar-archivo-de-procesos-contra-gobernador-de-la-guajira-y-otras-cinco-personas","status":"publish","type":"post","link":"https:\/\/www.fiscalia.gov.co\/colombia\/noticias\/fiscalia-delegada-ante-la-corte-pidio-investigar-archivo-de-procesos-contra-gobernador-de-la-guajira-y-otras-cinco-personas\/","title":{"rendered":"Fiscal\u00eda Delegada ante la Corte pidi\u00f3 investigar archivo de procesos contra gobernador de La Guajira y otras cinco personas"},"content":{"rendered":"<p>Un Fiscal Delegado ante la Corte Suprema de Justicia pidi\u00f3 investigar al Fiscal 18 Especializado de la Unidad Nacional de Desaparici\u00f3n y Desplazamiento Forzado y al Fiscal Primero Seccional de Fonseca (La Guajira) por su presunta responsabilidad en el archivo, posiblemente ilegal, del proceso que se adelant\u00f3 por el homicidio de Henry Ustariz Guerra y de Wilfrido Fonseca Pe\u00f1aranda, esposo y escolta (respectivamente) de la exalcaldesa de Barrancas, La Guajira, Yandra Cecilia Brito Carrillo.<\/p>\n<p>Asimismo, la Delegada ante la Corte solicit\u00f3 investigar el retraso, al parecer injustificado, que se present\u00f3 en los tr\u00e1mites administrativos para remitir el proceso a las fiscal\u00edas designadas en su momento por el Fiscal General de la Naci\u00f3n, a trav\u00e9s de diferentes resoluciones.<\/p>\n<p>El caso se relaciona con hechos ocurridos el 2 de abril de 2008, hacia las 11 de la ma\u00f1ana, en la v\u00eda nacional que comunica al municipio de Fonseca con Barrancas (La Guajira), donde fueron encontradas en un veh\u00edculo dos personas muertas que fueron identificadas como Henry Ustariz Guerra, esposo de Yandra Cecilia Brito Carrillo, para ese momento exalcaldesa del municipio de Barrancas, y afuera del automotor el cuerpo sin vida de Wilfrido Fonseca Pe\u00f1aranda, escolta de la exmandataria.<\/p>\n<p>Seg\u00fan el informe de la Polic\u00eda Nacional en ese momento, el veh\u00edculo en el que se transportaban fue objeto de un atentado por parte de cuatro personas que se encontraban a bordo de una camioneta de color azul con placas colombianas, quienes en la carretera los atacaron indiscriminadamente con m\u00faltiples disparos de armas de fuego de largo alcance tipo fusil.<\/p>\n<p>Horas m\u00e1s tarde fue hallado en una trocha, incinerado, el veh\u00edculo en el que se transportaban los atacantes.<\/p>\n<p>El 8 de julio de 2008, la se\u00f1ora Yandra Cecilia Brito present\u00f3 denuncia ante el Director Seccional del CTI de Riohacha en la cual se\u00f1al\u00f3 como autor intelectual de la muerte de su esposo, Henry Ustariz Guerra, al se\u00f1or Juan Francisco G\u00f3mez Cerchar, alias Kiko G\u00f3mez, quien adem\u00e1s, seg\u00fan ella, cont\u00f3 con la colaboraci\u00f3n de otras personas entre ellas Marcos Figueroa Garc\u00eda.<\/p>\n<p>El 29 de diciembre de 2008, el proceso fue asignado especialmente a un Fiscal Delegado ante Jueces Penales del Circuito adscrito a la Direcci\u00f3n Seccional de Fiscal\u00edas de Bogot\u00e1, posteriormente fue asignado a la Fiscal\u00eda para Asuntos Humanitarios de Santa Marta.<\/p>\n<p>El 6 de enero de 2011 el Fiscal de Santa Marta dispuso el archivo de las diligencias a favor del se\u00f1or Juan Francisco G\u00f3mez Cerchar y en esa misma decisi\u00f3n decret\u00f3 la compulsa de piezas procesales con destino a la Unidad de Fiscal\u00eda Delegada ante los Juzgados Penales del Circuito con sede en Fonseca (La Guajira), para que se continuara la indagaci\u00f3n contra los otros part\u00edcipes del hecho, aduciendo como fundamento de ello, la supresi\u00f3n de la Unidad de Fiscal\u00eda Delegada para Asuntos Humanitarios y la creaci\u00f3n de la Unidad Nacional de Fiscal\u00edas contra Delitos de Desaparici\u00f3n y Desplazamiento Forzado.<\/p>\n<p>Posteriormente (dos a\u00f1os despu\u00e9s) el 28 de enero de 2013, el entonces Fiscal Primero Seccional de Fonseca (La Guajira), quien hab\u00eda recibido la investigaci\u00f3n desde Santa Marta, orden\u00f3 el archivo de las diligencias a favor de Marcos Figueroa y los dem\u00e1s implicados.<\/p>\n<p>Tras un an\u00e1lisis del transcurrir del proceso la <span style=\"text-decoration: underline;\">Unidad Delegada ante la Corte Suprema de Justicia orden\u00f3 reabrir la investigaci\u00f3n considerando que el archivo, al parecer, fue contrario a la ley<\/span>, ya que al tomar la decisi\u00f3n a\u00fan no hab\u00eda llegado un informe de Polic\u00eda Judicial sobre la posible participaci\u00f3n de otras personas en el crimen y <span style=\"text-decoration: underline;\">pidi\u00f3 a la Direcci\u00f3n Nacional de Fiscal\u00edas investigar al Fiscal Especializado de la Unidad para Asuntos Humanitarios<\/span>, ahora Fiscal 18 de la Unidad Nacional contra los Delitos de Desaparici\u00f3n y Desplazamiento Forzados.<\/p>\n<p>Sobre el proceso que le correspondi\u00f3 al Fiscal de Fonseca, la evaluaci\u00f3n del proceso resalt\u00f3 que el 18 de julio de 2012 se elabor\u00f3 el programa metodol\u00f3gico y la \u00fanica labor investigativa que se despleg\u00f3 fue tratar de ubicar a la esposa de Henry Ustariz Guerra, pero la se\u00f1ora Yandra Cecilia Brito fue asesinada el 28 de agosto del mismo a\u00f1o, y sin realizar ninguna otra diligencia, el 28 de enero de 2013 se dispuso el archivo a favor de Marcos Figueroa y los dem\u00e1s.<\/p>\n<p>Igualmente el Fiscal Primero Seccional de Fonseca que conoci\u00f3 el caso archiv\u00f3 el proceso al considerar que seg\u00fan la ley ya hab\u00edan pasado los dos a\u00f1os que ten\u00eda para tomar decisiones sobre la investigaci\u00f3n, cuando seg\u00fan la evaluaci\u00f3n realizada por la comisi\u00f3n de fiscales de la Delegada ante la Corte Suprema de Justicia, por el n\u00famero de v\u00edctimas y las armas utilizadas, los t\u00e9rminos son de 5 a\u00f1os. En consecuencia, <span style=\"text-decoration: underline;\">la Delegada ante la Corte tambi\u00e9n solicit\u00f3 investigar al Fiscal de Fonseca<\/span> (La Guajira).<\/p>\n<p>Por otra parte y dadas las situaciones establecidas,\u00a0la Delegada ante la Corte envi\u00f3 copias penales y disciplinarias para que se investigue la causa en la mora en el tr\u00e1mite administrativo del env\u00edo del proceso desde la Fiscal\u00eda de Fonseca a la Direcci\u00f3n Seccional de Fiscal\u00edas de Bogot\u00e1.<\/p>\n<p>Igualmente solicit\u00f3 investigar la causa en la mora en el tr\u00e1mite administrativo de la remisi\u00f3n de la carpeta de la Fiscal\u00eda Trece Seccional adscrita a la Direcci\u00f3n Seccional de Fiscal\u00edas de Bogot\u00e1 hacia la Unidad para Asuntos Humanitarios en Santa Marta.<\/p>\n<p>Al desarchivar la investigaci\u00f3n, la comisi\u00f3n de fiscales, por razones del fuero constitucional, orden\u00f3 adjuntar el proceso por el homicidio de Henry Ustariz Guerra en contra del gobernador de La Guajira, Juan Francisco G\u00f3mez Cerchar, al proceso que adelanta en su contra una Fiscal\u00eda Delegada ante la Corte, por la muerte de la exalcaldesa de Barrancas, Yandra Cecilia Brito Carrillo; esto en raz\u00f3n del debido proceso, para evitar as\u00ed realizar dos investigaciones en contra del burgomaestre por los mismos hechos.<\/p>\n<p>Respecto de Marcos Figueroa Garc\u00eda y los dem\u00e1s presuntos part\u00edcipes del homicidio, la comisi\u00f3n de fiscales envi\u00f3 copias con destino a la Unidad Nacional contra las Bandas Emergentes (Bacrim) de la Fiscal\u00eda General de la Naci\u00f3n.<\/p>\n\n<div class=\"twitter-share\"><a href=\"https:\/\/twitter.com\/intent\/tweet?via=fiscaliacol\" class=\"twitter-share-button\">Tweet<\/a><\/div>\n","protected":false},"excerpt":{"rendered":"<p>Un Fiscal Delegado ante la Corte Suprema de Justicia pidi\u00f3 investigar al Fiscal 18 Especializado de la Unidad Nacional de Desaparici\u00f3n y Desplazamiento Forzado y al Fiscal Primero Seccional de Fonseca (La Guajira) por su presunta responsabilidad en el archivo, posiblemente ilegal, del proceso que se adelant\u00f3 por el homicidio de Henry Ustariz Guerra y [&hellip;]<\/p>\n","protected":false},"author":143,"featured_media":0,"comment_status":"closed","ping_status":"open","sticky":false,"template":"","format":"standard","meta":{"_price":"","_stock":"","_tribe_ticket_header":"","_tribe_default_ticket_provider":"","_tribe_ticket_capacity":"0","_ticket_start_date":"","_ticket_end_date":"","_tribe_ticket_show_description":"","_tribe_ticket_show_not_going":false,"_tribe_ticket_use_global_stock":"","_tribe_ticket_global_stock_level":"","_global_stock_mode":"","_global_stock_cap":"","_tribe_rsvp_for_event":"","_tribe_ticket_going_count":"","_tribe_ticket_not_going_count":"","_tribe_tickets_list":"[]","_tribe_ticket_has_attendee_info_fields":false,"tdm_status":"","tdm_grid_status":"","footnotes":""},"categories":[1],"tags":[520],"class_list":{"0":"post-44100","1":"post","2":"type-post","3":"status-publish","4":"format-standard","6":"category-noticias","7":"tag-unidad-delegada-ante-la-corte-suprema-de-justicia"},"yoast_head":"<!-- This site is optimized with the Yoast SEO plugin v24.3 - https:\/\/yoast.com\/wordpress\/plugins\/seo\/ -->\n<title>Fiscal\u00eda General de la Naci\u00f3n<\/title>\n<meta name=\"description\" content=\"P\u00e1gina oficial de la Fiscal\u00eda General de la Naci\u00f3n \u2013 Colombia. Garantizamos el acceso efectivo a la justicia, la verdad y la reparaci\u00f3n de las v\u00edctimas de los delitos.\" \/>\n<meta name=\"robots\" content=\"noindex, follow\" \/>\n<meta property=\"og:locale\" content=\"es_ES\" \/>\n<meta property=\"og:type\" content=\"article\" \/>\n<meta property=\"og:title\" content=\"Fiscal\u00eda General de la Naci\u00f3n\" \/>\n<meta property=\"og:description\" content=\"P\u00e1gina oficial de la Fiscal\u00eda General de la Naci\u00f3n \u2013 Colombia. Garantizamos el acceso efectivo a la justicia, la verdad y la reparaci\u00f3n de las v\u00edctimas de los delitos.\" \/>\n<meta property=\"og:url\" content=\"https:\/\/www.fiscalia.gov.co\/colombia\/noticias\/fiscalia-delegada-ante-la-corte-pidio-investigar-archivo-de-procesos-contra-gobernador-de-la-guajira-y-otras-cinco-personas\/\" \/>\n<meta property=\"og:site_name\" content=\"Fiscal\u00eda General de la Naci\u00f3n\" \/>\n<meta property=\"article:publisher\" content=\"https:\/\/www.facebook.com\/FiscaliaCol\" \/>\n<meta property=\"article:published_time\" content=\"2014-01-29T20:13:07+00:00\" \/>\n<meta property=\"article:modified_time\" content=\"2014-02-03T13:58:56+00:00\" \/>\n<meta name=\"author\" content=\"dfgordillo\" \/>\n<meta name=\"twitter:card\" content=\"summary_large_image\" \/>\n<meta name=\"twitter:creator\" content=\"@FiscaliaCol\" \/>\n<meta name=\"twitter:site\" content=\"@FiscaliaCol\" \/>\n<meta name=\"twitter:label1\" content=\"Escrito por\" \/>\n\t<meta name=\"twitter:data1\" content=\"dfgordillo\" \/>\n\t<meta name=\"twitter:label2\" content=\"Tiempo de lectura\" \/>\n\t<meta name=\"twitter:data2\" content=\"5 minutos\" \/>\n<script type=\"application\/ld+json\" class=\"yoast-schema-graph\">{\"@context\":\"https:\/\/schema.org\",\"@graph\":[{\"@type\":\"Article\",\"@id\":\"https:\/\/www.fiscalia.gov.co\/colombia\/noticias\/fiscalia-delegada-ante-la-corte-pidio-investigar-archivo-de-procesos-contra-gobernador-de-la-guajira-y-otras-cinco-personas\/#article\",\"isPartOf\":{\"@id\":\"https:\/\/www.fiscalia.gov.co\/colombia\/noticias\/fiscalia-delegada-ante-la-corte-pidio-investigar-archivo-de-procesos-contra-gobernador-de-la-guajira-y-otras-cinco-personas\/\"},\"author\":{\"name\":\"dfgordillo\",\"@id\":\"https:\/\/www.fiscalia.gov.co\/colombia\/#\/schema\/person\/3903856a3ce2d54b094c69eb29247895\"},\"headline\":\"Fiscal\u00eda Delegada ante la Corte pidi\u00f3 investigar archivo de procesos contra gobernador de La Guajira y otras cinco personas\",\"datePublished\":\"2014-01-29T20:13:07+00:00\",\"dateModified\":\"2014-02-03T13:58:56+00:00\",\"mainEntityOfPage\":{\"@id\":\"https:\/\/www.fiscalia.gov.co\/colombia\/noticias\/fiscalia-delegada-ante-la-corte-pidio-investigar-archivo-de-procesos-contra-gobernador-de-la-guajira-y-otras-cinco-personas\/\"},\"wordCount\":1076,\"publisher\":{\"@id\":\"https:\/\/www.fiscalia.gov.co\/colombia\/#organization\"},\"keywords\":[\"Unidad Delegada ante la Corte Suprema de Justicia\"],\"articleSection\":[\"Noticias\"],\"inLanguage\":\"es-CO\"},{\"@type\":\"WebPage\",\"@id\":\"https:\/\/www.fiscalia.gov.co\/colombia\/noticias\/fiscalia-delegada-ante-la-corte-pidio-investigar-archivo-de-procesos-contra-gobernador-de-la-guajira-y-otras-cinco-personas\/\",\"url\":\"https:\/\/www.fiscalia.gov.co\/colombia\/noticias\/fiscalia-delegada-ante-la-corte-pidio-investigar-archivo-de-procesos-contra-gobernador-de-la-guajira-y-otras-cinco-personas\/\",\"name\":\"Fiscal\u00eda General de la Naci\u00f3n\",\"isPartOf\":{\"@id\":\"https:\/\/www.fiscalia.gov.co\/colombia\/#website\"},\"datePublished\":\"2014-01-29T20:13:07+00:00\",\"dateModified\":\"2014-02-03T13:58:56+00:00\",\"description\":\"P\u00e1gina oficial de la Fiscal\u00eda General de la Naci\u00f3n \u2013 Colombia. Garantizamos el acceso efectivo a la justicia, la verdad y la reparaci\u00f3n de las v\u00edctimas de los delitos.\",\"breadcrumb\":{\"@id\":\"https:\/\/www.fiscalia.gov.co\/colombia\/noticias\/fiscalia-delegada-ante-la-corte-pidio-investigar-archivo-de-procesos-contra-gobernador-de-la-guajira-y-otras-cinco-personas\/#breadcrumb\"},\"inLanguage\":\"es-CO\",\"potentialAction\":[{\"@type\":\"ReadAction\",\"target\":[\"https:\/\/www.fiscalia.gov.co\/colombia\/noticias\/fiscalia-delegada-ante-la-corte-pidio-investigar-archivo-de-procesos-contra-gobernador-de-la-guajira-y-otras-cinco-personas\/\"]}]},{\"@type\":\"BreadcrumbList\",\"@id\":\"https:\/\/www.fiscalia.gov.co\/colombia\/noticias\/fiscalia-delegada-ante-la-corte-pidio-investigar-archivo-de-procesos-contra-gobernador-de-la-guajira-y-otras-cinco-personas\/#breadcrumb\",\"itemListElement\":[{\"@type\":\"ListItem\",\"position\":1,\"name\":\"Home\",\"item\":\"https:\/\/www.fiscalia.gov.co\/colombia\/\"},{\"@type\":\"ListItem\",\"position\":2,\"name\":\"Fiscal\u00eda Delegada ante la Corte pidi\u00f3 investigar archivo de procesos contra gobernador de La Guajira y otras cinco personas\"}]},{\"@type\":\"WebSite\",\"@id\":\"https:\/\/www.fiscalia.gov.co\/colombia\/#website\",\"url\":\"https:\/\/www.fiscalia.gov.co\/colombia\/\",\"name\":\"Fiscal\u00eda General de la Naci\u00f3n\",\"description\":\"P\u00e1gina oficial de la Fiscal\u00eda General de la Naci\u00f3n \u2013 Colombia. Garantizamos el acceso efectivo a la justicia, la verdad y la reparaci\u00f3n de las v\u00edctimas de los delitos.\",\"publisher\":{\"@id\":\"https:\/\/www.fiscalia.gov.co\/colombia\/#organization\"},\"potentialAction\":[{\"@type\":\"SearchAction\",\"target\":{\"@type\":\"EntryPoint\",\"urlTemplate\":\"https:\/\/www.fiscalia.gov.co\/colombia\/?s={search_term_string}\"},\"query-input\":{\"@type\":\"PropertyValueSpecification\",\"valueRequired\":true,\"valueName\":\"search_term_string\"}}],\"inLanguage\":\"es-CO\"},{\"@type\":\"Organization\",\"@id\":\"https:\/\/www.fiscalia.gov.co\/colombia\/#organization\",\"name\":\"Fiscal\u00eda General de la Naci\u00f3n\",\"url\":\"https:\/\/www.fiscalia.gov.co\/colombia\/\",\"logo\":{\"@type\":\"ImageObject\",\"inLanguage\":\"es-CO\",\"@id\":\"https:\/\/www.fiscalia.gov.co\/colombia\/#\/schema\/logo\/image\/\",\"url\":\"https:\/\/www.fiscalia.gov.co\/colombia\/wp-content\/uploads\/LogoHorizontal_1.jpg\",\"contentUrl\":\"https:\/\/www.fiscalia.gov.co\/colombia\/wp-content\/uploads\/LogoHorizontal_1.jpg\",\"width\":300,\"height\":90,\"caption\":\"Fiscal\u00eda General de la Naci\u00f3n\"},\"image\":{\"@id\":\"https:\/\/www.fiscalia.gov.co\/colombia\/#\/schema\/logo\/image\/\"},\"sameAs\":[\"https:\/\/www.facebook.com\/FiscaliaCol\",\"https:\/\/x.com\/FiscaliaCol\",\"https:\/\/www.instagram.com\/fiscaliacol\",\"https:\/\/www.linkedin.com\/company\/fiscalia-general-de-la-naci-n\/\",\"https:\/\/youtube.com\/@fiscaliageneraldelanacion-4668?si=6nN79nyQICPU5iTh\"]},{\"@type\":\"Person\",\"@id\":\"https:\/\/www.fiscalia.gov.co\/colombia\/#\/schema\/person\/3903856a3ce2d54b094c69eb29247895\",\"name\":\"dfgordillo\",\"image\":{\"@type\":\"ImageObject\",\"inLanguage\":\"es-CO\",\"@id\":\"https:\/\/www.fiscalia.gov.co\/colombia\/#\/schema\/person\/image\/\",\"url\":\"https:\/\/secure.gravatar.com\/avatar\/b6356e21c5657c60757fe6fb9493e947?s=96&d=mm&r=g\",\"contentUrl\":\"https:\/\/secure.gravatar.com\/avatar\/b6356e21c5657c60757fe6fb9493e947?s=96&d=mm&r=g\",\"caption\":\"dfgordillo\"},\"sameAs\":[\"dfgordillo\"],\"url\":\"https:\/\/www.fiscalia.gov.co\/colombia\/author\/dfgordillo\/\"}]}<\/script>\n<!-- \/ Yoast SEO plugin. -->","yoast_head_json":{"title":"Fiscal\u00eda General de la Naci\u00f3n","description":"P\u00e1gina oficial de la Fiscal\u00eda General de la Naci\u00f3n \u2013 Colombia. Garantizamos el acceso efectivo a la justicia, la verdad y la reparaci\u00f3n de las v\u00edctimas de los delitos.","robots":{"index":"noindex","follow":"follow"},"og_locale":"es_ES","og_type":"article","og_title":"Fiscal\u00eda General de la Naci\u00f3n","og_description":"P\u00e1gina oficial de la Fiscal\u00eda General de la Naci\u00f3n \u2013 Colombia. Garantizamos el acceso efectivo a la justicia, la verdad y la reparaci\u00f3n de las v\u00edctimas de los delitos.","og_url":"https:\/\/www.fiscalia.gov.co\/colombia\/noticias\/fiscalia-delegada-ante-la-corte-pidio-investigar-archivo-de-procesos-contra-gobernador-de-la-guajira-y-otras-cinco-personas\/","og_site_name":"Fiscal\u00eda General de la Naci\u00f3n","article_publisher":"https:\/\/www.facebook.com\/FiscaliaCol","article_published_time":"2014-01-29T20:13:07+00:00","article_modified_time":"2014-02-03T13:58:56+00:00","author":"dfgordillo","twitter_card":"summary_large_image","twitter_creator":"@FiscaliaCol","twitter_site":"@FiscaliaCol","twitter_misc":{"Escrito por":"dfgordillo","Tiempo de lectura":"5 minutos"},"schema":{"@context":"https:\/\/schema.org","@graph":[{"@type":"Article","@id":"https:\/\/www.fiscalia.gov.co\/colombia\/noticias\/fiscalia-delegada-ante-la-corte-pidio-investigar-archivo-de-procesos-contra-gobernador-de-la-guajira-y-otras-cinco-personas\/#article","isPartOf":{"@id":"https:\/\/www.fiscalia.gov.co\/colombia\/noticias\/fiscalia-delegada-ante-la-corte-pidio-investigar-archivo-de-procesos-contra-gobernador-de-la-guajira-y-otras-cinco-personas\/"},"author":{"name":"dfgordillo","@id":"https:\/\/www.fiscalia.gov.co\/colombia\/#\/schema\/person\/3903856a3ce2d54b094c69eb29247895"},"headline":"Fiscal\u00eda Delegada ante la Corte pidi\u00f3 investigar archivo de procesos contra gobernador de La Guajira y otras cinco personas","datePublished":"2014-01-29T20:13:07+00:00","dateModified":"2014-02-03T13:58:56+00:00","mainEntityOfPage":{"@id":"https:\/\/www.fiscalia.gov.co\/colombia\/noticias\/fiscalia-delegada-ante-la-corte-pidio-investigar-archivo-de-procesos-contra-gobernador-de-la-guajira-y-otras-cinco-personas\/"},"wordCount":1076,"publisher":{"@id":"https:\/\/www.fiscalia.gov.co\/colombia\/#organization"},"keywords":["Unidad Delegada ante la Corte Suprema de Justicia"],"articleSection":["Noticias"],"inLanguage":"es-CO"},{"@type":"WebPage","@id":"https:\/\/www.fiscalia.gov.co\/colombia\/noticias\/fiscalia-delegada-ante-la-corte-pidio-investigar-archivo-de-procesos-contra-gobernador-de-la-guajira-y-otras-cinco-personas\/","url":"https:\/\/www.fiscalia.gov.co\/colombia\/noticias\/fiscalia-delegada-ante-la-corte-pidio-investigar-archivo-de-procesos-contra-gobernador-de-la-guajira-y-otras-cinco-personas\/","name":"Fiscal\u00eda General de la Naci\u00f3n","isPartOf":{"@id":"https:\/\/www.fiscalia.gov.co\/colombia\/#website"},"datePublished":"2014-01-29T20:13:07+00:00","dateModified":"2014-02-03T13:58:56+00:00","description":"P\u00e1gina oficial de la Fiscal\u00eda General de la Naci\u00f3n \u2013 Colombia. Garantizamos el acceso efectivo a la justicia, la verdad y la reparaci\u00f3n de las v\u00edctimas de los delitos.","breadcrumb":{"@id":"https:\/\/www.fiscalia.gov.co\/colombia\/noticias\/fiscalia-delegada-ante-la-corte-pidio-investigar-archivo-de-procesos-contra-gobernador-de-la-guajira-y-otras-cinco-personas\/#breadcrumb"},"inLanguage":"es-CO","potentialAction":[{"@type":"ReadAction","target":["https:\/\/www.fiscalia.gov.co\/colombia\/noticias\/fiscalia-delegada-ante-la-corte-pidio-investigar-archivo-de-procesos-contra-gobernador-de-la-guajira-y-otras-cinco-personas\/"]}]},{"@type":"BreadcrumbList","@id":"https:\/\/www.fiscalia.gov.co\/colombia\/noticias\/fiscalia-delegada-ante-la-corte-pidio-investigar-archivo-de-procesos-contra-gobernador-de-la-guajira-y-otras-cinco-personas\/#breadcrumb","itemListElement":[{"@type":"ListItem","position":1,"name":"Home","item":"https:\/\/www.fiscalia.gov.co\/colombia\/"},{"@type":"ListItem","position":2,"name":"Fiscal\u00eda Delegada ante la Corte pidi\u00f3 investigar archivo de procesos contra gobernador de La Guajira y otras cinco personas"}]},{"@type":"WebSite","@id":"https:\/\/www.fiscalia.gov.co\/colombia\/#website","url":"https:\/\/www.fiscalia.gov.co\/colombia\/","name":"Fiscal\u00eda General de la Naci\u00f3n","description":"P\u00e1gina oficial de la Fiscal\u00eda General de la Naci\u00f3n \u2013 Colombia. Garantizamos el acceso efectivo a la justicia, la verdad y la reparaci\u00f3n de las v\u00edctimas de los delitos.","publisher":{"@id":"https:\/\/www.fiscalia.gov.co\/colombia\/#organization"},"potentialAction":[{"@type":"SearchAction","target":{"@type":"EntryPoint","urlTemplate":"https:\/\/www.fiscalia.gov.co\/colombia\/?s={search_term_string}"},"query-input":{"@type":"PropertyValueSpecification","valueRequired":true,"valueName":"search_term_string"}}],"inLanguage":"es-CO"},{"@type":"Organization","@id":"https:\/\/www.fiscalia.gov.co\/colombia\/#organization","name":"Fiscal\u00eda General de la Naci\u00f3n","url":"https:\/\/www.fiscalia.gov.co\/colombia\/","logo":{"@type":"ImageObject","inLanguage":"es-CO","@id":"https:\/\/www.fiscalia.gov.co\/colombia\/#\/schema\/logo\/image\/","url":"https:\/\/www.fiscalia.gov.co\/colombia\/wp-content\/uploads\/LogoHorizontal_1.jpg","contentUrl":"https:\/\/www.fiscalia.gov.co\/colombia\/wp-content\/uploads\/LogoHorizontal_1.jpg","width":300,"height":90,"caption":"Fiscal\u00eda General de la Naci\u00f3n"},"image":{"@id":"https:\/\/www.fiscalia.gov.co\/colombia\/#\/schema\/logo\/image\/"},"sameAs":["https:\/\/www.facebook.com\/FiscaliaCol","https:\/\/x.com\/FiscaliaCol","https:\/\/www.instagram.com\/fiscaliacol","https:\/\/www.linkedin.com\/company\/fiscalia-general-de-la-naci-n\/","https:\/\/youtube.com\/@fiscaliageneraldelanacion-4668?si=6nN79nyQICPU5iTh"]},{"@type":"Person","@id":"https:\/\/www.fiscalia.gov.co\/colombia\/#\/schema\/person\/3903856a3ce2d54b094c69eb29247895","name":"dfgordillo","image":{"@type":"ImageObject","inLanguage":"es-CO","@id":"https:\/\/www.fiscalia.gov.co\/colombia\/#\/schema\/person\/image\/","url":"https:\/\/secure.gravatar.com\/avatar\/b6356e21c5657c60757fe6fb9493e947?s=96&d=mm&r=g","contentUrl":"https:\/\/secure.gravatar.com\/avatar\/b6356e21c5657c60757fe6fb9493e947?s=96&d=mm&r=g","caption":"dfgordillo"},"sameAs":["dfgordillo"],"url":"https:\/\/www.fiscalia.gov.co\/colombia\/author\/dfgordillo\/"}]}},"_links":{"self":[{"href":"https:\/\/www.fiscalia.gov.co\/colombia\/wp-json\/wp\/v2\/posts\/44100","targetHints":{"allow":["GET"]}}],"collection":[{"href":"https:\/\/www.fiscalia.gov.co\/colombia\/wp-json\/wp\/v2\/posts"}],"about":[{"href":"https:\/\/www.fiscalia.gov.co\/colombia\/wp-json\/wp\/v2\/types\/post"}],"author":[{"embeddable":true,"href":"https:\/\/www.fiscalia.gov.co\/colombia\/wp-json\/wp\/v2\/users\/143"}],"replies":[{"embeddable":true,"href":"https:\/\/www.fiscalia.gov.co\/colombia\/wp-json\/wp\/v2\/comments?post=44100"}],"version-history":[{"count":5,"href":"https:\/\/www.fiscalia.gov.co\/colombia\/wp-json\/wp\/v2\/posts\/44100\/revisions"}],"predecessor-version":[{"id":44442,"href":"https:\/\/www.fiscalia.gov.co\/colombia\/wp-json\/wp\/v2\/posts\/44100\/revisions\/44442"}],"wp:attachment":[{"href":"https:\/\/www.fiscalia.gov.co\/colombia\/wp-json\/wp\/v2\/media?parent=44100"}],"wp:term":[{"taxonomy":"category","embeddable":true,"href":"https:\/\/www.fiscalia.gov.co\/colombia\/wp-json\/wp\/v2\/categories?post=44100"},{"taxonomy":"post_tag","embeddable":true,"href":"https:\/\/www.fiscalia.gov.co\/colombia\/wp-json\/wp\/v2\/tags?post=44100"}],"curies":[{"name":"wp","href":"https:\/\/api.w.org\/{rel}","templated":true}]}}